{"id":24850,"date":"2022-05-04T16:00:54","date_gmt":"2022-05-04T19:00:54","guid":{"rendered":"https:\/\/verdadeon.com.br\/portal\/?p=24850"},"modified":"2022-05-04T16:00:54","modified_gmt":"2022-05-04T19:00:54","slug":"estamos-preparados-para-enfrentar-o-sao-paulo-diz-helinho-sobre-semifinal-do-nbb","status":"publish","type":"post","link":"https:\/\/verdadeon.com.br\/portal\/2022\/05\/04\/estamos-preparados-para-enfrentar-o-sao-paulo-diz-helinho-sobre-semifinal-do-nbb\/","title":{"rendered":"&#8216;Estamos preparados para enfrentar o S\u00e3o Paulo&#8217;, diz Helinho sobre semifinal do NBB"},"content":{"rendered":"<h2>Time de Franca est\u00e1 com um p\u00e9 na grande final, al\u00e9m de possuir vantagem de poder decidir em casa<\/h2>\n<p>O Sesi Franca Basquete j\u00e1 conhece o seu advers\u00e1rio na semifinal do Novo Basquete Brasil, \u00e9 o S\u00e3o Paulo, que atropelou o Bauru nas quartas de final fazendo tr\u00eas a zero, assim como os francanos fizeram com o Pinheiros. &#8220;Estamos preparados para enfrentar o S\u00e3o Paulo, uma grande equipe que tem jogadores de \u00f3timo n\u00edvel t\u00e9cnico, assim como n\u00f3s tamb\u00e9m temos. Tem tudo para ser uma grande s\u00e9rie digna de uma semifinal de um campeonato brasileiro&#8221;, disse Helinho Garcia.<\/p>\n<p>Na tarde desta quarta-feira, foram definidas as datas do confronto, o primeiro vai acontecer no Pedroc\u00e3o no dia 11 de maio, o segundo e terceiro acontecem no dia 14 e 16, respectivamente, ambos na casa do advers\u00e1rio em S\u00e3o Paulo. Caso sejam necess\u00e1rios, os jogos 3 e 4 acontecem no Pedroc\u00e3o, nos dias 21 e 23 de maio. Os francanos garantiram a vantagem de decidirem em casa ap\u00f3s se classificarem em primeiro lugar.<\/p>\n<p>A vaga do S\u00e3o Paulo veio ap\u00f3s uma grande atua\u00e7\u00e3o contra o Bauru, o jogo terminou em 88 a 71, no Gin\u00e1sio Panela de Press\u00e3o na noite de ter\u00e7a-feira (3). Os destaques da partida foram Caboclo, com 25 pontos, seis rebotes e duas assist\u00eancias, Tyrone com 17 pontos e Marquinhos com 17 cestas.<\/p>\n<p>J\u00e1 os francanos garantiram a vaga na semi na \u00faltima segunda-feira (2), contra o Pinheiros. A partida foi de grande atua\u00e7\u00e3o do time de Helinho e terminou em 91 a 79. Os destaques foram Georginho com 20 pontos, sete rebotes e cinco assist\u00eancias, Lucas Dias com 18 pontos, Jhonatan com 16 cestas e David Jackson, que anotou 14.<\/p>\n<p>&#8220;Foram tr\u00eas grandes jogos contra o Pinheiros, no primeiro em Franca, um confronto dur\u00edssimo onde n\u00f3s conseguimos nos \u00faltimos cinco minutos a abrir uma diferen\u00e7a de pontos e venc\u00ea-los. O segundo jogo n\u00f3s abrimos uma diferen\u00e7a boa de pontos e eles buscaram, apertaram um pouco, mas foram, foi uma vit\u00f3ria muito importante para n\u00f3s, que nos deu uma vantagem boa na s\u00e9rie. Fechamos o terceiro que pra mim foi o melhor do SESI Franca Basquete, onde n\u00f3s nos impusemos, fisicamente, mas tamb\u00e9m mentalmente, e taticamente a equipe se portou muito bem&#8221;, defendeu Helinho.<\/p>\n<p>Vale lembrar que o S\u00e3o Paulo foi o algoz dos francanos na \u00faltima final do Campeonato Paulista. Em outubro diante da sua torcida, o time venceu o Sesi Franca por 68 a 64, no Morumbi, e faturou o t\u00edtulo estadual. A s\u00e9rie da decis\u00e3o terminou em 2 a 1 para o Tricolor.<\/p>\n<h4>Pedreira<\/h4>\n<p>Caso se classifique para a grande final do NBB, o Franca pode enfrentar na grande final o Flamengo, maior campe\u00e3o do NBB. Os cariocas derrotaram o Paulistano nas quartas, e esperam o resultado entre o Minas e Unifacisa na semi. Os mineiros j\u00e1 abriram duas vit\u00f3rias e s\u00e3o os favoritos para encarar o Flamengo.<\/p>\n","protected":false},"excerpt":{"rendered":"<p>Time de Franca est\u00e1 com um p\u00e9 na grande final, al\u00e9m de possuir vantagem de poder decidir em casa O Sesi Franca Basquete j\u00e1 conhece o<span class=\"excerpt-hellip\"> [\u2026]<\/span><\/p>\n","protected":false},"author":7,"featured_media":24852,"comment_status":"open","ping_status":"open","sticky":false,"template":"","format":"standard","meta":{"_jetpack_memberships_contains_paid_content":false,"footnotes":"","jetpack_publicize_message":"","jetpack_publicize_feature_enabled":true,"jetpack_social_post_already_shared":false,"jetpack_social_options":{"image_generator_settings":{"template":"highway","default_image_id":0,"enabled":false},"version":2}},"categories":[28,81],"tags":[],"class_list":["post-24850","post","type-post","status-publish","format-standard","has-post-thumbnail","hentry","category-cotidiano","category-manchete"],"yoast_head":"<!-- This site is optimized with the Yoast SEO plugin v25.6 - https:\/\/yoast.com\/wordpress\/plugins\/seo\/ -->\n<title>&#039;Estamos preparados para enfrentar o S\u00e3o Paulo&#039;, diz Helinho sobre semifinal do NBB - VerdadeOn<\/title>\n<meta name=\"robots\" content=\"index, follow, max-snippet:-1, max-image-preview:large, max-video-preview:-1\" \/>\n<link rel=\"canonical\" href=\"https:\/\/verdadeon.com.br\/portal\/2022\/05\/04\/estamos-preparados-para-enfrentar-o-sao-paulo-diz-helinho-sobre-semifinal-do-nbb\/\" \/>\n<meta property=\"og:locale\" content=\"pt_BR\" \/>\n<meta property=\"og:type\" content=\"article\" \/>\n<meta property=\"og:title\" content=\"&#039;Estamos preparados para enfrentar o S\u00e3o Paulo&#039;, diz Helinho sobre semifinal do NBB - VerdadeOn\" \/>\n<meta property=\"og:description\" content=\"Time de Franca est\u00e1 com um p\u00e9 na grande final, al\u00e9m de possuir vantagem de poder decidir em casa O Sesi Franca Basquete j\u00e1 conhece o [\u2026]\" \/>\n<meta property=\"og:url\" content=\"https:\/\/verdadeon.com.br\/portal\/2022\/05\/04\/estamos-preparados-para-enfrentar-o-sao-paulo-diz-helinho-sobre-semifinal-do-nbb\/\" \/>\n<meta property=\"og:site_name\" content=\"VerdadeOn\" \/>\n<meta property=\"article:published_time\" content=\"2022-05-04T19:00:54+00:00\" \/>\n<meta property=\"og:image\" content=\"https:\/\/verdadeon.com.br\/portal\/wp-content\/uploads\/2022\/05\/020522_pinheirosxsesifranca_wagnercarmo_WAPC5228.jpg\" \/>\n\t<meta property=\"og:image:width\" content=\"2000\" \/>\n\t<meta property=\"og:image:height\" content=\"1335\" \/>\n\t<meta property=\"og:image:type\" content=\"image\/jpeg\" \/>\n<meta name=\"author\" content=\"Fernando Lima\" \/>\n<meta name=\"twitter:card\" content=\"summary_large_image\" \/>\n<meta name=\"twitter:label1\" content=\"Escrito por\" \/>\n\t<meta name=\"twitter:data1\" content=\"Fernando Lima\" \/>\n\t<meta name=\"twitter:label2\" content=\"Est. tempo de leitura\" \/>\n\t<meta name=\"twitter:data2\" content=\"3 minutos\" \/>\n<script type=\"application\/ld+json\" class=\"yoast-schema-graph\">{\"@context\":\"https:\/\/schema.org\",\"@graph\":[{\"@type\":\"WebPage\",\"@id\":\"https:\/\/verdadeon.com.br\/portal\/2022\/05\/04\/estamos-preparados-para-enfrentar-o-sao-paulo-diz-helinho-sobre-semifinal-do-nbb\/\",\"url\":\"https:\/\/verdadeon.com.br\/portal\/2022\/05\/04\/estamos-preparados-para-enfrentar-o-sao-paulo-diz-helinho-sobre-semifinal-do-nbb\/\",\"name\":\"'Estamos preparados para enfrentar o S\u00e3o Paulo', diz Helinho sobre semifinal do NBB - VerdadeOn\",\"isPartOf\":{\"@id\":\"https:\/\/verdadeon.com.br\/portal\/#website\"},\"primaryImageOfPage\":{\"@id\":\"https:\/\/verdadeon.com.br\/portal\/2022\/05\/04\/estamos-preparados-para-enfrentar-o-sao-paulo-diz-helinho-sobre-semifinal-do-nbb\/#primaryimage\"},\"image\":{\"@id\":\"https:\/\/verdadeon.com.br\/portal\/2022\/05\/04\/estamos-preparados-para-enfrentar-o-sao-paulo-diz-helinho-sobre-semifinal-do-nbb\/#primaryimage\"},\"thumbnailUrl\":\"https:\/\/i0.wp.com\/verdadeon.com.br\/portal\/wp-content\/uploads\/2022\/05\/020522_pinheirosxsesifranca_wagnercarmo_WAPC5228.jpg?fit=2000%2C1335&ssl=1\",\"datePublished\":\"2022-05-04T19:00:54+00:00\",\"author\":{\"@id\":\"https:\/\/verdadeon.com.br\/portal\/#\/schema\/person\/cc32be22b8e8599387c480bc83e1d11a\"},\"breadcrumb\":{\"@id\":\"https:\/\/verdadeon.com.br\/portal\/2022\/05\/04\/estamos-preparados-para-enfrentar-o-sao-paulo-diz-helinho-sobre-semifinal-do-nbb\/#breadcrumb\"},\"inLanguage\":\"pt-BR\",\"potentialAction\":[{\"@type\":\"ReadAction\",\"target\":[\"https:\/\/verdadeon.com.br\/portal\/2022\/05\/04\/estamos-preparados-para-enfrentar-o-sao-paulo-diz-helinho-sobre-semifinal-do-nbb\/\"]}]},{\"@type\":\"ImageObject\",\"inLanguage\":\"pt-BR\",\"@id\":\"https:\/\/verdadeon.com.br\/portal\/2022\/05\/04\/estamos-preparados-para-enfrentar-o-sao-paulo-diz-helinho-sobre-semifinal-do-nbb\/#primaryimage\",\"url\":\"https:\/\/i0.wp.com\/verdadeon.com.br\/portal\/wp-content\/uploads\/2022\/05\/020522_pinheirosxsesifranca_wagnercarmo_WAPC5228.jpg?fit=2000%2C1335&ssl=1\",\"contentUrl\":\"https:\/\/i0.wp.com\/verdadeon.com.br\/portal\/wp-content\/uploads\/2022\/05\/020522_pinheirosxsesifranca_wagnercarmo_WAPC5228.jpg?fit=2000%2C1335&ssl=1\",\"width\":2000,\"height\":1335,\"caption\":\"Franca encarou o Pinheiros na \u00faltima segunda-feira na capital, equipe fechou a s\u00e9rie em tr\u00eas a zero e com grande atua\u00e7\u00e3o | Foto: Wagner do Carmo\/ECP\"},{\"@type\":\"BreadcrumbList\",\"@id\":\"https:\/\/verdadeon.com.br\/portal\/2022\/05\/04\/estamos-preparados-para-enfrentar-o-sao-paulo-diz-helinho-sobre-semifinal-do-nbb\/#breadcrumb\",\"itemListElement\":[{\"@type\":\"ListItem\",\"position\":1,\"name\":\"In\u00edcio\",\"item\":\"https:\/\/verdadeon.com.br\/portal\/\"},{\"@type\":\"ListItem\",\"position\":2,\"name\":\"&#8216;Estamos preparados para enfrentar o S\u00e3o Paulo&#8217;, diz Helinho sobre semifinal do NBB\"}]},{\"@type\":\"WebSite\",\"@id\":\"https:\/\/verdadeon.com.br\/portal\/#website\",\"url\":\"https:\/\/verdadeon.com.br\/portal\/\",\"name\":\"VerdadeOn\",\"description\":\"Not\u00edcias di\u00e1rias sobre Franca, Regi\u00e3o, Esporte, Cultura, Cotidiano, Colunas. Cobertura nos principais eventos da cidade \u00e9 aqui - Verdadeon Franca\",\"potentialAction\":[{\"@type\":\"SearchAction\",\"target\":{\"@type\":\"EntryPoint\",\"urlTemplate\":\"https:\/\/verdadeon.com.br\/portal\/?s={search_term_string}\"},\"query-input\":{\"@type\":\"PropertyValueSpecification\",\"valueRequired\":true,\"valueName\":\"search_term_string\"}}],\"inLanguage\":\"pt-BR\"},{\"@type\":\"Person\",\"@id\":\"https:\/\/verdadeon.com.br\/portal\/#\/schema\/person\/cc32be22b8e8599387c480bc83e1d11a\",\"name\":\"Fernando Lima\",\"image\":{\"@type\":\"ImageObject\",\"inLanguage\":\"pt-BR\",\"@id\":\"https:\/\/verdadeon.com.br\/portal\/#\/schema\/person\/image\/\",\"url\":\"https:\/\/secure.gravatar.com\/avatar\/df4c8e132080d2b3a4841d5d232045464e0eed11a1d6e43115ca0843d48768d3?s=96&d=mm&r=g\",\"contentUrl\":\"https:\/\/secure.gravatar.com\/avatar\/df4c8e132080d2b3a4841d5d232045464e0eed11a1d6e43115ca0843d48768d3?s=96&d=mm&r=g\",\"caption\":\"Fernando Lima\"},\"sameAs\":[\"http:\/\/verdadeon.com.br\/\"],\"url\":\"https:\/\/verdadeon.com.br\/portal\/author\/fernando-lima\/\"}]}<\/script>\n<!-- \/ Yoast SEO plugin. -->","yoast_head_json":{"title":"'Estamos preparados para enfrentar o S\u00e3o Paulo', diz Helinho sobre semifinal do NBB - VerdadeOn","robots":{"index":"index","follow":"follow","max-snippet":"max-snippet:-1","max-image-preview":"max-image-preview:large","max-video-preview":"max-video-preview:-1"},"canonical":"https:\/\/verdadeon.com.br\/portal\/2022\/05\/04\/estamos-preparados-para-enfrentar-o-sao-paulo-diz-helinho-sobre-semifinal-do-nbb\/","og_locale":"pt_BR","og_type":"article","og_title":"'Estamos preparados para enfrentar o S\u00e3o Paulo', diz Helinho sobre semifinal do NBB - VerdadeOn","og_description":"Time de Franca est\u00e1 com um p\u00e9 na grande final, al\u00e9m de possuir vantagem de poder decidir em casa O Sesi Franca Basquete j\u00e1 conhece o [\u2026]","og_url":"https:\/\/verdadeon.com.br\/portal\/2022\/05\/04\/estamos-preparados-para-enfrentar-o-sao-paulo-diz-helinho-sobre-semifinal-do-nbb\/","og_site_name":"VerdadeOn","article_published_time":"2022-05-04T19:00:54+00:00","og_image":[{"width":2000,"height":1335,"url":"https:\/\/verdadeon.com.br\/portal\/wp-content\/uploads\/2022\/05\/020522_pinheirosxsesifranca_wagnercarmo_WAPC5228.jpg","type":"image\/jpeg"}],"author":"Fernando Lima","twitter_card":"summary_large_image","twitter_misc":{"Escrito por":"Fernando Lima","Est. tempo de leitura":"3 minutos"},"schema":{"@context":"https:\/\/schema.org","@graph":[{"@type":"WebPage","@id":"https:\/\/verdadeon.com.br\/portal\/2022\/05\/04\/estamos-preparados-para-enfrentar-o-sao-paulo-diz-helinho-sobre-semifinal-do-nbb\/","url":"https:\/\/verdadeon.com.br\/portal\/2022\/05\/04\/estamos-preparados-para-enfrentar-o-sao-paulo-diz-helinho-sobre-semifinal-do-nbb\/","name":"'Estamos preparados para enfrentar o S\u00e3o Paulo', diz Helinho sobre semifinal do NBB - VerdadeOn","isPartOf":{"@id":"https:\/\/verdadeon.com.br\/portal\/#website"},"primaryImageOfPage":{"@id":"https:\/\/verdadeon.com.br\/portal\/2022\/05\/04\/estamos-preparados-para-enfrentar-o-sao-paulo-diz-helinho-sobre-semifinal-do-nbb\/#primaryimage"},"image":{"@id":"https:\/\/verdadeon.com.br\/portal\/2022\/05\/04\/estamos-preparados-para-enfrentar-o-sao-paulo-diz-helinho-sobre-semifinal-do-nbb\/#primaryimage"},"thumbnailUrl":"https:\/\/i0.wp.com\/verdadeon.com.br\/portal\/wp-content\/uploads\/2022\/05\/020522_pinheirosxsesifranca_wagnercarmo_WAPC5228.jpg?fit=2000%2C1335&ssl=1","datePublished":"2022-05-04T19:00:54+00:00","author":{"@id":"https:\/\/verdadeon.com.br\/portal\/#\/schema\/person\/cc32be22b8e8599387c480bc83e1d11a"},"breadcrumb":{"@id":"https:\/\/verdadeon.com.br\/portal\/2022\/05\/04\/estamos-preparados-para-enfrentar-o-sao-paulo-diz-helinho-sobre-semifinal-do-nbb\/#breadcrumb"},"inLanguage":"pt-BR","potentialAction":[{"@type":"ReadAction","target":["https:\/\/verdadeon.com.br\/portal\/2022\/05\/04\/estamos-preparados-para-enfrentar-o-sao-paulo-diz-helinho-sobre-semifinal-do-nbb\/"]}]},{"@type":"ImageObject","inLanguage":"pt-BR","@id":"https:\/\/verdadeon.com.br\/portal\/2022\/05\/04\/estamos-preparados-para-enfrentar-o-sao-paulo-diz-helinho-sobre-semifinal-do-nbb\/#primaryimage","url":"https:\/\/i0.wp.com\/verdadeon.com.br\/portal\/wp-content\/uploads\/2022\/05\/020522_pinheirosxsesifranca_wagnercarmo_WAPC5228.jpg?fit=2000%2C1335&ssl=1","contentUrl":"https:\/\/i0.wp.com\/verdadeon.com.br\/portal\/wp-content\/uploads\/2022\/05\/020522_pinheirosxsesifranca_wagnercarmo_WAPC5228.jpg?fit=2000%2C1335&ssl=1","width":2000,"height":1335,"caption":"Franca encarou o Pinheiros na \u00faltima segunda-feira na capital, equipe fechou a s\u00e9rie em tr\u00eas a zero e com grande atua\u00e7\u00e3o | Foto: Wagner do Carmo\/ECP"},{"@type":"BreadcrumbList","@id":"https:\/\/verdadeon.com.br\/portal\/2022\/05\/04\/estamos-preparados-para-enfrentar-o-sao-paulo-diz-helinho-sobre-semifinal-do-nbb\/#breadcrumb","itemListElement":[{"@type":"ListItem","position":1,"name":"In\u00edcio","item":"https:\/\/verdadeon.com.br\/portal\/"},{"@type":"ListItem","position":2,"name":"&#8216;Estamos preparados para enfrentar o S\u00e3o Paulo&#8217;, diz Helinho sobre semifinal do NBB"}]},{"@type":"WebSite","@id":"https:\/\/verdadeon.com.br\/portal\/#website","url":"https:\/\/verdadeon.com.br\/portal\/","name":"VerdadeOn","description":"Not\u00edcias di\u00e1rias sobre Franca, Regi\u00e3o, Esporte, Cultura, Cotidiano, Colunas. Cobertura nos principais eventos da cidade \u00e9 aqui - Verdadeon Franca","potentialAction":[{"@type":"SearchAction","target":{"@type":"EntryPoint","urlTemplate":"https:\/\/verdadeon.com.br\/portal\/?s={search_term_string}"},"query-input":{"@type":"PropertyValueSpecification","valueRequired":true,"valueName":"search_term_string"}}],"inLanguage":"pt-BR"},{"@type":"Person","@id":"https:\/\/verdadeon.com.br\/portal\/#\/schema\/person\/cc32be22b8e8599387c480bc83e1d11a","name":"Fernando Lima","image":{"@type":"ImageObject","inLanguage":"pt-BR","@id":"https:\/\/verdadeon.com.br\/portal\/#\/schema\/person\/image\/","url":"https:\/\/secure.gravatar.com\/avatar\/df4c8e132080d2b3a4841d5d232045464e0eed11a1d6e43115ca0843d48768d3?s=96&d=mm&r=g","contentUrl":"https:\/\/secure.gravatar.com\/avatar\/df4c8e132080d2b3a4841d5d232045464e0eed11a1d6e43115ca0843d48768d3?s=96&d=mm&r=g","caption":"Fernando Lima"},"sameAs":["http:\/\/verdadeon.com.br\/"],"url":"https:\/\/verdadeon.com.br\/portal\/author\/fernando-lima\/"}]}},"jetpack_publicize_connections":[],"jetpack_featured_media_url":"https:\/\/i0.wp.com\/verdadeon.com.br\/portal\/wp-content\/uploads\/2022\/05\/020522_pinheirosxsesifranca_wagnercarmo_WAPC5228.jpg?fit=2000%2C1335&ssl=1","jetpack_sharing_enabled":true,"_links":{"self":[{"href":"https:\/\/verdadeon.com.br\/portal\/wp-json\/wp\/v2\/posts\/24850","targetHints":{"allow":["GET"]}}],"collection":[{"href":"https:\/\/verdadeon.com.br\/portal\/wp-json\/wp\/v2\/posts"}],"about":[{"href":"https:\/\/verdadeon.com.br\/portal\/wp-json\/wp\/v2\/types\/post"}],"author":[{"embeddable":true,"href":"https:\/\/verdadeon.com.br\/portal\/wp-json\/wp\/v2\/users\/7"}],"replies":[{"embeddable":true,"href":"https:\/\/verdadeon.com.br\/portal\/wp-json\/wp\/v2\/comments?post=24850"}],"version-history":[{"count":1,"href":"https:\/\/verdadeon.com.br\/portal\/wp-json\/wp\/v2\/posts\/24850\/revisions"}],"predecessor-version":[{"id":24853,"href":"https:\/\/verdadeon.com.br\/portal\/wp-json\/wp\/v2\/posts\/24850\/revisions\/24853"}],"wp:featuredmedia":[{"embeddable":true,"href":"https:\/\/verdadeon.com.br\/portal\/wp-json\/wp\/v2\/media\/24852"}],"wp:attachment":[{"href":"https:\/\/verdadeon.com.br\/portal\/wp-json\/wp\/v2\/media?parent=24850"}],"wp:term":[{"taxonomy":"category","embeddable":true,"href":"https:\/\/verdadeon.com.br\/portal\/wp-json\/wp\/v2\/categories?post=24850"},{"taxonomy":"post_tag","embeddable":true,"href":"https:\/\/verdadeon.com.br\/portal\/wp-json\/wp\/v2\/tags?post=24850"}],"curies":[{"name":"wp","href":"https:\/\/api.w.org\/{rel}","templated":true}]}}