{"id":24839,"date":"2022-05-03T18:06:19","date_gmt":"2022-05-03T21:06:19","guid":{"rendered":"https:\/\/verdadeon.com.br\/portal\/?p=24839"},"modified":"2022-05-03T18:06:19","modified_gmt":"2022-05-03T21:06:19","slug":"santa-casa-emite-nota-repudiando-fala-de-vereador-contra-instituicao","status":"publish","type":"post","link":"https:\/\/verdadeon.com.br\/portal\/2022\/05\/03\/santa-casa-emite-nota-repudiando-fala-de-vereador-contra-instituicao\/","title":{"rendered":"Santa Casa emite nota repudiando fala de vereador contra institui\u00e7\u00e3o"},"content":{"rendered":"<h2>O hospital ressaltou a import\u00e2ncia da parceria entre o Grupo e o Poder P\u00fablico para atender a popula\u00e7\u00e3o de Franca<\/h2>\n<p>A Santa Casa de Franca emitiu um comunicado na tarde desta ter\u00e7a-feira (3), que rebate afirma\u00e7\u00f5es feitas pelo vereador Zezinho Cabeleireiro, que prop\u00f4s uma Mo\u00e7\u00e3o de Rep\u00fadio contra o hospital. No documento, a assessoria do hospital ressalta que &#8220;quem cuida precisa ser cuidado&#8221;, e que atualmente trabalha com 34% de desfasagem do SUS.<\/p>\n<h4>Confira a nota:<\/h4>\n<p>&#8220;As condi\u00e7\u00f5es f\u00edsicas e emocionais do Grupo Santa Casa de Franca, uma das institui\u00e7\u00f5es mais antigas da cidade, com 124 anos, foi relacionada hoje na C\u00e2mara Municipal de Franca, pelo vereador Zezinho Cabeleireiro, propondo Mo\u00e7\u00e3o de Rep\u00fadio com cr\u00edticas severas aos profissionais de sa\u00fade que atuaram na linha de frente da COVID-19 e a todos os demais que atuam nos hospitais, citando que a institui\u00e7\u00e3o realiza Atendimento desumanizado e ineficiente de sa\u00fade do munic\u00edpio de Franca \u2013 em vez de propor justamente o contr\u00e1rio, uma Mo\u00e7\u00e3o de Aplausos por exemplo, para valorizar esta centen\u00e1ria entidade e seus profissionais que tem travado uma batalha di\u00e1ria h\u00e1 anos para atender o p\u00fablico de Franca e mais 21 munic\u00edpios, sustentando uma defasagem de financiamento da ordem de 34% de atendimentos al\u00e9m do teto contratualizado com os Gestores SUS.<br \/>\nDiante de afirma\u00e7\u00f5es t\u00e3o injustas e severas, falando sobre \u201cAtendimento desumanizado e ineficiente de sa\u00fade&#8230;\u201d o Grupo Santa Casa se sente na obriga\u00e7\u00e3o \u2013 e no direito \u2013 de manifestar-se com a verdade em respeito unicamente \u00e0 popula\u00e7\u00e3o aqui atendida, ao que se segue:<br \/>\n&#8211; A institui\u00e7\u00e3o conta com um Centro Integrado de Humaniza\u00e7\u00e3o, alinhado com todas as diretrizes e protocolos do Minist\u00e9rio da Sa\u00fade e Secretaria de Estado da Sa\u00fade de S\u00e3o Paulo e DRS-VIII (Departamento Regional de Sa\u00fade), mantendo um constante di\u00e1logo com esses representantes e aberta a auditorias e fiscaliza\u00e7\u00f5es;<br \/>\n&#8211; Em se tratando de Humaniza\u00e7\u00e3o, a Maternidade da Santa Casa, que realiza mais de 3 mil partos de alto risco por ano, \u00e9 reconhecida pelo Minist\u00e9rio da Sa\u00fade por seu atendimento humanizado, tendo conquistado o t\u00edtulo de \u201cHospital Amigo da Crian\u00e7a e da Mulher\u201d; ainda, no \u00faltimo ano, seguindo r\u00edgidos protocolos t\u00e9cnicos, praticamente zerou a mortalidade materna;<br \/>\n&#8211; Pela seriedade do trabalho e alta capacidade t\u00e9cnica de seu corpo cl\u00ednico e da equipe multidisciplinar, o Grupo Santa Casa tamb\u00e9m \u00e9 reconhecido pelo Minist\u00e9rio da Sa\u00fade com o t\u00edtulo de \u201cHospital de Ensino\u201d, sendo um centro de refer\u00eancia para as universidades locais que aprovam a atua\u00e7\u00e3o da institui\u00e7\u00e3o na forma\u00e7\u00e3o de m\u00e9dicos e demais profissionais da assist\u00eancia em sa\u00fade;<br \/>\n&#8211; Os profissionais atuantes no Grupo Santa Casa de Franca \u2013 m\u00e9dicos e equipes multidisciplinares &#8211; s\u00e3o altamente qualificados e, durante o per\u00edodo da pandemia foram inclusive reconhecidos por outros famosos centros de sa\u00fade do pa\u00eds, como o InCor, por sua resili\u00eancia e alta capacidade t\u00e9cnica, tendo sido convidados a compartilhar seus conhecimentos de vanguarda nos protocolos de atua\u00e7\u00e3o contra a COVID-19 em programas virtuais de treinamento e qualifica\u00e7\u00e3o profissional.<br \/>\n&#8211; O Grupo Santa Casa de Franca, que \u00e9 um prestador de servi\u00e7os de sa\u00fade &#8211; e n\u00e3o um gestor &#8211; disponibiliza na CROSS as vagas dispon\u00edveis no hospital; e o que estamos vendo \u00e9 o envio cada vez mais acima desta quantidade h\u00e1 anos.<br \/>\nSe todos n\u00e3o focarem no problema principal, que \u00e9 o contrato atual que est\u00e1 defasado em 34%, iremos apenas \u2018bater cabe\u00e7a\u2019 e n\u00e3o avan\u00e7aremos em nada; Departamento Regional de Sa\u00fade, Prefeitura e C\u00e2mara Municipal devem lutar juntos pelo aumento imediato do Contrato.<br \/>\nA Diretoria Volunt\u00e1ria do Grupo Santa Casa de Franca est\u00e1 \u00e0 disposi\u00e7\u00e3o desta Casa de Leis &#8211; como sempre esteve &#8211; para quaisquer esclarecimentos adicionais que se possam fazer oportunos&#8221;.<\/p>\n","protected":false},"excerpt":{"rendered":"<p>O hospital ressaltou a import\u00e2ncia da parceria entre o Grupo e o Poder P\u00fablico para atender a popula\u00e7\u00e3o de Franca A Santa Casa de Franca emitiu<span class=\"excerpt-hellip\"> [\u2026]<\/span><\/p>\n","protected":false},"author":7,"featured_media":20387,"comment_status":"open","ping_status":"open","sticky":false,"template":"","format":"standard","meta":{"_jetpack_memberships_contains_paid_content":false,"footnotes":"","jetpack_publicize_message":"","jetpack_publicize_feature_enabled":true,"jetpack_social_post_already_shared":false,"jetpack_social_options":{"image_generator_settings":{"template":"highway","default_image_id":0,"enabled":false},"version":2}},"categories":[28,44],"tags":[],"class_list":["post-24839","post","type-post","status-publish","format-standard","has-post-thumbnail","hentry","category-cotidiano","category-noticias"],"yoast_head":"<!-- This site is optimized with the Yoast SEO plugin v25.6 - https:\/\/yoast.com\/wordpress\/plugins\/seo\/ -->\n<title>Santa Casa emite nota repudiando fala de vereador contra institui\u00e7\u00e3o - VerdadeOn<\/title>\n<meta name=\"robots\" content=\"index, follow, max-snippet:-1, max-image-preview:large, max-video-preview:-1\" \/>\n<link rel=\"canonical\" href=\"https:\/\/verdadeon.com.br\/portal\/2022\/05\/03\/santa-casa-emite-nota-repudiando-fala-de-vereador-contra-instituicao\/\" \/>\n<meta property=\"og:locale\" content=\"pt_BR\" \/>\n<meta property=\"og:type\" content=\"article\" \/>\n<meta property=\"og:title\" content=\"Santa Casa emite nota repudiando fala de vereador contra institui\u00e7\u00e3o - VerdadeOn\" \/>\n<meta property=\"og:description\" content=\"O hospital ressaltou a import\u00e2ncia da parceria entre o Grupo e o Poder P\u00fablico para atender a popula\u00e7\u00e3o de Franca A Santa Casa de Franca emitiu [\u2026]\" \/>\n<meta property=\"og:url\" content=\"https:\/\/verdadeon.com.br\/portal\/2022\/05\/03\/santa-casa-emite-nota-repudiando-fala-de-vereador-contra-instituicao\/\" \/>\n<meta property=\"og:site_name\" content=\"VerdadeOn\" \/>\n<meta property=\"article:published_time\" content=\"2022-05-03T21:06:19+00:00\" \/>\n<meta property=\"og:image\" content=\"https:\/\/verdadeon.com.br\/portal\/wp-content\/uploads\/2021\/10\/WhatsApp-Image-2021-10-18-at-18.32.24.jpeg\" \/>\n\t<meta property=\"og:image:width\" content=\"1000\" \/>\n\t<meta property=\"og:image:height\" content=\"670\" \/>\n\t<meta property=\"og:image:type\" content=\"image\/jpeg\" \/>\n<meta name=\"author\" content=\"Fernando Lima\" \/>\n<meta name=\"twitter:card\" content=\"summary_large_image\" \/>\n<meta name=\"twitter:label1\" content=\"Escrito por\" \/>\n\t<meta name=\"twitter:data1\" content=\"Fernando Lima\" \/>\n\t<meta name=\"twitter:label2\" content=\"Est. tempo de leitura\" \/>\n\t<meta name=\"twitter:data2\" content=\"4 minutos\" \/>\n<script type=\"application\/ld+json\" class=\"yoast-schema-graph\">{\"@context\":\"https:\/\/schema.org\",\"@graph\":[{\"@type\":\"WebPage\",\"@id\":\"https:\/\/verdadeon.com.br\/portal\/2022\/05\/03\/santa-casa-emite-nota-repudiando-fala-de-vereador-contra-instituicao\/\",\"url\":\"https:\/\/verdadeon.com.br\/portal\/2022\/05\/03\/santa-casa-emite-nota-repudiando-fala-de-vereador-contra-instituicao\/\",\"name\":\"Santa Casa emite nota repudiando fala de vereador contra institui\u00e7\u00e3o - VerdadeOn\",\"isPartOf\":{\"@id\":\"https:\/\/verdadeon.com.br\/portal\/#website\"},\"primaryImageOfPage\":{\"@id\":\"https:\/\/verdadeon.com.br\/portal\/2022\/05\/03\/santa-casa-emite-nota-repudiando-fala-de-vereador-contra-instituicao\/#primaryimage\"},\"image\":{\"@id\":\"https:\/\/verdadeon.com.br\/portal\/2022\/05\/03\/santa-casa-emite-nota-repudiando-fala-de-vereador-contra-instituicao\/#primaryimage\"},\"thumbnailUrl\":\"https:\/\/i0.wp.com\/verdadeon.com.br\/portal\/wp-content\/uploads\/2021\/10\/WhatsApp-Image-2021-10-18-at-18.32.24.jpeg?fit=1000%2C670&ssl=1\",\"datePublished\":\"2022-05-03T21:06:19+00:00\",\"author\":{\"@id\":\"https:\/\/verdadeon.com.br\/portal\/#\/schema\/person\/cc32be22b8e8599387c480bc83e1d11a\"},\"breadcrumb\":{\"@id\":\"https:\/\/verdadeon.com.br\/portal\/2022\/05\/03\/santa-casa-emite-nota-repudiando-fala-de-vereador-contra-instituicao\/#breadcrumb\"},\"inLanguage\":\"pt-BR\",\"potentialAction\":[{\"@type\":\"ReadAction\",\"target\":[\"https:\/\/verdadeon.com.br\/portal\/2022\/05\/03\/santa-casa-emite-nota-repudiando-fala-de-vereador-contra-instituicao\/\"]}]},{\"@type\":\"ImageObject\",\"inLanguage\":\"pt-BR\",\"@id\":\"https:\/\/verdadeon.com.br\/portal\/2022\/05\/03\/santa-casa-emite-nota-repudiando-fala-de-vereador-contra-instituicao\/#primaryimage\",\"url\":\"https:\/\/i0.wp.com\/verdadeon.com.br\/portal\/wp-content\/uploads\/2021\/10\/WhatsApp-Image-2021-10-18-at-18.32.24.jpeg?fit=1000%2C670&ssl=1\",\"contentUrl\":\"https:\/\/i0.wp.com\/verdadeon.com.br\/portal\/wp-content\/uploads\/2021\/10\/WhatsApp-Image-2021-10-18-at-18.32.24.jpeg?fit=1000%2C670&ssl=1\",\"width\":1000,\"height\":670,\"caption\":\"Nota foi emitida ap\u00f3s falas de vereador francano contra a institui\u00e7\u00e3o | Foto: Divulga\u00e7\u00e3o\"},{\"@type\":\"BreadcrumbList\",\"@id\":\"https:\/\/verdadeon.com.br\/portal\/2022\/05\/03\/santa-casa-emite-nota-repudiando-fala-de-vereador-contra-instituicao\/#breadcrumb\",\"itemListElement\":[{\"@type\":\"ListItem\",\"position\":1,\"name\":\"In\u00edcio\",\"item\":\"https:\/\/verdadeon.com.br\/portal\/\"},{\"@type\":\"ListItem\",\"position\":2,\"name\":\"Santa Casa emite nota repudiando fala de vereador contra institui\u00e7\u00e3o\"}]},{\"@type\":\"WebSite\",\"@id\":\"https:\/\/verdadeon.com.br\/portal\/#website\",\"url\":\"https:\/\/verdadeon.com.br\/portal\/\",\"name\":\"VerdadeOn\",\"description\":\"Not\u00edcias di\u00e1rias sobre Franca, Regi\u00e3o, Esporte, Cultura, Cotidiano, Colunas. Cobertura nos principais eventos da cidade \u00e9 aqui - Verdadeon Franca\",\"potentialAction\":[{\"@type\":\"SearchAction\",\"target\":{\"@type\":\"EntryPoint\",\"urlTemplate\":\"https:\/\/verdadeon.com.br\/portal\/?s={search_term_string}\"},\"query-input\":{\"@type\":\"PropertyValueSpecification\",\"valueRequired\":true,\"valueName\":\"search_term_string\"}}],\"inLanguage\":\"pt-BR\"},{\"@type\":\"Person\",\"@id\":\"https:\/\/verdadeon.com.br\/portal\/#\/schema\/person\/cc32be22b8e8599387c480bc83e1d11a\",\"name\":\"Fernando Lima\",\"image\":{\"@type\":\"ImageObject\",\"inLanguage\":\"pt-BR\",\"@id\":\"https:\/\/verdadeon.com.br\/portal\/#\/schema\/person\/image\/\",\"url\":\"https:\/\/secure.gravatar.com\/avatar\/df4c8e132080d2b3a4841d5d232045464e0eed11a1d6e43115ca0843d48768d3?s=96&d=mm&r=g\",\"contentUrl\":\"https:\/\/secure.gravatar.com\/avatar\/df4c8e132080d2b3a4841d5d232045464e0eed11a1d6e43115ca0843d48768d3?s=96&d=mm&r=g\",\"caption\":\"Fernando Lima\"},\"sameAs\":[\"http:\/\/verdadeon.com.br\/\"],\"url\":\"https:\/\/verdadeon.com.br\/portal\/author\/fernando-lima\/\"}]}<\/script>\n<!-- \/ Yoast SEO plugin. -->","yoast_head_json":{"title":"Santa Casa emite nota repudiando fala de vereador contra institui\u00e7\u00e3o - VerdadeOn","robots":{"index":"index","follow":"follow","max-snippet":"max-snippet:-1","max-image-preview":"max-image-preview:large","max-video-preview":"max-video-preview:-1"},"canonical":"https:\/\/verdadeon.com.br\/portal\/2022\/05\/03\/santa-casa-emite-nota-repudiando-fala-de-vereador-contra-instituicao\/","og_locale":"pt_BR","og_type":"article","og_title":"Santa Casa emite nota repudiando fala de vereador contra institui\u00e7\u00e3o - VerdadeOn","og_description":"O hospital ressaltou a import\u00e2ncia da parceria entre o Grupo e o Poder P\u00fablico para atender a popula\u00e7\u00e3o de Franca A Santa Casa de Franca emitiu [\u2026]","og_url":"https:\/\/verdadeon.com.br\/portal\/2022\/05\/03\/santa-casa-emite-nota-repudiando-fala-de-vereador-contra-instituicao\/","og_site_name":"VerdadeOn","article_published_time":"2022-05-03T21:06:19+00:00","og_image":[{"width":1000,"height":670,"url":"https:\/\/verdadeon.com.br\/portal\/wp-content\/uploads\/2021\/10\/WhatsApp-Image-2021-10-18-at-18.32.24.jpeg","type":"image\/jpeg"}],"author":"Fernando Lima","twitter_card":"summary_large_image","twitter_misc":{"Escrito por":"Fernando Lima","Est. tempo de leitura":"4 minutos"},"schema":{"@context":"https:\/\/schema.org","@graph":[{"@type":"WebPage","@id":"https:\/\/verdadeon.com.br\/portal\/2022\/05\/03\/santa-casa-emite-nota-repudiando-fala-de-vereador-contra-instituicao\/","url":"https:\/\/verdadeon.com.br\/portal\/2022\/05\/03\/santa-casa-emite-nota-repudiando-fala-de-vereador-contra-instituicao\/","name":"Santa Casa emite nota repudiando fala de vereador contra institui\u00e7\u00e3o - VerdadeOn","isPartOf":{"@id":"https:\/\/verdadeon.com.br\/portal\/#website"},"primaryImageOfPage":{"@id":"https:\/\/verdadeon.com.br\/portal\/2022\/05\/03\/santa-casa-emite-nota-repudiando-fala-de-vereador-contra-instituicao\/#primaryimage"},"image":{"@id":"https:\/\/verdadeon.com.br\/portal\/2022\/05\/03\/santa-casa-emite-nota-repudiando-fala-de-vereador-contra-instituicao\/#primaryimage"},"thumbnailUrl":"https:\/\/i0.wp.com\/verdadeon.com.br\/portal\/wp-content\/uploads\/2021\/10\/WhatsApp-Image-2021-10-18-at-18.32.24.jpeg?fit=1000%2C670&ssl=1","datePublished":"2022-05-03T21:06:19+00:00","author":{"@id":"https:\/\/verdadeon.com.br\/portal\/#\/schema\/person\/cc32be22b8e8599387c480bc83e1d11a"},"breadcrumb":{"@id":"https:\/\/verdadeon.com.br\/portal\/2022\/05\/03\/santa-casa-emite-nota-repudiando-fala-de-vereador-contra-instituicao\/#breadcrumb"},"inLanguage":"pt-BR","potentialAction":[{"@type":"ReadAction","target":["https:\/\/verdadeon.com.br\/portal\/2022\/05\/03\/santa-casa-emite-nota-repudiando-fala-de-vereador-contra-instituicao\/"]}]},{"@type":"ImageObject","inLanguage":"pt-BR","@id":"https:\/\/verdadeon.com.br\/portal\/2022\/05\/03\/santa-casa-emite-nota-repudiando-fala-de-vereador-contra-instituicao\/#primaryimage","url":"https:\/\/i0.wp.com\/verdadeon.com.br\/portal\/wp-content\/uploads\/2021\/10\/WhatsApp-Image-2021-10-18-at-18.32.24.jpeg?fit=1000%2C670&ssl=1","contentUrl":"https:\/\/i0.wp.com\/verdadeon.com.br\/portal\/wp-content\/uploads\/2021\/10\/WhatsApp-Image-2021-10-18-at-18.32.24.jpeg?fit=1000%2C670&ssl=1","width":1000,"height":670,"caption":"Nota foi emitida ap\u00f3s falas de vereador francano contra a institui\u00e7\u00e3o | Foto: Divulga\u00e7\u00e3o"},{"@type":"BreadcrumbList","@id":"https:\/\/verdadeon.com.br\/portal\/2022\/05\/03\/santa-casa-emite-nota-repudiando-fala-de-vereador-contra-instituicao\/#breadcrumb","itemListElement":[{"@type":"ListItem","position":1,"name":"In\u00edcio","item":"https:\/\/verdadeon.com.br\/portal\/"},{"@type":"ListItem","position":2,"name":"Santa Casa emite nota repudiando fala de vereador contra institui\u00e7\u00e3o"}]},{"@type":"WebSite","@id":"https:\/\/verdadeon.com.br\/portal\/#website","url":"https:\/\/verdadeon.com.br\/portal\/","name":"VerdadeOn","description":"Not\u00edcias di\u00e1rias sobre Franca, Regi\u00e3o, Esporte, Cultura, Cotidiano, Colunas. Cobertura nos principais eventos da cidade \u00e9 aqui - Verdadeon Franca","potentialAction":[{"@type":"SearchAction","target":{"@type":"EntryPoint","urlTemplate":"https:\/\/verdadeon.com.br\/portal\/?s={search_term_string}"},"query-input":{"@type":"PropertyValueSpecification","valueRequired":true,"valueName":"search_term_string"}}],"inLanguage":"pt-BR"},{"@type":"Person","@id":"https:\/\/verdadeon.com.br\/portal\/#\/schema\/person\/cc32be22b8e8599387c480bc83e1d11a","name":"Fernando Lima","image":{"@type":"ImageObject","inLanguage":"pt-BR","@id":"https:\/\/verdadeon.com.br\/portal\/#\/schema\/person\/image\/","url":"https:\/\/secure.gravatar.com\/avatar\/df4c8e132080d2b3a4841d5d232045464e0eed11a1d6e43115ca0843d48768d3?s=96&d=mm&r=g","contentUrl":"https:\/\/secure.gravatar.com\/avatar\/df4c8e132080d2b3a4841d5d232045464e0eed11a1d6e43115ca0843d48768d3?s=96&d=mm&r=g","caption":"Fernando Lima"},"sameAs":["http:\/\/verdadeon.com.br\/"],"url":"https:\/\/verdadeon.com.br\/portal\/author\/fernando-lima\/"}]}},"jetpack_publicize_connections":[],"jetpack_featured_media_url":"https:\/\/i0.wp.com\/verdadeon.com.br\/portal\/wp-content\/uploads\/2021\/10\/WhatsApp-Image-2021-10-18-at-18.32.24.jpeg?fit=1000%2C670&ssl=1","jetpack_sharing_enabled":true,"_links":{"self":[{"href":"https:\/\/verdadeon.com.br\/portal\/wp-json\/wp\/v2\/posts\/24839","targetHints":{"allow":["GET"]}}],"collection":[{"href":"https:\/\/verdadeon.com.br\/portal\/wp-json\/wp\/v2\/posts"}],"about":[{"href":"https:\/\/verdadeon.com.br\/portal\/wp-json\/wp\/v2\/types\/post"}],"author":[{"embeddable":true,"href":"https:\/\/verdadeon.com.br\/portal\/wp-json\/wp\/v2\/users\/7"}],"replies":[{"embeddable":true,"href":"https:\/\/verdadeon.com.br\/portal\/wp-json\/wp\/v2\/comments?post=24839"}],"version-history":[{"count":1,"href":"https:\/\/verdadeon.com.br\/portal\/wp-json\/wp\/v2\/posts\/24839\/revisions"}],"predecessor-version":[{"id":24840,"href":"https:\/\/verdadeon.com.br\/portal\/wp-json\/wp\/v2\/posts\/24839\/revisions\/24840"}],"wp:featuredmedia":[{"embeddable":true,"href":"https:\/\/verdadeon.com.br\/portal\/wp-json\/wp\/v2\/media\/20387"}],"wp:attachment":[{"href":"https:\/\/verdadeon.com.br\/portal\/wp-json\/wp\/v2\/media?parent=24839"}],"wp:term":[{"taxonomy":"category","embeddable":true,"href":"https:\/\/verdadeon.com.br\/portal\/wp-json\/wp\/v2\/categories?post=24839"},{"taxonomy":"post_tag","embeddable":true,"href":"https:\/\/verdadeon.com.br\/portal\/wp-json\/wp\/v2\/tags?post=24839"}],"curies":[{"name":"wp","href":"https:\/\/api.w.org\/{rel}","templated":true}]}}