{"id":24800,"date":"2022-05-02T15:23:25","date_gmt":"2022-05-02T18:23:25","guid":{"rendered":"https:\/\/verdadeon.com.br\/portal\/?p=24800"},"modified":"2022-05-02T15:31:50","modified_gmt":"2022-05-02T18:31:50","slug":"caos-na-saude-gravida-de-6-meses-espera-40-minutos-em-pe-para-fazer-ficha-no-p-s","status":"publish","type":"post","link":"https:\/\/verdadeon.com.br\/portal\/2022\/05\/02\/caos-na-saude-gravida-de-6-meses-espera-40-minutos-em-pe-para-fazer-ficha-no-p-s\/","title":{"rendered":"Caos na sa\u00fade: gr\u00e1vida de 6 meses espera 40 minutos em p\u00e9 para fazer ficha no P.S."},"content":{"rendered":"<h2>Pacientes contam ainda que esperam de tr\u00eas a quatro horas por atendimento na unidade, que segue lotada<\/h2>\n<p>Fernando Lima<\/p>\n<p>A segunda-feira (2), come\u00e7ou dif\u00edcil para quem depende da sa\u00fade p\u00fablica de Franca, a fila apenas para fazer ficha de atendimento no Pronto Socorro Doutor \u00c1lvaro Azzuz, atingia o lado de fora da unidade. &#8220;Eu fiquei quarenta minutos em p\u00e9 esperando para fazer a ficha, estou gr\u00e1vida de seis meses. Eu ainda perguntei se eu n\u00e3o tinha preferencial, mas o seguran\u00e7a me disse que s\u00f3 depois que fizesse a ficha \u00e9 que eles veriam a necessidade ou n\u00e3o de dar prefer\u00eancia&#8221;, desabafou a pespontadeira Nat\u00e1lia Silva Souza, de 31 anos.<\/p>\n<p>A mulher relatou ainda que ap\u00f3s fazer a ficha, teve dificuldade de encontrar uma cadeira para sentar, j\u00e1 que todas estavam ocupadas. &#8220;N\u00e3o tinha lugar para sentar, tinha gente deitada no ch\u00e3o esperando atendimento. Est\u00e1 um caos, uma calamidade. Infelizmente eu dependo da sa\u00fade p\u00fablica, na semana passada eu fui at\u00e9 o Pronto Socorro Infantil levar meus filhos que estavam doentes, e foi a mesma coisa. Eu entrei 7h20 da manh\u00e3, e sa\u00edmos quase 16h&#8221;, desabafou.<\/p>\n<p>Nat\u00e1lia relatou que est\u00e1 com dores por todo o corpo, e suspeita que esteja com dengue. Ela foi at\u00e9 a Santa Casa de Franca procurar atendimento, mas eles recomendaram que primeiro ela passasse pelo Pronto Socorro para realizar os exames de Covid e tamb\u00e9m de dengue.<\/p>\n<p>&#8220;Me sinto abandonada, me sinto triste com tudo isso. Estou passando muito mal e ainda assim tenho que esperar tanto tempo, e ainda ter que ouvir que v\u00e3o ver se eu vou ter prefer\u00eancia ou n\u00e3o. Onde vamos parar?&#8221; finalizou.<\/p>\n<p>Franca vive um verdadeiro surto de dengue, o que tem causado uma grande procura nas unidades de sa\u00fade, tanto o P.S. \u00c1lvaro Azzuz, quanto nas Unidades de Pronto Atendimento (UPA) do Jardim Aeroporto na zona sul, e do Jardim Anita, na zona oeste. Nos cinco primeiros meses deste ano j\u00e1 s\u00e3o quase 3 mil casos positivos da doen\u00e7a. Atualmente s\u00e3o duas mortes confirmadas, de uma mulher de 37 anos e de um idoso de 77. Uma terceira morte est\u00e1 sendo investigada, de uma idosa de 88.<\/p>\n<h4>Outro lado<\/h4>\n<p>O Jornal Verdade procurou a Prefeitura de Franca para comentar o assunto, confira a nota na \u00edntegra:<\/p>\n<div>&#8220;A Secretaria de Sa\u00fade informa que o Pronto-Socorro &#8216;Dr. \u00c1lvaro Azzuz&#8217; tem recebido uma procura muito grande de pacientes, em busca de atendimento, com os sintomas de dengue, queixas respirat\u00f3rias (rinites e sinusites), al\u00e9m de gastroenterites e, embora a unidade esteja sendo redimensionada para atender o aumento da demanda, existem picos de procura em alguns dias e hor\u00e1rios espec\u00edficos, que sobrecarregam o pronto-atendimento.<\/div>\n<div>Comunica que os servi\u00e7os de urg\u00eancia e emerg\u00eancia do munic\u00edpio registraram um aumento consider\u00e1vel na procura, com picos de 3.400 atendimentos realizados, em um \u00fanico dia, nos Prontos-Socorros Adulto, Infantil, UPAs Jardins Aeroporto e Anita. S\u00f3 para se ter uma ideia, na Pediatria, um comparativo entre abril deste ano e o mesmo m\u00eas em 2021, apontou um crescimento de 300% de atendimentos, no Pronto-Socorro Infantil.<\/div>\n<div>Por fim, orienta a popula\u00e7\u00e3o que, em casos de sintomas leves, sem urg\u00eancia, podem ser agendados atendimentos com o Pediatra e Cl\u00ednico Geral, nas Unidades B\u00e1sicas de Sa\u00fade, para acompanhamento com o profissional mais pr\u00f3ximo da resid\u00eancia&#8221;.<\/div>\n","protected":false},"excerpt":{"rendered":"<p>Pacientes contam ainda que esperam de tr\u00eas a quatro horas por atendimento na unidade, que segue lotada Fernando Lima A segunda-feira (2), come\u00e7ou dif\u00edcil para quem<span class=\"excerpt-hellip\"> [\u2026]<\/span><\/p>\n","protected":false},"author":7,"featured_media":24801,"comment_status":"open","ping_status":"open","sticky":false,"template":"","format":"standard","meta":{"_jetpack_memberships_contains_paid_content":false,"footnotes":"","jetpack_publicize_message":"","jetpack_publicize_feature_enabled":true,"jetpack_social_post_already_shared":false,"jetpack_social_options":{"image_generator_settings":{"template":"highway","default_image_id":0,"enabled":false},"version":2}},"categories":[28,81],"tags":[],"class_list":["post-24800","post","type-post","status-publish","format-standard","has-post-thumbnail","hentry","category-cotidiano","category-manchete"],"yoast_head":"<!-- This site is optimized with the Yoast SEO plugin v25.6 - https:\/\/yoast.com\/wordpress\/plugins\/seo\/ -->\n<title>Caos na sa\u00fade: gr\u00e1vida de 6 meses espera 40 minutos em p\u00e9 para fazer ficha no P.S. - VerdadeOn<\/title>\n<meta name=\"robots\" content=\"index, follow, max-snippet:-1, max-image-preview:large, max-video-preview:-1\" \/>\n<link rel=\"canonical\" href=\"https:\/\/verdadeon.com.br\/portal\/2022\/05\/02\/caos-na-saude-gravida-de-6-meses-espera-40-minutos-em-pe-para-fazer-ficha-no-p-s\/\" \/>\n<meta property=\"og:locale\" content=\"pt_BR\" \/>\n<meta property=\"og:type\" content=\"article\" \/>\n<meta property=\"og:title\" content=\"Caos na sa\u00fade: gr\u00e1vida de 6 meses espera 40 minutos em p\u00e9 para fazer ficha no P.S. - VerdadeOn\" \/>\n<meta property=\"og:description\" content=\"Pacientes contam ainda que esperam de tr\u00eas a quatro horas por atendimento na unidade, que segue lotada Fernando Lima A segunda-feira (2), come\u00e7ou dif\u00edcil para quem [\u2026]\" \/>\n<meta property=\"og:url\" content=\"https:\/\/verdadeon.com.br\/portal\/2022\/05\/02\/caos-na-saude-gravida-de-6-meses-espera-40-minutos-em-pe-para-fazer-ficha-no-p-s\/\" \/>\n<meta property=\"og:site_name\" content=\"VerdadeOn\" \/>\n<meta property=\"article:published_time\" content=\"2022-05-02T18:23:25+00:00\" \/>\n<meta property=\"article:modified_time\" content=\"2022-05-02T18:31:50+00:00\" \/>\n<meta property=\"og:image\" content=\"https:\/\/verdadeon.com.br\/portal\/wp-content\/uploads\/2022\/05\/WhatsApp-Image-2022-05-02-at-14.18.20.jpeg\" \/>\n\t<meta property=\"og:image:width\" content=\"1600\" \/>\n\t<meta property=\"og:image:height\" content=\"900\" \/>\n\t<meta property=\"og:image:type\" content=\"image\/jpeg\" \/>\n<meta name=\"author\" content=\"Fernando Lima\" \/>\n<meta name=\"twitter:card\" content=\"summary_large_image\" \/>\n<meta name=\"twitter:label1\" content=\"Escrito por\" \/>\n\t<meta name=\"twitter:data1\" content=\"Fernando Lima\" \/>\n\t<meta name=\"twitter:label2\" content=\"Est. tempo de leitura\" \/>\n\t<meta name=\"twitter:data2\" content=\"3 minutos\" \/>\n<script type=\"application\/ld+json\" class=\"yoast-schema-graph\">{\"@context\":\"https:\/\/schema.org\",\"@graph\":[{\"@type\":\"WebPage\",\"@id\":\"https:\/\/verdadeon.com.br\/portal\/2022\/05\/02\/caos-na-saude-gravida-de-6-meses-espera-40-minutos-em-pe-para-fazer-ficha-no-p-s\/\",\"url\":\"https:\/\/verdadeon.com.br\/portal\/2022\/05\/02\/caos-na-saude-gravida-de-6-meses-espera-40-minutos-em-pe-para-fazer-ficha-no-p-s\/\",\"name\":\"Caos na sa\u00fade: gr\u00e1vida de 6 meses espera 40 minutos em p\u00e9 para fazer ficha no P.S. - VerdadeOn\",\"isPartOf\":{\"@id\":\"https:\/\/verdadeon.com.br\/portal\/#website\"},\"primaryImageOfPage\":{\"@id\":\"https:\/\/verdadeon.com.br\/portal\/2022\/05\/02\/caos-na-saude-gravida-de-6-meses-espera-40-minutos-em-pe-para-fazer-ficha-no-p-s\/#primaryimage\"},\"image\":{\"@id\":\"https:\/\/verdadeon.com.br\/portal\/2022\/05\/02\/caos-na-saude-gravida-de-6-meses-espera-40-minutos-em-pe-para-fazer-ficha-no-p-s\/#primaryimage\"},\"thumbnailUrl\":\"https:\/\/i0.wp.com\/verdadeon.com.br\/portal\/wp-content\/uploads\/2022\/05\/WhatsApp-Image-2022-05-02-at-14.18.20.jpeg?fit=1600%2C900&ssl=1\",\"datePublished\":\"2022-05-02T18:23:25+00:00\",\"dateModified\":\"2022-05-02T18:31:50+00:00\",\"author\":{\"@id\":\"https:\/\/verdadeon.com.br\/portal\/#\/schema\/person\/cc32be22b8e8599387c480bc83e1d11a\"},\"breadcrumb\":{\"@id\":\"https:\/\/verdadeon.com.br\/portal\/2022\/05\/02\/caos-na-saude-gravida-de-6-meses-espera-40-minutos-em-pe-para-fazer-ficha-no-p-s\/#breadcrumb\"},\"inLanguage\":\"pt-BR\",\"potentialAction\":[{\"@type\":\"ReadAction\",\"target\":[\"https:\/\/verdadeon.com.br\/portal\/2022\/05\/02\/caos-na-saude-gravida-de-6-meses-espera-40-minutos-em-pe-para-fazer-ficha-no-p-s\/\"]}]},{\"@type\":\"ImageObject\",\"inLanguage\":\"pt-BR\",\"@id\":\"https:\/\/verdadeon.com.br\/portal\/2022\/05\/02\/caos-na-saude-gravida-de-6-meses-espera-40-minutos-em-pe-para-fazer-ficha-no-p-s\/#primaryimage\",\"url\":\"https:\/\/i0.wp.com\/verdadeon.com.br\/portal\/wp-content\/uploads\/2022\/05\/WhatsApp-Image-2022-05-02-at-14.18.20.jpeg?fit=1600%2C900&ssl=1\",\"contentUrl\":\"https:\/\/i0.wp.com\/verdadeon.com.br\/portal\/wp-content\/uploads\/2022\/05\/WhatsApp-Image-2022-05-02-at-14.18.20.jpeg?fit=1600%2C900&ssl=1\",\"width\":1600,\"height\":900,\"caption\":\"Nat\u00e1lia ficou na ala voltada para os pacientes com suspeita de Covid-19, j\u00e1 que deveria fazer teste da doen\u00e7a. Mulher gr\u00e1vida ficou em p\u00e9 por 40 minutos s\u00f3 para fazer a ficha de atendimento | Foto: Nat\u00e1lia Silva\"},{\"@type\":\"BreadcrumbList\",\"@id\":\"https:\/\/verdadeon.com.br\/portal\/2022\/05\/02\/caos-na-saude-gravida-de-6-meses-espera-40-minutos-em-pe-para-fazer-ficha-no-p-s\/#breadcrumb\",\"itemListElement\":[{\"@type\":\"ListItem\",\"position\":1,\"name\":\"In\u00edcio\",\"item\":\"https:\/\/verdadeon.com.br\/portal\/\"},{\"@type\":\"ListItem\",\"position\":2,\"name\":\"Caos na sa\u00fade: gr\u00e1vida de 6 meses espera 40 minutos em p\u00e9 para fazer ficha no P.S.\"}]},{\"@type\":\"WebSite\",\"@id\":\"https:\/\/verdadeon.com.br\/portal\/#website\",\"url\":\"https:\/\/verdadeon.com.br\/portal\/\",\"name\":\"VerdadeOn\",\"description\":\"Not\u00edcias di\u00e1rias sobre Franca, Regi\u00e3o, Esporte, Cultura, Cotidiano, Colunas. Cobertura nos principais eventos da cidade \u00e9 aqui - Verdadeon Franca\",\"potentialAction\":[{\"@type\":\"SearchAction\",\"target\":{\"@type\":\"EntryPoint\",\"urlTemplate\":\"https:\/\/verdadeon.com.br\/portal\/?s={search_term_string}\"},\"query-input\":{\"@type\":\"PropertyValueSpecification\",\"valueRequired\":true,\"valueName\":\"search_term_string\"}}],\"inLanguage\":\"pt-BR\"},{\"@type\":\"Person\",\"@id\":\"https:\/\/verdadeon.com.br\/portal\/#\/schema\/person\/cc32be22b8e8599387c480bc83e1d11a\",\"name\":\"Fernando Lima\",\"image\":{\"@type\":\"ImageObject\",\"inLanguage\":\"pt-BR\",\"@id\":\"https:\/\/verdadeon.com.br\/portal\/#\/schema\/person\/image\/\",\"url\":\"https:\/\/secure.gravatar.com\/avatar\/df4c8e132080d2b3a4841d5d232045464e0eed11a1d6e43115ca0843d48768d3?s=96&d=mm&r=g\",\"contentUrl\":\"https:\/\/secure.gravatar.com\/avatar\/df4c8e132080d2b3a4841d5d232045464e0eed11a1d6e43115ca0843d48768d3?s=96&d=mm&r=g\",\"caption\":\"Fernando Lima\"},\"sameAs\":[\"http:\/\/verdadeon.com.br\/\"],\"url\":\"https:\/\/verdadeon.com.br\/portal\/author\/fernando-lima\/\"}]}<\/script>\n<!-- \/ Yoast SEO plugin. -->","yoast_head_json":{"title":"Caos na sa\u00fade: gr\u00e1vida de 6 meses espera 40 minutos em p\u00e9 para fazer ficha no P.S. - VerdadeOn","robots":{"index":"index","follow":"follow","max-snippet":"max-snippet:-1","max-image-preview":"max-image-preview:large","max-video-preview":"max-video-preview:-1"},"canonical":"https:\/\/verdadeon.com.br\/portal\/2022\/05\/02\/caos-na-saude-gravida-de-6-meses-espera-40-minutos-em-pe-para-fazer-ficha-no-p-s\/","og_locale":"pt_BR","og_type":"article","og_title":"Caos na sa\u00fade: gr\u00e1vida de 6 meses espera 40 minutos em p\u00e9 para fazer ficha no P.S. - VerdadeOn","og_description":"Pacientes contam ainda que esperam de tr\u00eas a quatro horas por atendimento na unidade, que segue lotada Fernando Lima A segunda-feira (2), come\u00e7ou dif\u00edcil para quem [\u2026]","og_url":"https:\/\/verdadeon.com.br\/portal\/2022\/05\/02\/caos-na-saude-gravida-de-6-meses-espera-40-minutos-em-pe-para-fazer-ficha-no-p-s\/","og_site_name":"VerdadeOn","article_published_time":"2022-05-02T18:23:25+00:00","article_modified_time":"2022-05-02T18:31:50+00:00","og_image":[{"width":1600,"height":900,"url":"https:\/\/verdadeon.com.br\/portal\/wp-content\/uploads\/2022\/05\/WhatsApp-Image-2022-05-02-at-14.18.20.jpeg","type":"image\/jpeg"}],"author":"Fernando Lima","twitter_card":"summary_large_image","twitter_misc":{"Escrito por":"Fernando Lima","Est. tempo de leitura":"3 minutos"},"schema":{"@context":"https:\/\/schema.org","@graph":[{"@type":"WebPage","@id":"https:\/\/verdadeon.com.br\/portal\/2022\/05\/02\/caos-na-saude-gravida-de-6-meses-espera-40-minutos-em-pe-para-fazer-ficha-no-p-s\/","url":"https:\/\/verdadeon.com.br\/portal\/2022\/05\/02\/caos-na-saude-gravida-de-6-meses-espera-40-minutos-em-pe-para-fazer-ficha-no-p-s\/","name":"Caos na sa\u00fade: gr\u00e1vida de 6 meses espera 40 minutos em p\u00e9 para fazer ficha no P.S. - VerdadeOn","isPartOf":{"@id":"https:\/\/verdadeon.com.br\/portal\/#website"},"primaryImageOfPage":{"@id":"https:\/\/verdadeon.com.br\/portal\/2022\/05\/02\/caos-na-saude-gravida-de-6-meses-espera-40-minutos-em-pe-para-fazer-ficha-no-p-s\/#primaryimage"},"image":{"@id":"https:\/\/verdadeon.com.br\/portal\/2022\/05\/02\/caos-na-saude-gravida-de-6-meses-espera-40-minutos-em-pe-para-fazer-ficha-no-p-s\/#primaryimage"},"thumbnailUrl":"https:\/\/i0.wp.com\/verdadeon.com.br\/portal\/wp-content\/uploads\/2022\/05\/WhatsApp-Image-2022-05-02-at-14.18.20.jpeg?fit=1600%2C900&ssl=1","datePublished":"2022-05-02T18:23:25+00:00","dateModified":"2022-05-02T18:31:50+00:00","author":{"@id":"https:\/\/verdadeon.com.br\/portal\/#\/schema\/person\/cc32be22b8e8599387c480bc83e1d11a"},"breadcrumb":{"@id":"https:\/\/verdadeon.com.br\/portal\/2022\/05\/02\/caos-na-saude-gravida-de-6-meses-espera-40-minutos-em-pe-para-fazer-ficha-no-p-s\/#breadcrumb"},"inLanguage":"pt-BR","potentialAction":[{"@type":"ReadAction","target":["https:\/\/verdadeon.com.br\/portal\/2022\/05\/02\/caos-na-saude-gravida-de-6-meses-espera-40-minutos-em-pe-para-fazer-ficha-no-p-s\/"]}]},{"@type":"ImageObject","inLanguage":"pt-BR","@id":"https:\/\/verdadeon.com.br\/portal\/2022\/05\/02\/caos-na-saude-gravida-de-6-meses-espera-40-minutos-em-pe-para-fazer-ficha-no-p-s\/#primaryimage","url":"https:\/\/i0.wp.com\/verdadeon.com.br\/portal\/wp-content\/uploads\/2022\/05\/WhatsApp-Image-2022-05-02-at-14.18.20.jpeg?fit=1600%2C900&ssl=1","contentUrl":"https:\/\/i0.wp.com\/verdadeon.com.br\/portal\/wp-content\/uploads\/2022\/05\/WhatsApp-Image-2022-05-02-at-14.18.20.jpeg?fit=1600%2C900&ssl=1","width":1600,"height":900,"caption":"Nat\u00e1lia ficou na ala voltada para os pacientes com suspeita de Covid-19, j\u00e1 que deveria fazer teste da doen\u00e7a. Mulher gr\u00e1vida ficou em p\u00e9 por 40 minutos s\u00f3 para fazer a ficha de atendimento | Foto: Nat\u00e1lia Silva"},{"@type":"BreadcrumbList","@id":"https:\/\/verdadeon.com.br\/portal\/2022\/05\/02\/caos-na-saude-gravida-de-6-meses-espera-40-minutos-em-pe-para-fazer-ficha-no-p-s\/#breadcrumb","itemListElement":[{"@type":"ListItem","position":1,"name":"In\u00edcio","item":"https:\/\/verdadeon.com.br\/portal\/"},{"@type":"ListItem","position":2,"name":"Caos na sa\u00fade: gr\u00e1vida de 6 meses espera 40 minutos em p\u00e9 para fazer ficha no P.S."}]},{"@type":"WebSite","@id":"https:\/\/verdadeon.com.br\/portal\/#website","url":"https:\/\/verdadeon.com.br\/portal\/","name":"VerdadeOn","description":"Not\u00edcias di\u00e1rias sobre Franca, Regi\u00e3o, Esporte, Cultura, Cotidiano, Colunas. Cobertura nos principais eventos da cidade \u00e9 aqui - Verdadeon Franca","potentialAction":[{"@type":"SearchAction","target":{"@type":"EntryPoint","urlTemplate":"https:\/\/verdadeon.com.br\/portal\/?s={search_term_string}"},"query-input":{"@type":"PropertyValueSpecification","valueRequired":true,"valueName":"search_term_string"}}],"inLanguage":"pt-BR"},{"@type":"Person","@id":"https:\/\/verdadeon.com.br\/portal\/#\/schema\/person\/cc32be22b8e8599387c480bc83e1d11a","name":"Fernando Lima","image":{"@type":"ImageObject","inLanguage":"pt-BR","@id":"https:\/\/verdadeon.com.br\/portal\/#\/schema\/person\/image\/","url":"https:\/\/secure.gravatar.com\/avatar\/df4c8e132080d2b3a4841d5d232045464e0eed11a1d6e43115ca0843d48768d3?s=96&d=mm&r=g","contentUrl":"https:\/\/secure.gravatar.com\/avatar\/df4c8e132080d2b3a4841d5d232045464e0eed11a1d6e43115ca0843d48768d3?s=96&d=mm&r=g","caption":"Fernando Lima"},"sameAs":["http:\/\/verdadeon.com.br\/"],"url":"https:\/\/verdadeon.com.br\/portal\/author\/fernando-lima\/"}]}},"jetpack_publicize_connections":[],"jetpack_featured_media_url":"https:\/\/i0.wp.com\/verdadeon.com.br\/portal\/wp-content\/uploads\/2022\/05\/WhatsApp-Image-2022-05-02-at-14.18.20.jpeg?fit=1600%2C900&ssl=1","jetpack_sharing_enabled":true,"_links":{"self":[{"href":"https:\/\/verdadeon.com.br\/portal\/wp-json\/wp\/v2\/posts\/24800","targetHints":{"allow":["GET"]}}],"collection":[{"href":"https:\/\/verdadeon.com.br\/portal\/wp-json\/wp\/v2\/posts"}],"about":[{"href":"https:\/\/verdadeon.com.br\/portal\/wp-json\/wp\/v2\/types\/post"}],"author":[{"embeddable":true,"href":"https:\/\/verdadeon.com.br\/portal\/wp-json\/wp\/v2\/users\/7"}],"replies":[{"embeddable":true,"href":"https:\/\/verdadeon.com.br\/portal\/wp-json\/wp\/v2\/comments?post=24800"}],"version-history":[{"count":3,"href":"https:\/\/verdadeon.com.br\/portal\/wp-json\/wp\/v2\/posts\/24800\/revisions"}],"predecessor-version":[{"id":24804,"href":"https:\/\/verdadeon.com.br\/portal\/wp-json\/wp\/v2\/posts\/24800\/revisions\/24804"}],"wp:featuredmedia":[{"embeddable":true,"href":"https:\/\/verdadeon.com.br\/portal\/wp-json\/wp\/v2\/media\/24801"}],"wp:attachment":[{"href":"https:\/\/verdadeon.com.br\/portal\/wp-json\/wp\/v2\/media?parent=24800"}],"wp:term":[{"taxonomy":"category","embeddable":true,"href":"https:\/\/verdadeon.com.br\/portal\/wp-json\/wp\/v2\/categories?post=24800"},{"taxonomy":"post_tag","embeddable":true,"href":"https:\/\/verdadeon.com.br\/portal\/wp-json\/wp\/v2\/tags?post=24800"}],"curies":[{"name":"wp","href":"https:\/\/api.w.org\/{rel}","templated":true}]}}