{"id":24779,"date":"2022-04-30T14:27:02","date_gmt":"2022-04-30T17:27:02","guid":{"rendered":"https:\/\/verdadeon.com.br\/portal\/?p=24779"},"modified":"2022-04-30T14:27:02","modified_gmt":"2022-04-30T17:27:02","slug":"assista-camera-flagra-atropelamento-de-cachorro-em-pedregulho","status":"publish","type":"post","link":"https:\/\/verdadeon.com.br\/portal\/2022\/04\/30\/assista-camera-flagra-atropelamento-de-cachorro-em-pedregulho\/","title":{"rendered":"Assista: C\u00e2mera flagra atropelamento de cachorro em Pedregulho"},"content":{"rendered":"<h2>Imagens ser\u00e3o entregues para \u00f3rg\u00e3os respons\u00e1veis que devem investigar o caso<\/h2>\n<p>C\u00e2meras de seguran\u00e7a de uma casa em Pedregulho, mostraram o momento em que um funcion\u00e1rio do Correios atropela um cachorro, protetores animais acusam o condutor de atropelar de prop\u00f3sito. Alguns vizinhos e protetores procuraram o animal, que n\u00e3o foi encontrado, portanto n\u00e3o \u00e9 poss\u00edvel afirmar se ele sobreviveu ou n\u00e3o.<\/p>\n<p>As imagens foram registradas por volta das 11h40 de sexta-feira (29), no Jardim Am\u00e9rica. Elas ser\u00e3o entregues por protetores animais, para os \u00f3rg\u00e3os respons\u00e1veis. &#8220;Foi muita covardia, na c\u00e2mera d\u00e1 para ver que ele n\u00e3o faz quest\u00e3o de desviar do cachorrinho. N\u00e3o d\u00e1 para entender tanta maldade&#8221;, contou uma moradora que n\u00e3o quis se identificar por ter receio.<\/p>\n<p>Assista:<\/p>\n<div style=\"width: 1220px;\" class=\"wp-video\"><!--[if lt IE 9]><script>document.createElement('video');<\/script><![endif]-->\n<video class=\"wp-video-shortcode\" id=\"video-24779-1\" width=\"1220\" height=\"686\" preload=\"metadata\" controls=\"controls\"><source type=\"video\/mp4\" src=\"https:\/\/verdadeon.com.br\/portal\/wp-content\/uploads\/2022\/04\/WhatsApp-Video-2022-04-29-at-21.15.14.mp4?_=1\" \/><a href=\"https:\/\/verdadeon.com.br\/portal\/wp-content\/uploads\/2022\/04\/WhatsApp-Video-2022-04-29-at-21.15.14.mp4\">https:\/\/verdadeon.com.br\/portal\/wp-content\/uploads\/2022\/04\/WhatsApp-Video-2022-04-29-at-21.15.14.mp4<\/a><\/video><\/div>\n<p>&nbsp;<\/p>\n<h4>Investiga\u00e7\u00e3o<\/h4>\n<p>A Pol\u00edcia Civil de Franca vai investigar um atropelamento registrado no Santa Terezinha, na zona norte de Franca neste s\u00e1bado (30). As v\u00edtimas contaram que n\u00e3o conhecem o condutor, que jogou o carro para cima deles amea\u00e7ando de morte.<\/p>\n<p>Uma mulher foi atingida e teve uma fratura exposta, e foi socorrida pelo SAMU, a mulher chegou a ficar prensada no port\u00e3o da casa dela. Ela estava com uma crian\u00e7a no colo quando foi atingida.<\/p>\n<p>Ap\u00f3s a a\u00e7\u00e3o o homem fugiu e ainda n\u00e3o foi encontrado. A pol\u00edcia foi acionada e o caso registrado.<\/p>\n<h4>Recuperado<\/h4>\n<p>Dois homens foram detidos com um ve\u00edculo furtado na zona norte de Franca. Segundo a Pol\u00edcia Militar, durante patrulhamento eles abordaram dois homens que estavam dentro do carro.<\/p>\n<p>Durante a pesquisa da placa foi constatado que os n\u00fameros pertenciam a um outro ve\u00edculo, e que o carro era produto de crime.<\/p>\n<p>Os dois suspeitos foram levados para a Central de Pol\u00edcia Judici\u00e1ria (CPJ) de Franca, onde foram ouvidos e liberados. J\u00e1 o carro onde eles estavam foi devolvido para a v\u00edtima, que tinha registrado um boletim de ocorr\u00eancia do crime.<\/p>\n","protected":false},"excerpt":{"rendered":"<p>Imagens ser\u00e3o entregues para \u00f3rg\u00e3os respons\u00e1veis que devem investigar o caso C\u00e2meras de seguran\u00e7a de uma casa em Pedregulho, mostraram o momento em que um funcion\u00e1rio<span class=\"excerpt-hellip\"> [\u2026]<\/span><\/p>\n","protected":false},"author":7,"featured_media":24781,"comment_status":"open","ping_status":"open","sticky":false,"template":"","format":"standard","meta":{"_jetpack_memberships_contains_paid_content":false,"footnotes":"","jetpack_publicize_message":"","jetpack_publicize_feature_enabled":true,"jetpack_social_post_already_shared":false,"jetpack_social_options":{"image_generator_settings":{"template":"highway","default_image_id":0,"enabled":false},"version":2}},"categories":[28,44],"tags":[],"class_list":["post-24779","post","type-post","status-publish","format-standard","has-post-thumbnail","hentry","category-cotidiano","category-noticias"],"yoast_head":"<!-- This site is optimized with the Yoast SEO plugin v25.6 - https:\/\/yoast.com\/wordpress\/plugins\/seo\/ -->\n<title>Assista: C\u00e2mera flagra atropelamento de cachorro em Pedregulho - VerdadeOn<\/title>\n<meta name=\"robots\" content=\"index, follow, max-snippet:-1, max-image-preview:large, max-video-preview:-1\" \/>\n<link rel=\"canonical\" href=\"https:\/\/verdadeon.com.br\/portal\/2022\/04\/30\/assista-camera-flagra-atropelamento-de-cachorro-em-pedregulho\/\" \/>\n<meta property=\"og:locale\" content=\"pt_BR\" \/>\n<meta property=\"og:type\" content=\"article\" \/>\n<meta property=\"og:title\" content=\"Assista: C\u00e2mera flagra atropelamento de cachorro em Pedregulho - VerdadeOn\" \/>\n<meta property=\"og:description\" content=\"Imagens ser\u00e3o entregues para \u00f3rg\u00e3os respons\u00e1veis que devem investigar o caso C\u00e2meras de seguran\u00e7a de uma casa em Pedregulho, mostraram o momento em que um funcion\u00e1rio [\u2026]\" \/>\n<meta property=\"og:url\" content=\"https:\/\/verdadeon.com.br\/portal\/2022\/04\/30\/assista-camera-flagra-atropelamento-de-cachorro-em-pedregulho\/\" \/>\n<meta property=\"og:site_name\" content=\"VerdadeOn\" \/>\n<meta property=\"article:published_time\" content=\"2022-04-30T17:27:02+00:00\" \/>\n<meta property=\"og:image\" content=\"https:\/\/verdadeon.com.br\/portal\/wp-content\/uploads\/2022\/04\/ATROPELAMENTO.png\" \/>\n\t<meta property=\"og:image:width\" content=\"1366\" \/>\n\t<meta property=\"og:image:height\" content=\"768\" \/>\n\t<meta property=\"og:image:type\" content=\"image\/png\" \/>\n<meta name=\"author\" content=\"Fernando Lima\" \/>\n<meta name=\"twitter:card\" content=\"summary_large_image\" \/>\n<meta name=\"twitter:label1\" content=\"Escrito por\" \/>\n\t<meta name=\"twitter:data1\" content=\"Fernando Lima\" \/>\n\t<meta name=\"twitter:label2\" content=\"Est. tempo de leitura\" \/>\n\t<meta name=\"twitter:data2\" content=\"2 minutos\" \/>\n<script type=\"application\/ld+json\" class=\"yoast-schema-graph\">{\"@context\":\"https:\/\/schema.org\",\"@graph\":[{\"@type\":\"WebPage\",\"@id\":\"https:\/\/verdadeon.com.br\/portal\/2022\/04\/30\/assista-camera-flagra-atropelamento-de-cachorro-em-pedregulho\/\",\"url\":\"https:\/\/verdadeon.com.br\/portal\/2022\/04\/30\/assista-camera-flagra-atropelamento-de-cachorro-em-pedregulho\/\",\"name\":\"Assista: C\u00e2mera flagra atropelamento de cachorro em Pedregulho - VerdadeOn\",\"isPartOf\":{\"@id\":\"https:\/\/verdadeon.com.br\/portal\/#website\"},\"primaryImageOfPage\":{\"@id\":\"https:\/\/verdadeon.com.br\/portal\/2022\/04\/30\/assista-camera-flagra-atropelamento-de-cachorro-em-pedregulho\/#primaryimage\"},\"image\":{\"@id\":\"https:\/\/verdadeon.com.br\/portal\/2022\/04\/30\/assista-camera-flagra-atropelamento-de-cachorro-em-pedregulho\/#primaryimage\"},\"thumbnailUrl\":\"https:\/\/i0.wp.com\/verdadeon.com.br\/portal\/wp-content\/uploads\/2022\/04\/ATROPELAMENTO.png?fit=1366%2C768&ssl=1\",\"datePublished\":\"2022-04-30T17:27:02+00:00\",\"author\":{\"@id\":\"https:\/\/verdadeon.com.br\/portal\/#\/schema\/person\/cc32be22b8e8599387c480bc83e1d11a\"},\"breadcrumb\":{\"@id\":\"https:\/\/verdadeon.com.br\/portal\/2022\/04\/30\/assista-camera-flagra-atropelamento-de-cachorro-em-pedregulho\/#breadcrumb\"},\"inLanguage\":\"pt-BR\",\"potentialAction\":[{\"@type\":\"ReadAction\",\"target\":[\"https:\/\/verdadeon.com.br\/portal\/2022\/04\/30\/assista-camera-flagra-atropelamento-de-cachorro-em-pedregulho\/\"]}]},{\"@type\":\"ImageObject\",\"inLanguage\":\"pt-BR\",\"@id\":\"https:\/\/verdadeon.com.br\/portal\/2022\/04\/30\/assista-camera-flagra-atropelamento-de-cachorro-em-pedregulho\/#primaryimage\",\"url\":\"https:\/\/i0.wp.com\/verdadeon.com.br\/portal\/wp-content\/uploads\/2022\/04\/ATROPELAMENTO.png?fit=1366%2C768&ssl=1\",\"contentUrl\":\"https:\/\/i0.wp.com\/verdadeon.com.br\/portal\/wp-content\/uploads\/2022\/04\/ATROPELAMENTO.png?fit=1366%2C768&ssl=1\",\"width\":1366,\"height\":768,\"caption\":\"Uma c\u00e2mera flagrou o momento em que o condutor atropela o animal e n\u00e3o para para prestar socorro | Foto: Reprodu\u00e7\u00e3o\"},{\"@type\":\"BreadcrumbList\",\"@id\":\"https:\/\/verdadeon.com.br\/portal\/2022\/04\/30\/assista-camera-flagra-atropelamento-de-cachorro-em-pedregulho\/#breadcrumb\",\"itemListElement\":[{\"@type\":\"ListItem\",\"position\":1,\"name\":\"In\u00edcio\",\"item\":\"https:\/\/verdadeon.com.br\/portal\/\"},{\"@type\":\"ListItem\",\"position\":2,\"name\":\"Assista: C\u00e2mera flagra atropelamento de cachorro em Pedregulho\"}]},{\"@type\":\"WebSite\",\"@id\":\"https:\/\/verdadeon.com.br\/portal\/#website\",\"url\":\"https:\/\/verdadeon.com.br\/portal\/\",\"name\":\"VerdadeOn\",\"description\":\"Not\u00edcias di\u00e1rias sobre Franca, Regi\u00e3o, Esporte, Cultura, Cotidiano, Colunas. Cobertura nos principais eventos da cidade \u00e9 aqui - Verdadeon Franca\",\"potentialAction\":[{\"@type\":\"SearchAction\",\"target\":{\"@type\":\"EntryPoint\",\"urlTemplate\":\"https:\/\/verdadeon.com.br\/portal\/?s={search_term_string}\"},\"query-input\":{\"@type\":\"PropertyValueSpecification\",\"valueRequired\":true,\"valueName\":\"search_term_string\"}}],\"inLanguage\":\"pt-BR\"},{\"@type\":\"Person\",\"@id\":\"https:\/\/verdadeon.com.br\/portal\/#\/schema\/person\/cc32be22b8e8599387c480bc83e1d11a\",\"name\":\"Fernando Lima\",\"image\":{\"@type\":\"ImageObject\",\"inLanguage\":\"pt-BR\",\"@id\":\"https:\/\/verdadeon.com.br\/portal\/#\/schema\/person\/image\/\",\"url\":\"https:\/\/secure.gravatar.com\/avatar\/df4c8e132080d2b3a4841d5d232045464e0eed11a1d6e43115ca0843d48768d3?s=96&d=mm&r=g\",\"contentUrl\":\"https:\/\/secure.gravatar.com\/avatar\/df4c8e132080d2b3a4841d5d232045464e0eed11a1d6e43115ca0843d48768d3?s=96&d=mm&r=g\",\"caption\":\"Fernando Lima\"},\"sameAs\":[\"http:\/\/verdadeon.com.br\/\"],\"url\":\"https:\/\/verdadeon.com.br\/portal\/author\/fernando-lima\/\"}]}<\/script>\n<!-- \/ Yoast SEO plugin. -->","yoast_head_json":{"title":"Assista: C\u00e2mera flagra atropelamento de cachorro em Pedregulho - VerdadeOn","robots":{"index":"index","follow":"follow","max-snippet":"max-snippet:-1","max-image-preview":"max-image-preview:large","max-video-preview":"max-video-preview:-1"},"canonical":"https:\/\/verdadeon.com.br\/portal\/2022\/04\/30\/assista-camera-flagra-atropelamento-de-cachorro-em-pedregulho\/","og_locale":"pt_BR","og_type":"article","og_title":"Assista: C\u00e2mera flagra atropelamento de cachorro em Pedregulho - VerdadeOn","og_description":"Imagens ser\u00e3o entregues para \u00f3rg\u00e3os respons\u00e1veis que devem investigar o caso C\u00e2meras de seguran\u00e7a de uma casa em Pedregulho, mostraram o momento em que um funcion\u00e1rio [\u2026]","og_url":"https:\/\/verdadeon.com.br\/portal\/2022\/04\/30\/assista-camera-flagra-atropelamento-de-cachorro-em-pedregulho\/","og_site_name":"VerdadeOn","article_published_time":"2022-04-30T17:27:02+00:00","og_image":[{"width":1366,"height":768,"url":"https:\/\/verdadeon.com.br\/portal\/wp-content\/uploads\/2022\/04\/ATROPELAMENTO.png","type":"image\/png"}],"author":"Fernando Lima","twitter_card":"summary_large_image","twitter_misc":{"Escrito por":"Fernando Lima","Est. tempo de leitura":"2 minutos"},"schema":{"@context":"https:\/\/schema.org","@graph":[{"@type":"WebPage","@id":"https:\/\/verdadeon.com.br\/portal\/2022\/04\/30\/assista-camera-flagra-atropelamento-de-cachorro-em-pedregulho\/","url":"https:\/\/verdadeon.com.br\/portal\/2022\/04\/30\/assista-camera-flagra-atropelamento-de-cachorro-em-pedregulho\/","name":"Assista: C\u00e2mera flagra atropelamento de cachorro em Pedregulho - VerdadeOn","isPartOf":{"@id":"https:\/\/verdadeon.com.br\/portal\/#website"},"primaryImageOfPage":{"@id":"https:\/\/verdadeon.com.br\/portal\/2022\/04\/30\/assista-camera-flagra-atropelamento-de-cachorro-em-pedregulho\/#primaryimage"},"image":{"@id":"https:\/\/verdadeon.com.br\/portal\/2022\/04\/30\/assista-camera-flagra-atropelamento-de-cachorro-em-pedregulho\/#primaryimage"},"thumbnailUrl":"https:\/\/i0.wp.com\/verdadeon.com.br\/portal\/wp-content\/uploads\/2022\/04\/ATROPELAMENTO.png?fit=1366%2C768&ssl=1","datePublished":"2022-04-30T17:27:02+00:00","author":{"@id":"https:\/\/verdadeon.com.br\/portal\/#\/schema\/person\/cc32be22b8e8599387c480bc83e1d11a"},"breadcrumb":{"@id":"https:\/\/verdadeon.com.br\/portal\/2022\/04\/30\/assista-camera-flagra-atropelamento-de-cachorro-em-pedregulho\/#breadcrumb"},"inLanguage":"pt-BR","potentialAction":[{"@type":"ReadAction","target":["https:\/\/verdadeon.com.br\/portal\/2022\/04\/30\/assista-camera-flagra-atropelamento-de-cachorro-em-pedregulho\/"]}]},{"@type":"ImageObject","inLanguage":"pt-BR","@id":"https:\/\/verdadeon.com.br\/portal\/2022\/04\/30\/assista-camera-flagra-atropelamento-de-cachorro-em-pedregulho\/#primaryimage","url":"https:\/\/i0.wp.com\/verdadeon.com.br\/portal\/wp-content\/uploads\/2022\/04\/ATROPELAMENTO.png?fit=1366%2C768&ssl=1","contentUrl":"https:\/\/i0.wp.com\/verdadeon.com.br\/portal\/wp-content\/uploads\/2022\/04\/ATROPELAMENTO.png?fit=1366%2C768&ssl=1","width":1366,"height":768,"caption":"Uma c\u00e2mera flagrou o momento em que o condutor atropela o animal e n\u00e3o para para prestar socorro | Foto: Reprodu\u00e7\u00e3o"},{"@type":"BreadcrumbList","@id":"https:\/\/verdadeon.com.br\/portal\/2022\/04\/30\/assista-camera-flagra-atropelamento-de-cachorro-em-pedregulho\/#breadcrumb","itemListElement":[{"@type":"ListItem","position":1,"name":"In\u00edcio","item":"https:\/\/verdadeon.com.br\/portal\/"},{"@type":"ListItem","position":2,"name":"Assista: C\u00e2mera flagra atropelamento de cachorro em Pedregulho"}]},{"@type":"WebSite","@id":"https:\/\/verdadeon.com.br\/portal\/#website","url":"https:\/\/verdadeon.com.br\/portal\/","name":"VerdadeOn","description":"Not\u00edcias di\u00e1rias sobre Franca, Regi\u00e3o, Esporte, Cultura, Cotidiano, Colunas. Cobertura nos principais eventos da cidade \u00e9 aqui - Verdadeon Franca","potentialAction":[{"@type":"SearchAction","target":{"@type":"EntryPoint","urlTemplate":"https:\/\/verdadeon.com.br\/portal\/?s={search_term_string}"},"query-input":{"@type":"PropertyValueSpecification","valueRequired":true,"valueName":"search_term_string"}}],"inLanguage":"pt-BR"},{"@type":"Person","@id":"https:\/\/verdadeon.com.br\/portal\/#\/schema\/person\/cc32be22b8e8599387c480bc83e1d11a","name":"Fernando Lima","image":{"@type":"ImageObject","inLanguage":"pt-BR","@id":"https:\/\/verdadeon.com.br\/portal\/#\/schema\/person\/image\/","url":"https:\/\/secure.gravatar.com\/avatar\/df4c8e132080d2b3a4841d5d232045464e0eed11a1d6e43115ca0843d48768d3?s=96&d=mm&r=g","contentUrl":"https:\/\/secure.gravatar.com\/avatar\/df4c8e132080d2b3a4841d5d232045464e0eed11a1d6e43115ca0843d48768d3?s=96&d=mm&r=g","caption":"Fernando Lima"},"sameAs":["http:\/\/verdadeon.com.br\/"],"url":"https:\/\/verdadeon.com.br\/portal\/author\/fernando-lima\/"}]}},"jetpack_publicize_connections":[],"jetpack_featured_media_url":"https:\/\/i0.wp.com\/verdadeon.com.br\/portal\/wp-content\/uploads\/2022\/04\/ATROPELAMENTO.png?fit=1366%2C768&ssl=1","jetpack_sharing_enabled":true,"_links":{"self":[{"href":"https:\/\/verdadeon.com.br\/portal\/wp-json\/wp\/v2\/posts\/24779","targetHints":{"allow":["GET"]}}],"collection":[{"href":"https:\/\/verdadeon.com.br\/portal\/wp-json\/wp\/v2\/posts"}],"about":[{"href":"https:\/\/verdadeon.com.br\/portal\/wp-json\/wp\/v2\/types\/post"}],"author":[{"embeddable":true,"href":"https:\/\/verdadeon.com.br\/portal\/wp-json\/wp\/v2\/users\/7"}],"replies":[{"embeddable":true,"href":"https:\/\/verdadeon.com.br\/portal\/wp-json\/wp\/v2\/comments?post=24779"}],"version-history":[{"count":1,"href":"https:\/\/verdadeon.com.br\/portal\/wp-json\/wp\/v2\/posts\/24779\/revisions"}],"predecessor-version":[{"id":24782,"href":"https:\/\/verdadeon.com.br\/portal\/wp-json\/wp\/v2\/posts\/24779\/revisions\/24782"}],"wp:featuredmedia":[{"embeddable":true,"href":"https:\/\/verdadeon.com.br\/portal\/wp-json\/wp\/v2\/media\/24781"}],"wp:attachment":[{"href":"https:\/\/verdadeon.com.br\/portal\/wp-json\/wp\/v2\/media?parent=24779"}],"wp:term":[{"taxonomy":"category","embeddable":true,"href":"https:\/\/verdadeon.com.br\/portal\/wp-json\/wp\/v2\/categories?post=24779"},{"taxonomy":"post_tag","embeddable":true,"href":"https:\/\/verdadeon.com.br\/portal\/wp-json\/wp\/v2\/tags?post=24779"}],"curies":[{"name":"wp","href":"https:\/\/api.w.org\/{rel}","templated":true}]}}