{"id":24777,"date":"2022-04-30T13:38:53","date_gmt":"2022-04-30T16:38:53","guid":{"rendered":"https:\/\/verdadeon.com.br\/portal\/?p=24777"},"modified":"2022-04-30T13:38:53","modified_gmt":"2022-04-30T16:38:53","slug":"em-novo-boletim-franca-confirma-mais-435-casos-de-covid-mas-segue-sem-obitos","status":"publish","type":"post","link":"https:\/\/verdadeon.com.br\/portal\/2022\/04\/30\/em-novo-boletim-franca-confirma-mais-435-casos-de-covid-mas-segue-sem-obitos\/","title":{"rendered":"Em novo boletim, Franca confirma mais 435 casos de Covid, mas segue sem \u00f3bitos"},"content":{"rendered":"<h2>Dados agora s\u00e3o divulgados semanalmente, ocupa\u00e7\u00e3o de leitos de UTI tamb\u00e9m segue baixa<\/h2>\n<p>Foi divulgado pela Secretaria de Sa\u00fade de Franca, o boletim da Covid-19. Foram confirmados na \u00faltima semana 435 casos da doen\u00e7a, totalizando agora 72.843 casos positivos. Com mais estas confirma\u00e7\u00f5es, a m\u00e9dia m\u00f3vel de casos positivos chegou a 154,1, uma eleva\u00e7\u00e3o de 51,6 em compara\u00e7\u00e3o ao \u00faltimo boletim divulgado na semana passada.<\/p>\n<p>A cidade tem apenas um caso suspeito. Os negativos somam 119.452, e os recuperados s\u00e3o 54.125.<\/p>\n<h4>Leitos<\/h4>\n<p>Em uma realidade bem longe do pico da pandemia em 2021 e 2020, a ocupa\u00e7\u00e3o dos leitos de UTI em Franca segue baixa. De acordo com o boletim, apenas uma pessoa est\u00e1 internada na UTI do Hospital do Cora\u00e7\u00e3o, j\u00e1 na rede particular s\u00e3o duas unidades dispon\u00edveis, e nenhuma ocupada.<\/p>\n<p>Em rela\u00e7\u00e3o aos leitos de enfermaria, uma pessoa est\u00e1 internada pelo SUS, \u00edndice que se repete na rede particular, um internado para dois leitos dispon\u00edveis.<\/p>\n<p>O Jornal Verdade mostrou que no in\u00edcio do ano o Grupo Santa Casa, que administra os leitos de Covid em Franca, desativou as unidades por conta da baixa demanda. O hospital continua tratando a doen\u00e7a com os mesmos cuidados, por\u00e9m n\u00e3o utiliza de uma grande estrutura exclusiva para a doen\u00e7a como era no pico da pandemia. A medida \u00e9 uma recomenda\u00e7\u00e3o do pr\u00f3prio Minist\u00e9rio da Sa\u00fade, para que os recursos sejam encaminhados para outras demandas dos hospitais.<\/p>\n<h4>\u00d3bitos<\/h4>\n<p>Na \u00faltima semana Franca n\u00e3o registrou mortes causadas pelo coronav\u00edrus, \u00e9 o que aponta o boletim da Vigil\u00e2ncia Epidemiol\u00f3gica. A cidade tem um total de 1.177 mortes desde o in\u00edcio da pandemia em 2020.<\/p>\n<p>Isso fez com que a m\u00e9dia m\u00f3vel de \u00f3bitos causados pela doen\u00e7a se mantenha abaixo de uma por dia, hoje ela \u00e9 de 0.9.<\/p>\n<p>Os dados mostram que os idosos ainda s\u00e3o as maiores v\u00edtimas da doen\u00e7a na cidade, 66,27% dos casos. A hipertens\u00e3o arterial est\u00e1 presente em 39,76% das mortes, j\u00e1 o diabetes em 23,03%.<\/p>\n<p>A obesidade tamb\u00e9m est\u00e1 presente em grande parte das mortes por covid na cidade, eles representam 12,57% dos falecimentos. A cardiopatia e a pneumopatia est\u00e3o presentes em 13,25% e<\/p>\n","protected":false},"excerpt":{"rendered":"<p>Dados agora s\u00e3o divulgados semanalmente, ocupa\u00e7\u00e3o de leitos de UTI tamb\u00e9m segue baixa Foi divulgado pela Secretaria de Sa\u00fade de Franca, o boletim da Covid-19. Foram<span class=\"excerpt-hellip\"> [\u2026]<\/span><\/p>\n","protected":false},"author":7,"featured_media":23484,"comment_status":"open","ping_status":"open","sticky":false,"template":"","format":"standard","meta":{"_jetpack_memberships_contains_paid_content":false,"footnotes":"","jetpack_publicize_message":"","jetpack_publicize_feature_enabled":true,"jetpack_social_post_already_shared":false,"jetpack_social_options":{"image_generator_settings":{"template":"highway","default_image_id":0,"enabled":false},"version":2}},"categories":[28,81],"tags":[],"class_list":["post-24777","post","type-post","status-publish","format-standard","has-post-thumbnail","hentry","category-cotidiano","category-manchete"],"yoast_head":"<!-- This site is optimized with the Yoast SEO plugin v25.6 - https:\/\/yoast.com\/wordpress\/plugins\/seo\/ -->\n<title>Em novo boletim, Franca confirma mais 435 casos de Covid, mas segue sem \u00f3bitos - VerdadeOn<\/title>\n<meta name=\"robots\" content=\"index, follow, max-snippet:-1, max-image-preview:large, max-video-preview:-1\" \/>\n<link rel=\"canonical\" href=\"https:\/\/verdadeon.com.br\/portal\/2022\/04\/30\/em-novo-boletim-franca-confirma-mais-435-casos-de-covid-mas-segue-sem-obitos\/\" \/>\n<meta property=\"og:locale\" content=\"pt_BR\" \/>\n<meta property=\"og:type\" content=\"article\" \/>\n<meta property=\"og:title\" content=\"Em novo boletim, Franca confirma mais 435 casos de Covid, mas segue sem \u00f3bitos - VerdadeOn\" \/>\n<meta property=\"og:description\" content=\"Dados agora s\u00e3o divulgados semanalmente, ocupa\u00e7\u00e3o de leitos de UTI tamb\u00e9m segue baixa Foi divulgado pela Secretaria de Sa\u00fade de Franca, o boletim da Covid-19. Foram [\u2026]\" \/>\n<meta property=\"og:url\" content=\"https:\/\/verdadeon.com.br\/portal\/2022\/04\/30\/em-novo-boletim-franca-confirma-mais-435-casos-de-covid-mas-segue-sem-obitos\/\" \/>\n<meta property=\"og:site_name\" content=\"VerdadeOn\" \/>\n<meta property=\"article:published_time\" content=\"2022-04-30T16:38:53+00:00\" \/>\n<meta property=\"og:image\" content=\"https:\/\/verdadeon.com.br\/portal\/wp-content\/uploads\/2022\/03\/WhatsApp-Image-2022-03-04-at-16.54.51.jpeg\" \/>\n\t<meta property=\"og:image:width\" content=\"1000\" \/>\n\t<meta property=\"og:image:height\" content=\"670\" \/>\n\t<meta property=\"og:image:type\" content=\"image\/jpeg\" \/>\n<meta name=\"author\" content=\"Fernando Lima\" \/>\n<meta name=\"twitter:card\" content=\"summary_large_image\" \/>\n<meta name=\"twitter:label1\" content=\"Escrito por\" \/>\n\t<meta name=\"twitter:data1\" content=\"Fernando Lima\" \/>\n\t<meta name=\"twitter:label2\" content=\"Est. tempo de leitura\" \/>\n\t<meta name=\"twitter:data2\" content=\"2 minutos\" \/>\n<script type=\"application\/ld+json\" class=\"yoast-schema-graph\">{\"@context\":\"https:\/\/schema.org\",\"@graph\":[{\"@type\":\"WebPage\",\"@id\":\"https:\/\/verdadeon.com.br\/portal\/2022\/04\/30\/em-novo-boletim-franca-confirma-mais-435-casos-de-covid-mas-segue-sem-obitos\/\",\"url\":\"https:\/\/verdadeon.com.br\/portal\/2022\/04\/30\/em-novo-boletim-franca-confirma-mais-435-casos-de-covid-mas-segue-sem-obitos\/\",\"name\":\"Em novo boletim, Franca confirma mais 435 casos de Covid, mas segue sem \u00f3bitos - VerdadeOn\",\"isPartOf\":{\"@id\":\"https:\/\/verdadeon.com.br\/portal\/#website\"},\"primaryImageOfPage\":{\"@id\":\"https:\/\/verdadeon.com.br\/portal\/2022\/04\/30\/em-novo-boletim-franca-confirma-mais-435-casos-de-covid-mas-segue-sem-obitos\/#primaryimage\"},\"image\":{\"@id\":\"https:\/\/verdadeon.com.br\/portal\/2022\/04\/30\/em-novo-boletim-franca-confirma-mais-435-casos-de-covid-mas-segue-sem-obitos\/#primaryimage\"},\"thumbnailUrl\":\"https:\/\/i0.wp.com\/verdadeon.com.br\/portal\/wp-content\/uploads\/2022\/03\/WhatsApp-Image-2022-03-04-at-16.54.51.jpeg?fit=1000%2C670&ssl=1\",\"datePublished\":\"2022-04-30T16:38:53+00:00\",\"author\":{\"@id\":\"https:\/\/verdadeon.com.br\/portal\/#\/schema\/person\/cc32be22b8e8599387c480bc83e1d11a\"},\"breadcrumb\":{\"@id\":\"https:\/\/verdadeon.com.br\/portal\/2022\/04\/30\/em-novo-boletim-franca-confirma-mais-435-casos-de-covid-mas-segue-sem-obitos\/#breadcrumb\"},\"inLanguage\":\"pt-BR\",\"potentialAction\":[{\"@type\":\"ReadAction\",\"target\":[\"https:\/\/verdadeon.com.br\/portal\/2022\/04\/30\/em-novo-boletim-franca-confirma-mais-435-casos-de-covid-mas-segue-sem-obitos\/\"]}]},{\"@type\":\"ImageObject\",\"inLanguage\":\"pt-BR\",\"@id\":\"https:\/\/verdadeon.com.br\/portal\/2022\/04\/30\/em-novo-boletim-franca-confirma-mais-435-casos-de-covid-mas-segue-sem-obitos\/#primaryimage\",\"url\":\"https:\/\/i0.wp.com\/verdadeon.com.br\/portal\/wp-content\/uploads\/2022\/03\/WhatsApp-Image-2022-03-04-at-16.54.51.jpeg?fit=1000%2C670&ssl=1\",\"contentUrl\":\"https:\/\/i0.wp.com\/verdadeon.com.br\/portal\/wp-content\/uploads\/2022\/03\/WhatsApp-Image-2022-03-04-at-16.54.51.jpeg?fit=1000%2C670&ssl=1\",\"width\":1000,\"height\":670,\"caption\":\"Governo de S\u00e3o Paulo amplia leitos na Santa Casa de Franca com investimento da Tabela SUS Paulista (\u00a9Divulga\u00e7\u00e3o)\"},{\"@type\":\"BreadcrumbList\",\"@id\":\"https:\/\/verdadeon.com.br\/portal\/2022\/04\/30\/em-novo-boletim-franca-confirma-mais-435-casos-de-covid-mas-segue-sem-obitos\/#breadcrumb\",\"itemListElement\":[{\"@type\":\"ListItem\",\"position\":1,\"name\":\"In\u00edcio\",\"item\":\"https:\/\/verdadeon.com.br\/portal\/\"},{\"@type\":\"ListItem\",\"position\":2,\"name\":\"Em novo boletim, Franca confirma mais 435 casos de Covid, mas segue sem \u00f3bitos\"}]},{\"@type\":\"WebSite\",\"@id\":\"https:\/\/verdadeon.com.br\/portal\/#website\",\"url\":\"https:\/\/verdadeon.com.br\/portal\/\",\"name\":\"VerdadeOn\",\"description\":\"Not\u00edcias di\u00e1rias sobre Franca, Regi\u00e3o, Esporte, Cultura, Cotidiano, Colunas. Cobertura nos principais eventos da cidade \u00e9 aqui - Verdadeon Franca\",\"potentialAction\":[{\"@type\":\"SearchAction\",\"target\":{\"@type\":\"EntryPoint\",\"urlTemplate\":\"https:\/\/verdadeon.com.br\/portal\/?s={search_term_string}\"},\"query-input\":{\"@type\":\"PropertyValueSpecification\",\"valueRequired\":true,\"valueName\":\"search_term_string\"}}],\"inLanguage\":\"pt-BR\"},{\"@type\":\"Person\",\"@id\":\"https:\/\/verdadeon.com.br\/portal\/#\/schema\/person\/cc32be22b8e8599387c480bc83e1d11a\",\"name\":\"Fernando Lima\",\"image\":{\"@type\":\"ImageObject\",\"inLanguage\":\"pt-BR\",\"@id\":\"https:\/\/verdadeon.com.br\/portal\/#\/schema\/person\/image\/\",\"url\":\"https:\/\/secure.gravatar.com\/avatar\/df4c8e132080d2b3a4841d5d232045464e0eed11a1d6e43115ca0843d48768d3?s=96&d=mm&r=g\",\"contentUrl\":\"https:\/\/secure.gravatar.com\/avatar\/df4c8e132080d2b3a4841d5d232045464e0eed11a1d6e43115ca0843d48768d3?s=96&d=mm&r=g\",\"caption\":\"Fernando Lima\"},\"sameAs\":[\"http:\/\/verdadeon.com.br\/\"],\"url\":\"https:\/\/verdadeon.com.br\/portal\/author\/fernando-lima\/\"}]}<\/script>\n<!-- \/ Yoast SEO plugin. -->","yoast_head_json":{"title":"Em novo boletim, Franca confirma mais 435 casos de Covid, mas segue sem \u00f3bitos - VerdadeOn","robots":{"index":"index","follow":"follow","max-snippet":"max-snippet:-1","max-image-preview":"max-image-preview:large","max-video-preview":"max-video-preview:-1"},"canonical":"https:\/\/verdadeon.com.br\/portal\/2022\/04\/30\/em-novo-boletim-franca-confirma-mais-435-casos-de-covid-mas-segue-sem-obitos\/","og_locale":"pt_BR","og_type":"article","og_title":"Em novo boletim, Franca confirma mais 435 casos de Covid, mas segue sem \u00f3bitos - VerdadeOn","og_description":"Dados agora s\u00e3o divulgados semanalmente, ocupa\u00e7\u00e3o de leitos de UTI tamb\u00e9m segue baixa Foi divulgado pela Secretaria de Sa\u00fade de Franca, o boletim da Covid-19. Foram [\u2026]","og_url":"https:\/\/verdadeon.com.br\/portal\/2022\/04\/30\/em-novo-boletim-franca-confirma-mais-435-casos-de-covid-mas-segue-sem-obitos\/","og_site_name":"VerdadeOn","article_published_time":"2022-04-30T16:38:53+00:00","og_image":[{"width":1000,"height":670,"url":"https:\/\/verdadeon.com.br\/portal\/wp-content\/uploads\/2022\/03\/WhatsApp-Image-2022-03-04-at-16.54.51.jpeg","type":"image\/jpeg"}],"author":"Fernando Lima","twitter_card":"summary_large_image","twitter_misc":{"Escrito por":"Fernando Lima","Est. tempo de leitura":"2 minutos"},"schema":{"@context":"https:\/\/schema.org","@graph":[{"@type":"WebPage","@id":"https:\/\/verdadeon.com.br\/portal\/2022\/04\/30\/em-novo-boletim-franca-confirma-mais-435-casos-de-covid-mas-segue-sem-obitos\/","url":"https:\/\/verdadeon.com.br\/portal\/2022\/04\/30\/em-novo-boletim-franca-confirma-mais-435-casos-de-covid-mas-segue-sem-obitos\/","name":"Em novo boletim, Franca confirma mais 435 casos de Covid, mas segue sem \u00f3bitos - VerdadeOn","isPartOf":{"@id":"https:\/\/verdadeon.com.br\/portal\/#website"},"primaryImageOfPage":{"@id":"https:\/\/verdadeon.com.br\/portal\/2022\/04\/30\/em-novo-boletim-franca-confirma-mais-435-casos-de-covid-mas-segue-sem-obitos\/#primaryimage"},"image":{"@id":"https:\/\/verdadeon.com.br\/portal\/2022\/04\/30\/em-novo-boletim-franca-confirma-mais-435-casos-de-covid-mas-segue-sem-obitos\/#primaryimage"},"thumbnailUrl":"https:\/\/i0.wp.com\/verdadeon.com.br\/portal\/wp-content\/uploads\/2022\/03\/WhatsApp-Image-2022-03-04-at-16.54.51.jpeg?fit=1000%2C670&ssl=1","datePublished":"2022-04-30T16:38:53+00:00","author":{"@id":"https:\/\/verdadeon.com.br\/portal\/#\/schema\/person\/cc32be22b8e8599387c480bc83e1d11a"},"breadcrumb":{"@id":"https:\/\/verdadeon.com.br\/portal\/2022\/04\/30\/em-novo-boletim-franca-confirma-mais-435-casos-de-covid-mas-segue-sem-obitos\/#breadcrumb"},"inLanguage":"pt-BR","potentialAction":[{"@type":"ReadAction","target":["https:\/\/verdadeon.com.br\/portal\/2022\/04\/30\/em-novo-boletim-franca-confirma-mais-435-casos-de-covid-mas-segue-sem-obitos\/"]}]},{"@type":"ImageObject","inLanguage":"pt-BR","@id":"https:\/\/verdadeon.com.br\/portal\/2022\/04\/30\/em-novo-boletim-franca-confirma-mais-435-casos-de-covid-mas-segue-sem-obitos\/#primaryimage","url":"https:\/\/i0.wp.com\/verdadeon.com.br\/portal\/wp-content\/uploads\/2022\/03\/WhatsApp-Image-2022-03-04-at-16.54.51.jpeg?fit=1000%2C670&ssl=1","contentUrl":"https:\/\/i0.wp.com\/verdadeon.com.br\/portal\/wp-content\/uploads\/2022\/03\/WhatsApp-Image-2022-03-04-at-16.54.51.jpeg?fit=1000%2C670&ssl=1","width":1000,"height":670,"caption":"Governo de S\u00e3o Paulo amplia leitos na Santa Casa de Franca com investimento da Tabela SUS Paulista (\u00a9Divulga\u00e7\u00e3o)"},{"@type":"BreadcrumbList","@id":"https:\/\/verdadeon.com.br\/portal\/2022\/04\/30\/em-novo-boletim-franca-confirma-mais-435-casos-de-covid-mas-segue-sem-obitos\/#breadcrumb","itemListElement":[{"@type":"ListItem","position":1,"name":"In\u00edcio","item":"https:\/\/verdadeon.com.br\/portal\/"},{"@type":"ListItem","position":2,"name":"Em novo boletim, Franca confirma mais 435 casos de Covid, mas segue sem \u00f3bitos"}]},{"@type":"WebSite","@id":"https:\/\/verdadeon.com.br\/portal\/#website","url":"https:\/\/verdadeon.com.br\/portal\/","name":"VerdadeOn","description":"Not\u00edcias di\u00e1rias sobre Franca, Regi\u00e3o, Esporte, Cultura, Cotidiano, Colunas. Cobertura nos principais eventos da cidade \u00e9 aqui - Verdadeon Franca","potentialAction":[{"@type":"SearchAction","target":{"@type":"EntryPoint","urlTemplate":"https:\/\/verdadeon.com.br\/portal\/?s={search_term_string}"},"query-input":{"@type":"PropertyValueSpecification","valueRequired":true,"valueName":"search_term_string"}}],"inLanguage":"pt-BR"},{"@type":"Person","@id":"https:\/\/verdadeon.com.br\/portal\/#\/schema\/person\/cc32be22b8e8599387c480bc83e1d11a","name":"Fernando Lima","image":{"@type":"ImageObject","inLanguage":"pt-BR","@id":"https:\/\/verdadeon.com.br\/portal\/#\/schema\/person\/image\/","url":"https:\/\/secure.gravatar.com\/avatar\/df4c8e132080d2b3a4841d5d232045464e0eed11a1d6e43115ca0843d48768d3?s=96&d=mm&r=g","contentUrl":"https:\/\/secure.gravatar.com\/avatar\/df4c8e132080d2b3a4841d5d232045464e0eed11a1d6e43115ca0843d48768d3?s=96&d=mm&r=g","caption":"Fernando Lima"},"sameAs":["http:\/\/verdadeon.com.br\/"],"url":"https:\/\/verdadeon.com.br\/portal\/author\/fernando-lima\/"}]}},"jetpack_publicize_connections":[],"jetpack_featured_media_url":"https:\/\/i0.wp.com\/verdadeon.com.br\/portal\/wp-content\/uploads\/2022\/03\/WhatsApp-Image-2022-03-04-at-16.54.51.jpeg?fit=1000%2C670&ssl=1","jetpack_sharing_enabled":true,"_links":{"self":[{"href":"https:\/\/verdadeon.com.br\/portal\/wp-json\/wp\/v2\/posts\/24777","targetHints":{"allow":["GET"]}}],"collection":[{"href":"https:\/\/verdadeon.com.br\/portal\/wp-json\/wp\/v2\/posts"}],"about":[{"href":"https:\/\/verdadeon.com.br\/portal\/wp-json\/wp\/v2\/types\/post"}],"author":[{"embeddable":true,"href":"https:\/\/verdadeon.com.br\/portal\/wp-json\/wp\/v2\/users\/7"}],"replies":[{"embeddable":true,"href":"https:\/\/verdadeon.com.br\/portal\/wp-json\/wp\/v2\/comments?post=24777"}],"version-history":[{"count":1,"href":"https:\/\/verdadeon.com.br\/portal\/wp-json\/wp\/v2\/posts\/24777\/revisions"}],"predecessor-version":[{"id":24778,"href":"https:\/\/verdadeon.com.br\/portal\/wp-json\/wp\/v2\/posts\/24777\/revisions\/24778"}],"wp:featuredmedia":[{"embeddable":true,"href":"https:\/\/verdadeon.com.br\/portal\/wp-json\/wp\/v2\/media\/23484"}],"wp:attachment":[{"href":"https:\/\/verdadeon.com.br\/portal\/wp-json\/wp\/v2\/media?parent=24777"}],"wp:term":[{"taxonomy":"category","embeddable":true,"href":"https:\/\/verdadeon.com.br\/portal\/wp-json\/wp\/v2\/categories?post=24777"},{"taxonomy":"post_tag","embeddable":true,"href":"https:\/\/verdadeon.com.br\/portal\/wp-json\/wp\/v2\/tags?post=24777"}],"curies":[{"name":"wp","href":"https:\/\/api.w.org\/{rel}","templated":true}]}}