{"id":24758,"date":"2022-04-29T17:59:36","date_gmt":"2022-04-29T20:59:36","guid":{"rendered":"https:\/\/verdadeon.com.br\/portal\/?p=24758"},"modified":"2022-04-29T17:59:36","modified_gmt":"2022-04-29T20:59:36","slug":"ja-em-sao-paulo-e-com-o-pe-na-semifinal-sesi-franca-se-prepara-para-encarar-pinheiros","status":"publish","type":"post","link":"https:\/\/verdadeon.com.br\/portal\/2022\/04\/29\/ja-em-sao-paulo-e-com-o-pe-na-semifinal-sesi-franca-se-prepara-para-encarar-pinheiros\/","title":{"rendered":"J\u00e1 em S\u00e3o Paulo e com o p\u00e9 na semifinal, Sesi Franca se prepara para encarar Pinheiros"},"content":{"rendered":"<h2>Partida \u00e9 v\u00e1lida pelos playoffs das quartas de final do Novo Basquete Brasil (NBB)<\/h2>\n<p>O Sesi Franca Basquete j\u00e1 est\u00e1 em S\u00e3o Paulo, onde encara o Pinheiros neste s\u00e1bado (30), pelo segundo jogo das quartas de final do NBB. Quem vencer garante uma vaga na semifinal do campeonato nacional. O time saiu de Franca antes das 8h da manh\u00e3 rumo a capital, onde v\u00e3o treinar no gin\u00e1sio Poliesportivo H. Villaboim, palco do jogo que come\u00e7a a partir das 16h.\u00a0O terceiro confronto acontece na segunda-feira (2) de maio, tamb\u00e9m em S\u00e3o Paulo a partir das 21h.<\/p>\n<p>Garante vaga para a final quem vencer tr\u00eas jogos, caso sejam necess\u00e1rias, as partidas quatro e cinco ser\u00e3o realizadas no Pedroc\u00e3o, o Franca garantiu essa vantagem ap\u00f3s se classificar em primeiro lugar na fase anterior do NBB.<\/p>\n<h4>Primeira partida<\/h4>\n<p>Os francanos garantiram a primeira vit\u00f3ria em casa, na \u00faltima quarta-feira (27), em uma partida que prometia ser mais f\u00e1cil para o lado de Franca. Os advers\u00e1rios deram trabalho, e por diversos momentos ficaram a frente do placar, mas a partida terminou com vit\u00f3ria do time de Helinho, por 95 a 86.<\/p>\n<p>Lucas Mariano foi o grande destaque, com 28 pontos, cinco rebotes e duas assist\u00eancias, Lucas Dias tamb\u00e9m se destacou, com 17 pontos, cinco rebotes e quatro assist\u00eancias.<\/p>\n<p>David Jackson anotou 15 pontos e tr\u00eas assist\u00eancias, j\u00e1 Jhonantan fez 14 pontos e 7 rebotes. Tamb\u00e9m foram destaques Scala com nove pontos, quatro rebotes e cinco assist\u00eancias, Georginho com seis pontos, cinco rebotes e sete assist\u00eancias, e M\u00e1rcio com seis cestas.<\/p>\n<p>Quem passar para a semifinal vai encarar o o Bauru ou o S\u00e3o Paulo, que se enfrentam nas quartas de final na mesma chave. J\u00e1 do outro lado, Flamengo e Paulistano duelam, o vencedor encara o Unifacisa ou Minas, que completam as chaves de classifica\u00e7\u00e3o do NBB.<\/p>\n<p>As datas ainda n\u00e3o foram definidas, mas por ter terminado em primeiro lugar na primeira fase do NBB, os francanos garantiram a vantagem de decidirem em casa.<\/p>\n","protected":false},"excerpt":{"rendered":"<p>Partida \u00e9 v\u00e1lida pelos playoffs das quartas de final do Novo Basquete Brasil (NBB) O Sesi Franca Basquete j\u00e1 est\u00e1 em S\u00e3o Paulo, onde encara o<span class=\"excerpt-hellip\"> [\u2026]<\/span><\/p>\n","protected":false},"author":7,"featured_media":24767,"comment_status":"open","ping_status":"open","sticky":false,"template":"","format":"standard","meta":{"_jetpack_memberships_contains_paid_content":false,"footnotes":"","jetpack_publicize_message":"","jetpack_publicize_feature_enabled":true,"jetpack_social_post_already_shared":false,"jetpack_social_options":{"image_generator_settings":{"template":"highway","default_image_id":0,"enabled":false},"version":2}},"categories":[28,81],"tags":[],"class_list":["post-24758","post","type-post","status-publish","format-standard","has-post-thumbnail","hentry","category-cotidiano","category-manchete"],"yoast_head":"<!-- This site is optimized with the Yoast SEO plugin v25.6 - https:\/\/yoast.com\/wordpress\/plugins\/seo\/ -->\n<title>J\u00e1 em S\u00e3o Paulo e com o p\u00e9 na semifinal, Sesi Franca se prepara para encarar Pinheiros - VerdadeOn<\/title>\n<meta name=\"robots\" content=\"index, follow, max-snippet:-1, max-image-preview:large, max-video-preview:-1\" \/>\n<link rel=\"canonical\" href=\"https:\/\/verdadeon.com.br\/portal\/2022\/04\/29\/ja-em-sao-paulo-e-com-o-pe-na-semifinal-sesi-franca-se-prepara-para-encarar-pinheiros\/\" \/>\n<meta property=\"og:locale\" content=\"pt_BR\" \/>\n<meta property=\"og:type\" content=\"article\" \/>\n<meta property=\"og:title\" content=\"J\u00e1 em S\u00e3o Paulo e com o p\u00e9 na semifinal, Sesi Franca se prepara para encarar Pinheiros - VerdadeOn\" \/>\n<meta property=\"og:description\" content=\"Partida \u00e9 v\u00e1lida pelos playoffs das quartas de final do Novo Basquete Brasil (NBB) O Sesi Franca Basquete j\u00e1 est\u00e1 em S\u00e3o Paulo, onde encara o [\u2026]\" \/>\n<meta property=\"og:url\" content=\"https:\/\/verdadeon.com.br\/portal\/2022\/04\/29\/ja-em-sao-paulo-e-com-o-pe-na-semifinal-sesi-franca-se-prepara-para-encarar-pinheiros\/\" \/>\n<meta property=\"og:site_name\" content=\"VerdadeOn\" \/>\n<meta property=\"article:published_time\" content=\"2022-04-29T20:59:36+00:00\" \/>\n<meta property=\"og:image\" content=\"https:\/\/verdadeon.com.br\/portal\/wp-content\/uploads\/2022\/04\/WhatsApp-Image-2022-04-27-at-22.39.17-e1651265773760.jpeg\" \/>\n\t<meta property=\"og:image:width\" content=\"1001\" \/>\n\t<meta property=\"og:image:height\" content=\"668\" \/>\n\t<meta property=\"og:image:type\" content=\"image\/jpeg\" \/>\n<meta name=\"author\" content=\"Fernando Lima\" \/>\n<meta name=\"twitter:card\" content=\"summary_large_image\" \/>\n<meta name=\"twitter:label1\" content=\"Escrito por\" \/>\n\t<meta name=\"twitter:data1\" content=\"Fernando Lima\" \/>\n\t<meta name=\"twitter:label2\" content=\"Est. tempo de leitura\" \/>\n\t<meta name=\"twitter:data2\" content=\"2 minutos\" \/>\n<script type=\"application\/ld+json\" class=\"yoast-schema-graph\">{\"@context\":\"https:\/\/schema.org\",\"@graph\":[{\"@type\":\"WebPage\",\"@id\":\"https:\/\/verdadeon.com.br\/portal\/2022\/04\/29\/ja-em-sao-paulo-e-com-o-pe-na-semifinal-sesi-franca-se-prepara-para-encarar-pinheiros\/\",\"url\":\"https:\/\/verdadeon.com.br\/portal\/2022\/04\/29\/ja-em-sao-paulo-e-com-o-pe-na-semifinal-sesi-franca-se-prepara-para-encarar-pinheiros\/\",\"name\":\"J\u00e1 em S\u00e3o Paulo e com o p\u00e9 na semifinal, Sesi Franca se prepara para encarar Pinheiros - VerdadeOn\",\"isPartOf\":{\"@id\":\"https:\/\/verdadeon.com.br\/portal\/#website\"},\"primaryImageOfPage\":{\"@id\":\"https:\/\/verdadeon.com.br\/portal\/2022\/04\/29\/ja-em-sao-paulo-e-com-o-pe-na-semifinal-sesi-franca-se-prepara-para-encarar-pinheiros\/#primaryimage\"},\"image\":{\"@id\":\"https:\/\/verdadeon.com.br\/portal\/2022\/04\/29\/ja-em-sao-paulo-e-com-o-pe-na-semifinal-sesi-franca-se-prepara-para-encarar-pinheiros\/#primaryimage\"},\"thumbnailUrl\":\"https:\/\/i0.wp.com\/verdadeon.com.br\/portal\/wp-content\/uploads\/2022\/04\/WhatsApp-Image-2022-04-27-at-22.39.17-e1651265773760.jpeg?fit=1001%2C668&ssl=1\",\"datePublished\":\"2022-04-29T20:59:36+00:00\",\"author\":{\"@id\":\"https:\/\/verdadeon.com.br\/portal\/#\/schema\/person\/cc32be22b8e8599387c480bc83e1d11a\"},\"breadcrumb\":{\"@id\":\"https:\/\/verdadeon.com.br\/portal\/2022\/04\/29\/ja-em-sao-paulo-e-com-o-pe-na-semifinal-sesi-franca-se-prepara-para-encarar-pinheiros\/#breadcrumb\"},\"inLanguage\":\"pt-BR\",\"potentialAction\":[{\"@type\":\"ReadAction\",\"target\":[\"https:\/\/verdadeon.com.br\/portal\/2022\/04\/29\/ja-em-sao-paulo-e-com-o-pe-na-semifinal-sesi-franca-se-prepara-para-encarar-pinheiros\/\"]}]},{\"@type\":\"ImageObject\",\"inLanguage\":\"pt-BR\",\"@id\":\"https:\/\/verdadeon.com.br\/portal\/2022\/04\/29\/ja-em-sao-paulo-e-com-o-pe-na-semifinal-sesi-franca-se-prepara-para-encarar-pinheiros\/#primaryimage\",\"url\":\"https:\/\/i0.wp.com\/verdadeon.com.br\/portal\/wp-content\/uploads\/2022\/04\/WhatsApp-Image-2022-04-27-at-22.39.17-e1651265773760.jpeg?fit=1001%2C668&ssl=1\",\"contentUrl\":\"https:\/\/i0.wp.com\/verdadeon.com.br\/portal\/wp-content\/uploads\/2022\/04\/WhatsApp-Image-2022-04-27-at-22.39.17-e1651265773760.jpeg?fit=1001%2C668&ssl=1\",\"width\":1001,\"height\":668,\"caption\":\"Na primeira partida no Pedroc\u00e3o, os francanos fizeram o dever de casa e garantiram a vit\u00f3ria | Foto: Sesi Franca Basquete\"},{\"@type\":\"BreadcrumbList\",\"@id\":\"https:\/\/verdadeon.com.br\/portal\/2022\/04\/29\/ja-em-sao-paulo-e-com-o-pe-na-semifinal-sesi-franca-se-prepara-para-encarar-pinheiros\/#breadcrumb\",\"itemListElement\":[{\"@type\":\"ListItem\",\"position\":1,\"name\":\"In\u00edcio\",\"item\":\"https:\/\/verdadeon.com.br\/portal\/\"},{\"@type\":\"ListItem\",\"position\":2,\"name\":\"J\u00e1 em S\u00e3o Paulo e com o p\u00e9 na semifinal, Sesi Franca se prepara para encarar Pinheiros\"}]},{\"@type\":\"WebSite\",\"@id\":\"https:\/\/verdadeon.com.br\/portal\/#website\",\"url\":\"https:\/\/verdadeon.com.br\/portal\/\",\"name\":\"VerdadeOn\",\"description\":\"Not\u00edcias di\u00e1rias sobre Franca, Regi\u00e3o, Esporte, Cultura, Cotidiano, Colunas. Cobertura nos principais eventos da cidade \u00e9 aqui - Verdadeon Franca\",\"potentialAction\":[{\"@type\":\"SearchAction\",\"target\":{\"@type\":\"EntryPoint\",\"urlTemplate\":\"https:\/\/verdadeon.com.br\/portal\/?s={search_term_string}\"},\"query-input\":{\"@type\":\"PropertyValueSpecification\",\"valueRequired\":true,\"valueName\":\"search_term_string\"}}],\"inLanguage\":\"pt-BR\"},{\"@type\":\"Person\",\"@id\":\"https:\/\/verdadeon.com.br\/portal\/#\/schema\/person\/cc32be22b8e8599387c480bc83e1d11a\",\"name\":\"Fernando Lima\",\"image\":{\"@type\":\"ImageObject\",\"inLanguage\":\"pt-BR\",\"@id\":\"https:\/\/verdadeon.com.br\/portal\/#\/schema\/person\/image\/\",\"url\":\"https:\/\/secure.gravatar.com\/avatar\/df4c8e132080d2b3a4841d5d232045464e0eed11a1d6e43115ca0843d48768d3?s=96&d=mm&r=g\",\"contentUrl\":\"https:\/\/secure.gravatar.com\/avatar\/df4c8e132080d2b3a4841d5d232045464e0eed11a1d6e43115ca0843d48768d3?s=96&d=mm&r=g\",\"caption\":\"Fernando Lima\"},\"sameAs\":[\"http:\/\/verdadeon.com.br\/\"],\"url\":\"https:\/\/verdadeon.com.br\/portal\/author\/fernando-lima\/\"}]}<\/script>\n<!-- \/ Yoast SEO plugin. -->","yoast_head_json":{"title":"J\u00e1 em S\u00e3o Paulo e com o p\u00e9 na semifinal, Sesi Franca se prepara para encarar Pinheiros - VerdadeOn","robots":{"index":"index","follow":"follow","max-snippet":"max-snippet:-1","max-image-preview":"max-image-preview:large","max-video-preview":"max-video-preview:-1"},"canonical":"https:\/\/verdadeon.com.br\/portal\/2022\/04\/29\/ja-em-sao-paulo-e-com-o-pe-na-semifinal-sesi-franca-se-prepara-para-encarar-pinheiros\/","og_locale":"pt_BR","og_type":"article","og_title":"J\u00e1 em S\u00e3o Paulo e com o p\u00e9 na semifinal, Sesi Franca se prepara para encarar Pinheiros - VerdadeOn","og_description":"Partida \u00e9 v\u00e1lida pelos playoffs das quartas de final do Novo Basquete Brasil (NBB) O Sesi Franca Basquete j\u00e1 est\u00e1 em S\u00e3o Paulo, onde encara o [\u2026]","og_url":"https:\/\/verdadeon.com.br\/portal\/2022\/04\/29\/ja-em-sao-paulo-e-com-o-pe-na-semifinal-sesi-franca-se-prepara-para-encarar-pinheiros\/","og_site_name":"VerdadeOn","article_published_time":"2022-04-29T20:59:36+00:00","og_image":[{"width":1001,"height":668,"url":"https:\/\/verdadeon.com.br\/portal\/wp-content\/uploads\/2022\/04\/WhatsApp-Image-2022-04-27-at-22.39.17-e1651265773760.jpeg","type":"image\/jpeg"}],"author":"Fernando Lima","twitter_card":"summary_large_image","twitter_misc":{"Escrito por":"Fernando Lima","Est. tempo de leitura":"2 minutos"},"schema":{"@context":"https:\/\/schema.org","@graph":[{"@type":"WebPage","@id":"https:\/\/verdadeon.com.br\/portal\/2022\/04\/29\/ja-em-sao-paulo-e-com-o-pe-na-semifinal-sesi-franca-se-prepara-para-encarar-pinheiros\/","url":"https:\/\/verdadeon.com.br\/portal\/2022\/04\/29\/ja-em-sao-paulo-e-com-o-pe-na-semifinal-sesi-franca-se-prepara-para-encarar-pinheiros\/","name":"J\u00e1 em S\u00e3o Paulo e com o p\u00e9 na semifinal, Sesi Franca se prepara para encarar Pinheiros - VerdadeOn","isPartOf":{"@id":"https:\/\/verdadeon.com.br\/portal\/#website"},"primaryImageOfPage":{"@id":"https:\/\/verdadeon.com.br\/portal\/2022\/04\/29\/ja-em-sao-paulo-e-com-o-pe-na-semifinal-sesi-franca-se-prepara-para-encarar-pinheiros\/#primaryimage"},"image":{"@id":"https:\/\/verdadeon.com.br\/portal\/2022\/04\/29\/ja-em-sao-paulo-e-com-o-pe-na-semifinal-sesi-franca-se-prepara-para-encarar-pinheiros\/#primaryimage"},"thumbnailUrl":"https:\/\/i0.wp.com\/verdadeon.com.br\/portal\/wp-content\/uploads\/2022\/04\/WhatsApp-Image-2022-04-27-at-22.39.17-e1651265773760.jpeg?fit=1001%2C668&ssl=1","datePublished":"2022-04-29T20:59:36+00:00","author":{"@id":"https:\/\/verdadeon.com.br\/portal\/#\/schema\/person\/cc32be22b8e8599387c480bc83e1d11a"},"breadcrumb":{"@id":"https:\/\/verdadeon.com.br\/portal\/2022\/04\/29\/ja-em-sao-paulo-e-com-o-pe-na-semifinal-sesi-franca-se-prepara-para-encarar-pinheiros\/#breadcrumb"},"inLanguage":"pt-BR","potentialAction":[{"@type":"ReadAction","target":["https:\/\/verdadeon.com.br\/portal\/2022\/04\/29\/ja-em-sao-paulo-e-com-o-pe-na-semifinal-sesi-franca-se-prepara-para-encarar-pinheiros\/"]}]},{"@type":"ImageObject","inLanguage":"pt-BR","@id":"https:\/\/verdadeon.com.br\/portal\/2022\/04\/29\/ja-em-sao-paulo-e-com-o-pe-na-semifinal-sesi-franca-se-prepara-para-encarar-pinheiros\/#primaryimage","url":"https:\/\/i0.wp.com\/verdadeon.com.br\/portal\/wp-content\/uploads\/2022\/04\/WhatsApp-Image-2022-04-27-at-22.39.17-e1651265773760.jpeg?fit=1001%2C668&ssl=1","contentUrl":"https:\/\/i0.wp.com\/verdadeon.com.br\/portal\/wp-content\/uploads\/2022\/04\/WhatsApp-Image-2022-04-27-at-22.39.17-e1651265773760.jpeg?fit=1001%2C668&ssl=1","width":1001,"height":668,"caption":"Na primeira partida no Pedroc\u00e3o, os francanos fizeram o dever de casa e garantiram a vit\u00f3ria | Foto: Sesi Franca Basquete"},{"@type":"BreadcrumbList","@id":"https:\/\/verdadeon.com.br\/portal\/2022\/04\/29\/ja-em-sao-paulo-e-com-o-pe-na-semifinal-sesi-franca-se-prepara-para-encarar-pinheiros\/#breadcrumb","itemListElement":[{"@type":"ListItem","position":1,"name":"In\u00edcio","item":"https:\/\/verdadeon.com.br\/portal\/"},{"@type":"ListItem","position":2,"name":"J\u00e1 em S\u00e3o Paulo e com o p\u00e9 na semifinal, Sesi Franca se prepara para encarar Pinheiros"}]},{"@type":"WebSite","@id":"https:\/\/verdadeon.com.br\/portal\/#website","url":"https:\/\/verdadeon.com.br\/portal\/","name":"VerdadeOn","description":"Not\u00edcias di\u00e1rias sobre Franca, Regi\u00e3o, Esporte, Cultura, Cotidiano, Colunas. Cobertura nos principais eventos da cidade \u00e9 aqui - Verdadeon Franca","potentialAction":[{"@type":"SearchAction","target":{"@type":"EntryPoint","urlTemplate":"https:\/\/verdadeon.com.br\/portal\/?s={search_term_string}"},"query-input":{"@type":"PropertyValueSpecification","valueRequired":true,"valueName":"search_term_string"}}],"inLanguage":"pt-BR"},{"@type":"Person","@id":"https:\/\/verdadeon.com.br\/portal\/#\/schema\/person\/cc32be22b8e8599387c480bc83e1d11a","name":"Fernando Lima","image":{"@type":"ImageObject","inLanguage":"pt-BR","@id":"https:\/\/verdadeon.com.br\/portal\/#\/schema\/person\/image\/","url":"https:\/\/secure.gravatar.com\/avatar\/df4c8e132080d2b3a4841d5d232045464e0eed11a1d6e43115ca0843d48768d3?s=96&d=mm&r=g","contentUrl":"https:\/\/secure.gravatar.com\/avatar\/df4c8e132080d2b3a4841d5d232045464e0eed11a1d6e43115ca0843d48768d3?s=96&d=mm&r=g","caption":"Fernando Lima"},"sameAs":["http:\/\/verdadeon.com.br\/"],"url":"https:\/\/verdadeon.com.br\/portal\/author\/fernando-lima\/"}]}},"jetpack_publicize_connections":[],"jetpack_featured_media_url":"https:\/\/i0.wp.com\/verdadeon.com.br\/portal\/wp-content\/uploads\/2022\/04\/WhatsApp-Image-2022-04-27-at-22.39.17-e1651265773760.jpeg?fit=1001%2C668&ssl=1","jetpack_sharing_enabled":true,"_links":{"self":[{"href":"https:\/\/verdadeon.com.br\/portal\/wp-json\/wp\/v2\/posts\/24758","targetHints":{"allow":["GET"]}}],"collection":[{"href":"https:\/\/verdadeon.com.br\/portal\/wp-json\/wp\/v2\/posts"}],"about":[{"href":"https:\/\/verdadeon.com.br\/portal\/wp-json\/wp\/v2\/types\/post"}],"author":[{"embeddable":true,"href":"https:\/\/verdadeon.com.br\/portal\/wp-json\/wp\/v2\/users\/7"}],"replies":[{"embeddable":true,"href":"https:\/\/verdadeon.com.br\/portal\/wp-json\/wp\/v2\/comments?post=24758"}],"version-history":[{"count":2,"href":"https:\/\/verdadeon.com.br\/portal\/wp-json\/wp\/v2\/posts\/24758\/revisions"}],"predecessor-version":[{"id":24769,"href":"https:\/\/verdadeon.com.br\/portal\/wp-json\/wp\/v2\/posts\/24758\/revisions\/24769"}],"wp:featuredmedia":[{"embeddable":true,"href":"https:\/\/verdadeon.com.br\/portal\/wp-json\/wp\/v2\/media\/24767"}],"wp:attachment":[{"href":"https:\/\/verdadeon.com.br\/portal\/wp-json\/wp\/v2\/media?parent=24758"}],"wp:term":[{"taxonomy":"category","embeddable":true,"href":"https:\/\/verdadeon.com.br\/portal\/wp-json\/wp\/v2\/categories?post=24758"},{"taxonomy":"post_tag","embeddable":true,"href":"https:\/\/verdadeon.com.br\/portal\/wp-json\/wp\/v2\/tags?post=24758"}],"curies":[{"name":"wp","href":"https:\/\/api.w.org\/{rel}","templated":true}]}}