{"id":24701,"date":"2022-04-27T14:55:46","date_gmt":"2022-04-27T17:55:46","guid":{"rendered":"https:\/\/verdadeon.com.br\/portal\/?p=24701"},"modified":"2022-04-27T15:00:37","modified_gmt":"2022-04-27T18:00:37","slug":"heineken-anuncia-investimento-de-quase-r2-bilhoes-na-regiao","status":"publish","type":"post","link":"https:\/\/verdadeon.com.br\/portal\/2022\/04\/27\/heineken-anuncia-investimento-de-quase-r2-bilhoes-na-regiao\/","title":{"rendered":"Heineken anuncia investimento de quase R$2 bilh\u00f5es na regi\u00e3o"},"content":{"rendered":"<h2>A multinacional vai se instalar em Passos, no sudoeste de Minas Gerais, a cerca de 100 quil\u00f4metros de Franca<\/h2>\n<p>Fernando Lima<\/p>\n<p>Ap\u00f3s meses de negocia\u00e7\u00f5es e articula\u00e7\u00f5es, a cervejaria Heineken anunciou a instala\u00e7\u00e3o de sua nova f\u00e1brica na cidade de Passos, no sudoeste de Minas Gerais, a cerca de 100 quil\u00f4metros de Franca.\u00a0O evento que oficializou a empresa na cidade, foi realizado na manh\u00e3 desta quarta-feira (27), e contou com a presen\u00e7a do governador de Minas Gerais, Romeu Zema, al\u00e9m de representantes da empresa e autoridades locais.<\/p>\n<p>A expectativa inicial \u00e9 a de que quase 400 empregos diretos sejam gerados, al\u00e9m de cerca de 11 mil indiretos em Passos e na regi\u00e3o. Na cidade ser\u00e3o produzidas Amstel e Heineken, e a f\u00e1brica ser\u00e1 constru\u00edda em uma \u00e1rea \u00e0s margens da rodovia entre Passos e S\u00e3o Jo\u00e3o Batista do Gl\u00f3ria, a conclus\u00e3o das obras est\u00e1 prevista para 2025.<\/p>\n<p>A princ\u00edpio a cervejaria seria constru\u00edda na cidade mineira de Pedro Leopoldo, mas por diversas quest\u00f5es n\u00e3o foi poss\u00edvel, por conta disso come\u00e7ou uma verdadeira corrida de cerca de 200 munic\u00edpios que se ofereceram para sediar o empreendimento. At\u00e9 mesmo uma grande mobiliza\u00e7\u00e3o tomou conta das redes sociais de Passos, com moradores que fizeram campanha para chamar a aten\u00e7\u00e3o da diretoria.<\/p>\n<p>De acordo com a Heineken, Passos foi escolhida por crit\u00e9rios t\u00e9cnicos, como localiza\u00e7\u00e3o, qualidade da \u00e1gua al\u00e9m de quest\u00f5es que envolvem o meio ambiente, o que foi um diferencial para a escolha.<\/p>\n<p>\u201cA unidade de Passos representa a nossa 15\u00aa cervejaria no Brasil e a t\u00e3o sonhada constru\u00e7\u00e3o idealizada pelo Grupo HEINEKEN desde a etapa da escolha do terreno. Al\u00e9m de garantir o padr\u00e3o global de qualidade em todos os processos, o que j\u00e1 acontece em todas as nossas cervejarias, a unidade mineira ser\u00e1 uma refer\u00eancia de boas pr\u00e1ticas e uma consolida\u00e7\u00e3o da jornada que estamos construindo, na qual \u00e9 poss\u00edvel crescer e prosperar junto com a sociedade. Foi com essa premissa que decidimos deixar a cidade de Pedro Leopoldo e \u00e9 com ela que seguiremos adiante em Passos\u201d, disse Mauricio Giamellaro, presidente do Grupo HEINEKEN no Brasil.<\/p>\n<h4>Expectativa<\/h4>\n<p>O presidente da Associa\u00e7\u00e3o Comercial e Industrial de Passos (ACIP), Renato Mohallem, comemorou o an\u00fancio, para ela a instala\u00e7\u00e3o de uma empresa do porte da Heineken \u00e9 um momento hist\u00f3rico para a cidade.<\/p>\n<p>\u201cS\u00f3 as obras da f\u00e1brica j\u00e1 movimentam a constru\u00e7\u00e3o civil, supermercados, postos de gasolina entre outros. \u00c9 uma expectativa muito grande que se confirmou. Essa movimenta\u00e7\u00e3o come\u00e7ou ano passado, quando eles anunciaram que n\u00e3o seria constru\u00edda em S\u00e3o Leopoldo e por quest\u00f5es log\u00edsticas eles queriam Minas Gerais. Um dos diretores esteve em Passos, foi quando come\u00e7ou toda esta movimenta\u00e7\u00e3o, de atender exig\u00eancias, crit\u00e9rios t\u00e9cnicos entre outros, al\u00e9m da qualidade da \u00e1gua que em Passos \u00e9 muito boa\u201d, explicou.<\/p>\n<p>Mohallem destacou ainda que Passos, assim como a maioria das cidades brasileiras, est\u00e1 carente de gera\u00e7\u00e3o de emprego, e que ela n\u00e3o possui um perfil industrial, o que pode mudar agora com a ida da empresa para a cidade. \u201cQuando uma companhia como a Heineken se instala em Passos, naturalmente atra\u00ed outras, at\u00e9 de outros ramos, porque ela acaba se destacando entre os 853 munic\u00edpios de Minas\u201d, finalizou.<\/p>\n","protected":false},"excerpt":{"rendered":"<p>A multinacional vai se instalar em Passos, no sudoeste de Minas Gerais, a cerca de 100 quil\u00f4metros de Franca Fernando Lima Ap\u00f3s meses de negocia\u00e7\u00f5es e<span class=\"excerpt-hellip\"> [\u2026]<\/span><\/p>\n","protected":false},"author":7,"featured_media":24706,"comment_status":"open","ping_status":"open","sticky":false,"template":"","format":"standard","meta":{"_jetpack_memberships_contains_paid_content":false,"footnotes":"","jetpack_publicize_message":"","jetpack_publicize_feature_enabled":true,"jetpack_social_post_already_shared":false,"jetpack_social_options":{"image_generator_settings":{"template":"highway","default_image_id":0,"enabled":false},"version":2}},"categories":[28,81],"tags":[],"class_list":["post-24701","post","type-post","status-publish","format-standard","has-post-thumbnail","hentry","category-cotidiano","category-manchete"],"yoast_head":"<!-- This site is optimized with the Yoast SEO plugin v25.6 - https:\/\/yoast.com\/wordpress\/plugins\/seo\/ -->\n<title>Heineken anuncia investimento de quase R$2 bilh\u00f5es na regi\u00e3o - VerdadeOn<\/title>\n<meta name=\"robots\" content=\"index, follow, max-snippet:-1, max-image-preview:large, max-video-preview:-1\" \/>\n<link rel=\"canonical\" href=\"https:\/\/verdadeon.com.br\/portal\/2022\/04\/27\/heineken-anuncia-investimento-de-quase-r2-bilhoes-na-regiao\/\" \/>\n<meta property=\"og:locale\" content=\"pt_BR\" \/>\n<meta property=\"og:type\" content=\"article\" \/>\n<meta property=\"og:title\" content=\"Heineken anuncia investimento de quase R$2 bilh\u00f5es na regi\u00e3o - VerdadeOn\" \/>\n<meta property=\"og:description\" content=\"A multinacional vai se instalar em Passos, no sudoeste de Minas Gerais, a cerca de 100 quil\u00f4metros de Franca Fernando Lima Ap\u00f3s meses de negocia\u00e7\u00f5es e [\u2026]\" \/>\n<meta property=\"og:url\" content=\"https:\/\/verdadeon.com.br\/portal\/2022\/04\/27\/heineken-anuncia-investimento-de-quase-r2-bilhoes-na-regiao\/\" \/>\n<meta property=\"og:site_name\" content=\"VerdadeOn\" \/>\n<meta property=\"article:published_time\" content=\"2022-04-27T17:55:46+00:00\" \/>\n<meta property=\"article:modified_time\" content=\"2022-04-27T18:00:37+00:00\" \/>\n<meta property=\"og:image\" content=\"https:\/\/verdadeon.com.br\/portal\/wp-content\/uploads\/2022\/04\/ROMEU-ZEMA-1.png\" \/>\n\t<meta property=\"og:image:width\" content=\"1366\" \/>\n\t<meta property=\"og:image:height\" content=\"768\" \/>\n\t<meta property=\"og:image:type\" content=\"image\/png\" \/>\n<meta name=\"author\" content=\"Fernando Lima\" \/>\n<meta name=\"twitter:card\" content=\"summary_large_image\" \/>\n<meta name=\"twitter:label1\" content=\"Escrito por\" \/>\n\t<meta name=\"twitter:data1\" content=\"Fernando Lima\" \/>\n\t<meta name=\"twitter:label2\" content=\"Est. tempo de leitura\" \/>\n\t<meta name=\"twitter:data2\" content=\"3 minutos\" \/>\n<script type=\"application\/ld+json\" class=\"yoast-schema-graph\">{\"@context\":\"https:\/\/schema.org\",\"@graph\":[{\"@type\":\"WebPage\",\"@id\":\"https:\/\/verdadeon.com.br\/portal\/2022\/04\/27\/heineken-anuncia-investimento-de-quase-r2-bilhoes-na-regiao\/\",\"url\":\"https:\/\/verdadeon.com.br\/portal\/2022\/04\/27\/heineken-anuncia-investimento-de-quase-r2-bilhoes-na-regiao\/\",\"name\":\"Heineken anuncia investimento de quase R$2 bilh\u00f5es na regi\u00e3o - VerdadeOn\",\"isPartOf\":{\"@id\":\"https:\/\/verdadeon.com.br\/portal\/#website\"},\"primaryImageOfPage\":{\"@id\":\"https:\/\/verdadeon.com.br\/portal\/2022\/04\/27\/heineken-anuncia-investimento-de-quase-r2-bilhoes-na-regiao\/#primaryimage\"},\"image\":{\"@id\":\"https:\/\/verdadeon.com.br\/portal\/2022\/04\/27\/heineken-anuncia-investimento-de-quase-r2-bilhoes-na-regiao\/#primaryimage\"},\"thumbnailUrl\":\"https:\/\/i0.wp.com\/verdadeon.com.br\/portal\/wp-content\/uploads\/2022\/04\/ROMEU-ZEMA-1.png?fit=1366%2C768&ssl=1\",\"datePublished\":\"2022-04-27T17:55:46+00:00\",\"dateModified\":\"2022-04-27T18:00:37+00:00\",\"author\":{\"@id\":\"https:\/\/verdadeon.com.br\/portal\/#\/schema\/person\/cc32be22b8e8599387c480bc83e1d11a\"},\"breadcrumb\":{\"@id\":\"https:\/\/verdadeon.com.br\/portal\/2022\/04\/27\/heineken-anuncia-investimento-de-quase-r2-bilhoes-na-regiao\/#breadcrumb\"},\"inLanguage\":\"pt-BR\",\"potentialAction\":[{\"@type\":\"ReadAction\",\"target\":[\"https:\/\/verdadeon.com.br\/portal\/2022\/04\/27\/heineken-anuncia-investimento-de-quase-r2-bilhoes-na-regiao\/\"]}]},{\"@type\":\"ImageObject\",\"inLanguage\":\"pt-BR\",\"@id\":\"https:\/\/verdadeon.com.br\/portal\/2022\/04\/27\/heineken-anuncia-investimento-de-quase-r2-bilhoes-na-regiao\/#primaryimage\",\"url\":\"https:\/\/i0.wp.com\/verdadeon.com.br\/portal\/wp-content\/uploads\/2022\/04\/ROMEU-ZEMA-1.png?fit=1366%2C768&ssl=1\",\"contentUrl\":\"https:\/\/i0.wp.com\/verdadeon.com.br\/portal\/wp-content\/uploads\/2022\/04\/ROMEU-ZEMA-1.png?fit=1366%2C768&ssl=1\",\"width\":1366,\"height\":768,\"caption\":\"O governador de Minas Gerais, Romeu Zema, o prefeito de Passos Diego Oliveira, al\u00e9m de representantes da Heineken, assinaram um TAC com o Minist\u00e9rio P\u00fablico de Passos nesta quarta-feira | Foto: Prefeitura de Passos\"},{\"@type\":\"BreadcrumbList\",\"@id\":\"https:\/\/verdadeon.com.br\/portal\/2022\/04\/27\/heineken-anuncia-investimento-de-quase-r2-bilhoes-na-regiao\/#breadcrumb\",\"itemListElement\":[{\"@type\":\"ListItem\",\"position\":1,\"name\":\"In\u00edcio\",\"item\":\"https:\/\/verdadeon.com.br\/portal\/\"},{\"@type\":\"ListItem\",\"position\":2,\"name\":\"Heineken anuncia investimento de quase R$2 bilh\u00f5es na regi\u00e3o\"}]},{\"@type\":\"WebSite\",\"@id\":\"https:\/\/verdadeon.com.br\/portal\/#website\",\"url\":\"https:\/\/verdadeon.com.br\/portal\/\",\"name\":\"VerdadeOn\",\"description\":\"Not\u00edcias di\u00e1rias sobre Franca, Regi\u00e3o, Esporte, Cultura, Cotidiano, Colunas. Cobertura nos principais eventos da cidade \u00e9 aqui - Verdadeon Franca\",\"potentialAction\":[{\"@type\":\"SearchAction\",\"target\":{\"@type\":\"EntryPoint\",\"urlTemplate\":\"https:\/\/verdadeon.com.br\/portal\/?s={search_term_string}\"},\"query-input\":{\"@type\":\"PropertyValueSpecification\",\"valueRequired\":true,\"valueName\":\"search_term_string\"}}],\"inLanguage\":\"pt-BR\"},{\"@type\":\"Person\",\"@id\":\"https:\/\/verdadeon.com.br\/portal\/#\/schema\/person\/cc32be22b8e8599387c480bc83e1d11a\",\"name\":\"Fernando Lima\",\"image\":{\"@type\":\"ImageObject\",\"inLanguage\":\"pt-BR\",\"@id\":\"https:\/\/verdadeon.com.br\/portal\/#\/schema\/person\/image\/\",\"url\":\"https:\/\/secure.gravatar.com\/avatar\/df4c8e132080d2b3a4841d5d232045464e0eed11a1d6e43115ca0843d48768d3?s=96&d=mm&r=g\",\"contentUrl\":\"https:\/\/secure.gravatar.com\/avatar\/df4c8e132080d2b3a4841d5d232045464e0eed11a1d6e43115ca0843d48768d3?s=96&d=mm&r=g\",\"caption\":\"Fernando Lima\"},\"sameAs\":[\"http:\/\/verdadeon.com.br\/\"],\"url\":\"https:\/\/verdadeon.com.br\/portal\/author\/fernando-lima\/\"}]}<\/script>\n<!-- \/ Yoast SEO plugin. -->","yoast_head_json":{"title":"Heineken anuncia investimento de quase R$2 bilh\u00f5es na regi\u00e3o - VerdadeOn","robots":{"index":"index","follow":"follow","max-snippet":"max-snippet:-1","max-image-preview":"max-image-preview:large","max-video-preview":"max-video-preview:-1"},"canonical":"https:\/\/verdadeon.com.br\/portal\/2022\/04\/27\/heineken-anuncia-investimento-de-quase-r2-bilhoes-na-regiao\/","og_locale":"pt_BR","og_type":"article","og_title":"Heineken anuncia investimento de quase R$2 bilh\u00f5es na regi\u00e3o - VerdadeOn","og_description":"A multinacional vai se instalar em Passos, no sudoeste de Minas Gerais, a cerca de 100 quil\u00f4metros de Franca Fernando Lima Ap\u00f3s meses de negocia\u00e7\u00f5es e [\u2026]","og_url":"https:\/\/verdadeon.com.br\/portal\/2022\/04\/27\/heineken-anuncia-investimento-de-quase-r2-bilhoes-na-regiao\/","og_site_name":"VerdadeOn","article_published_time":"2022-04-27T17:55:46+00:00","article_modified_time":"2022-04-27T18:00:37+00:00","og_image":[{"width":1366,"height":768,"url":"https:\/\/verdadeon.com.br\/portal\/wp-content\/uploads\/2022\/04\/ROMEU-ZEMA-1.png","type":"image\/png"}],"author":"Fernando Lima","twitter_card":"summary_large_image","twitter_misc":{"Escrito por":"Fernando Lima","Est. tempo de leitura":"3 minutos"},"schema":{"@context":"https:\/\/schema.org","@graph":[{"@type":"WebPage","@id":"https:\/\/verdadeon.com.br\/portal\/2022\/04\/27\/heineken-anuncia-investimento-de-quase-r2-bilhoes-na-regiao\/","url":"https:\/\/verdadeon.com.br\/portal\/2022\/04\/27\/heineken-anuncia-investimento-de-quase-r2-bilhoes-na-regiao\/","name":"Heineken anuncia investimento de quase R$2 bilh\u00f5es na regi\u00e3o - VerdadeOn","isPartOf":{"@id":"https:\/\/verdadeon.com.br\/portal\/#website"},"primaryImageOfPage":{"@id":"https:\/\/verdadeon.com.br\/portal\/2022\/04\/27\/heineken-anuncia-investimento-de-quase-r2-bilhoes-na-regiao\/#primaryimage"},"image":{"@id":"https:\/\/verdadeon.com.br\/portal\/2022\/04\/27\/heineken-anuncia-investimento-de-quase-r2-bilhoes-na-regiao\/#primaryimage"},"thumbnailUrl":"https:\/\/i0.wp.com\/verdadeon.com.br\/portal\/wp-content\/uploads\/2022\/04\/ROMEU-ZEMA-1.png?fit=1366%2C768&ssl=1","datePublished":"2022-04-27T17:55:46+00:00","dateModified":"2022-04-27T18:00:37+00:00","author":{"@id":"https:\/\/verdadeon.com.br\/portal\/#\/schema\/person\/cc32be22b8e8599387c480bc83e1d11a"},"breadcrumb":{"@id":"https:\/\/verdadeon.com.br\/portal\/2022\/04\/27\/heineken-anuncia-investimento-de-quase-r2-bilhoes-na-regiao\/#breadcrumb"},"inLanguage":"pt-BR","potentialAction":[{"@type":"ReadAction","target":["https:\/\/verdadeon.com.br\/portal\/2022\/04\/27\/heineken-anuncia-investimento-de-quase-r2-bilhoes-na-regiao\/"]}]},{"@type":"ImageObject","inLanguage":"pt-BR","@id":"https:\/\/verdadeon.com.br\/portal\/2022\/04\/27\/heineken-anuncia-investimento-de-quase-r2-bilhoes-na-regiao\/#primaryimage","url":"https:\/\/i0.wp.com\/verdadeon.com.br\/portal\/wp-content\/uploads\/2022\/04\/ROMEU-ZEMA-1.png?fit=1366%2C768&ssl=1","contentUrl":"https:\/\/i0.wp.com\/verdadeon.com.br\/portal\/wp-content\/uploads\/2022\/04\/ROMEU-ZEMA-1.png?fit=1366%2C768&ssl=1","width":1366,"height":768,"caption":"O governador de Minas Gerais, Romeu Zema, o prefeito de Passos Diego Oliveira, al\u00e9m de representantes da Heineken, assinaram um TAC com o Minist\u00e9rio P\u00fablico de Passos nesta quarta-feira | Foto: Prefeitura de Passos"},{"@type":"BreadcrumbList","@id":"https:\/\/verdadeon.com.br\/portal\/2022\/04\/27\/heineken-anuncia-investimento-de-quase-r2-bilhoes-na-regiao\/#breadcrumb","itemListElement":[{"@type":"ListItem","position":1,"name":"In\u00edcio","item":"https:\/\/verdadeon.com.br\/portal\/"},{"@type":"ListItem","position":2,"name":"Heineken anuncia investimento de quase R$2 bilh\u00f5es na regi\u00e3o"}]},{"@type":"WebSite","@id":"https:\/\/verdadeon.com.br\/portal\/#website","url":"https:\/\/verdadeon.com.br\/portal\/","name":"VerdadeOn","description":"Not\u00edcias di\u00e1rias sobre Franca, Regi\u00e3o, Esporte, Cultura, Cotidiano, Colunas. Cobertura nos principais eventos da cidade \u00e9 aqui - Verdadeon Franca","potentialAction":[{"@type":"SearchAction","target":{"@type":"EntryPoint","urlTemplate":"https:\/\/verdadeon.com.br\/portal\/?s={search_term_string}"},"query-input":{"@type":"PropertyValueSpecification","valueRequired":true,"valueName":"search_term_string"}}],"inLanguage":"pt-BR"},{"@type":"Person","@id":"https:\/\/verdadeon.com.br\/portal\/#\/schema\/person\/cc32be22b8e8599387c480bc83e1d11a","name":"Fernando Lima","image":{"@type":"ImageObject","inLanguage":"pt-BR","@id":"https:\/\/verdadeon.com.br\/portal\/#\/schema\/person\/image\/","url":"https:\/\/secure.gravatar.com\/avatar\/df4c8e132080d2b3a4841d5d232045464e0eed11a1d6e43115ca0843d48768d3?s=96&d=mm&r=g","contentUrl":"https:\/\/secure.gravatar.com\/avatar\/df4c8e132080d2b3a4841d5d232045464e0eed11a1d6e43115ca0843d48768d3?s=96&d=mm&r=g","caption":"Fernando Lima"},"sameAs":["http:\/\/verdadeon.com.br\/"],"url":"https:\/\/verdadeon.com.br\/portal\/author\/fernando-lima\/"}]}},"jetpack_publicize_connections":[],"jetpack_featured_media_url":"https:\/\/i0.wp.com\/verdadeon.com.br\/portal\/wp-content\/uploads\/2022\/04\/ROMEU-ZEMA-1.png?fit=1366%2C768&ssl=1","jetpack_sharing_enabled":true,"_links":{"self":[{"href":"https:\/\/verdadeon.com.br\/portal\/wp-json\/wp\/v2\/posts\/24701","targetHints":{"allow":["GET"]}}],"collection":[{"href":"https:\/\/verdadeon.com.br\/portal\/wp-json\/wp\/v2\/posts"}],"about":[{"href":"https:\/\/verdadeon.com.br\/portal\/wp-json\/wp\/v2\/types\/post"}],"author":[{"embeddable":true,"href":"https:\/\/verdadeon.com.br\/portal\/wp-json\/wp\/v2\/users\/7"}],"replies":[{"embeddable":true,"href":"https:\/\/verdadeon.com.br\/portal\/wp-json\/wp\/v2\/comments?post=24701"}],"version-history":[{"count":3,"href":"https:\/\/verdadeon.com.br\/portal\/wp-json\/wp\/v2\/posts\/24701\/revisions"}],"predecessor-version":[{"id":24709,"href":"https:\/\/verdadeon.com.br\/portal\/wp-json\/wp\/v2\/posts\/24701\/revisions\/24709"}],"wp:featuredmedia":[{"embeddable":true,"href":"https:\/\/verdadeon.com.br\/portal\/wp-json\/wp\/v2\/media\/24706"}],"wp:attachment":[{"href":"https:\/\/verdadeon.com.br\/portal\/wp-json\/wp\/v2\/media?parent=24701"}],"wp:term":[{"taxonomy":"category","embeddable":true,"href":"https:\/\/verdadeon.com.br\/portal\/wp-json\/wp\/v2\/categories?post=24701"},{"taxonomy":"post_tag","embeddable":true,"href":"https:\/\/verdadeon.com.br\/portal\/wp-json\/wp\/v2\/tags?post=24701"}],"curies":[{"name":"wp","href":"https:\/\/api.w.org\/{rel}","templated":true}]}}