{"id":2470,"date":"2020-01-04T08:28:51","date_gmt":"2020-01-04T11:28:51","guid":{"rendered":"http:\/\/verdadeon.com.br\/portal\/?p=2470"},"modified":"2020-01-04T08:28:55","modified_gmt":"2020-01-04T11:28:55","slug":"franca-enfrenta-o-unifacisa-na-copa-super-8","status":"publish","type":"post","link":"https:\/\/verdadeon.com.br\/portal\/2020\/01\/04\/franca-enfrenta-o-unifacisa-na-copa-super-8\/","title":{"rendered":"Franca enfrenta o Unifacisa na Copa Super 8"},"content":{"rendered":"\n<h2 class=\"wp-block-heading\"> Duelo v\u00e1lido pela 1\u00aa rodada do torneio acontece nesta noite <\/h2>\n\n\n\n<p>\n\nO ano de 2020 para o basquete francano come\u00e7a neste s\u00e1bado (4). Com o segundo lugar na tabela de classifica\u00e7\u00e3o do primeiro turno do NBB (Novo Basquete Brasil), a equipe garantiu vaga na Copa Super 8 e tem estreia marcada para \u00e0s 20 horas, no Pedroc\u00e3o, diante do Unifacisa.<\/p>\n\n\n\n<p>A temporada do Sesi Franca Basquete promete ser intensa com v\u00e1rias competi\u00e7\u00f5es. O ponto positivo \u00e9 que a equipe entra em todas como candidata aos t\u00edtulos. A prepara\u00e7\u00e3o para o torneio que envolve os oito melhores do Pa\u00eds no momento n\u00e3o parou no final de 2019. A equipe treinada por Helinho Garcia realizou as atividades nos \u00faltimos dias do ano.&nbsp;<\/p>\n\n\n\n<p>&#8220;Acredito que o nosso confronto contra o Unifacisa ser\u00e1 muito dif\u00edcil como todos os outros. Isso mostra o tamanho do equil\u00edbrio entre as equipes mostrado em todo o primeiro turno&#8221;, afirmou Helinho.<\/p>\n\n\n\n<p>Estreante no NBB, o Unifacisa foi campe\u00e3o da Liga Ouro, equivalente a segunda divis\u00e3o nacional na temporada passada. A classifica\u00e7\u00e3o foi garantida com a s\u00e9tima melhor campanha, j\u00e1 que o time fechou com 9 vit\u00f3rias e 6 derrotas.&nbsp;<\/p>\n\n\n\n<p>&#8220;Eles contam com jogadores que t\u00eam se destacados em confrontos decisivos dos jogos e n\u00e3o apenas na pontua\u00e7\u00e3o. Por isso mesmo o nosso foco \u00e9 todo para que a gente possa ter a consist\u00eancia defensiva necess\u00e1ria que n\u00f3s apresentamos nos \u00faltimos confrontos para buscar a vit\u00f3ria e a classifica\u00e7\u00e3o&#8221;, completou.&nbsp;<\/p>\n\n\n\n<p>O vencedor da Copa Super 8 garantir\u00e1 vaga direta para a pr\u00f3xima edi\u00e7\u00e3o da Champions League das Am\u00e9ricas de Basquete. Vale lembrar que o Sesi Franca est\u00e1 neste torneio e tem compromisso ainda neste m\u00eas contra o San Lorenzo, da Argentina.&nbsp;<\/p>\n\n\n\n<p>Franca j\u00e1 jogou o Super em 2019. Na oportunidade, a equipe chegou com melhor pontua\u00e7\u00e3o e teve o direito de jogar em casa a fase decisiva. Por\u00e9m, o apoio incondicional dos apaixonados torcedores no Pedroc\u00e3o n\u00e3o foram suficientes. Da mesma forma que aconteceu na decis\u00e3o do NBB, o time de Helinho e companhia foi derrotado em casa pelo Flamengo.<\/p>\n\n\n\n<p>Pelas quartas de final neste ano, al\u00e9m de Franca e Unifacisa, outros tr\u00eas jogos movimentam o final de semana. A abertura da fase acontece com o duelo entre S\u00e3o Paulo e Minas, tamb\u00e9m hoje, \u00e0s 12h50.<br>Neste domingo (5), Mogi e Pinheiros entram em quadra \u00e0s 15h30 e o l\u00edder Flamengo recebe o Corinthians, a partir das 18 horas.\n\n<\/p>\n","protected":false},"excerpt":{"rendered":"<p>Duelo v\u00e1lido pela 1\u00aa rodada do torneio acontece nesta noite O ano de 2020 para o basquete francano come\u00e7a neste s\u00e1bado (4). Com o segundo lugar<span class=\"excerpt-hellip\"> [\u2026]<\/span><\/p>\n","protected":false},"author":3,"featured_media":2471,"comment_status":"open","ping_status":"open","sticky":false,"template":"","format":"standard","meta":{"_jetpack_memberships_contains_paid_content":false,"footnotes":"","jetpack_publicize_message":"","jetpack_publicize_feature_enabled":true,"jetpack_social_post_already_shared":false,"jetpack_social_options":{"image_generator_settings":{"template":"highway","default_image_id":0,"enabled":false},"version":2}},"categories":[29],"tags":[33],"class_list":["post-2470","post","type-post","status-publish","format-standard","has-post-thumbnail","hentry","category-esportes","tag-basquete"],"yoast_head":"<!-- This site is optimized with the Yoast SEO plugin v25.6 - https:\/\/yoast.com\/wordpress\/plugins\/seo\/ -->\n<title>Franca enfrenta o Unifacisa na Copa Super 8 - VerdadeOn<\/title>\n<meta name=\"robots\" content=\"index, follow, max-snippet:-1, max-image-preview:large, max-video-preview:-1\" \/>\n<link rel=\"canonical\" href=\"https:\/\/verdadeon.com.br\/portal\/2020\/01\/04\/franca-enfrenta-o-unifacisa-na-copa-super-8\/\" \/>\n<meta property=\"og:locale\" content=\"pt_BR\" \/>\n<meta property=\"og:type\" content=\"article\" \/>\n<meta property=\"og:title\" content=\"Franca enfrenta o Unifacisa na Copa Super 8 - VerdadeOn\" \/>\n<meta property=\"og:description\" content=\"Duelo v\u00e1lido pela 1\u00aa rodada do torneio acontece nesta noite O ano de 2020 para o basquete francano come\u00e7a neste s\u00e1bado (4). Com o segundo lugar [\u2026]\" \/>\n<meta property=\"og:url\" content=\"https:\/\/verdadeon.com.br\/portal\/2020\/01\/04\/franca-enfrenta-o-unifacisa-na-copa-super-8\/\" \/>\n<meta property=\"og:site_name\" content=\"VerdadeOn\" \/>\n<meta property=\"article:published_time\" content=\"2020-01-04T11:28:51+00:00\" \/>\n<meta property=\"article:modified_time\" content=\"2020-01-04T11:28:55+00:00\" \/>\n<meta property=\"og:image\" content=\"https:\/\/verdadeon.com.br\/portal\/wp-content\/uploads\/2020\/01\/news-4529.jpg\" \/>\n\t<meta property=\"og:image:width\" content=\"1000\" \/>\n\t<meta property=\"og:image:height\" content=\"667\" \/>\n\t<meta property=\"og:image:type\" content=\"image\/jpeg\" \/>\n<meta name=\"author\" content=\"Admin\" \/>\n<meta name=\"twitter:card\" content=\"summary_large_image\" \/>\n<meta name=\"twitter:label1\" content=\"Escrito por\" \/>\n\t<meta name=\"twitter:data1\" content=\"Admin\" \/>\n\t<meta name=\"twitter:label2\" content=\"Est. tempo de leitura\" \/>\n\t<meta name=\"twitter:data2\" content=\"2 minutos\" \/>\n<script type=\"application\/ld+json\" class=\"yoast-schema-graph\">{\"@context\":\"https:\/\/schema.org\",\"@graph\":[{\"@type\":\"WebPage\",\"@id\":\"https:\/\/verdadeon.com.br\/portal\/2020\/01\/04\/franca-enfrenta-o-unifacisa-na-copa-super-8\/\",\"url\":\"https:\/\/verdadeon.com.br\/portal\/2020\/01\/04\/franca-enfrenta-o-unifacisa-na-copa-super-8\/\",\"name\":\"Franca enfrenta o Unifacisa na Copa Super 8 - VerdadeOn\",\"isPartOf\":{\"@id\":\"https:\/\/verdadeon.com.br\/portal\/#website\"},\"primaryImageOfPage\":{\"@id\":\"https:\/\/verdadeon.com.br\/portal\/2020\/01\/04\/franca-enfrenta-o-unifacisa-na-copa-super-8\/#primaryimage\"},\"image\":{\"@id\":\"https:\/\/verdadeon.com.br\/portal\/2020\/01\/04\/franca-enfrenta-o-unifacisa-na-copa-super-8\/#primaryimage\"},\"thumbnailUrl\":\"https:\/\/i0.wp.com\/verdadeon.com.br\/portal\/wp-content\/uploads\/2020\/01\/news-4529.jpg?fit=1000%2C667&ssl=1\",\"datePublished\":\"2020-01-04T11:28:51+00:00\",\"dateModified\":\"2020-01-04T11:28:55+00:00\",\"author\":{\"@id\":\"https:\/\/verdadeon.com.br\/portal\/#\/schema\/person\/31b3f1eb559e4ce9d3c1dc1f2268a70c\"},\"breadcrumb\":{\"@id\":\"https:\/\/verdadeon.com.br\/portal\/2020\/01\/04\/franca-enfrenta-o-unifacisa-na-copa-super-8\/#breadcrumb\"},\"inLanguage\":\"pt-BR\",\"potentialAction\":[{\"@type\":\"ReadAction\",\"target\":[\"https:\/\/verdadeon.com.br\/portal\/2020\/01\/04\/franca-enfrenta-o-unifacisa-na-copa-super-8\/\"]}]},{\"@type\":\"ImageObject\",\"inLanguage\":\"pt-BR\",\"@id\":\"https:\/\/verdadeon.com.br\/portal\/2020\/01\/04\/franca-enfrenta-o-unifacisa-na-copa-super-8\/#primaryimage\",\"url\":\"https:\/\/i0.wp.com\/verdadeon.com.br\/portal\/wp-content\/uploads\/2020\/01\/news-4529.jpg?fit=1000%2C667&ssl=1\",\"contentUrl\":\"https:\/\/i0.wp.com\/verdadeon.com.br\/portal\/wp-content\/uploads\/2020\/01\/news-4529.jpg?fit=1000%2C667&ssl=1\",\"width\":1000,\"height\":667,\"caption\":\"Ala armador David Jackson em a\u00e7\u00e3o na \u00faltima partida de 2019 pelo Novo Basquete Brasil diante do Bauru, fora de casa. Norte americano estar\u00e1 em quadra nesta noite na estreia da equipe na Copa Super 8. O Sesi Franca \u00e9 atual vice campe\u00e3o do torneio\"},{\"@type\":\"BreadcrumbList\",\"@id\":\"https:\/\/verdadeon.com.br\/portal\/2020\/01\/04\/franca-enfrenta-o-unifacisa-na-copa-super-8\/#breadcrumb\",\"itemListElement\":[{\"@type\":\"ListItem\",\"position\":1,\"name\":\"In\u00edcio\",\"item\":\"https:\/\/verdadeon.com.br\/portal\/\"},{\"@type\":\"ListItem\",\"position\":2,\"name\":\"Franca enfrenta o Unifacisa na Copa Super 8\"}]},{\"@type\":\"WebSite\",\"@id\":\"https:\/\/verdadeon.com.br\/portal\/#website\",\"url\":\"https:\/\/verdadeon.com.br\/portal\/\",\"name\":\"VerdadeOn\",\"description\":\"Not\u00edcias di\u00e1rias sobre Franca, Regi\u00e3o, Esporte, Cultura, Cotidiano, Colunas. Cobertura nos principais eventos da cidade \u00e9 aqui - Verdadeon Franca\",\"potentialAction\":[{\"@type\":\"SearchAction\",\"target\":{\"@type\":\"EntryPoint\",\"urlTemplate\":\"https:\/\/verdadeon.com.br\/portal\/?s={search_term_string}\"},\"query-input\":{\"@type\":\"PropertyValueSpecification\",\"valueRequired\":true,\"valueName\":\"search_term_string\"}}],\"inLanguage\":\"pt-BR\"},{\"@type\":\"Person\",\"@id\":\"https:\/\/verdadeon.com.br\/portal\/#\/schema\/person\/31b3f1eb559e4ce9d3c1dc1f2268a70c\",\"name\":\"Admin\",\"image\":{\"@type\":\"ImageObject\",\"inLanguage\":\"pt-BR\",\"@id\":\"https:\/\/verdadeon.com.br\/portal\/#\/schema\/person\/image\/\",\"url\":\"https:\/\/secure.gravatar.com\/avatar\/e550a5b4dab3efe8ca3a8bf0fb981073a921f9a24159040707270602980dd8af?s=96&d=mm&r=g\",\"contentUrl\":\"https:\/\/secure.gravatar.com\/avatar\/e550a5b4dab3efe8ca3a8bf0fb981073a921f9a24159040707270602980dd8af?s=96&d=mm&r=g\",\"caption\":\"Admin\"},\"url\":\"https:\/\/verdadeon.com.br\/portal\/author\/admin\/\"}]}<\/script>\n<!-- \/ Yoast SEO plugin. -->","yoast_head_json":{"title":"Franca enfrenta o Unifacisa na Copa Super 8 - VerdadeOn","robots":{"index":"index","follow":"follow","max-snippet":"max-snippet:-1","max-image-preview":"max-image-preview:large","max-video-preview":"max-video-preview:-1"},"canonical":"https:\/\/verdadeon.com.br\/portal\/2020\/01\/04\/franca-enfrenta-o-unifacisa-na-copa-super-8\/","og_locale":"pt_BR","og_type":"article","og_title":"Franca enfrenta o Unifacisa na Copa Super 8 - VerdadeOn","og_description":"Duelo v\u00e1lido pela 1\u00aa rodada do torneio acontece nesta noite O ano de 2020 para o basquete francano come\u00e7a neste s\u00e1bado (4). Com o segundo lugar [\u2026]","og_url":"https:\/\/verdadeon.com.br\/portal\/2020\/01\/04\/franca-enfrenta-o-unifacisa-na-copa-super-8\/","og_site_name":"VerdadeOn","article_published_time":"2020-01-04T11:28:51+00:00","article_modified_time":"2020-01-04T11:28:55+00:00","og_image":[{"width":1000,"height":667,"url":"https:\/\/verdadeon.com.br\/portal\/wp-content\/uploads\/2020\/01\/news-4529.jpg","type":"image\/jpeg"}],"author":"Admin","twitter_card":"summary_large_image","twitter_misc":{"Escrito por":"Admin","Est. tempo de leitura":"2 minutos"},"schema":{"@context":"https:\/\/schema.org","@graph":[{"@type":"WebPage","@id":"https:\/\/verdadeon.com.br\/portal\/2020\/01\/04\/franca-enfrenta-o-unifacisa-na-copa-super-8\/","url":"https:\/\/verdadeon.com.br\/portal\/2020\/01\/04\/franca-enfrenta-o-unifacisa-na-copa-super-8\/","name":"Franca enfrenta o Unifacisa na Copa Super 8 - VerdadeOn","isPartOf":{"@id":"https:\/\/verdadeon.com.br\/portal\/#website"},"primaryImageOfPage":{"@id":"https:\/\/verdadeon.com.br\/portal\/2020\/01\/04\/franca-enfrenta-o-unifacisa-na-copa-super-8\/#primaryimage"},"image":{"@id":"https:\/\/verdadeon.com.br\/portal\/2020\/01\/04\/franca-enfrenta-o-unifacisa-na-copa-super-8\/#primaryimage"},"thumbnailUrl":"https:\/\/i0.wp.com\/verdadeon.com.br\/portal\/wp-content\/uploads\/2020\/01\/news-4529.jpg?fit=1000%2C667&ssl=1","datePublished":"2020-01-04T11:28:51+00:00","dateModified":"2020-01-04T11:28:55+00:00","author":{"@id":"https:\/\/verdadeon.com.br\/portal\/#\/schema\/person\/31b3f1eb559e4ce9d3c1dc1f2268a70c"},"breadcrumb":{"@id":"https:\/\/verdadeon.com.br\/portal\/2020\/01\/04\/franca-enfrenta-o-unifacisa-na-copa-super-8\/#breadcrumb"},"inLanguage":"pt-BR","potentialAction":[{"@type":"ReadAction","target":["https:\/\/verdadeon.com.br\/portal\/2020\/01\/04\/franca-enfrenta-o-unifacisa-na-copa-super-8\/"]}]},{"@type":"ImageObject","inLanguage":"pt-BR","@id":"https:\/\/verdadeon.com.br\/portal\/2020\/01\/04\/franca-enfrenta-o-unifacisa-na-copa-super-8\/#primaryimage","url":"https:\/\/i0.wp.com\/verdadeon.com.br\/portal\/wp-content\/uploads\/2020\/01\/news-4529.jpg?fit=1000%2C667&ssl=1","contentUrl":"https:\/\/i0.wp.com\/verdadeon.com.br\/portal\/wp-content\/uploads\/2020\/01\/news-4529.jpg?fit=1000%2C667&ssl=1","width":1000,"height":667,"caption":"Ala armador David Jackson em a\u00e7\u00e3o na \u00faltima partida de 2019 pelo Novo Basquete Brasil diante do Bauru, fora de casa. Norte americano estar\u00e1 em quadra nesta noite na estreia da equipe na Copa Super 8. O Sesi Franca \u00e9 atual vice campe\u00e3o do torneio"},{"@type":"BreadcrumbList","@id":"https:\/\/verdadeon.com.br\/portal\/2020\/01\/04\/franca-enfrenta-o-unifacisa-na-copa-super-8\/#breadcrumb","itemListElement":[{"@type":"ListItem","position":1,"name":"In\u00edcio","item":"https:\/\/verdadeon.com.br\/portal\/"},{"@type":"ListItem","position":2,"name":"Franca enfrenta o Unifacisa na Copa Super 8"}]},{"@type":"WebSite","@id":"https:\/\/verdadeon.com.br\/portal\/#website","url":"https:\/\/verdadeon.com.br\/portal\/","name":"VerdadeOn","description":"Not\u00edcias di\u00e1rias sobre Franca, Regi\u00e3o, Esporte, Cultura, Cotidiano, Colunas. Cobertura nos principais eventos da cidade \u00e9 aqui - Verdadeon Franca","potentialAction":[{"@type":"SearchAction","target":{"@type":"EntryPoint","urlTemplate":"https:\/\/verdadeon.com.br\/portal\/?s={search_term_string}"},"query-input":{"@type":"PropertyValueSpecification","valueRequired":true,"valueName":"search_term_string"}}],"inLanguage":"pt-BR"},{"@type":"Person","@id":"https:\/\/verdadeon.com.br\/portal\/#\/schema\/person\/31b3f1eb559e4ce9d3c1dc1f2268a70c","name":"Admin","image":{"@type":"ImageObject","inLanguage":"pt-BR","@id":"https:\/\/verdadeon.com.br\/portal\/#\/schema\/person\/image\/","url":"https:\/\/secure.gravatar.com\/avatar\/e550a5b4dab3efe8ca3a8bf0fb981073a921f9a24159040707270602980dd8af?s=96&d=mm&r=g","contentUrl":"https:\/\/secure.gravatar.com\/avatar\/e550a5b4dab3efe8ca3a8bf0fb981073a921f9a24159040707270602980dd8af?s=96&d=mm&r=g","caption":"Admin"},"url":"https:\/\/verdadeon.com.br\/portal\/author\/admin\/"}]}},"jetpack_publicize_connections":[],"jetpack_featured_media_url":"https:\/\/i0.wp.com\/verdadeon.com.br\/portal\/wp-content\/uploads\/2020\/01\/news-4529.jpg?fit=1000%2C667&ssl=1","jetpack_sharing_enabled":true,"_links":{"self":[{"href":"https:\/\/verdadeon.com.br\/portal\/wp-json\/wp\/v2\/posts\/2470","targetHints":{"allow":["GET"]}}],"collection":[{"href":"https:\/\/verdadeon.com.br\/portal\/wp-json\/wp\/v2\/posts"}],"about":[{"href":"https:\/\/verdadeon.com.br\/portal\/wp-json\/wp\/v2\/types\/post"}],"author":[{"embeddable":true,"href":"https:\/\/verdadeon.com.br\/portal\/wp-json\/wp\/v2\/users\/3"}],"replies":[{"embeddable":true,"href":"https:\/\/verdadeon.com.br\/portal\/wp-json\/wp\/v2\/comments?post=2470"}],"version-history":[{"count":0,"href":"https:\/\/verdadeon.com.br\/portal\/wp-json\/wp\/v2\/posts\/2470\/revisions"}],"wp:featuredmedia":[{"embeddable":true,"href":"https:\/\/verdadeon.com.br\/portal\/wp-json\/wp\/v2\/media\/2471"}],"wp:attachment":[{"href":"https:\/\/verdadeon.com.br\/portal\/wp-json\/wp\/v2\/media?parent=2470"}],"wp:term":[{"taxonomy":"category","embeddable":true,"href":"https:\/\/verdadeon.com.br\/portal\/wp-json\/wp\/v2\/categories?post=2470"},{"taxonomy":"post_tag","embeddable":true,"href":"https:\/\/verdadeon.com.br\/portal\/wp-json\/wp\/v2\/tags?post=2470"}],"curies":[{"name":"wp","href":"https:\/\/api.w.org\/{rel}","templated":true}]}}