{"id":24683,"date":"2022-04-26T15:26:19","date_gmt":"2022-04-26T18:26:19","guid":{"rendered":"https:\/\/verdadeon.com.br\/portal\/?p=24683"},"modified":"2022-04-26T15:26:19","modified_gmt":"2022-04-26T18:26:19","slug":"homem-e-preso-por-trafico-de-drogas-na-zona-norte-de-franca-4","status":"publish","type":"post","link":"https:\/\/verdadeon.com.br\/portal\/2022\/04\/26\/homem-e-preso-por-trafico-de-drogas-na-zona-norte-de-franca-4\/","title":{"rendered":"Homem \u00e9 preso por tr\u00e1fico de drogas na zona norte de Franca"},"content":{"rendered":"<h2>Pol\u00edcia chegou at\u00e9 ele ap\u00f3s den\u00fancias an\u00f4nimas, jovem foi recolhido ao Sistema Prisional<\/h2>\n<p>Um jovem de 20 anos foi preso por tr\u00e1fico de drogas pela Dise na manh\u00e3 desta ter\u00e7a-feira (26), no Leporace na zona norte da cidade. Por\u00e7\u00f5es de maconha, coca\u00edna, balan\u00e7a de precis\u00e3o, materiais para o tr\u00e1fico e dinheiro foram apreendidos.<\/p>\n<p>O delegado Alan Bazalha Lopes informou que os investigadores receberam uma den\u00fancia de que o homem realiza o tr\u00e1fico no local. Atrav\u00e9s disso eles iniciaram monitoramentos em campanas e confirmaram as suspeitas. Com autoriza\u00e7\u00e3o da Justi\u00e7a, foi cumprido o mandado de busca domiciliar na casa do indiv\u00edduo, onde as drogas foram encontradas.<\/p>\n<p>&#8220;No per\u00edodo da manh\u00e3, a equipe da DISE, abordou o suspeito chegando em casa, foi dado cumprimento a ordem judicial de busca domiciliar.\u00a0O investigado que j\u00e1 possui passagens criminais foi preso em flagrante e se encontra recolhido no sistema prisional.\u00a0Importante frisar que as den\u00fancias podem ser feitas pelo WhatsApp 16-9 91 12 61 62. O sigilo \u00e9 absoluto&#8221;, finalizou a DISE.<\/p>\n<h4>Morte<\/h4>\n<p>Um homem morreu eletrocutado enquanto tentava furtar a fia\u00e7\u00e3o el\u00e9trica de uma f\u00e1brica, no Jardim Derminio, na zona oeste da cidade. Segundo a Pol\u00edcia Militar, ele recebeu uma descarga el\u00e9trica enquanto puxava um fio. O homem foi arremessado por cerca de cinco metros.<\/p>\n<p>O socorro chegou a ir at\u00e9 o local do acidente, mas ele j\u00e1 estava sem vida. A per\u00edcia realizou os trabalhos e ap\u00f3s o corpo foi levado ao Instituto M\u00e9dico Legal (IML) de Franca, e ap\u00f3s ser identificado, ser\u00e1 liberado para os familiares.<\/p>\n","protected":false},"excerpt":{"rendered":"<p>Pol\u00edcia chegou at\u00e9 ele ap\u00f3s den\u00fancias an\u00f4nimas, jovem foi recolhido ao Sistema Prisional Um jovem de 20 anos foi preso por tr\u00e1fico de drogas pela Dise<span class=\"excerpt-hellip\"> [\u2026]<\/span><\/p>\n","protected":false},"author":7,"featured_media":24684,"comment_status":"open","ping_status":"open","sticky":false,"template":"","format":"standard","meta":{"_jetpack_memberships_contains_paid_content":false,"footnotes":"","jetpack_publicize_message":"","jetpack_publicize_feature_enabled":true,"jetpack_social_post_already_shared":false,"jetpack_social_options":{"image_generator_settings":{"template":"highway","default_image_id":0,"enabled":false},"version":2}},"categories":[28,81],"tags":[],"class_list":["post-24683","post","type-post","status-publish","format-standard","has-post-thumbnail","hentry","category-cotidiano","category-manchete"],"yoast_head":"<!-- This site is optimized with the Yoast SEO plugin v25.6 - https:\/\/yoast.com\/wordpress\/plugins\/seo\/ -->\n<title>Homem \u00e9 preso por tr\u00e1fico de drogas na zona norte de Franca - VerdadeOn<\/title>\n<meta name=\"robots\" content=\"index, follow, max-snippet:-1, max-image-preview:large, max-video-preview:-1\" \/>\n<link rel=\"canonical\" href=\"https:\/\/verdadeon.com.br\/portal\/2022\/04\/26\/homem-e-preso-por-trafico-de-drogas-na-zona-norte-de-franca-4\/\" \/>\n<meta property=\"og:locale\" content=\"pt_BR\" \/>\n<meta property=\"og:type\" content=\"article\" \/>\n<meta property=\"og:title\" content=\"Homem \u00e9 preso por tr\u00e1fico de drogas na zona norte de Franca - VerdadeOn\" \/>\n<meta property=\"og:description\" content=\"Pol\u00edcia chegou at\u00e9 ele ap\u00f3s den\u00fancias an\u00f4nimas, jovem foi recolhido ao Sistema Prisional Um jovem de 20 anos foi preso por tr\u00e1fico de drogas pela Dise [\u2026]\" \/>\n<meta property=\"og:url\" content=\"https:\/\/verdadeon.com.br\/portal\/2022\/04\/26\/homem-e-preso-por-trafico-de-drogas-na-zona-norte-de-franca-4\/\" \/>\n<meta property=\"og:site_name\" content=\"VerdadeOn\" \/>\n<meta property=\"article:published_time\" content=\"2022-04-26T18:26:19+00:00\" \/>\n<meta property=\"og:image\" content=\"https:\/\/verdadeon.com.br\/portal\/wp-content\/uploads\/2022\/04\/WhatsApp-Image-2022-04-26-at-12.11.39.jpeg\" \/>\n\t<meta property=\"og:image:width\" content=\"1600\" \/>\n\t<meta property=\"og:image:height\" content=\"1200\" \/>\n\t<meta property=\"og:image:type\" content=\"image\/jpeg\" \/>\n<meta name=\"author\" content=\"Fernando Lima\" \/>\n<meta name=\"twitter:card\" content=\"summary_large_image\" \/>\n<meta name=\"twitter:label1\" content=\"Escrito por\" \/>\n\t<meta name=\"twitter:data1\" content=\"Fernando Lima\" \/>\n\t<meta name=\"twitter:label2\" content=\"Est. tempo de leitura\" \/>\n\t<meta name=\"twitter:data2\" content=\"2 minutos\" \/>\n<script type=\"application\/ld+json\" class=\"yoast-schema-graph\">{\"@context\":\"https:\/\/schema.org\",\"@graph\":[{\"@type\":\"WebPage\",\"@id\":\"https:\/\/verdadeon.com.br\/portal\/2022\/04\/26\/homem-e-preso-por-trafico-de-drogas-na-zona-norte-de-franca-4\/\",\"url\":\"https:\/\/verdadeon.com.br\/portal\/2022\/04\/26\/homem-e-preso-por-trafico-de-drogas-na-zona-norte-de-franca-4\/\",\"name\":\"Homem \u00e9 preso por tr\u00e1fico de drogas na zona norte de Franca - VerdadeOn\",\"isPartOf\":{\"@id\":\"https:\/\/verdadeon.com.br\/portal\/#website\"},\"primaryImageOfPage\":{\"@id\":\"https:\/\/verdadeon.com.br\/portal\/2022\/04\/26\/homem-e-preso-por-trafico-de-drogas-na-zona-norte-de-franca-4\/#primaryimage\"},\"image\":{\"@id\":\"https:\/\/verdadeon.com.br\/portal\/2022\/04\/26\/homem-e-preso-por-trafico-de-drogas-na-zona-norte-de-franca-4\/#primaryimage\"},\"thumbnailUrl\":\"https:\/\/i0.wp.com\/verdadeon.com.br\/portal\/wp-content\/uploads\/2022\/04\/WhatsApp-Image-2022-04-26-at-12.11.39.jpeg?fit=1600%2C1200&ssl=1\",\"datePublished\":\"2022-04-26T18:26:19+00:00\",\"author\":{\"@id\":\"https:\/\/verdadeon.com.br\/portal\/#\/schema\/person\/cc32be22b8e8599387c480bc83e1d11a\"},\"breadcrumb\":{\"@id\":\"https:\/\/verdadeon.com.br\/portal\/2022\/04\/26\/homem-e-preso-por-trafico-de-drogas-na-zona-norte-de-franca-4\/#breadcrumb\"},\"inLanguage\":\"pt-BR\",\"potentialAction\":[{\"@type\":\"ReadAction\",\"target\":[\"https:\/\/verdadeon.com.br\/portal\/2022\/04\/26\/homem-e-preso-por-trafico-de-drogas-na-zona-norte-de-franca-4\/\"]}]},{\"@type\":\"ImageObject\",\"inLanguage\":\"pt-BR\",\"@id\":\"https:\/\/verdadeon.com.br\/portal\/2022\/04\/26\/homem-e-preso-por-trafico-de-drogas-na-zona-norte-de-franca-4\/#primaryimage\",\"url\":\"https:\/\/i0.wp.com\/verdadeon.com.br\/portal\/wp-content\/uploads\/2022\/04\/WhatsApp-Image-2022-04-26-at-12.11.39.jpeg?fit=1600%2C1200&ssl=1\",\"contentUrl\":\"https:\/\/i0.wp.com\/verdadeon.com.br\/portal\/wp-content\/uploads\/2022\/04\/WhatsApp-Image-2022-04-26-at-12.11.39.jpeg?fit=1600%2C1200&ssl=1\",\"width\":1600,\"height\":1200,\"caption\":\"Drogas estavam escondidas na casa do suspeito, no Parque Vicente Leporace. Homem j\u00e1 tinha passagens pelo mesmo crime | Foto: DISE\"},{\"@type\":\"BreadcrumbList\",\"@id\":\"https:\/\/verdadeon.com.br\/portal\/2022\/04\/26\/homem-e-preso-por-trafico-de-drogas-na-zona-norte-de-franca-4\/#breadcrumb\",\"itemListElement\":[{\"@type\":\"ListItem\",\"position\":1,\"name\":\"In\u00edcio\",\"item\":\"https:\/\/verdadeon.com.br\/portal\/\"},{\"@type\":\"ListItem\",\"position\":2,\"name\":\"Homem \u00e9 preso por tr\u00e1fico de drogas na zona norte de Franca\"}]},{\"@type\":\"WebSite\",\"@id\":\"https:\/\/verdadeon.com.br\/portal\/#website\",\"url\":\"https:\/\/verdadeon.com.br\/portal\/\",\"name\":\"VerdadeOn\",\"description\":\"Not\u00edcias di\u00e1rias sobre Franca, Regi\u00e3o, Esporte, Cultura, Cotidiano, Colunas. Cobertura nos principais eventos da cidade \u00e9 aqui - Verdadeon Franca\",\"potentialAction\":[{\"@type\":\"SearchAction\",\"target\":{\"@type\":\"EntryPoint\",\"urlTemplate\":\"https:\/\/verdadeon.com.br\/portal\/?s={search_term_string}\"},\"query-input\":{\"@type\":\"PropertyValueSpecification\",\"valueRequired\":true,\"valueName\":\"search_term_string\"}}],\"inLanguage\":\"pt-BR\"},{\"@type\":\"Person\",\"@id\":\"https:\/\/verdadeon.com.br\/portal\/#\/schema\/person\/cc32be22b8e8599387c480bc83e1d11a\",\"name\":\"Fernando Lima\",\"image\":{\"@type\":\"ImageObject\",\"inLanguage\":\"pt-BR\",\"@id\":\"https:\/\/verdadeon.com.br\/portal\/#\/schema\/person\/image\/\",\"url\":\"https:\/\/secure.gravatar.com\/avatar\/df4c8e132080d2b3a4841d5d232045464e0eed11a1d6e43115ca0843d48768d3?s=96&d=mm&r=g\",\"contentUrl\":\"https:\/\/secure.gravatar.com\/avatar\/df4c8e132080d2b3a4841d5d232045464e0eed11a1d6e43115ca0843d48768d3?s=96&d=mm&r=g\",\"caption\":\"Fernando Lima\"},\"sameAs\":[\"http:\/\/verdadeon.com.br\/\"],\"url\":\"https:\/\/verdadeon.com.br\/portal\/author\/fernando-lima\/\"}]}<\/script>\n<!-- \/ Yoast SEO plugin. -->","yoast_head_json":{"title":"Homem \u00e9 preso por tr\u00e1fico de drogas na zona norte de Franca - VerdadeOn","robots":{"index":"index","follow":"follow","max-snippet":"max-snippet:-1","max-image-preview":"max-image-preview:large","max-video-preview":"max-video-preview:-1"},"canonical":"https:\/\/verdadeon.com.br\/portal\/2022\/04\/26\/homem-e-preso-por-trafico-de-drogas-na-zona-norte-de-franca-4\/","og_locale":"pt_BR","og_type":"article","og_title":"Homem \u00e9 preso por tr\u00e1fico de drogas na zona norte de Franca - VerdadeOn","og_description":"Pol\u00edcia chegou at\u00e9 ele ap\u00f3s den\u00fancias an\u00f4nimas, jovem foi recolhido ao Sistema Prisional Um jovem de 20 anos foi preso por tr\u00e1fico de drogas pela Dise [\u2026]","og_url":"https:\/\/verdadeon.com.br\/portal\/2022\/04\/26\/homem-e-preso-por-trafico-de-drogas-na-zona-norte-de-franca-4\/","og_site_name":"VerdadeOn","article_published_time":"2022-04-26T18:26:19+00:00","og_image":[{"width":1600,"height":1200,"url":"https:\/\/verdadeon.com.br\/portal\/wp-content\/uploads\/2022\/04\/WhatsApp-Image-2022-04-26-at-12.11.39.jpeg","type":"image\/jpeg"}],"author":"Fernando Lima","twitter_card":"summary_large_image","twitter_misc":{"Escrito por":"Fernando Lima","Est. tempo de leitura":"2 minutos"},"schema":{"@context":"https:\/\/schema.org","@graph":[{"@type":"WebPage","@id":"https:\/\/verdadeon.com.br\/portal\/2022\/04\/26\/homem-e-preso-por-trafico-de-drogas-na-zona-norte-de-franca-4\/","url":"https:\/\/verdadeon.com.br\/portal\/2022\/04\/26\/homem-e-preso-por-trafico-de-drogas-na-zona-norte-de-franca-4\/","name":"Homem \u00e9 preso por tr\u00e1fico de drogas na zona norte de Franca - VerdadeOn","isPartOf":{"@id":"https:\/\/verdadeon.com.br\/portal\/#website"},"primaryImageOfPage":{"@id":"https:\/\/verdadeon.com.br\/portal\/2022\/04\/26\/homem-e-preso-por-trafico-de-drogas-na-zona-norte-de-franca-4\/#primaryimage"},"image":{"@id":"https:\/\/verdadeon.com.br\/portal\/2022\/04\/26\/homem-e-preso-por-trafico-de-drogas-na-zona-norte-de-franca-4\/#primaryimage"},"thumbnailUrl":"https:\/\/i0.wp.com\/verdadeon.com.br\/portal\/wp-content\/uploads\/2022\/04\/WhatsApp-Image-2022-04-26-at-12.11.39.jpeg?fit=1600%2C1200&ssl=1","datePublished":"2022-04-26T18:26:19+00:00","author":{"@id":"https:\/\/verdadeon.com.br\/portal\/#\/schema\/person\/cc32be22b8e8599387c480bc83e1d11a"},"breadcrumb":{"@id":"https:\/\/verdadeon.com.br\/portal\/2022\/04\/26\/homem-e-preso-por-trafico-de-drogas-na-zona-norte-de-franca-4\/#breadcrumb"},"inLanguage":"pt-BR","potentialAction":[{"@type":"ReadAction","target":["https:\/\/verdadeon.com.br\/portal\/2022\/04\/26\/homem-e-preso-por-trafico-de-drogas-na-zona-norte-de-franca-4\/"]}]},{"@type":"ImageObject","inLanguage":"pt-BR","@id":"https:\/\/verdadeon.com.br\/portal\/2022\/04\/26\/homem-e-preso-por-trafico-de-drogas-na-zona-norte-de-franca-4\/#primaryimage","url":"https:\/\/i0.wp.com\/verdadeon.com.br\/portal\/wp-content\/uploads\/2022\/04\/WhatsApp-Image-2022-04-26-at-12.11.39.jpeg?fit=1600%2C1200&ssl=1","contentUrl":"https:\/\/i0.wp.com\/verdadeon.com.br\/portal\/wp-content\/uploads\/2022\/04\/WhatsApp-Image-2022-04-26-at-12.11.39.jpeg?fit=1600%2C1200&ssl=1","width":1600,"height":1200,"caption":"Drogas estavam escondidas na casa do suspeito, no Parque Vicente Leporace. Homem j\u00e1 tinha passagens pelo mesmo crime | Foto: DISE"},{"@type":"BreadcrumbList","@id":"https:\/\/verdadeon.com.br\/portal\/2022\/04\/26\/homem-e-preso-por-trafico-de-drogas-na-zona-norte-de-franca-4\/#breadcrumb","itemListElement":[{"@type":"ListItem","position":1,"name":"In\u00edcio","item":"https:\/\/verdadeon.com.br\/portal\/"},{"@type":"ListItem","position":2,"name":"Homem \u00e9 preso por tr\u00e1fico de drogas na zona norte de Franca"}]},{"@type":"WebSite","@id":"https:\/\/verdadeon.com.br\/portal\/#website","url":"https:\/\/verdadeon.com.br\/portal\/","name":"VerdadeOn","description":"Not\u00edcias di\u00e1rias sobre Franca, Regi\u00e3o, Esporte, Cultura, Cotidiano, Colunas. Cobertura nos principais eventos da cidade \u00e9 aqui - Verdadeon Franca","potentialAction":[{"@type":"SearchAction","target":{"@type":"EntryPoint","urlTemplate":"https:\/\/verdadeon.com.br\/portal\/?s={search_term_string}"},"query-input":{"@type":"PropertyValueSpecification","valueRequired":true,"valueName":"search_term_string"}}],"inLanguage":"pt-BR"},{"@type":"Person","@id":"https:\/\/verdadeon.com.br\/portal\/#\/schema\/person\/cc32be22b8e8599387c480bc83e1d11a","name":"Fernando Lima","image":{"@type":"ImageObject","inLanguage":"pt-BR","@id":"https:\/\/verdadeon.com.br\/portal\/#\/schema\/person\/image\/","url":"https:\/\/secure.gravatar.com\/avatar\/df4c8e132080d2b3a4841d5d232045464e0eed11a1d6e43115ca0843d48768d3?s=96&d=mm&r=g","contentUrl":"https:\/\/secure.gravatar.com\/avatar\/df4c8e132080d2b3a4841d5d232045464e0eed11a1d6e43115ca0843d48768d3?s=96&d=mm&r=g","caption":"Fernando Lima"},"sameAs":["http:\/\/verdadeon.com.br\/"],"url":"https:\/\/verdadeon.com.br\/portal\/author\/fernando-lima\/"}]}},"jetpack_publicize_connections":[],"jetpack_featured_media_url":"https:\/\/i0.wp.com\/verdadeon.com.br\/portal\/wp-content\/uploads\/2022\/04\/WhatsApp-Image-2022-04-26-at-12.11.39.jpeg?fit=1600%2C1200&ssl=1","jetpack_sharing_enabled":true,"_links":{"self":[{"href":"https:\/\/verdadeon.com.br\/portal\/wp-json\/wp\/v2\/posts\/24683","targetHints":{"allow":["GET"]}}],"collection":[{"href":"https:\/\/verdadeon.com.br\/portal\/wp-json\/wp\/v2\/posts"}],"about":[{"href":"https:\/\/verdadeon.com.br\/portal\/wp-json\/wp\/v2\/types\/post"}],"author":[{"embeddable":true,"href":"https:\/\/verdadeon.com.br\/portal\/wp-json\/wp\/v2\/users\/7"}],"replies":[{"embeddable":true,"href":"https:\/\/verdadeon.com.br\/portal\/wp-json\/wp\/v2\/comments?post=24683"}],"version-history":[{"count":1,"href":"https:\/\/verdadeon.com.br\/portal\/wp-json\/wp\/v2\/posts\/24683\/revisions"}],"predecessor-version":[{"id":24685,"href":"https:\/\/verdadeon.com.br\/portal\/wp-json\/wp\/v2\/posts\/24683\/revisions\/24685"}],"wp:featuredmedia":[{"embeddable":true,"href":"https:\/\/verdadeon.com.br\/portal\/wp-json\/wp\/v2\/media\/24684"}],"wp:attachment":[{"href":"https:\/\/verdadeon.com.br\/portal\/wp-json\/wp\/v2\/media?parent=24683"}],"wp:term":[{"taxonomy":"category","embeddable":true,"href":"https:\/\/verdadeon.com.br\/portal\/wp-json\/wp\/v2\/categories?post=24683"},{"taxonomy":"post_tag","embeddable":true,"href":"https:\/\/verdadeon.com.br\/portal\/wp-json\/wp\/v2\/tags?post=24683"}],"curies":[{"name":"wp","href":"https:\/\/api.w.org\/{rel}","templated":true}]}}