{"id":24660,"date":"2022-04-25T17:08:41","date_gmt":"2022-04-25T20:08:41","guid":{"rendered":"https:\/\/verdadeon.com.br\/portal\/?p=24660"},"modified":"2022-04-25T17:08:41","modified_gmt":"2022-04-25T20:08:41","slug":"preso-homem-que-agrediu-e-abusou-sexualmente-de-ex-namorada-de-16-anos","status":"publish","type":"post","link":"https:\/\/verdadeon.com.br\/portal\/2022\/04\/25\/preso-homem-que-agrediu-e-abusou-sexualmente-de-ex-namorada-de-16-anos\/","title":{"rendered":"Preso homem que agrediu e abusou sexualmente de ex-namorada de 16 anos"},"content":{"rendered":"<h2>O agressor deve ser ouvido nos pr\u00f3ximos dias, por enquanto ele segue recolhido ao Sistema Prisional de Franca<\/h2>\n<p>Foi preso na tarde desta segunda-feira (25), o a\u00e7ougueiro Luiz Gustavo de Oliveira, de 21 anos, ele agrediu e abusou sexualmente da ex-namorada dele, de 16 anos na \u00faltima semana. A Delegacia de Investiga\u00e7\u00f5es Gerais (DIG) de Franca, informou que deu cumprimento ao mandado de pris\u00e3o tempor\u00e1ria, que foi expedido pela Vara do J\u00fari da Comarca, v\u00e1lido por 30 dias.<\/p>\n<p>&#8220;O a\u00e7ougueiro de 22 anos se apresentou na sede da DIG nesta tarde, devidamente acompanhado de seu defensor, e ap\u00f3s ser submetido ao exame de corpo de delito ser\u00e1 recolhido na cadeia p\u00fablica de Franca no Jardim Guanabara. O seu interrogat\u00f3rio ser\u00e1 realizado assim que o laudo de corpo de delito chegar \u00e0s m\u00e3os do delegado M\u00e1rcio Murari, que em conson\u00e2ncia com as demais provas colhidas concluir\u00e1 em quais crimes ser\u00e1 devidamente indiciado, enquanto isso ele permanece preso na citada cadeia p\u00fablica&#8221;, informou a DIG.<\/p>\n<p>O crime foi registrado na \u00faltima segunda-feira (18), na casa dele. Para a pol\u00edcia a menor contou que concordou em ir at\u00e9 a casa do agressor, com quem ela teve um breve relacionamento que acabou por conta dele ser violento. Ap\u00f3s manterem rela\u00e7\u00f5es sexuais, a v\u00edtima se preparava para ir embora, quando passou a ser agredida com socos, chutes e ele inseriu um cabide na regi\u00e3o \u00edntima da adolescente. O homem ainda raspou parte do cabelo da v\u00edtima, que foi socorrida pelo ex-sogro.<\/p>\n<p>Ap\u00f3s as agress\u00f5es ela foi levada at\u00e9 o Pronto Socorro Doutor \u00c1lvaro Azzuz, e a pol\u00edcia foi acionada, o a\u00e7ougueiro estava foragido desde ent\u00e3o, mas agora se entregou e segue preso.<\/p>\n","protected":false},"excerpt":{"rendered":"<p>O agressor deve ser ouvido nos pr\u00f3ximos dias, por enquanto ele segue recolhido ao Sistema Prisional de Franca Foi preso na tarde desta segunda-feira (25), o<span class=\"excerpt-hellip\"> [\u2026]<\/span><\/p>\n","protected":false},"author":7,"featured_media":19520,"comment_status":"open","ping_status":"open","sticky":false,"template":"","format":"standard","meta":{"_jetpack_memberships_contains_paid_content":false,"footnotes":"","jetpack_publicize_message":"","jetpack_publicize_feature_enabled":true,"jetpack_social_post_already_shared":false,"jetpack_social_options":{"image_generator_settings":{"template":"highway","default_image_id":0,"enabled":false},"version":2}},"categories":[28,81],"tags":[],"class_list":["post-24660","post","type-post","status-publish","format-standard","has-post-thumbnail","hentry","category-cotidiano","category-manchete"],"yoast_head":"<!-- This site is optimized with the Yoast SEO plugin v25.6 - https:\/\/yoast.com\/wordpress\/plugins\/seo\/ -->\n<title>Preso homem que agrediu e abusou sexualmente de ex-namorada de 16 anos - VerdadeOn<\/title>\n<meta name=\"robots\" content=\"index, follow, max-snippet:-1, max-image-preview:large, max-video-preview:-1\" \/>\n<link rel=\"canonical\" href=\"https:\/\/verdadeon.com.br\/portal\/2022\/04\/25\/preso-homem-que-agrediu-e-abusou-sexualmente-de-ex-namorada-de-16-anos\/\" \/>\n<meta property=\"og:locale\" content=\"pt_BR\" \/>\n<meta property=\"og:type\" content=\"article\" \/>\n<meta property=\"og:title\" content=\"Preso homem que agrediu e abusou sexualmente de ex-namorada de 16 anos - VerdadeOn\" \/>\n<meta property=\"og:description\" content=\"O agressor deve ser ouvido nos pr\u00f3ximos dias, por enquanto ele segue recolhido ao Sistema Prisional de Franca Foi preso na tarde desta segunda-feira (25), o [\u2026]\" \/>\n<meta property=\"og:url\" content=\"https:\/\/verdadeon.com.br\/portal\/2022\/04\/25\/preso-homem-que-agrediu-e-abusou-sexualmente-de-ex-namorada-de-16-anos\/\" \/>\n<meta property=\"og:site_name\" content=\"VerdadeOn\" \/>\n<meta property=\"article:published_time\" content=\"2022-04-25T20:08:41+00:00\" \/>\n<meta property=\"og:image\" content=\"https:\/\/verdadeon.com.br\/portal\/wp-content\/uploads\/2021\/09\/DIG.jpg\" \/>\n\t<meta property=\"og:image:width\" content=\"1000\" \/>\n\t<meta property=\"og:image:height\" content=\"668\" \/>\n\t<meta property=\"og:image:type\" content=\"image\/jpeg\" \/>\n<meta name=\"author\" content=\"Fernando Lima\" \/>\n<meta name=\"twitter:card\" content=\"summary_large_image\" \/>\n<meta name=\"twitter:label1\" content=\"Escrito por\" \/>\n\t<meta name=\"twitter:data1\" content=\"Fernando Lima\" \/>\n\t<meta name=\"twitter:label2\" content=\"Est. tempo de leitura\" \/>\n\t<meta name=\"twitter:data2\" content=\"2 minutos\" \/>\n<script type=\"application\/ld+json\" class=\"yoast-schema-graph\">{\"@context\":\"https:\/\/schema.org\",\"@graph\":[{\"@type\":\"WebPage\",\"@id\":\"https:\/\/verdadeon.com.br\/portal\/2022\/04\/25\/preso-homem-que-agrediu-e-abusou-sexualmente-de-ex-namorada-de-16-anos\/\",\"url\":\"https:\/\/verdadeon.com.br\/portal\/2022\/04\/25\/preso-homem-que-agrediu-e-abusou-sexualmente-de-ex-namorada-de-16-anos\/\",\"name\":\"Preso homem que agrediu e abusou sexualmente de ex-namorada de 16 anos - VerdadeOn\",\"isPartOf\":{\"@id\":\"https:\/\/verdadeon.com.br\/portal\/#website\"},\"primaryImageOfPage\":{\"@id\":\"https:\/\/verdadeon.com.br\/portal\/2022\/04\/25\/preso-homem-que-agrediu-e-abusou-sexualmente-de-ex-namorada-de-16-anos\/#primaryimage\"},\"image\":{\"@id\":\"https:\/\/verdadeon.com.br\/portal\/2022\/04\/25\/preso-homem-que-agrediu-e-abusou-sexualmente-de-ex-namorada-de-16-anos\/#primaryimage\"},\"thumbnailUrl\":\"https:\/\/i0.wp.com\/verdadeon.com.br\/portal\/wp-content\/uploads\/2021\/09\/DIG.jpg?fit=1000%2C668&ssl=1\",\"datePublished\":\"2022-04-25T20:08:41+00:00\",\"author\":{\"@id\":\"https:\/\/verdadeon.com.br\/portal\/#\/schema\/person\/cc32be22b8e8599387c480bc83e1d11a\"},\"breadcrumb\":{\"@id\":\"https:\/\/verdadeon.com.br\/portal\/2022\/04\/25\/preso-homem-que-agrediu-e-abusou-sexualmente-de-ex-namorada-de-16-anos\/#breadcrumb\"},\"inLanguage\":\"pt-BR\",\"potentialAction\":[{\"@type\":\"ReadAction\",\"target\":[\"https:\/\/verdadeon.com.br\/portal\/2022\/04\/25\/preso-homem-que-agrediu-e-abusou-sexualmente-de-ex-namorada-de-16-anos\/\"]}]},{\"@type\":\"ImageObject\",\"inLanguage\":\"pt-BR\",\"@id\":\"https:\/\/verdadeon.com.br\/portal\/2022\/04\/25\/preso-homem-que-agrediu-e-abusou-sexualmente-de-ex-namorada-de-16-anos\/#primaryimage\",\"url\":\"https:\/\/i0.wp.com\/verdadeon.com.br\/portal\/wp-content\/uploads\/2021\/09\/DIG.jpg?fit=1000%2C668&ssl=1\",\"contentUrl\":\"https:\/\/i0.wp.com\/verdadeon.com.br\/portal\/wp-content\/uploads\/2021\/09\/DIG.jpg?fit=1000%2C668&ssl=1\",\"width\":1000,\"height\":668,\"caption\":\"O autor do crime se apresentou nesta quinta-feira na DIG, onde foi ouvido e liberado | Foto: Jornal Verdade\"},{\"@type\":\"BreadcrumbList\",\"@id\":\"https:\/\/verdadeon.com.br\/portal\/2022\/04\/25\/preso-homem-que-agrediu-e-abusou-sexualmente-de-ex-namorada-de-16-anos\/#breadcrumb\",\"itemListElement\":[{\"@type\":\"ListItem\",\"position\":1,\"name\":\"In\u00edcio\",\"item\":\"https:\/\/verdadeon.com.br\/portal\/\"},{\"@type\":\"ListItem\",\"position\":2,\"name\":\"Preso homem que agrediu e abusou sexualmente de ex-namorada de 16 anos\"}]},{\"@type\":\"WebSite\",\"@id\":\"https:\/\/verdadeon.com.br\/portal\/#website\",\"url\":\"https:\/\/verdadeon.com.br\/portal\/\",\"name\":\"VerdadeOn\",\"description\":\"Not\u00edcias di\u00e1rias sobre Franca, Regi\u00e3o, Esporte, Cultura, Cotidiano, Colunas. Cobertura nos principais eventos da cidade \u00e9 aqui - Verdadeon Franca\",\"potentialAction\":[{\"@type\":\"SearchAction\",\"target\":{\"@type\":\"EntryPoint\",\"urlTemplate\":\"https:\/\/verdadeon.com.br\/portal\/?s={search_term_string}\"},\"query-input\":{\"@type\":\"PropertyValueSpecification\",\"valueRequired\":true,\"valueName\":\"search_term_string\"}}],\"inLanguage\":\"pt-BR\"},{\"@type\":\"Person\",\"@id\":\"https:\/\/verdadeon.com.br\/portal\/#\/schema\/person\/cc32be22b8e8599387c480bc83e1d11a\",\"name\":\"Fernando Lima\",\"image\":{\"@type\":\"ImageObject\",\"inLanguage\":\"pt-BR\",\"@id\":\"https:\/\/verdadeon.com.br\/portal\/#\/schema\/person\/image\/\",\"url\":\"https:\/\/secure.gravatar.com\/avatar\/df4c8e132080d2b3a4841d5d232045464e0eed11a1d6e43115ca0843d48768d3?s=96&d=mm&r=g\",\"contentUrl\":\"https:\/\/secure.gravatar.com\/avatar\/df4c8e132080d2b3a4841d5d232045464e0eed11a1d6e43115ca0843d48768d3?s=96&d=mm&r=g\",\"caption\":\"Fernando Lima\"},\"sameAs\":[\"http:\/\/verdadeon.com.br\/\"],\"url\":\"https:\/\/verdadeon.com.br\/portal\/author\/fernando-lima\/\"}]}<\/script>\n<!-- \/ Yoast SEO plugin. -->","yoast_head_json":{"title":"Preso homem que agrediu e abusou sexualmente de ex-namorada de 16 anos - VerdadeOn","robots":{"index":"index","follow":"follow","max-snippet":"max-snippet:-1","max-image-preview":"max-image-preview:large","max-video-preview":"max-video-preview:-1"},"canonical":"https:\/\/verdadeon.com.br\/portal\/2022\/04\/25\/preso-homem-que-agrediu-e-abusou-sexualmente-de-ex-namorada-de-16-anos\/","og_locale":"pt_BR","og_type":"article","og_title":"Preso homem que agrediu e abusou sexualmente de ex-namorada de 16 anos - VerdadeOn","og_description":"O agressor deve ser ouvido nos pr\u00f3ximos dias, por enquanto ele segue recolhido ao Sistema Prisional de Franca Foi preso na tarde desta segunda-feira (25), o [\u2026]","og_url":"https:\/\/verdadeon.com.br\/portal\/2022\/04\/25\/preso-homem-que-agrediu-e-abusou-sexualmente-de-ex-namorada-de-16-anos\/","og_site_name":"VerdadeOn","article_published_time":"2022-04-25T20:08:41+00:00","og_image":[{"width":1000,"height":668,"url":"https:\/\/verdadeon.com.br\/portal\/wp-content\/uploads\/2021\/09\/DIG.jpg","type":"image\/jpeg"}],"author":"Fernando Lima","twitter_card":"summary_large_image","twitter_misc":{"Escrito por":"Fernando Lima","Est. tempo de leitura":"2 minutos"},"schema":{"@context":"https:\/\/schema.org","@graph":[{"@type":"WebPage","@id":"https:\/\/verdadeon.com.br\/portal\/2022\/04\/25\/preso-homem-que-agrediu-e-abusou-sexualmente-de-ex-namorada-de-16-anos\/","url":"https:\/\/verdadeon.com.br\/portal\/2022\/04\/25\/preso-homem-que-agrediu-e-abusou-sexualmente-de-ex-namorada-de-16-anos\/","name":"Preso homem que agrediu e abusou sexualmente de ex-namorada de 16 anos - VerdadeOn","isPartOf":{"@id":"https:\/\/verdadeon.com.br\/portal\/#website"},"primaryImageOfPage":{"@id":"https:\/\/verdadeon.com.br\/portal\/2022\/04\/25\/preso-homem-que-agrediu-e-abusou-sexualmente-de-ex-namorada-de-16-anos\/#primaryimage"},"image":{"@id":"https:\/\/verdadeon.com.br\/portal\/2022\/04\/25\/preso-homem-que-agrediu-e-abusou-sexualmente-de-ex-namorada-de-16-anos\/#primaryimage"},"thumbnailUrl":"https:\/\/i0.wp.com\/verdadeon.com.br\/portal\/wp-content\/uploads\/2021\/09\/DIG.jpg?fit=1000%2C668&ssl=1","datePublished":"2022-04-25T20:08:41+00:00","author":{"@id":"https:\/\/verdadeon.com.br\/portal\/#\/schema\/person\/cc32be22b8e8599387c480bc83e1d11a"},"breadcrumb":{"@id":"https:\/\/verdadeon.com.br\/portal\/2022\/04\/25\/preso-homem-que-agrediu-e-abusou-sexualmente-de-ex-namorada-de-16-anos\/#breadcrumb"},"inLanguage":"pt-BR","potentialAction":[{"@type":"ReadAction","target":["https:\/\/verdadeon.com.br\/portal\/2022\/04\/25\/preso-homem-que-agrediu-e-abusou-sexualmente-de-ex-namorada-de-16-anos\/"]}]},{"@type":"ImageObject","inLanguage":"pt-BR","@id":"https:\/\/verdadeon.com.br\/portal\/2022\/04\/25\/preso-homem-que-agrediu-e-abusou-sexualmente-de-ex-namorada-de-16-anos\/#primaryimage","url":"https:\/\/i0.wp.com\/verdadeon.com.br\/portal\/wp-content\/uploads\/2021\/09\/DIG.jpg?fit=1000%2C668&ssl=1","contentUrl":"https:\/\/i0.wp.com\/verdadeon.com.br\/portal\/wp-content\/uploads\/2021\/09\/DIG.jpg?fit=1000%2C668&ssl=1","width":1000,"height":668,"caption":"O autor do crime se apresentou nesta quinta-feira na DIG, onde foi ouvido e liberado | Foto: Jornal Verdade"},{"@type":"BreadcrumbList","@id":"https:\/\/verdadeon.com.br\/portal\/2022\/04\/25\/preso-homem-que-agrediu-e-abusou-sexualmente-de-ex-namorada-de-16-anos\/#breadcrumb","itemListElement":[{"@type":"ListItem","position":1,"name":"In\u00edcio","item":"https:\/\/verdadeon.com.br\/portal\/"},{"@type":"ListItem","position":2,"name":"Preso homem que agrediu e abusou sexualmente de ex-namorada de 16 anos"}]},{"@type":"WebSite","@id":"https:\/\/verdadeon.com.br\/portal\/#website","url":"https:\/\/verdadeon.com.br\/portal\/","name":"VerdadeOn","description":"Not\u00edcias di\u00e1rias sobre Franca, Regi\u00e3o, Esporte, Cultura, Cotidiano, Colunas. Cobertura nos principais eventos da cidade \u00e9 aqui - Verdadeon Franca","potentialAction":[{"@type":"SearchAction","target":{"@type":"EntryPoint","urlTemplate":"https:\/\/verdadeon.com.br\/portal\/?s={search_term_string}"},"query-input":{"@type":"PropertyValueSpecification","valueRequired":true,"valueName":"search_term_string"}}],"inLanguage":"pt-BR"},{"@type":"Person","@id":"https:\/\/verdadeon.com.br\/portal\/#\/schema\/person\/cc32be22b8e8599387c480bc83e1d11a","name":"Fernando Lima","image":{"@type":"ImageObject","inLanguage":"pt-BR","@id":"https:\/\/verdadeon.com.br\/portal\/#\/schema\/person\/image\/","url":"https:\/\/secure.gravatar.com\/avatar\/df4c8e132080d2b3a4841d5d232045464e0eed11a1d6e43115ca0843d48768d3?s=96&d=mm&r=g","contentUrl":"https:\/\/secure.gravatar.com\/avatar\/df4c8e132080d2b3a4841d5d232045464e0eed11a1d6e43115ca0843d48768d3?s=96&d=mm&r=g","caption":"Fernando Lima"},"sameAs":["http:\/\/verdadeon.com.br\/"],"url":"https:\/\/verdadeon.com.br\/portal\/author\/fernando-lima\/"}]}},"jetpack_publicize_connections":[],"jetpack_featured_media_url":"https:\/\/i0.wp.com\/verdadeon.com.br\/portal\/wp-content\/uploads\/2021\/09\/DIG.jpg?fit=1000%2C668&ssl=1","jetpack_sharing_enabled":true,"_links":{"self":[{"href":"https:\/\/verdadeon.com.br\/portal\/wp-json\/wp\/v2\/posts\/24660","targetHints":{"allow":["GET"]}}],"collection":[{"href":"https:\/\/verdadeon.com.br\/portal\/wp-json\/wp\/v2\/posts"}],"about":[{"href":"https:\/\/verdadeon.com.br\/portal\/wp-json\/wp\/v2\/types\/post"}],"author":[{"embeddable":true,"href":"https:\/\/verdadeon.com.br\/portal\/wp-json\/wp\/v2\/users\/7"}],"replies":[{"embeddable":true,"href":"https:\/\/verdadeon.com.br\/portal\/wp-json\/wp\/v2\/comments?post=24660"}],"version-history":[{"count":1,"href":"https:\/\/verdadeon.com.br\/portal\/wp-json\/wp\/v2\/posts\/24660\/revisions"}],"predecessor-version":[{"id":24661,"href":"https:\/\/verdadeon.com.br\/portal\/wp-json\/wp\/v2\/posts\/24660\/revisions\/24661"}],"wp:featuredmedia":[{"embeddable":true,"href":"https:\/\/verdadeon.com.br\/portal\/wp-json\/wp\/v2\/media\/19520"}],"wp:attachment":[{"href":"https:\/\/verdadeon.com.br\/portal\/wp-json\/wp\/v2\/media?parent=24660"}],"wp:term":[{"taxonomy":"category","embeddable":true,"href":"https:\/\/verdadeon.com.br\/portal\/wp-json\/wp\/v2\/categories?post=24660"},{"taxonomy":"post_tag","embeddable":true,"href":"https:\/\/verdadeon.com.br\/portal\/wp-json\/wp\/v2\/tags?post=24660"}],"curies":[{"name":"wp","href":"https:\/\/api.w.org\/{rel}","templated":true}]}}