{"id":24607,"date":"2022-04-22T15:38:19","date_gmt":"2022-04-22T18:38:19","guid":{"rendered":"https:\/\/verdadeon.com.br\/portal\/?p=24607"},"modified":"2022-04-22T15:38:19","modified_gmt":"2022-04-22T18:38:19","slug":"ima-sofre-com-onda-de-furtos-foram-cinco-em-apenas-dois-meses","status":"publish","type":"post","link":"https:\/\/verdadeon.com.br\/portal\/2022\/04\/22\/ima-sofre-com-onda-de-furtos-foram-cinco-em-apenas-dois-meses\/","title":{"rendered":"IMA sofre com onda de furtos, foram cinco em apenas dois meses"},"content":{"rendered":"<h2>Institui\u00e7\u00e3o contratou seguran\u00e7as para vigiar o pr\u00e9dio a noite, na \u00faltima segunda-feira um homem foi preso<\/h2>\n<p>Fernando Lima<\/p>\n<p>O Instituto de Medicina do Al\u00e9m (IMA), sofre com a falta de seguran\u00e7a. A institui\u00e7\u00e3o foi alvo de ladr\u00f5es cinco vezes em um per\u00edodo de dois meses. \u201cA sensa\u00e7\u00e3o \u00e9 de inseguran\u00e7a, revolta e impot\u00eancia. A gente entende que est\u00e1 dif\u00edcil para todo mundo, as pessoas est\u00e3o enfrentando grandes dificuldades, mas nada justifica isso\u201d, desabafou Wellington Berbel, um dos respons\u00e1veis pelo IMA.<\/p>\n<p>Wellington contou tamb\u00e9m que a frequ\u00eancia de furtos na unidade mudou a rotina, eles tiveram que se adaptar. \u201cContratamos seguran\u00e7as, ele chega por volta das cinco da tarde e fica at\u00e9 as sete da manh\u00e3. Aqui existem equipamentos caros, que s\u00e3o usados para ajudar a popula\u00e7\u00e3o. Eles levaram equipamentos, mas principalmente fia\u00e7\u00e3o el\u00e9trica. Da \u00faltima vez o funcion\u00e1rio flagrou tr\u00eas homens furtando o rel\u00f3gio de medi\u00e7\u00e3o de energia. Dois conseguiram fugir e seguramos um at\u00e9 a chegada da Pol\u00edcia Militar\u201d.<\/p>\n<p>Em todos os epis\u00f3dios de furto a diretoria do IMA registrou boletim de ocorr\u00eancia. O IMA \u00e9 conhecido nacionalmente pelas chamadas cirurgias espirituais, pessoas do pa\u00eds inteiro, do exterior e at\u00e9 mesmo famosos j\u00e1 frequentaram a unidade. &#8220;\u00c9 um trabalho reconhecido. A gente vem sempre com uma mensagem de paz, de consolo, sempre com a inten\u00e7\u00e3o de ajudar. A entidade distribuiu e ainda distribui cestas b\u00e1sicas para pessoas necessitadas, ainda mais no per\u00edodo da pandemia. Mas corremos o risco de esse servi\u00e7o ficar comprometido, j\u00e1 que estamos tendo muitos preju\u00edzos com furtos. S\u00f3 a compra do rel\u00f3gio que foi furtado, fia\u00e7\u00e3o, al\u00e9m da m\u00e3o de obra, foram R$3 mil. \u00c9 um dinheiro que faz muita falta&#8221;, finalizou.<\/p>\n<h4>Zona norte<\/h4>\n<p>O Instituto de Medicina do Al\u00e9m fica no Recreio Campo Belo, na zona norte de Franca. A regi\u00e3o viu os \u00edndices de criminalidade aumentarem neste in\u00edcio de 2022.<\/p>\n<p>Os dados da Secretaria de Seguran\u00e7a P\u00fablica (SSP), apontam que em janeiro e fevereiro foram 130 furtos, contra 97 do mesmo per\u00edodo do ano passado, um aumento de 34%.<\/p>\n<p>J\u00e1 os roubos em janeiro e fevereiro deste ano, foram 17, contra apenas 3 do ano passado, aumento de 466%.<\/p>\n<h4>Retorno<\/h4>\n<p>O Jornal Verdade entrou em contato com a Secretaria de Seguran\u00e7a P\u00fablica de S\u00e3o Paulo (SSP), para pedir um posicionamento sobre a falta de seguran\u00e7a na zona norte de Franca. Confira a resposta:<\/p>\n<p>\u201cAs for\u00e7as de seguran\u00e7a estaduais atuam de maneira integrada para combater todas as modalidades criminosas, incluindo crimes contra o patrim\u00f4nio, e proteger a popula\u00e7\u00e3o em toda a cidade de Franca. A Pol\u00edcia Militar, por meio do CPI-3, analisa periodicamente as \u00e1reas com maior incid\u00eancia criminal para realizar opera\u00e7\u00f5es espec\u00edficas, como a Interior Mais Seguro e a Rodovia Mais Segura. Al\u00e9m disso, as a\u00e7\u00f5es de policiamento ostensivo, preventivo e de pol\u00edcia judici\u00e1ria foram intensificadas em todas as regi\u00f5es do Estado. O trabalho conjunto entre as pol\u00edcias Civil e Militar no munic\u00edpio, por exemplo, resultou em um aumento de 9,39% na quantidade de pessoas detidas no ano de 2021, em compara\u00e7\u00e3o com 2020, somando 1.782 deten\u00e7\u00f5es. Se analisadas as armas de fogo ilegais retiradas das ruas, em igual per\u00edodo comparativo, o n\u00famero mais que dobrou, passando de 69 para 156\u201d.<\/p>\n","protected":false},"excerpt":{"rendered":"<p>Institui\u00e7\u00e3o contratou seguran\u00e7as para vigiar o pr\u00e9dio a noite, na \u00faltima segunda-feira um homem foi preso Fernando Lima O Instituto de Medicina do Al\u00e9m (IMA), sofre<span class=\"excerpt-hellip\"> [\u2026]<\/span><\/p>\n","protected":false},"author":7,"featured_media":24616,"comment_status":"open","ping_status":"open","sticky":false,"template":"","format":"standard","meta":{"_jetpack_memberships_contains_paid_content":false,"footnotes":"","jetpack_publicize_message":"","jetpack_publicize_feature_enabled":true,"jetpack_social_post_already_shared":false,"jetpack_social_options":{"image_generator_settings":{"template":"highway","default_image_id":0,"enabled":false},"version":2}},"categories":[28,81],"tags":[],"class_list":["post-24607","post","type-post","status-publish","format-standard","has-post-thumbnail","hentry","category-cotidiano","category-manchete"],"yoast_head":"<!-- This site is optimized with the Yoast SEO plugin v25.6 - https:\/\/yoast.com\/wordpress\/plugins\/seo\/ -->\n<title>IMA sofre com onda de furtos, foram cinco em apenas dois meses - VerdadeOn<\/title>\n<meta name=\"robots\" content=\"index, follow, max-snippet:-1, max-image-preview:large, max-video-preview:-1\" \/>\n<link rel=\"canonical\" href=\"https:\/\/verdadeon.com.br\/portal\/2022\/04\/22\/ima-sofre-com-onda-de-furtos-foram-cinco-em-apenas-dois-meses\/\" \/>\n<meta property=\"og:locale\" content=\"pt_BR\" \/>\n<meta property=\"og:type\" content=\"article\" \/>\n<meta property=\"og:title\" content=\"IMA sofre com onda de furtos, foram cinco em apenas dois meses - VerdadeOn\" \/>\n<meta property=\"og:description\" content=\"Institui\u00e7\u00e3o contratou seguran\u00e7as para vigiar o pr\u00e9dio a noite, na \u00faltima segunda-feira um homem foi preso Fernando Lima O Instituto de Medicina do Al\u00e9m (IMA), sofre [\u2026]\" \/>\n<meta property=\"og:url\" content=\"https:\/\/verdadeon.com.br\/portal\/2022\/04\/22\/ima-sofre-com-onda-de-furtos-foram-cinco-em-apenas-dois-meses\/\" \/>\n<meta property=\"og:site_name\" content=\"VerdadeOn\" \/>\n<meta property=\"article:published_time\" content=\"2022-04-22T18:38:19+00:00\" \/>\n<meta property=\"og:image\" content=\"https:\/\/verdadeon.com.br\/portal\/wp-content\/uploads\/2022\/04\/WhatsApp-Image-2022-04-22-at-15.25.59.jpeg\" \/>\n\t<meta property=\"og:image:width\" content=\"1000\" \/>\n\t<meta property=\"og:image:height\" content=\"670\" \/>\n\t<meta property=\"og:image:type\" content=\"image\/jpeg\" \/>\n<meta name=\"author\" content=\"Fernando Lima\" \/>\n<meta name=\"twitter:card\" content=\"summary_large_image\" \/>\n<meta name=\"twitter:label1\" content=\"Escrito por\" \/>\n\t<meta name=\"twitter:data1\" content=\"Fernando Lima\" \/>\n\t<meta name=\"twitter:label2\" content=\"Est. tempo de leitura\" \/>\n\t<meta name=\"twitter:data2\" content=\"3 minutos\" \/>\n<script type=\"application\/ld+json\" class=\"yoast-schema-graph\">{\"@context\":\"https:\/\/schema.org\",\"@graph\":[{\"@type\":\"WebPage\",\"@id\":\"https:\/\/verdadeon.com.br\/portal\/2022\/04\/22\/ima-sofre-com-onda-de-furtos-foram-cinco-em-apenas-dois-meses\/\",\"url\":\"https:\/\/verdadeon.com.br\/portal\/2022\/04\/22\/ima-sofre-com-onda-de-furtos-foram-cinco-em-apenas-dois-meses\/\",\"name\":\"IMA sofre com onda de furtos, foram cinco em apenas dois meses - VerdadeOn\",\"isPartOf\":{\"@id\":\"https:\/\/verdadeon.com.br\/portal\/#website\"},\"primaryImageOfPage\":{\"@id\":\"https:\/\/verdadeon.com.br\/portal\/2022\/04\/22\/ima-sofre-com-onda-de-furtos-foram-cinco-em-apenas-dois-meses\/#primaryimage\"},\"image\":{\"@id\":\"https:\/\/verdadeon.com.br\/portal\/2022\/04\/22\/ima-sofre-com-onda-de-furtos-foram-cinco-em-apenas-dois-meses\/#primaryimage\"},\"thumbnailUrl\":\"https:\/\/i0.wp.com\/verdadeon.com.br\/portal\/wp-content\/uploads\/2022\/04\/WhatsApp-Image-2022-04-22-at-15.25.59.jpeg?fit=1000%2C670&ssl=1\",\"datePublished\":\"2022-04-22T18:38:19+00:00\",\"author\":{\"@id\":\"https:\/\/verdadeon.com.br\/portal\/#\/schema\/person\/cc32be22b8e8599387c480bc83e1d11a\"},\"breadcrumb\":{\"@id\":\"https:\/\/verdadeon.com.br\/portal\/2022\/04\/22\/ima-sofre-com-onda-de-furtos-foram-cinco-em-apenas-dois-meses\/#breadcrumb\"},\"inLanguage\":\"pt-BR\",\"potentialAction\":[{\"@type\":\"ReadAction\",\"target\":[\"https:\/\/verdadeon.com.br\/portal\/2022\/04\/22\/ima-sofre-com-onda-de-furtos-foram-cinco-em-apenas-dois-meses\/\"]}]},{\"@type\":\"ImageObject\",\"inLanguage\":\"pt-BR\",\"@id\":\"https:\/\/verdadeon.com.br\/portal\/2022\/04\/22\/ima-sofre-com-onda-de-furtos-foram-cinco-em-apenas-dois-meses\/#primaryimage\",\"url\":\"https:\/\/i0.wp.com\/verdadeon.com.br\/portal\/wp-content\/uploads\/2022\/04\/WhatsApp-Image-2022-04-22-at-15.25.59.jpeg?fit=1000%2C670&ssl=1\",\"contentUrl\":\"https:\/\/i0.wp.com\/verdadeon.com.br\/portal\/wp-content\/uploads\/2022\/04\/WhatsApp-Image-2022-04-22-at-15.25.59.jpeg?fit=1000%2C670&ssl=1\",\"width\":1000,\"height\":670,\"caption\":\"Hospital da Caridade faz parte do IMA, o complexo que tem outros servi\u00e7os, todos gratuitos, tem sofrido com a a\u00e7\u00e3o de criminosos | Foto: IMA\"},{\"@type\":\"BreadcrumbList\",\"@id\":\"https:\/\/verdadeon.com.br\/portal\/2022\/04\/22\/ima-sofre-com-onda-de-furtos-foram-cinco-em-apenas-dois-meses\/#breadcrumb\",\"itemListElement\":[{\"@type\":\"ListItem\",\"position\":1,\"name\":\"In\u00edcio\",\"item\":\"https:\/\/verdadeon.com.br\/portal\/\"},{\"@type\":\"ListItem\",\"position\":2,\"name\":\"IMA sofre com onda de furtos, foram cinco em apenas dois meses\"}]},{\"@type\":\"WebSite\",\"@id\":\"https:\/\/verdadeon.com.br\/portal\/#website\",\"url\":\"https:\/\/verdadeon.com.br\/portal\/\",\"name\":\"VerdadeOn\",\"description\":\"Not\u00edcias di\u00e1rias sobre Franca, Regi\u00e3o, Esporte, Cultura, Cotidiano, Colunas. Cobertura nos principais eventos da cidade \u00e9 aqui - Verdadeon Franca\",\"potentialAction\":[{\"@type\":\"SearchAction\",\"target\":{\"@type\":\"EntryPoint\",\"urlTemplate\":\"https:\/\/verdadeon.com.br\/portal\/?s={search_term_string}\"},\"query-input\":{\"@type\":\"PropertyValueSpecification\",\"valueRequired\":true,\"valueName\":\"search_term_string\"}}],\"inLanguage\":\"pt-BR\"},{\"@type\":\"Person\",\"@id\":\"https:\/\/verdadeon.com.br\/portal\/#\/schema\/person\/cc32be22b8e8599387c480bc83e1d11a\",\"name\":\"Fernando Lima\",\"image\":{\"@type\":\"ImageObject\",\"inLanguage\":\"pt-BR\",\"@id\":\"https:\/\/verdadeon.com.br\/portal\/#\/schema\/person\/image\/\",\"url\":\"https:\/\/secure.gravatar.com\/avatar\/df4c8e132080d2b3a4841d5d232045464e0eed11a1d6e43115ca0843d48768d3?s=96&d=mm&r=g\",\"contentUrl\":\"https:\/\/secure.gravatar.com\/avatar\/df4c8e132080d2b3a4841d5d232045464e0eed11a1d6e43115ca0843d48768d3?s=96&d=mm&r=g\",\"caption\":\"Fernando Lima\"},\"sameAs\":[\"http:\/\/verdadeon.com.br\/\"],\"url\":\"https:\/\/verdadeon.com.br\/portal\/author\/fernando-lima\/\"}]}<\/script>\n<!-- \/ Yoast SEO plugin. -->","yoast_head_json":{"title":"IMA sofre com onda de furtos, foram cinco em apenas dois meses - VerdadeOn","robots":{"index":"index","follow":"follow","max-snippet":"max-snippet:-1","max-image-preview":"max-image-preview:large","max-video-preview":"max-video-preview:-1"},"canonical":"https:\/\/verdadeon.com.br\/portal\/2022\/04\/22\/ima-sofre-com-onda-de-furtos-foram-cinco-em-apenas-dois-meses\/","og_locale":"pt_BR","og_type":"article","og_title":"IMA sofre com onda de furtos, foram cinco em apenas dois meses - VerdadeOn","og_description":"Institui\u00e7\u00e3o contratou seguran\u00e7as para vigiar o pr\u00e9dio a noite, na \u00faltima segunda-feira um homem foi preso Fernando Lima O Instituto de Medicina do Al\u00e9m (IMA), sofre [\u2026]","og_url":"https:\/\/verdadeon.com.br\/portal\/2022\/04\/22\/ima-sofre-com-onda-de-furtos-foram-cinco-em-apenas-dois-meses\/","og_site_name":"VerdadeOn","article_published_time":"2022-04-22T18:38:19+00:00","og_image":[{"width":1000,"height":670,"url":"https:\/\/verdadeon.com.br\/portal\/wp-content\/uploads\/2022\/04\/WhatsApp-Image-2022-04-22-at-15.25.59.jpeg","type":"image\/jpeg"}],"author":"Fernando Lima","twitter_card":"summary_large_image","twitter_misc":{"Escrito por":"Fernando Lima","Est. tempo de leitura":"3 minutos"},"schema":{"@context":"https:\/\/schema.org","@graph":[{"@type":"WebPage","@id":"https:\/\/verdadeon.com.br\/portal\/2022\/04\/22\/ima-sofre-com-onda-de-furtos-foram-cinco-em-apenas-dois-meses\/","url":"https:\/\/verdadeon.com.br\/portal\/2022\/04\/22\/ima-sofre-com-onda-de-furtos-foram-cinco-em-apenas-dois-meses\/","name":"IMA sofre com onda de furtos, foram cinco em apenas dois meses - VerdadeOn","isPartOf":{"@id":"https:\/\/verdadeon.com.br\/portal\/#website"},"primaryImageOfPage":{"@id":"https:\/\/verdadeon.com.br\/portal\/2022\/04\/22\/ima-sofre-com-onda-de-furtos-foram-cinco-em-apenas-dois-meses\/#primaryimage"},"image":{"@id":"https:\/\/verdadeon.com.br\/portal\/2022\/04\/22\/ima-sofre-com-onda-de-furtos-foram-cinco-em-apenas-dois-meses\/#primaryimage"},"thumbnailUrl":"https:\/\/i0.wp.com\/verdadeon.com.br\/portal\/wp-content\/uploads\/2022\/04\/WhatsApp-Image-2022-04-22-at-15.25.59.jpeg?fit=1000%2C670&ssl=1","datePublished":"2022-04-22T18:38:19+00:00","author":{"@id":"https:\/\/verdadeon.com.br\/portal\/#\/schema\/person\/cc32be22b8e8599387c480bc83e1d11a"},"breadcrumb":{"@id":"https:\/\/verdadeon.com.br\/portal\/2022\/04\/22\/ima-sofre-com-onda-de-furtos-foram-cinco-em-apenas-dois-meses\/#breadcrumb"},"inLanguage":"pt-BR","potentialAction":[{"@type":"ReadAction","target":["https:\/\/verdadeon.com.br\/portal\/2022\/04\/22\/ima-sofre-com-onda-de-furtos-foram-cinco-em-apenas-dois-meses\/"]}]},{"@type":"ImageObject","inLanguage":"pt-BR","@id":"https:\/\/verdadeon.com.br\/portal\/2022\/04\/22\/ima-sofre-com-onda-de-furtos-foram-cinco-em-apenas-dois-meses\/#primaryimage","url":"https:\/\/i0.wp.com\/verdadeon.com.br\/portal\/wp-content\/uploads\/2022\/04\/WhatsApp-Image-2022-04-22-at-15.25.59.jpeg?fit=1000%2C670&ssl=1","contentUrl":"https:\/\/i0.wp.com\/verdadeon.com.br\/portal\/wp-content\/uploads\/2022\/04\/WhatsApp-Image-2022-04-22-at-15.25.59.jpeg?fit=1000%2C670&ssl=1","width":1000,"height":670,"caption":"Hospital da Caridade faz parte do IMA, o complexo que tem outros servi\u00e7os, todos gratuitos, tem sofrido com a a\u00e7\u00e3o de criminosos | Foto: IMA"},{"@type":"BreadcrumbList","@id":"https:\/\/verdadeon.com.br\/portal\/2022\/04\/22\/ima-sofre-com-onda-de-furtos-foram-cinco-em-apenas-dois-meses\/#breadcrumb","itemListElement":[{"@type":"ListItem","position":1,"name":"In\u00edcio","item":"https:\/\/verdadeon.com.br\/portal\/"},{"@type":"ListItem","position":2,"name":"IMA sofre com onda de furtos, foram cinco em apenas dois meses"}]},{"@type":"WebSite","@id":"https:\/\/verdadeon.com.br\/portal\/#website","url":"https:\/\/verdadeon.com.br\/portal\/","name":"VerdadeOn","description":"Not\u00edcias di\u00e1rias sobre Franca, Regi\u00e3o, Esporte, Cultura, Cotidiano, Colunas. Cobertura nos principais eventos da cidade \u00e9 aqui - Verdadeon Franca","potentialAction":[{"@type":"SearchAction","target":{"@type":"EntryPoint","urlTemplate":"https:\/\/verdadeon.com.br\/portal\/?s={search_term_string}"},"query-input":{"@type":"PropertyValueSpecification","valueRequired":true,"valueName":"search_term_string"}}],"inLanguage":"pt-BR"},{"@type":"Person","@id":"https:\/\/verdadeon.com.br\/portal\/#\/schema\/person\/cc32be22b8e8599387c480bc83e1d11a","name":"Fernando Lima","image":{"@type":"ImageObject","inLanguage":"pt-BR","@id":"https:\/\/verdadeon.com.br\/portal\/#\/schema\/person\/image\/","url":"https:\/\/secure.gravatar.com\/avatar\/df4c8e132080d2b3a4841d5d232045464e0eed11a1d6e43115ca0843d48768d3?s=96&d=mm&r=g","contentUrl":"https:\/\/secure.gravatar.com\/avatar\/df4c8e132080d2b3a4841d5d232045464e0eed11a1d6e43115ca0843d48768d3?s=96&d=mm&r=g","caption":"Fernando Lima"},"sameAs":["http:\/\/verdadeon.com.br\/"],"url":"https:\/\/verdadeon.com.br\/portal\/author\/fernando-lima\/"}]}},"jetpack_publicize_connections":[],"jetpack_featured_media_url":"https:\/\/i0.wp.com\/verdadeon.com.br\/portal\/wp-content\/uploads\/2022\/04\/WhatsApp-Image-2022-04-22-at-15.25.59.jpeg?fit=1000%2C670&ssl=1","jetpack_sharing_enabled":true,"_links":{"self":[{"href":"https:\/\/verdadeon.com.br\/portal\/wp-json\/wp\/v2\/posts\/24607","targetHints":{"allow":["GET"]}}],"collection":[{"href":"https:\/\/verdadeon.com.br\/portal\/wp-json\/wp\/v2\/posts"}],"about":[{"href":"https:\/\/verdadeon.com.br\/portal\/wp-json\/wp\/v2\/types\/post"}],"author":[{"embeddable":true,"href":"https:\/\/verdadeon.com.br\/portal\/wp-json\/wp\/v2\/users\/7"}],"replies":[{"embeddable":true,"href":"https:\/\/verdadeon.com.br\/portal\/wp-json\/wp\/v2\/comments?post=24607"}],"version-history":[{"count":1,"href":"https:\/\/verdadeon.com.br\/portal\/wp-json\/wp\/v2\/posts\/24607\/revisions"}],"predecessor-version":[{"id":24619,"href":"https:\/\/verdadeon.com.br\/portal\/wp-json\/wp\/v2\/posts\/24607\/revisions\/24619"}],"wp:featuredmedia":[{"embeddable":true,"href":"https:\/\/verdadeon.com.br\/portal\/wp-json\/wp\/v2\/media\/24616"}],"wp:attachment":[{"href":"https:\/\/verdadeon.com.br\/portal\/wp-json\/wp\/v2\/media?parent=24607"}],"wp:term":[{"taxonomy":"category","embeddable":true,"href":"https:\/\/verdadeon.com.br\/portal\/wp-json\/wp\/v2\/categories?post=24607"},{"taxonomy":"post_tag","embeddable":true,"href":"https:\/\/verdadeon.com.br\/portal\/wp-json\/wp\/v2\/tags?post=24607"}],"curies":[{"name":"wp","href":"https:\/\/api.w.org\/{rel}","templated":true}]}}