{"id":24601,"date":"2022-04-22T14:38:28","date_gmt":"2022-04-22T17:38:28","guid":{"rendered":"https:\/\/verdadeon.com.br\/portal\/?p=24601"},"modified":"2022-04-22T14:37:31","modified_gmt":"2022-04-22T17:37:31","slug":"fussol-esta-com-inscricoes-abertas-para-curso-sobre-como-montar-o-proprio-brecho","status":"publish","type":"post","link":"https:\/\/verdadeon.com.br\/portal\/2022\/04\/22\/fussol-esta-com-inscricoes-abertas-para-curso-sobre-como-montar-o-proprio-brecho\/","title":{"rendered":"Fussol est\u00e1 com inscri\u00e7\u00f5es abertas para curso sobre como montar o pr\u00f3prio brech\u00f3"},"content":{"rendered":"<h2>Tamb\u00e9m h\u00e1 vagas para Oficina de Bonecas e cursos de Plantas Medicinais e de Temperos e Condimentos<\/h2>\n<p>&nbsp;<\/p>\n<p>&nbsp;<\/p>\n<p><span style=\"font-weight: 400;\">O Fussol (Fundo Social de Solidariedade) de Franca apresentou nesta semana um balan\u00e7o dos atendimentos prestados no primeiro quadrimestre de 2022. Foram atendidas cerca de 400 pessoas em cursos de qualifica\u00e7\u00e3o profissional em v\u00e1rias \u00e1reas, como beleza, culin\u00e1ria e gastronomia, jardinagem, moda, constru\u00e7\u00e3o civil, artesanato, dentre outros. A entidade tamb\u00e9m anunciou que est\u00e1 com inscri\u00e7\u00f5es abertas para pelo menos quatro cursos.\u00a0<\/span><\/p>\n<p><span style=\"font-weight: 400;\">Entre as op\u00e7\u00f5es est\u00e3o \u201c<\/span><span style=\"font-weight: 400;\">Como Montar Seu Brech\u00f3\u201d e \u201cOficinas de Bonecas\u201d, que ser\u00e3o ministrados no Jardim Palmeiras e Vila Santa Helena, respectivamente.\u00a0<\/span><\/p>\n<p><span style=\"font-weight: 400;\">As capacita\u00e7\u00f5es s\u00e3o destinadas a homens e mulheres, acima de 18 anos, que dever\u00e3o efetuar os seus cadastros diretamente nas institui\u00e7\u00f5es parceiras. Est\u00e3o dispon\u00edveis 20 vagas para cada turma e as aulas ser\u00e3o iniciadas na pr\u00f3xima ter\u00e7a-feira, 26, nos per\u00edodos da manh\u00e3 e tarde.\u00a0<\/span><\/p>\n<p><span style=\"font-weight: 400;\">Tamb\u00e9m restam algumas vagas para os cursos de \u201cTemperos e Condimentos\u201d e \u201cPlantas Medicinais\u201d, ministrados no Jardim Zoobot\u00e2nico. Poder\u00e3o se inscrever pessoas de ambos os sexos, desde que tenham mais de 18 anos.\u00a0<\/span><\/p>\n<p><span style=\"font-weight: 400;\">No caso desses dois cursos, as inscri\u00e7\u00f5es devem ser efetuadas pelo site da Prefeitura, atrav\u00e9s do Programa Caminho para o Emprego, no link <\/span><a href=\"https:\/\/franca.sp.gov.br\/caminho-emprego-portal\/cursos.xhtml\"><span style=\"font-weight: 400;\">https:\/\/franca.sp.gov.br\/caminho-emprego-portal\/cursos.xhtml<\/span><\/a><span style=\"font-weight: 400;\">. As aulas ser\u00e3o iniciadas nos dias 26 e 28 deste m\u00eas, com encontros \u00e0s ter\u00e7as e quintas-feiras, das 8h \u00e0s 11h. O curso \u00e9 em formato presencial e tem carga hor\u00e1ria de 60 horas.\u00a0<\/span><\/p>\n<p><span style=\"font-weight: 400;\">O Fussol informa que, no primeiro dia de aula, os alunos dever\u00e3o apresentar c\u00f3pias do RG, CPF e comprovante de endere\u00e7o.\u00a0<\/span><\/p>\n<p>&nbsp;<\/p>\n<p><b>&#8220;Como Montar Seu Brech\u00f3&#8221;<\/b><\/p>\n<p><span style=\"font-weight: 400;\">26\/04 a 10\/05<\/span><\/p>\n<p><span style=\"font-weight: 400;\">Centro Comunit\u00e1rio do Jardim Palmeiras\u00a0<\/span><\/p>\n<p><span style=\"font-weight: 400;\">Rua Jo\u00e3o Cust\u00f3dio de Ara\u00fajo, 1890<\/span><\/p>\n<p><span style=\"font-weight: 400;\">Inscri\u00e7\u00f5es: (16) 98876-0361<\/span><\/p>\n<p>&nbsp;<\/p>\n<p><b>&#8220;Oficinas de Bonecas&#8221;<\/b><\/p>\n<p><span style=\"font-weight: 400;\">26\/04 a 26\/05<\/span><\/p>\n<p><span style=\"font-weight: 400;\">Ber\u00e7\u00e1rio Dona Nina<\/span><\/p>\n<p><span style=\"font-weight: 400;\">Rua Deoclides Barbosa Leme, 411, Bairro Santa Helena<\/span><\/p>\n<p><span style=\"font-weight: 400;\">Inscri\u00e7\u00f5es: (16) 3720-0512<\/span><\/p>\n<p>&nbsp;<\/p>\n","protected":false},"excerpt":{"rendered":"<p>Tamb\u00e9m h\u00e1 vagas para Oficina de Bonecas e cursos de Plantas Medicinais e de Temperos e Condimentos &nbsp; &nbsp; O Fussol (Fundo Social de Solidariedade) de<span class=\"excerpt-hellip\"> [\u2026]<\/span><\/p>\n","protected":false},"author":10,"featured_media":24603,"comment_status":"open","ping_status":"open","sticky":false,"template":"","format":"standard","meta":{"_jetpack_memberships_contains_paid_content":false,"footnotes":"","jetpack_publicize_message":"","jetpack_publicize_feature_enabled":true,"jetpack_social_post_already_shared":false,"jetpack_social_options":{"image_generator_settings":{"template":"highway","default_image_id":0,"enabled":false},"version":2}},"categories":[28,44],"tags":[],"class_list":["post-24601","post","type-post","status-publish","format-standard","has-post-thumbnail","hentry","category-cotidiano","category-noticias"],"yoast_head":"<!-- This site is optimized with the Yoast SEO plugin v25.6 - https:\/\/yoast.com\/wordpress\/plugins\/seo\/ -->\n<title>Fussol est\u00e1 com inscri\u00e7\u00f5es abertas para curso sobre como montar o pr\u00f3prio brech\u00f3 - VerdadeOn<\/title>\n<meta name=\"robots\" content=\"index, follow, max-snippet:-1, max-image-preview:large, max-video-preview:-1\" \/>\n<link rel=\"canonical\" href=\"https:\/\/verdadeon.com.br\/portal\/2022\/04\/22\/fussol-esta-com-inscricoes-abertas-para-curso-sobre-como-montar-o-proprio-brecho\/\" \/>\n<meta property=\"og:locale\" content=\"pt_BR\" \/>\n<meta property=\"og:type\" content=\"article\" \/>\n<meta property=\"og:title\" content=\"Fussol est\u00e1 com inscri\u00e7\u00f5es abertas para curso sobre como montar o pr\u00f3prio brech\u00f3 - VerdadeOn\" \/>\n<meta property=\"og:description\" content=\"Tamb\u00e9m h\u00e1 vagas para Oficina de Bonecas e cursos de Plantas Medicinais e de Temperos e Condimentos &nbsp; &nbsp; O Fussol (Fundo Social de Solidariedade) de [\u2026]\" \/>\n<meta property=\"og:url\" content=\"https:\/\/verdadeon.com.br\/portal\/2022\/04\/22\/fussol-esta-com-inscricoes-abertas-para-curso-sobre-como-montar-o-proprio-brecho\/\" \/>\n<meta property=\"og:site_name\" content=\"VerdadeOn\" \/>\n<meta property=\"article:published_time\" content=\"2022-04-22T17:38:28+00:00\" \/>\n<meta property=\"og:image\" content=\"https:\/\/verdadeon.com.br\/portal\/wp-content\/uploads\/2022\/04\/blurred-clothing-store-shopping-mall.jpg\" \/>\n\t<meta property=\"og:image:width\" content=\"1000\" \/>\n\t<meta property=\"og:image:height\" content=\"670\" \/>\n\t<meta property=\"og:image:type\" content=\"image\/jpeg\" \/>\n<meta name=\"author\" content=\"Redacao VerdadeOn\" \/>\n<meta name=\"twitter:card\" content=\"summary_large_image\" \/>\n<meta name=\"twitter:label1\" content=\"Escrito por\" \/>\n\t<meta name=\"twitter:data1\" content=\"Redacao VerdadeOn\" \/>\n\t<meta name=\"twitter:label2\" content=\"Est. tempo de leitura\" \/>\n\t<meta name=\"twitter:data2\" content=\"2 minutos\" \/>\n<script type=\"application\/ld+json\" class=\"yoast-schema-graph\">{\"@context\":\"https:\/\/schema.org\",\"@graph\":[{\"@type\":\"WebPage\",\"@id\":\"https:\/\/verdadeon.com.br\/portal\/2022\/04\/22\/fussol-esta-com-inscricoes-abertas-para-curso-sobre-como-montar-o-proprio-brecho\/\",\"url\":\"https:\/\/verdadeon.com.br\/portal\/2022\/04\/22\/fussol-esta-com-inscricoes-abertas-para-curso-sobre-como-montar-o-proprio-brecho\/\",\"name\":\"Fussol est\u00e1 com inscri\u00e7\u00f5es abertas para curso sobre como montar o pr\u00f3prio brech\u00f3 - VerdadeOn\",\"isPartOf\":{\"@id\":\"https:\/\/verdadeon.com.br\/portal\/#website\"},\"primaryImageOfPage\":{\"@id\":\"https:\/\/verdadeon.com.br\/portal\/2022\/04\/22\/fussol-esta-com-inscricoes-abertas-para-curso-sobre-como-montar-o-proprio-brecho\/#primaryimage\"},\"image\":{\"@id\":\"https:\/\/verdadeon.com.br\/portal\/2022\/04\/22\/fussol-esta-com-inscricoes-abertas-para-curso-sobre-como-montar-o-proprio-brecho\/#primaryimage\"},\"thumbnailUrl\":\"https:\/\/i0.wp.com\/verdadeon.com.br\/portal\/wp-content\/uploads\/2022\/04\/blurred-clothing-store-shopping-mall.jpg?fit=1000%2C670&ssl=1\",\"datePublished\":\"2022-04-22T17:38:28+00:00\",\"author\":{\"@id\":\"https:\/\/verdadeon.com.br\/portal\/#\/schema\/person\/a5060ad1e9ea3df545188fc93ce43d2f\"},\"breadcrumb\":{\"@id\":\"https:\/\/verdadeon.com.br\/portal\/2022\/04\/22\/fussol-esta-com-inscricoes-abertas-para-curso-sobre-como-montar-o-proprio-brecho\/#breadcrumb\"},\"inLanguage\":\"pt-BR\",\"potentialAction\":[{\"@type\":\"ReadAction\",\"target\":[\"https:\/\/verdadeon.com.br\/portal\/2022\/04\/22\/fussol-esta-com-inscricoes-abertas-para-curso-sobre-como-montar-o-proprio-brecho\/\"]}]},{\"@type\":\"ImageObject\",\"inLanguage\":\"pt-BR\",\"@id\":\"https:\/\/verdadeon.com.br\/portal\/2022\/04\/22\/fussol-esta-com-inscricoes-abertas-para-curso-sobre-como-montar-o-proprio-brecho\/#primaryimage\",\"url\":\"https:\/\/i0.wp.com\/verdadeon.com.br\/portal\/wp-content\/uploads\/2022\/04\/blurred-clothing-store-shopping-mall.jpg?fit=1000%2C670&ssl=1\",\"contentUrl\":\"https:\/\/i0.wp.com\/verdadeon.com.br\/portal\/wp-content\/uploads\/2022\/04\/blurred-clothing-store-shopping-mall.jpg?fit=1000%2C670&ssl=1\",\"width\":1000,\"height\":670,\"caption\":\"O Fussol de Franca inicia na pr\u00f3xima ter\u00e7a-feira (26) o curso \u201cComo Montar Seu Brech\u00f3\\\" no Centro Comunit\u00e1rio do Jardim Palmeiras; inscri\u00e7\u00f5es seguem abertas\"},{\"@type\":\"BreadcrumbList\",\"@id\":\"https:\/\/verdadeon.com.br\/portal\/2022\/04\/22\/fussol-esta-com-inscricoes-abertas-para-curso-sobre-como-montar-o-proprio-brecho\/#breadcrumb\",\"itemListElement\":[{\"@type\":\"ListItem\",\"position\":1,\"name\":\"In\u00edcio\",\"item\":\"https:\/\/verdadeon.com.br\/portal\/\"},{\"@type\":\"ListItem\",\"position\":2,\"name\":\"Fussol est\u00e1 com inscri\u00e7\u00f5es abertas para curso sobre como montar o pr\u00f3prio brech\u00f3\"}]},{\"@type\":\"WebSite\",\"@id\":\"https:\/\/verdadeon.com.br\/portal\/#website\",\"url\":\"https:\/\/verdadeon.com.br\/portal\/\",\"name\":\"VerdadeOn\",\"description\":\"Not\u00edcias di\u00e1rias sobre Franca, Regi\u00e3o, Esporte, Cultura, Cotidiano, Colunas. Cobertura nos principais eventos da cidade \u00e9 aqui - Verdadeon Franca\",\"potentialAction\":[{\"@type\":\"SearchAction\",\"target\":{\"@type\":\"EntryPoint\",\"urlTemplate\":\"https:\/\/verdadeon.com.br\/portal\/?s={search_term_string}\"},\"query-input\":{\"@type\":\"PropertyValueSpecification\",\"valueRequired\":true,\"valueName\":\"search_term_string\"}}],\"inLanguage\":\"pt-BR\"},{\"@type\":\"Person\",\"@id\":\"https:\/\/verdadeon.com.br\/portal\/#\/schema\/person\/a5060ad1e9ea3df545188fc93ce43d2f\",\"name\":\"Redacao VerdadeOn\",\"image\":{\"@type\":\"ImageObject\",\"inLanguage\":\"pt-BR\",\"@id\":\"https:\/\/verdadeon.com.br\/portal\/#\/schema\/person\/image\/\",\"url\":\"https:\/\/secure.gravatar.com\/avatar\/459a9613caaaf07f582c3d0841eea68bdd66f533e465e6ba8b9cb45619572cf4?s=96&d=mm&r=g\",\"contentUrl\":\"https:\/\/secure.gravatar.com\/avatar\/459a9613caaaf07f582c3d0841eea68bdd66f533e465e6ba8b9cb45619572cf4?s=96&d=mm&r=g\",\"caption\":\"Redacao VerdadeOn\"},\"url\":\"https:\/\/verdadeon.com.br\/portal\/author\/redacao\/\"}]}<\/script>\n<!-- \/ Yoast SEO plugin. -->","yoast_head_json":{"title":"Fussol est\u00e1 com inscri\u00e7\u00f5es abertas para curso sobre como montar o pr\u00f3prio brech\u00f3 - VerdadeOn","robots":{"index":"index","follow":"follow","max-snippet":"max-snippet:-1","max-image-preview":"max-image-preview:large","max-video-preview":"max-video-preview:-1"},"canonical":"https:\/\/verdadeon.com.br\/portal\/2022\/04\/22\/fussol-esta-com-inscricoes-abertas-para-curso-sobre-como-montar-o-proprio-brecho\/","og_locale":"pt_BR","og_type":"article","og_title":"Fussol est\u00e1 com inscri\u00e7\u00f5es abertas para curso sobre como montar o pr\u00f3prio brech\u00f3 - VerdadeOn","og_description":"Tamb\u00e9m h\u00e1 vagas para Oficina de Bonecas e cursos de Plantas Medicinais e de Temperos e Condimentos &nbsp; &nbsp; O Fussol (Fundo Social de Solidariedade) de [\u2026]","og_url":"https:\/\/verdadeon.com.br\/portal\/2022\/04\/22\/fussol-esta-com-inscricoes-abertas-para-curso-sobre-como-montar-o-proprio-brecho\/","og_site_name":"VerdadeOn","article_published_time":"2022-04-22T17:38:28+00:00","og_image":[{"width":1000,"height":670,"url":"https:\/\/verdadeon.com.br\/portal\/wp-content\/uploads\/2022\/04\/blurred-clothing-store-shopping-mall.jpg","type":"image\/jpeg"}],"author":"Redacao VerdadeOn","twitter_card":"summary_large_image","twitter_misc":{"Escrito por":"Redacao VerdadeOn","Est. tempo de leitura":"2 minutos"},"schema":{"@context":"https:\/\/schema.org","@graph":[{"@type":"WebPage","@id":"https:\/\/verdadeon.com.br\/portal\/2022\/04\/22\/fussol-esta-com-inscricoes-abertas-para-curso-sobre-como-montar-o-proprio-brecho\/","url":"https:\/\/verdadeon.com.br\/portal\/2022\/04\/22\/fussol-esta-com-inscricoes-abertas-para-curso-sobre-como-montar-o-proprio-brecho\/","name":"Fussol est\u00e1 com inscri\u00e7\u00f5es abertas para curso sobre como montar o pr\u00f3prio brech\u00f3 - VerdadeOn","isPartOf":{"@id":"https:\/\/verdadeon.com.br\/portal\/#website"},"primaryImageOfPage":{"@id":"https:\/\/verdadeon.com.br\/portal\/2022\/04\/22\/fussol-esta-com-inscricoes-abertas-para-curso-sobre-como-montar-o-proprio-brecho\/#primaryimage"},"image":{"@id":"https:\/\/verdadeon.com.br\/portal\/2022\/04\/22\/fussol-esta-com-inscricoes-abertas-para-curso-sobre-como-montar-o-proprio-brecho\/#primaryimage"},"thumbnailUrl":"https:\/\/i0.wp.com\/verdadeon.com.br\/portal\/wp-content\/uploads\/2022\/04\/blurred-clothing-store-shopping-mall.jpg?fit=1000%2C670&ssl=1","datePublished":"2022-04-22T17:38:28+00:00","author":{"@id":"https:\/\/verdadeon.com.br\/portal\/#\/schema\/person\/a5060ad1e9ea3df545188fc93ce43d2f"},"breadcrumb":{"@id":"https:\/\/verdadeon.com.br\/portal\/2022\/04\/22\/fussol-esta-com-inscricoes-abertas-para-curso-sobre-como-montar-o-proprio-brecho\/#breadcrumb"},"inLanguage":"pt-BR","potentialAction":[{"@type":"ReadAction","target":["https:\/\/verdadeon.com.br\/portal\/2022\/04\/22\/fussol-esta-com-inscricoes-abertas-para-curso-sobre-como-montar-o-proprio-brecho\/"]}]},{"@type":"ImageObject","inLanguage":"pt-BR","@id":"https:\/\/verdadeon.com.br\/portal\/2022\/04\/22\/fussol-esta-com-inscricoes-abertas-para-curso-sobre-como-montar-o-proprio-brecho\/#primaryimage","url":"https:\/\/i0.wp.com\/verdadeon.com.br\/portal\/wp-content\/uploads\/2022\/04\/blurred-clothing-store-shopping-mall.jpg?fit=1000%2C670&ssl=1","contentUrl":"https:\/\/i0.wp.com\/verdadeon.com.br\/portal\/wp-content\/uploads\/2022\/04\/blurred-clothing-store-shopping-mall.jpg?fit=1000%2C670&ssl=1","width":1000,"height":670,"caption":"O Fussol de Franca inicia na pr\u00f3xima ter\u00e7a-feira (26) o curso \u201cComo Montar Seu Brech\u00f3\" no Centro Comunit\u00e1rio do Jardim Palmeiras; inscri\u00e7\u00f5es seguem abertas"},{"@type":"BreadcrumbList","@id":"https:\/\/verdadeon.com.br\/portal\/2022\/04\/22\/fussol-esta-com-inscricoes-abertas-para-curso-sobre-como-montar-o-proprio-brecho\/#breadcrumb","itemListElement":[{"@type":"ListItem","position":1,"name":"In\u00edcio","item":"https:\/\/verdadeon.com.br\/portal\/"},{"@type":"ListItem","position":2,"name":"Fussol est\u00e1 com inscri\u00e7\u00f5es abertas para curso sobre como montar o pr\u00f3prio brech\u00f3"}]},{"@type":"WebSite","@id":"https:\/\/verdadeon.com.br\/portal\/#website","url":"https:\/\/verdadeon.com.br\/portal\/","name":"VerdadeOn","description":"Not\u00edcias di\u00e1rias sobre Franca, Regi\u00e3o, Esporte, Cultura, Cotidiano, Colunas. Cobertura nos principais eventos da cidade \u00e9 aqui - Verdadeon Franca","potentialAction":[{"@type":"SearchAction","target":{"@type":"EntryPoint","urlTemplate":"https:\/\/verdadeon.com.br\/portal\/?s={search_term_string}"},"query-input":{"@type":"PropertyValueSpecification","valueRequired":true,"valueName":"search_term_string"}}],"inLanguage":"pt-BR"},{"@type":"Person","@id":"https:\/\/verdadeon.com.br\/portal\/#\/schema\/person\/a5060ad1e9ea3df545188fc93ce43d2f","name":"Redacao VerdadeOn","image":{"@type":"ImageObject","inLanguage":"pt-BR","@id":"https:\/\/verdadeon.com.br\/portal\/#\/schema\/person\/image\/","url":"https:\/\/secure.gravatar.com\/avatar\/459a9613caaaf07f582c3d0841eea68bdd66f533e465e6ba8b9cb45619572cf4?s=96&d=mm&r=g","contentUrl":"https:\/\/secure.gravatar.com\/avatar\/459a9613caaaf07f582c3d0841eea68bdd66f533e465e6ba8b9cb45619572cf4?s=96&d=mm&r=g","caption":"Redacao VerdadeOn"},"url":"https:\/\/verdadeon.com.br\/portal\/author\/redacao\/"}]}},"jetpack_publicize_connections":[],"jetpack_featured_media_url":"https:\/\/i0.wp.com\/verdadeon.com.br\/portal\/wp-content\/uploads\/2022\/04\/blurred-clothing-store-shopping-mall.jpg?fit=1000%2C670&ssl=1","jetpack_sharing_enabled":true,"_links":{"self":[{"href":"https:\/\/verdadeon.com.br\/portal\/wp-json\/wp\/v2\/posts\/24601","targetHints":{"allow":["GET"]}}],"collection":[{"href":"https:\/\/verdadeon.com.br\/portal\/wp-json\/wp\/v2\/posts"}],"about":[{"href":"https:\/\/verdadeon.com.br\/portal\/wp-json\/wp\/v2\/types\/post"}],"author":[{"embeddable":true,"href":"https:\/\/verdadeon.com.br\/portal\/wp-json\/wp\/v2\/users\/10"}],"replies":[{"embeddable":true,"href":"https:\/\/verdadeon.com.br\/portal\/wp-json\/wp\/v2\/comments?post=24601"}],"version-history":[{"count":1,"href":"https:\/\/verdadeon.com.br\/portal\/wp-json\/wp\/v2\/posts\/24601\/revisions"}],"predecessor-version":[{"id":24604,"href":"https:\/\/verdadeon.com.br\/portal\/wp-json\/wp\/v2\/posts\/24601\/revisions\/24604"}],"wp:featuredmedia":[{"embeddable":true,"href":"https:\/\/verdadeon.com.br\/portal\/wp-json\/wp\/v2\/media\/24603"}],"wp:attachment":[{"href":"https:\/\/verdadeon.com.br\/portal\/wp-json\/wp\/v2\/media?parent=24601"}],"wp:term":[{"taxonomy":"category","embeddable":true,"href":"https:\/\/verdadeon.com.br\/portal\/wp-json\/wp\/v2\/categories?post=24601"},{"taxonomy":"post_tag","embeddable":true,"href":"https:\/\/verdadeon.com.br\/portal\/wp-json\/wp\/v2\/tags?post=24601"}],"curies":[{"name":"wp","href":"https:\/\/api.w.org\/{rel}","templated":true}]}}