{"id":24545,"date":"2022-04-19T14:59:42","date_gmt":"2022-04-19T17:59:42","guid":{"rendered":"https:\/\/verdadeon.com.br\/portal\/?p=24545"},"modified":"2022-04-19T14:59:42","modified_gmt":"2022-04-19T17:59:42","slug":"recusa-da-prefeitura-em-receber-servico-gratuito-contra-o-cancer-causa-criticas","status":"publish","type":"post","link":"https:\/\/verdadeon.com.br\/portal\/2022\/04\/19\/recusa-da-prefeitura-em-receber-servico-gratuito-contra-o-cancer-causa-criticas\/","title":{"rendered":"Recusa da Prefeitura em receber servi\u00e7o gratuito contra o c\u00e2ncer causa cr\u00edticas"},"content":{"rendered":"<h2>Servi\u00e7o gratuito \u00e9 oferecido pelo Estado para exames de mamografia, mas n\u00e3o houve interesse da Prefeitura<\/h2>\n<p>A recusa da Prefeitura em receber a Carreta da Mamografia em Franca, gerou grandes cr\u00edticas na C\u00e2mara Municipal nesta ter\u00e7a-feira (19). A recusa aconteceu\u00a0entre o final de mar\u00e7o e in\u00edcio de abril. O servi\u00e7o, que \u00e9 oferecido gratuitamente pelo governo do Estado e \u00e9 muito disputado pelos munic\u00edpios, foi autorizado e deveria ter vindo a Franca no per\u00edodo.<br \/>\nMas, segundo os vereadores, houve a recusa da Prefeitura em receber o servi\u00e7o, etapa obrigat\u00f3ria para que a carreta seja enviada pela Secretaria de Estado de Sa\u00fade, o que ocasionou o cancelamento da agenda.<br \/>\n\u201cO objetivo deste servi\u00e7o \u00e9 incentivar a busca e dar visibilidade ao exame de mamografia, extremamente importante para o diagn\u00f3stico precoce do c\u00e2ncer de mama. A doen\u00e7a tem melhores progn\u00f3sticos quanto mais cedo \u00e9 diagnosticada\u201d, afirmou Daniel Bassi, que junto de Donizete da Farm\u00e1cia, Lurdinha Granzotte e Marcelo Tidy, fez o pedido da carreta para Franca no in\u00edcio do ano. Ele puxou a fila das cr\u00edticas na tribuna da C\u00e2mara.<\/p>\n<h4><\/h4>\n<h4>Praticidade<\/h4>\n<p>Sobre a carreta a praticidade do exame \u00e9 grande, j\u00e1 que a paciente que quiser fazer o procedimento n\u00e3o precisa de pedido m\u00e9dico, basta levar RG e Cart\u00e3o SUS para ser atendida, sem necessidade de atendimento. Na rede, \u00e9 necess\u00e1rio que a mulher passe por consulta em uma unidade da rede b\u00e1sica, ter o pedido feito pelo m\u00e9dico e aguardar ser chamada pela rede municipal, num processo muito mais moroso.<br \/>\n\u201cEu tamb\u00e9m fui pego de surpresa. A carreta trabalha a motiva\u00e7\u00e3o das mulheres, principalmente nos bairros mais carentes. Seria um incentivo importante. Me causou estranheza\u201d, disse Marcelo Tidy.<br \/>\nPara Della Motta, a decis\u00e3o da Prefeitura foi um tanto quanto equivocada e prejudicar\u00e1 a popula\u00e7\u00e3o, sobretudo nos bairros menos abastados. \u201cFico tanto quanto triste. Declinar a carreta, um exame importante desse. A carreta com certeza poderia salvar vidas. N\u00e3o tem demanda? Deixa vir, vamos acolher. Tem \u00e9 que colocar carro de som, a imprensa para falar. Um servi\u00e7o gratuito! D\u00e1 vontade come\u00e7ar a pedir n\u00fameros&#8221;, disse.<\/p>\n<h4>Outro lado<\/h4>\n<p>O Jornal Verdade procurou a Prefeitura de Franca para um posicionamento sobre o assunto, confira:<\/p>\n<p>&#8220;A Secretaria de Sa\u00fade esclarece que n\u00e3o h\u00e1 demanda reprimida para o procedimento de mamografia na rede, tendo em vista que as vagas de diagn\u00f3stico ofertadas pela rede p\u00fablica municipal de sa\u00fade, al\u00e9m das vagas disponibilizadas pelo Estado, atrav\u00e9s da Central de Regula\u00e7\u00e3o de Ofertas e Servi\u00e7os em Sa\u00fade (CROSS), suprem as demandas existentes.<br \/>\nNessa perspectiva, o munic\u00edpio informou ao Estado que, neste momento, a Carreta de Mamografia, dentro da proposta do programa, n\u00e3o alcan\u00e7aria os objetivos da a\u00e7\u00e3o no munic\u00edpio de Franca&#8221;.<\/p>\n","protected":false},"excerpt":{"rendered":"<p>Servi\u00e7o gratuito \u00e9 oferecido pelo Estado para exames de mamografia, mas n\u00e3o houve interesse da Prefeitura A recusa da Prefeitura em receber a Carreta da Mamografia<span class=\"excerpt-hellip\"> [\u2026]<\/span><\/p>\n","protected":false},"author":7,"featured_media":24547,"comment_status":"open","ping_status":"open","sticky":false,"template":"","format":"standard","meta":{"_jetpack_memberships_contains_paid_content":false,"footnotes":"","jetpack_publicize_message":"","jetpack_publicize_feature_enabled":true,"jetpack_social_post_already_shared":false,"jetpack_social_options":{"image_generator_settings":{"template":"highway","default_image_id":0,"enabled":false},"version":2}},"categories":[28,81],"tags":[],"class_list":["post-24545","post","type-post","status-publish","format-standard","has-post-thumbnail","hentry","category-cotidiano","category-manchete"],"yoast_head":"<!-- This site is optimized with the Yoast SEO plugin v25.6 - https:\/\/yoast.com\/wordpress\/plugins\/seo\/ -->\n<title>Recusa da Prefeitura em receber servi\u00e7o gratuito contra o c\u00e2ncer causa cr\u00edticas - VerdadeOn<\/title>\n<meta name=\"robots\" content=\"index, follow, max-snippet:-1, max-image-preview:large, max-video-preview:-1\" \/>\n<link rel=\"canonical\" href=\"https:\/\/verdadeon.com.br\/portal\/2022\/04\/19\/recusa-da-prefeitura-em-receber-servico-gratuito-contra-o-cancer-causa-criticas\/\" \/>\n<meta property=\"og:locale\" content=\"pt_BR\" \/>\n<meta property=\"og:type\" content=\"article\" \/>\n<meta property=\"og:title\" content=\"Recusa da Prefeitura em receber servi\u00e7o gratuito contra o c\u00e2ncer causa cr\u00edticas - VerdadeOn\" \/>\n<meta property=\"og:description\" content=\"Servi\u00e7o gratuito \u00e9 oferecido pelo Estado para exames de mamografia, mas n\u00e3o houve interesse da Prefeitura A recusa da Prefeitura em receber a Carreta da Mamografia [\u2026]\" \/>\n<meta property=\"og:url\" content=\"https:\/\/verdadeon.com.br\/portal\/2022\/04\/19\/recusa-da-prefeitura-em-receber-servico-gratuito-contra-o-cancer-causa-criticas\/\" \/>\n<meta property=\"og:site_name\" content=\"VerdadeOn\" \/>\n<meta property=\"article:published_time\" content=\"2022-04-19T17:59:42+00:00\" \/>\n<meta property=\"og:image\" content=\"https:\/\/verdadeon.com.br\/portal\/wp-content\/uploads\/2022\/04\/CARRETA-MAMOGRAFIA-scaled.jpg\" \/>\n\t<meta property=\"og:image:width\" content=\"2560\" \/>\n\t<meta property=\"og:image:height\" content=\"1760\" \/>\n\t<meta property=\"og:image:type\" content=\"image\/jpeg\" \/>\n<meta name=\"author\" content=\"Fernando Lima\" \/>\n<meta name=\"twitter:card\" content=\"summary_large_image\" \/>\n<meta name=\"twitter:label1\" content=\"Escrito por\" \/>\n\t<meta name=\"twitter:data1\" content=\"Fernando Lima\" \/>\n\t<meta name=\"twitter:label2\" content=\"Est. tempo de leitura\" \/>\n\t<meta name=\"twitter:data2\" content=\"3 minutos\" \/>\n<script type=\"application\/ld+json\" class=\"yoast-schema-graph\">{\"@context\":\"https:\/\/schema.org\",\"@graph\":[{\"@type\":\"WebPage\",\"@id\":\"https:\/\/verdadeon.com.br\/portal\/2022\/04\/19\/recusa-da-prefeitura-em-receber-servico-gratuito-contra-o-cancer-causa-criticas\/\",\"url\":\"https:\/\/verdadeon.com.br\/portal\/2022\/04\/19\/recusa-da-prefeitura-em-receber-servico-gratuito-contra-o-cancer-causa-criticas\/\",\"name\":\"Recusa da Prefeitura em receber servi\u00e7o gratuito contra o c\u00e2ncer causa cr\u00edticas - VerdadeOn\",\"isPartOf\":{\"@id\":\"https:\/\/verdadeon.com.br\/portal\/#website\"},\"primaryImageOfPage\":{\"@id\":\"https:\/\/verdadeon.com.br\/portal\/2022\/04\/19\/recusa-da-prefeitura-em-receber-servico-gratuito-contra-o-cancer-causa-criticas\/#primaryimage\"},\"image\":{\"@id\":\"https:\/\/verdadeon.com.br\/portal\/2022\/04\/19\/recusa-da-prefeitura-em-receber-servico-gratuito-contra-o-cancer-causa-criticas\/#primaryimage\"},\"thumbnailUrl\":\"https:\/\/i0.wp.com\/verdadeon.com.br\/portal\/wp-content\/uploads\/2022\/04\/CARRETA-MAMOGRAFIA-scaled.jpg?fit=2560%2C1760&ssl=1\",\"datePublished\":\"2022-04-19T17:59:42+00:00\",\"author\":{\"@id\":\"https:\/\/verdadeon.com.br\/portal\/#\/schema\/person\/cc32be22b8e8599387c480bc83e1d11a\"},\"breadcrumb\":{\"@id\":\"https:\/\/verdadeon.com.br\/portal\/2022\/04\/19\/recusa-da-prefeitura-em-receber-servico-gratuito-contra-o-cancer-causa-criticas\/#breadcrumb\"},\"inLanguage\":\"pt-BR\",\"potentialAction\":[{\"@type\":\"ReadAction\",\"target\":[\"https:\/\/verdadeon.com.br\/portal\/2022\/04\/19\/recusa-da-prefeitura-em-receber-servico-gratuito-contra-o-cancer-causa-criticas\/\"]}]},{\"@type\":\"ImageObject\",\"inLanguage\":\"pt-BR\",\"@id\":\"https:\/\/verdadeon.com.br\/portal\/2022\/04\/19\/recusa-da-prefeitura-em-receber-servico-gratuito-contra-o-cancer-causa-criticas\/#primaryimage\",\"url\":\"https:\/\/i0.wp.com\/verdadeon.com.br\/portal\/wp-content\/uploads\/2022\/04\/CARRETA-MAMOGRAFIA-scaled.jpg?fit=2560%2C1760&ssl=1\",\"contentUrl\":\"https:\/\/i0.wp.com\/verdadeon.com.br\/portal\/wp-content\/uploads\/2022\/04\/CARRETA-MAMOGRAFIA-scaled.jpg?fit=2560%2C1760&ssl=1\",\"width\":2560,\"height\":1760,\"caption\":\"Carretas da Mamografia realizam exames gratuitos em oito munic\u00edpios no m\u00eas de junho (\u00a9Divulga\u00e7\u00e3o)\"},{\"@type\":\"BreadcrumbList\",\"@id\":\"https:\/\/verdadeon.com.br\/portal\/2022\/04\/19\/recusa-da-prefeitura-em-receber-servico-gratuito-contra-o-cancer-causa-criticas\/#breadcrumb\",\"itemListElement\":[{\"@type\":\"ListItem\",\"position\":1,\"name\":\"In\u00edcio\",\"item\":\"https:\/\/verdadeon.com.br\/portal\/\"},{\"@type\":\"ListItem\",\"position\":2,\"name\":\"Recusa da Prefeitura em receber servi\u00e7o gratuito contra o c\u00e2ncer causa cr\u00edticas\"}]},{\"@type\":\"WebSite\",\"@id\":\"https:\/\/verdadeon.com.br\/portal\/#website\",\"url\":\"https:\/\/verdadeon.com.br\/portal\/\",\"name\":\"VerdadeOn\",\"description\":\"Not\u00edcias di\u00e1rias sobre Franca, Regi\u00e3o, Esporte, Cultura, Cotidiano, Colunas. Cobertura nos principais eventos da cidade \u00e9 aqui - Verdadeon Franca\",\"potentialAction\":[{\"@type\":\"SearchAction\",\"target\":{\"@type\":\"EntryPoint\",\"urlTemplate\":\"https:\/\/verdadeon.com.br\/portal\/?s={search_term_string}\"},\"query-input\":{\"@type\":\"PropertyValueSpecification\",\"valueRequired\":true,\"valueName\":\"search_term_string\"}}],\"inLanguage\":\"pt-BR\"},{\"@type\":\"Person\",\"@id\":\"https:\/\/verdadeon.com.br\/portal\/#\/schema\/person\/cc32be22b8e8599387c480bc83e1d11a\",\"name\":\"Fernando Lima\",\"image\":{\"@type\":\"ImageObject\",\"inLanguage\":\"pt-BR\",\"@id\":\"https:\/\/verdadeon.com.br\/portal\/#\/schema\/person\/image\/\",\"url\":\"https:\/\/secure.gravatar.com\/avatar\/df4c8e132080d2b3a4841d5d232045464e0eed11a1d6e43115ca0843d48768d3?s=96&d=mm&r=g\",\"contentUrl\":\"https:\/\/secure.gravatar.com\/avatar\/df4c8e132080d2b3a4841d5d232045464e0eed11a1d6e43115ca0843d48768d3?s=96&d=mm&r=g\",\"caption\":\"Fernando Lima\"},\"sameAs\":[\"http:\/\/verdadeon.com.br\/\"],\"url\":\"https:\/\/verdadeon.com.br\/portal\/author\/fernando-lima\/\"}]}<\/script>\n<!-- \/ Yoast SEO plugin. -->","yoast_head_json":{"title":"Recusa da Prefeitura em receber servi\u00e7o gratuito contra o c\u00e2ncer causa cr\u00edticas - VerdadeOn","robots":{"index":"index","follow":"follow","max-snippet":"max-snippet:-1","max-image-preview":"max-image-preview:large","max-video-preview":"max-video-preview:-1"},"canonical":"https:\/\/verdadeon.com.br\/portal\/2022\/04\/19\/recusa-da-prefeitura-em-receber-servico-gratuito-contra-o-cancer-causa-criticas\/","og_locale":"pt_BR","og_type":"article","og_title":"Recusa da Prefeitura em receber servi\u00e7o gratuito contra o c\u00e2ncer causa cr\u00edticas - VerdadeOn","og_description":"Servi\u00e7o gratuito \u00e9 oferecido pelo Estado para exames de mamografia, mas n\u00e3o houve interesse da Prefeitura A recusa da Prefeitura em receber a Carreta da Mamografia [\u2026]","og_url":"https:\/\/verdadeon.com.br\/portal\/2022\/04\/19\/recusa-da-prefeitura-em-receber-servico-gratuito-contra-o-cancer-causa-criticas\/","og_site_name":"VerdadeOn","article_published_time":"2022-04-19T17:59:42+00:00","og_image":[{"width":2560,"height":1760,"url":"https:\/\/verdadeon.com.br\/portal\/wp-content\/uploads\/2022\/04\/CARRETA-MAMOGRAFIA-scaled.jpg","type":"image\/jpeg"}],"author":"Fernando Lima","twitter_card":"summary_large_image","twitter_misc":{"Escrito por":"Fernando Lima","Est. tempo de leitura":"3 minutos"},"schema":{"@context":"https:\/\/schema.org","@graph":[{"@type":"WebPage","@id":"https:\/\/verdadeon.com.br\/portal\/2022\/04\/19\/recusa-da-prefeitura-em-receber-servico-gratuito-contra-o-cancer-causa-criticas\/","url":"https:\/\/verdadeon.com.br\/portal\/2022\/04\/19\/recusa-da-prefeitura-em-receber-servico-gratuito-contra-o-cancer-causa-criticas\/","name":"Recusa da Prefeitura em receber servi\u00e7o gratuito contra o c\u00e2ncer causa cr\u00edticas - VerdadeOn","isPartOf":{"@id":"https:\/\/verdadeon.com.br\/portal\/#website"},"primaryImageOfPage":{"@id":"https:\/\/verdadeon.com.br\/portal\/2022\/04\/19\/recusa-da-prefeitura-em-receber-servico-gratuito-contra-o-cancer-causa-criticas\/#primaryimage"},"image":{"@id":"https:\/\/verdadeon.com.br\/portal\/2022\/04\/19\/recusa-da-prefeitura-em-receber-servico-gratuito-contra-o-cancer-causa-criticas\/#primaryimage"},"thumbnailUrl":"https:\/\/i0.wp.com\/verdadeon.com.br\/portal\/wp-content\/uploads\/2022\/04\/CARRETA-MAMOGRAFIA-scaled.jpg?fit=2560%2C1760&ssl=1","datePublished":"2022-04-19T17:59:42+00:00","author":{"@id":"https:\/\/verdadeon.com.br\/portal\/#\/schema\/person\/cc32be22b8e8599387c480bc83e1d11a"},"breadcrumb":{"@id":"https:\/\/verdadeon.com.br\/portal\/2022\/04\/19\/recusa-da-prefeitura-em-receber-servico-gratuito-contra-o-cancer-causa-criticas\/#breadcrumb"},"inLanguage":"pt-BR","potentialAction":[{"@type":"ReadAction","target":["https:\/\/verdadeon.com.br\/portal\/2022\/04\/19\/recusa-da-prefeitura-em-receber-servico-gratuito-contra-o-cancer-causa-criticas\/"]}]},{"@type":"ImageObject","inLanguage":"pt-BR","@id":"https:\/\/verdadeon.com.br\/portal\/2022\/04\/19\/recusa-da-prefeitura-em-receber-servico-gratuito-contra-o-cancer-causa-criticas\/#primaryimage","url":"https:\/\/i0.wp.com\/verdadeon.com.br\/portal\/wp-content\/uploads\/2022\/04\/CARRETA-MAMOGRAFIA-scaled.jpg?fit=2560%2C1760&ssl=1","contentUrl":"https:\/\/i0.wp.com\/verdadeon.com.br\/portal\/wp-content\/uploads\/2022\/04\/CARRETA-MAMOGRAFIA-scaled.jpg?fit=2560%2C1760&ssl=1","width":2560,"height":1760,"caption":"Carretas da Mamografia realizam exames gratuitos em oito munic\u00edpios no m\u00eas de junho (\u00a9Divulga\u00e7\u00e3o)"},{"@type":"BreadcrumbList","@id":"https:\/\/verdadeon.com.br\/portal\/2022\/04\/19\/recusa-da-prefeitura-em-receber-servico-gratuito-contra-o-cancer-causa-criticas\/#breadcrumb","itemListElement":[{"@type":"ListItem","position":1,"name":"In\u00edcio","item":"https:\/\/verdadeon.com.br\/portal\/"},{"@type":"ListItem","position":2,"name":"Recusa da Prefeitura em receber servi\u00e7o gratuito contra o c\u00e2ncer causa cr\u00edticas"}]},{"@type":"WebSite","@id":"https:\/\/verdadeon.com.br\/portal\/#website","url":"https:\/\/verdadeon.com.br\/portal\/","name":"VerdadeOn","description":"Not\u00edcias di\u00e1rias sobre Franca, Regi\u00e3o, Esporte, Cultura, Cotidiano, Colunas. Cobertura nos principais eventos da cidade \u00e9 aqui - Verdadeon Franca","potentialAction":[{"@type":"SearchAction","target":{"@type":"EntryPoint","urlTemplate":"https:\/\/verdadeon.com.br\/portal\/?s={search_term_string}"},"query-input":{"@type":"PropertyValueSpecification","valueRequired":true,"valueName":"search_term_string"}}],"inLanguage":"pt-BR"},{"@type":"Person","@id":"https:\/\/verdadeon.com.br\/portal\/#\/schema\/person\/cc32be22b8e8599387c480bc83e1d11a","name":"Fernando Lima","image":{"@type":"ImageObject","inLanguage":"pt-BR","@id":"https:\/\/verdadeon.com.br\/portal\/#\/schema\/person\/image\/","url":"https:\/\/secure.gravatar.com\/avatar\/df4c8e132080d2b3a4841d5d232045464e0eed11a1d6e43115ca0843d48768d3?s=96&d=mm&r=g","contentUrl":"https:\/\/secure.gravatar.com\/avatar\/df4c8e132080d2b3a4841d5d232045464e0eed11a1d6e43115ca0843d48768d3?s=96&d=mm&r=g","caption":"Fernando Lima"},"sameAs":["http:\/\/verdadeon.com.br\/"],"url":"https:\/\/verdadeon.com.br\/portal\/author\/fernando-lima\/"}]}},"jetpack_publicize_connections":[],"jetpack_featured_media_url":"https:\/\/i0.wp.com\/verdadeon.com.br\/portal\/wp-content\/uploads\/2022\/04\/CARRETA-MAMOGRAFIA-scaled.jpg?fit=2560%2C1760&ssl=1","jetpack_sharing_enabled":true,"_links":{"self":[{"href":"https:\/\/verdadeon.com.br\/portal\/wp-json\/wp\/v2\/posts\/24545","targetHints":{"allow":["GET"]}}],"collection":[{"href":"https:\/\/verdadeon.com.br\/portal\/wp-json\/wp\/v2\/posts"}],"about":[{"href":"https:\/\/verdadeon.com.br\/portal\/wp-json\/wp\/v2\/types\/post"}],"author":[{"embeddable":true,"href":"https:\/\/verdadeon.com.br\/portal\/wp-json\/wp\/v2\/users\/7"}],"replies":[{"embeddable":true,"href":"https:\/\/verdadeon.com.br\/portal\/wp-json\/wp\/v2\/comments?post=24545"}],"version-history":[{"count":1,"href":"https:\/\/verdadeon.com.br\/portal\/wp-json\/wp\/v2\/posts\/24545\/revisions"}],"predecessor-version":[{"id":24550,"href":"https:\/\/verdadeon.com.br\/portal\/wp-json\/wp\/v2\/posts\/24545\/revisions\/24550"}],"wp:featuredmedia":[{"embeddable":true,"href":"https:\/\/verdadeon.com.br\/portal\/wp-json\/wp\/v2\/media\/24547"}],"wp:attachment":[{"href":"https:\/\/verdadeon.com.br\/portal\/wp-json\/wp\/v2\/media?parent=24545"}],"wp:term":[{"taxonomy":"category","embeddable":true,"href":"https:\/\/verdadeon.com.br\/portal\/wp-json\/wp\/v2\/categories?post=24545"},{"taxonomy":"post_tag","embeddable":true,"href":"https:\/\/verdadeon.com.br\/portal\/wp-json\/wp\/v2\/tags?post=24545"}],"curies":[{"name":"wp","href":"https:\/\/api.w.org\/{rel}","templated":true}]}}