{"id":24536,"date":"2022-04-18T18:51:14","date_gmt":"2022-04-18T21:51:14","guid":{"rendered":"https:\/\/verdadeon.com.br\/portal\/?p=24536"},"modified":"2022-04-18T18:51:14","modified_gmt":"2022-04-18T21:51:14","slug":"franca-brigas-em-escolas-preocupam-psicologo-destaca-ruptura-brusca-de-rotina","status":"publish","type":"post","link":"https:\/\/verdadeon.com.br\/portal\/2022\/04\/18\/franca-brigas-em-escolas-preocupam-psicologo-destaca-ruptura-brusca-de-rotina\/","title":{"rendered":"Franca: Brigas em escolas preocupam, psic\u00f3logo destaca ruptura brusca de rotina"},"content":{"rendered":"<h2>Em um m\u00eas foram pelo menos cinco registros de adolescentes trocando socos, chutes e empurr\u00f5es<\/h2>\n<p>Fernando Lima<\/p>\n<p>Recentemente alguns v\u00eddeos mostrando brigas de adolescentes em escolas chamaram a aten\u00e7\u00e3o em Franca. Na Torquato Caleiro, no dia 29 do m\u00eas passado, uma briga generalizada foi registrada.\u00a0Os v\u00eddeos mostram adolescentes trocando socos e chutes, um dos menores chega inclusive a cair e ainda continua sendo agredido. Outras grava\u00e7\u00f5es mostram ainda meninas trocando xingamentos e terminam se estapeando. No total foram cinco brigas flagradas por estudantes em um per\u00edodo de 30 dias.<\/p>\n<p>Para o psic\u00f3logo Felipe Santos, a ruptura da rotina das crian\u00e7as e dos adolescentes com a volta ao presencial \u00e9 um dos fatores que explicam o registro de tantas brigas no ambiente escolar.<\/p>\n<p>\u201cEu costumo dizer desde o ano passado, que eu percebia que a maioria das pessoas teve uma ruptura muito grande da rotina, do padr\u00e3o de vida onde tudo era presencial quando veio a pandemia e mudou tudo, fomos para as atividades de forma online. Agora sofremos novamente essa ruptura de voltar ao que t\u00ednhamos antes. Ouvi dizer que no caso das escolas seria uma volta gradual, mas n\u00e3o est\u00e1 sendo assim, n\u00f3s os seres humanos temos a capacidade de adapta\u00e7\u00e3o, mas isso demanda tempo\u201d, avaliou.<\/p>\n<p>Ainda segundo o profissional, em rela\u00e7\u00e3o aos adolescentes existe um agravante, j\u00e1 que ao mesmo tempo em que enfrentam a ruptura, eles ainda t\u00eam que lidar com quest\u00f5es como crises de identidade. \u201c\u00c9 um exerc\u00edcio de empatia, os pais se colocarem no lugar do adolescente e terem essa nova rotina de adapta\u00e7\u00e3o com os filhos, ouvir, buscar identificar o que est\u00e1 acontecendo, sempre o di\u00e1logo, para criar a confian\u00e7a. Nessa hora \u00e9 importante tamb\u00e9m n\u00e3o impor a hierarquia como se obrigasse a readaptar novamente a realidade de levantar cedo e frequentar a escola assim t\u00e3o r\u00e1pido. Isso pode at\u00e9 mesmo causar um afastamento. \u00c9 hora de tentar entender tudo o que o adolescente vem trazendo, demandas, inseguran\u00e7as, assim ele vai se sentir acolhido, sentir que est\u00e1 sendo ouvido. Juntos, os pais e os filhos podem procurar ajuda profissional e trabalhar todos estes impactos causados\u201d.<\/p>\n<p>O psic\u00f3logo finalizou afirmando que al\u00e9m dos estudantes, os profissionais da educa\u00e7\u00e3o e os pais tamb\u00e9m devem procurar ajuda profissional. &#8220;O eixo central de tudo isso passa pela sa\u00fade mental, a escola n\u00e3o \u00e9 apenas o estudante, ela \u00e9 o professor, os funcion\u00e1rios e todas as rela\u00e7\u00f5es que s\u00e3o criadas no lugar&#8221;.<\/p>\n<h4><\/h4>\n<h4>OAB vai \u00e0 Escola<\/h4>\n<p>Para um dos coordenadores da Comiss\u00e3o OAB vai \u00e0 Escola, Alexandre Lopes de Azevedo, o tempo em que a pessoas ficaram trancadas em casa, faz com que agora alguns queiram colocar tudo para fora. \u201cPercebe-se tamb\u00e9m que n\u00e3o h\u00e1 ainda uma seguran\u00e7a para as pessoas, muitos ainda n\u00e3o se sentem seguras em estarem em ambientes fechados, que re\u00fanem v\u00e1rias pessoas. Acredito que o Estado deveria ainda colocar \u00e0 disposi\u00e7\u00e3o um ambiente misto, para que aqueles que ainda n\u00e3o se sentem seguros, possam permanecer em casa\u201d, avaliou.<\/p>\n<p>Lopes comentou ainda que a Comiss\u00e3o OAB vai \u00e0 Escola \u00e9 formada por diversos advogados que v\u00e3o at\u00e9 as unidades de ensino e falam sobre direitos, deveres e cidadania, o que pode tamb\u00e9m colaborar para mudar a realidade das brigas nestes locais.<\/p>\n<p>\u201cO nosso foco dentro das escolas \u00e9 sempre no \u00faltimo ano do ensino m\u00e9dio, quando o aluno est\u00e1 saindo para encarar o mundo, encarar uma vida profissional, universit\u00e1ria, at\u00e9 para ajudar na op\u00e7\u00e3o deles. Alguns se identificam com o direito, outros em outras \u00e1reas. Todas as vezes em que vamos a escola, os assuntos s\u00e3o os mais variados, inserindo um pouco do mundo jur\u00eddico, da responsabiliza\u00e7\u00e3o, da \u00e9tica, de valores, de direitos humanos, de deveres, de direito, tudo isso \u00e9 abordado pela nossa comiss\u00e3o e tudo isso tamb\u00e9m contribui para a forma\u00e7\u00e3o\u201d, finalizou.<\/p>\n","protected":false},"excerpt":{"rendered":"<p>Em um m\u00eas foram pelo menos cinco registros de adolescentes trocando socos, chutes e empurr\u00f5es Fernando Lima Recentemente alguns v\u00eddeos mostrando brigas de adolescentes em escolas<span class=\"excerpt-hellip\"> [\u2026]<\/span><\/p>\n","protected":false},"author":7,"featured_media":24541,"comment_status":"open","ping_status":"open","sticky":false,"template":"","format":"standard","meta":{"_jetpack_memberships_contains_paid_content":false,"footnotes":"","jetpack_publicize_message":"","jetpack_publicize_feature_enabled":true,"jetpack_social_post_already_shared":false,"jetpack_social_options":{"image_generator_settings":{"template":"highway","default_image_id":0,"enabled":false},"version":2}},"categories":[28,81],"tags":[],"class_list":["post-24536","post","type-post","status-publish","format-standard","has-post-thumbnail","hentry","category-cotidiano","category-manchete"],"yoast_head":"<!-- This site is optimized with the Yoast SEO plugin v25.6 - https:\/\/yoast.com\/wordpress\/plugins\/seo\/ -->\n<title>Franca: Brigas em escolas preocupam, psic\u00f3logo destaca ruptura brusca de rotina - VerdadeOn<\/title>\n<meta name=\"robots\" content=\"index, follow, max-snippet:-1, max-image-preview:large, max-video-preview:-1\" \/>\n<link rel=\"canonical\" href=\"https:\/\/verdadeon.com.br\/portal\/2022\/04\/18\/franca-brigas-em-escolas-preocupam-psicologo-destaca-ruptura-brusca-de-rotina\/\" \/>\n<meta property=\"og:locale\" content=\"pt_BR\" \/>\n<meta property=\"og:type\" content=\"article\" \/>\n<meta property=\"og:title\" content=\"Franca: Brigas em escolas preocupam, psic\u00f3logo destaca ruptura brusca de rotina - VerdadeOn\" \/>\n<meta property=\"og:description\" content=\"Em um m\u00eas foram pelo menos cinco registros de adolescentes trocando socos, chutes e empurr\u00f5es Fernando Lima Recentemente alguns v\u00eddeos mostrando brigas de adolescentes em escolas [\u2026]\" \/>\n<meta property=\"og:url\" content=\"https:\/\/verdadeon.com.br\/portal\/2022\/04\/18\/franca-brigas-em-escolas-preocupam-psicologo-destaca-ruptura-brusca-de-rotina\/\" \/>\n<meta property=\"og:site_name\" content=\"VerdadeOn\" \/>\n<meta property=\"article:published_time\" content=\"2022-04-18T21:51:14+00:00\" \/>\n<meta property=\"og:image\" content=\"https:\/\/verdadeon.com.br\/portal\/wp-content\/uploads\/2022\/04\/ALUNOS-e1650318614686.jpeg\" \/>\n\t<meta property=\"og:image:width\" content=\"1000\" \/>\n\t<meta property=\"og:image:height\" content=\"669\" \/>\n\t<meta property=\"og:image:type\" content=\"image\/jpeg\" \/>\n<meta name=\"author\" content=\"Fernando Lima\" \/>\n<meta name=\"twitter:card\" content=\"summary_large_image\" \/>\n<meta name=\"twitter:label1\" content=\"Escrito por\" \/>\n\t<meta name=\"twitter:data1\" content=\"Fernando Lima\" \/>\n\t<meta name=\"twitter:label2\" content=\"Est. tempo de leitura\" \/>\n\t<meta name=\"twitter:data2\" content=\"4 minutos\" \/>\n<script type=\"application\/ld+json\" class=\"yoast-schema-graph\">{\"@context\":\"https:\/\/schema.org\",\"@graph\":[{\"@type\":\"WebPage\",\"@id\":\"https:\/\/verdadeon.com.br\/portal\/2022\/04\/18\/franca-brigas-em-escolas-preocupam-psicologo-destaca-ruptura-brusca-de-rotina\/\",\"url\":\"https:\/\/verdadeon.com.br\/portal\/2022\/04\/18\/franca-brigas-em-escolas-preocupam-psicologo-destaca-ruptura-brusca-de-rotina\/\",\"name\":\"Franca: Brigas em escolas preocupam, psic\u00f3logo destaca ruptura brusca de rotina - VerdadeOn\",\"isPartOf\":{\"@id\":\"https:\/\/verdadeon.com.br\/portal\/#website\"},\"primaryImageOfPage\":{\"@id\":\"https:\/\/verdadeon.com.br\/portal\/2022\/04\/18\/franca-brigas-em-escolas-preocupam-psicologo-destaca-ruptura-brusca-de-rotina\/#primaryimage\"},\"image\":{\"@id\":\"https:\/\/verdadeon.com.br\/portal\/2022\/04\/18\/franca-brigas-em-escolas-preocupam-psicologo-destaca-ruptura-brusca-de-rotina\/#primaryimage\"},\"thumbnailUrl\":\"https:\/\/i0.wp.com\/verdadeon.com.br\/portal\/wp-content\/uploads\/2022\/04\/ALUNOS-e1650318614686.jpeg?fit=1000%2C669&ssl=1\",\"datePublished\":\"2022-04-18T21:51:14+00:00\",\"author\":{\"@id\":\"https:\/\/verdadeon.com.br\/portal\/#\/schema\/person\/cc32be22b8e8599387c480bc83e1d11a\"},\"breadcrumb\":{\"@id\":\"https:\/\/verdadeon.com.br\/portal\/2022\/04\/18\/franca-brigas-em-escolas-preocupam-psicologo-destaca-ruptura-brusca-de-rotina\/#breadcrumb\"},\"inLanguage\":\"pt-BR\",\"potentialAction\":[{\"@type\":\"ReadAction\",\"target\":[\"https:\/\/verdadeon.com.br\/portal\/2022\/04\/18\/franca-brigas-em-escolas-preocupam-psicologo-destaca-ruptura-brusca-de-rotina\/\"]}]},{\"@type\":\"ImageObject\",\"inLanguage\":\"pt-BR\",\"@id\":\"https:\/\/verdadeon.com.br\/portal\/2022\/04\/18\/franca-brigas-em-escolas-preocupam-psicologo-destaca-ruptura-brusca-de-rotina\/#primaryimage\",\"url\":\"https:\/\/i0.wp.com\/verdadeon.com.br\/portal\/wp-content\/uploads\/2022\/04\/ALUNOS-e1650318614686.jpeg?fit=1000%2C669&ssl=1\",\"contentUrl\":\"https:\/\/i0.wp.com\/verdadeon.com.br\/portal\/wp-content\/uploads\/2022\/04\/ALUNOS-e1650318614686.jpeg?fit=1000%2C669&ssl=1\",\"width\":1000,\"height\":669,\"caption\":\"Psic\u00f3logo defende di\u00e1logo amplo entre pais e filhos como a melhor sa\u00edda para entender a situa\u00e7\u00e3o e trabalhar os impactos causados | Foto: Ag\u00eancia Brasil\"},{\"@type\":\"BreadcrumbList\",\"@id\":\"https:\/\/verdadeon.com.br\/portal\/2022\/04\/18\/franca-brigas-em-escolas-preocupam-psicologo-destaca-ruptura-brusca-de-rotina\/#breadcrumb\",\"itemListElement\":[{\"@type\":\"ListItem\",\"position\":1,\"name\":\"In\u00edcio\",\"item\":\"https:\/\/verdadeon.com.br\/portal\/\"},{\"@type\":\"ListItem\",\"position\":2,\"name\":\"Franca: Brigas em escolas preocupam, psic\u00f3logo destaca ruptura brusca de rotina\"}]},{\"@type\":\"WebSite\",\"@id\":\"https:\/\/verdadeon.com.br\/portal\/#website\",\"url\":\"https:\/\/verdadeon.com.br\/portal\/\",\"name\":\"VerdadeOn\",\"description\":\"Not\u00edcias di\u00e1rias sobre Franca, Regi\u00e3o, Esporte, Cultura, Cotidiano, Colunas. Cobertura nos principais eventos da cidade \u00e9 aqui - Verdadeon Franca\",\"potentialAction\":[{\"@type\":\"SearchAction\",\"target\":{\"@type\":\"EntryPoint\",\"urlTemplate\":\"https:\/\/verdadeon.com.br\/portal\/?s={search_term_string}\"},\"query-input\":{\"@type\":\"PropertyValueSpecification\",\"valueRequired\":true,\"valueName\":\"search_term_string\"}}],\"inLanguage\":\"pt-BR\"},{\"@type\":\"Person\",\"@id\":\"https:\/\/verdadeon.com.br\/portal\/#\/schema\/person\/cc32be22b8e8599387c480bc83e1d11a\",\"name\":\"Fernando Lima\",\"image\":{\"@type\":\"ImageObject\",\"inLanguage\":\"pt-BR\",\"@id\":\"https:\/\/verdadeon.com.br\/portal\/#\/schema\/person\/image\/\",\"url\":\"https:\/\/secure.gravatar.com\/avatar\/df4c8e132080d2b3a4841d5d232045464e0eed11a1d6e43115ca0843d48768d3?s=96&d=mm&r=g\",\"contentUrl\":\"https:\/\/secure.gravatar.com\/avatar\/df4c8e132080d2b3a4841d5d232045464e0eed11a1d6e43115ca0843d48768d3?s=96&d=mm&r=g\",\"caption\":\"Fernando Lima\"},\"sameAs\":[\"http:\/\/verdadeon.com.br\/\"],\"url\":\"https:\/\/verdadeon.com.br\/portal\/author\/fernando-lima\/\"}]}<\/script>\n<!-- \/ Yoast SEO plugin. -->","yoast_head_json":{"title":"Franca: Brigas em escolas preocupam, psic\u00f3logo destaca ruptura brusca de rotina - VerdadeOn","robots":{"index":"index","follow":"follow","max-snippet":"max-snippet:-1","max-image-preview":"max-image-preview:large","max-video-preview":"max-video-preview:-1"},"canonical":"https:\/\/verdadeon.com.br\/portal\/2022\/04\/18\/franca-brigas-em-escolas-preocupam-psicologo-destaca-ruptura-brusca-de-rotina\/","og_locale":"pt_BR","og_type":"article","og_title":"Franca: Brigas em escolas preocupam, psic\u00f3logo destaca ruptura brusca de rotina - VerdadeOn","og_description":"Em um m\u00eas foram pelo menos cinco registros de adolescentes trocando socos, chutes e empurr\u00f5es Fernando Lima Recentemente alguns v\u00eddeos mostrando brigas de adolescentes em escolas [\u2026]","og_url":"https:\/\/verdadeon.com.br\/portal\/2022\/04\/18\/franca-brigas-em-escolas-preocupam-psicologo-destaca-ruptura-brusca-de-rotina\/","og_site_name":"VerdadeOn","article_published_time":"2022-04-18T21:51:14+00:00","og_image":[{"width":1000,"height":669,"url":"https:\/\/verdadeon.com.br\/portal\/wp-content\/uploads\/2022\/04\/ALUNOS-e1650318614686.jpeg","type":"image\/jpeg"}],"author":"Fernando Lima","twitter_card":"summary_large_image","twitter_misc":{"Escrito por":"Fernando Lima","Est. tempo de leitura":"4 minutos"},"schema":{"@context":"https:\/\/schema.org","@graph":[{"@type":"WebPage","@id":"https:\/\/verdadeon.com.br\/portal\/2022\/04\/18\/franca-brigas-em-escolas-preocupam-psicologo-destaca-ruptura-brusca-de-rotina\/","url":"https:\/\/verdadeon.com.br\/portal\/2022\/04\/18\/franca-brigas-em-escolas-preocupam-psicologo-destaca-ruptura-brusca-de-rotina\/","name":"Franca: Brigas em escolas preocupam, psic\u00f3logo destaca ruptura brusca de rotina - VerdadeOn","isPartOf":{"@id":"https:\/\/verdadeon.com.br\/portal\/#website"},"primaryImageOfPage":{"@id":"https:\/\/verdadeon.com.br\/portal\/2022\/04\/18\/franca-brigas-em-escolas-preocupam-psicologo-destaca-ruptura-brusca-de-rotina\/#primaryimage"},"image":{"@id":"https:\/\/verdadeon.com.br\/portal\/2022\/04\/18\/franca-brigas-em-escolas-preocupam-psicologo-destaca-ruptura-brusca-de-rotina\/#primaryimage"},"thumbnailUrl":"https:\/\/i0.wp.com\/verdadeon.com.br\/portal\/wp-content\/uploads\/2022\/04\/ALUNOS-e1650318614686.jpeg?fit=1000%2C669&ssl=1","datePublished":"2022-04-18T21:51:14+00:00","author":{"@id":"https:\/\/verdadeon.com.br\/portal\/#\/schema\/person\/cc32be22b8e8599387c480bc83e1d11a"},"breadcrumb":{"@id":"https:\/\/verdadeon.com.br\/portal\/2022\/04\/18\/franca-brigas-em-escolas-preocupam-psicologo-destaca-ruptura-brusca-de-rotina\/#breadcrumb"},"inLanguage":"pt-BR","potentialAction":[{"@type":"ReadAction","target":["https:\/\/verdadeon.com.br\/portal\/2022\/04\/18\/franca-brigas-em-escolas-preocupam-psicologo-destaca-ruptura-brusca-de-rotina\/"]}]},{"@type":"ImageObject","inLanguage":"pt-BR","@id":"https:\/\/verdadeon.com.br\/portal\/2022\/04\/18\/franca-brigas-em-escolas-preocupam-psicologo-destaca-ruptura-brusca-de-rotina\/#primaryimage","url":"https:\/\/i0.wp.com\/verdadeon.com.br\/portal\/wp-content\/uploads\/2022\/04\/ALUNOS-e1650318614686.jpeg?fit=1000%2C669&ssl=1","contentUrl":"https:\/\/i0.wp.com\/verdadeon.com.br\/portal\/wp-content\/uploads\/2022\/04\/ALUNOS-e1650318614686.jpeg?fit=1000%2C669&ssl=1","width":1000,"height":669,"caption":"Psic\u00f3logo defende di\u00e1logo amplo entre pais e filhos como a melhor sa\u00edda para entender a situa\u00e7\u00e3o e trabalhar os impactos causados | Foto: Ag\u00eancia Brasil"},{"@type":"BreadcrumbList","@id":"https:\/\/verdadeon.com.br\/portal\/2022\/04\/18\/franca-brigas-em-escolas-preocupam-psicologo-destaca-ruptura-brusca-de-rotina\/#breadcrumb","itemListElement":[{"@type":"ListItem","position":1,"name":"In\u00edcio","item":"https:\/\/verdadeon.com.br\/portal\/"},{"@type":"ListItem","position":2,"name":"Franca: Brigas em escolas preocupam, psic\u00f3logo destaca ruptura brusca de rotina"}]},{"@type":"WebSite","@id":"https:\/\/verdadeon.com.br\/portal\/#website","url":"https:\/\/verdadeon.com.br\/portal\/","name":"VerdadeOn","description":"Not\u00edcias di\u00e1rias sobre Franca, Regi\u00e3o, Esporte, Cultura, Cotidiano, Colunas. Cobertura nos principais eventos da cidade \u00e9 aqui - Verdadeon Franca","potentialAction":[{"@type":"SearchAction","target":{"@type":"EntryPoint","urlTemplate":"https:\/\/verdadeon.com.br\/portal\/?s={search_term_string}"},"query-input":{"@type":"PropertyValueSpecification","valueRequired":true,"valueName":"search_term_string"}}],"inLanguage":"pt-BR"},{"@type":"Person","@id":"https:\/\/verdadeon.com.br\/portal\/#\/schema\/person\/cc32be22b8e8599387c480bc83e1d11a","name":"Fernando Lima","image":{"@type":"ImageObject","inLanguage":"pt-BR","@id":"https:\/\/verdadeon.com.br\/portal\/#\/schema\/person\/image\/","url":"https:\/\/secure.gravatar.com\/avatar\/df4c8e132080d2b3a4841d5d232045464e0eed11a1d6e43115ca0843d48768d3?s=96&d=mm&r=g","contentUrl":"https:\/\/secure.gravatar.com\/avatar\/df4c8e132080d2b3a4841d5d232045464e0eed11a1d6e43115ca0843d48768d3?s=96&d=mm&r=g","caption":"Fernando Lima"},"sameAs":["http:\/\/verdadeon.com.br\/"],"url":"https:\/\/verdadeon.com.br\/portal\/author\/fernando-lima\/"}]}},"jetpack_publicize_connections":[],"jetpack_featured_media_url":"https:\/\/i0.wp.com\/verdadeon.com.br\/portal\/wp-content\/uploads\/2022\/04\/ALUNOS-e1650318614686.jpeg?fit=1000%2C669&ssl=1","jetpack_sharing_enabled":true,"_links":{"self":[{"href":"https:\/\/verdadeon.com.br\/portal\/wp-json\/wp\/v2\/posts\/24536","targetHints":{"allow":["GET"]}}],"collection":[{"href":"https:\/\/verdadeon.com.br\/portal\/wp-json\/wp\/v2\/posts"}],"about":[{"href":"https:\/\/verdadeon.com.br\/portal\/wp-json\/wp\/v2\/types\/post"}],"author":[{"embeddable":true,"href":"https:\/\/verdadeon.com.br\/portal\/wp-json\/wp\/v2\/users\/7"}],"replies":[{"embeddable":true,"href":"https:\/\/verdadeon.com.br\/portal\/wp-json\/wp\/v2\/comments?post=24536"}],"version-history":[{"count":1,"href":"https:\/\/verdadeon.com.br\/portal\/wp-json\/wp\/v2\/posts\/24536\/revisions"}],"predecessor-version":[{"id":24542,"href":"https:\/\/verdadeon.com.br\/portal\/wp-json\/wp\/v2\/posts\/24536\/revisions\/24542"}],"wp:featuredmedia":[{"embeddable":true,"href":"https:\/\/verdadeon.com.br\/portal\/wp-json\/wp\/v2\/media\/24541"}],"wp:attachment":[{"href":"https:\/\/verdadeon.com.br\/portal\/wp-json\/wp\/v2\/media?parent=24536"}],"wp:term":[{"taxonomy":"category","embeddable":true,"href":"https:\/\/verdadeon.com.br\/portal\/wp-json\/wp\/v2\/categories?post=24536"},{"taxonomy":"post_tag","embeddable":true,"href":"https:\/\/verdadeon.com.br\/portal\/wp-json\/wp\/v2\/tags?post=24536"}],"curies":[{"name":"wp","href":"https:\/\/api.w.org\/{rel}","templated":true}]}}