{"id":24467,"date":"2022-04-13T15:00:44","date_gmt":"2022-04-13T18:00:44","guid":{"rendered":"https:\/\/verdadeon.com.br\/portal\/?p=24467"},"modified":"2022-04-14T13:49:39","modified_gmt":"2022-04-14T16:49:39","slug":"pascoa-solidaria-promove-festa-no-centro-comunitario-do-leporace","status":"publish","type":"post","link":"https:\/\/verdadeon.com.br\/portal\/2022\/04\/13\/pascoa-solidaria-promove-festa-no-centro-comunitario-do-leporace\/","title":{"rendered":"&#8216;P\u00e1scoa Solid\u00e1ria&#8217; promove festa no Centro Comunit\u00e1rio do Leporace"},"content":{"rendered":"<h2>Esta ser\u00e1 a quinta edi\u00e7\u00e3o do evento, com distribui\u00e7\u00e3o de ovos de chocolate, pipoca e doce, al\u00e9m de brinquedos infl\u00e1veis<\/h2>\n<p>&nbsp;<\/p>\n<p><span style=\"font-weight: 400;\">O pr\u00f3ximo domingo (17) vai ser de festa no Centro Comunit\u00e1rio do Leporace com o P\u00e1scoa Solid\u00e1ria. Haver\u00e1 entrega de ovos e bombons de chocolate, bolo, pipoca, algod\u00e3o doce e brinquedos infl\u00e1veis para a crian\u00e7ada se divertir. O evento ser\u00e1 das 9h ao meio-dia.<\/span><\/p>\n<p><span style=\"font-weight: 400;\">Esta \u00e9 a quinta edi\u00e7\u00e3o da P\u00e1scoa Solid\u00e1ria, que \u00e9 realizada pela Associa\u00e7\u00e3o dos Moradores do Leporace e a Escola de Samba Filhos de Gandhi. \u201cOptamos por fazer tr\u00eas eventos festivos durante o ano, com a comemora\u00e7\u00e3o da P\u00e1scoa, a Festa das Crian\u00e7as e o Natal Solid\u00e1rio. Nosso intuito \u00e9 proporcionar algo diferente para as crian\u00e7as e os moradores do Leporace e bairros vizinhos. Recebemos muita gente, \u00e9 dif\u00edcil falar em n\u00fameros, mas temos expectativa de atender cerca de 500 crian\u00e7as\u201d, disse <\/span><span style=\"font-weight: 400;\">Policarpo Soares, <\/span><span style=\"font-weight: 400;\">Presidente da Associa\u00e7\u00e3o e da Escola.\u00a0<\/span><\/p>\n<p><span style=\"font-weight: 400;\">Doa\u00e7\u00f5es podem ser feitas no dia e no local do evento. Mais informa\u00e7\u00f5es podem ser obtidas pelos telefones (16) 99123-5911 e 99210-3715.<\/span><\/p>\n<p><b>Servi\u00e7o<\/b><\/p>\n<p><b>P\u00e1scoa Solid\u00e1ria<\/b><\/p>\n<p><span style=\"font-weight: 400;\">Data: 17\/04\/2022 &#8211; Domingo<\/span><\/p>\n<p><span style=\"font-weight: 400;\">Hor\u00e1rio: Das 9h \u00e0s 12h<\/span><\/p>\n<p><span style=\"font-weight: 400;\">Local: Centro Comunit\u00e1rio do Leporace<\/span><\/p>\n","protected":false},"excerpt":{"rendered":"<p>Esta ser\u00e1 a quinta edi\u00e7\u00e3o do evento, com distribui\u00e7\u00e3o de ovos de chocolate, pipoca e doce, al\u00e9m de brinquedos infl\u00e1veis &nbsp; O pr\u00f3ximo domingo (17) vai<span class=\"excerpt-hellip\"> [\u2026]<\/span><\/p>\n","protected":false},"author":12,"featured_media":24468,"comment_status":"open","ping_status":"open","sticky":false,"template":"","format":"standard","meta":{"_jetpack_memberships_contains_paid_content":false,"footnotes":"","jetpack_publicize_message":"","jetpack_publicize_feature_enabled":true,"jetpack_social_post_already_shared":false,"jetpack_social_options":{"image_generator_settings":{"template":"highway","default_image_id":0,"enabled":false},"version":2}},"categories":[28,81],"tags":[],"class_list":["post-24467","post","type-post","status-publish","format-standard","has-post-thumbnail","hentry","category-cotidiano","category-manchete"],"yoast_head":"<!-- This site is optimized with the Yoast SEO plugin v25.6 - https:\/\/yoast.com\/wordpress\/plugins\/seo\/ -->\n<title>&#039;P\u00e1scoa Solid\u00e1ria&#039; promove festa no Centro Comunit\u00e1rio do Leporace - VerdadeOn<\/title>\n<meta name=\"robots\" content=\"index, follow, max-snippet:-1, max-image-preview:large, max-video-preview:-1\" \/>\n<link rel=\"canonical\" href=\"https:\/\/verdadeon.com.br\/portal\/2022\/04\/13\/pascoa-solidaria-promove-festa-no-centro-comunitario-do-leporace\/\" \/>\n<meta property=\"og:locale\" content=\"pt_BR\" \/>\n<meta property=\"og:type\" content=\"article\" \/>\n<meta property=\"og:title\" content=\"&#039;P\u00e1scoa Solid\u00e1ria&#039; promove festa no Centro Comunit\u00e1rio do Leporace - VerdadeOn\" \/>\n<meta property=\"og:description\" content=\"Esta ser\u00e1 a quinta edi\u00e7\u00e3o do evento, com distribui\u00e7\u00e3o de ovos de chocolate, pipoca e doce, al\u00e9m de brinquedos infl\u00e1veis &nbsp; O pr\u00f3ximo domingo (17) vai [\u2026]\" \/>\n<meta property=\"og:url\" content=\"https:\/\/verdadeon.com.br\/portal\/2022\/04\/13\/pascoa-solidaria-promove-festa-no-centro-comunitario-do-leporace\/\" \/>\n<meta property=\"og:site_name\" content=\"VerdadeOn\" \/>\n<meta property=\"article:published_time\" content=\"2022-04-13T18:00:44+00:00\" \/>\n<meta property=\"article:modified_time\" content=\"2022-04-14T16:49:39+00:00\" \/>\n<meta property=\"og:image\" content=\"https:\/\/verdadeon.com.br\/portal\/wp-content\/uploads\/2022\/04\/WhatsApp-Image-2022-04-13-at-11.59.15-1-e1649954666658.jpeg\" \/>\n\t<meta property=\"og:image:width\" content=\"999\" \/>\n\t<meta property=\"og:image:height\" content=\"669\" \/>\n\t<meta property=\"og:image:type\" content=\"image\/jpeg\" \/>\n<meta name=\"author\" content=\"Nelise Luques\" \/>\n<meta name=\"twitter:card\" content=\"summary_large_image\" \/>\n<meta name=\"twitter:label1\" content=\"Escrito por\" \/>\n\t<meta name=\"twitter:data1\" content=\"Nelise Luques\" \/>\n\t<meta name=\"twitter:label2\" content=\"Est. tempo de leitura\" \/>\n\t<meta name=\"twitter:data2\" content=\"2 minutos\" \/>\n<script type=\"application\/ld+json\" class=\"yoast-schema-graph\">{\"@context\":\"https:\/\/schema.org\",\"@graph\":[{\"@type\":\"WebPage\",\"@id\":\"https:\/\/verdadeon.com.br\/portal\/2022\/04\/13\/pascoa-solidaria-promove-festa-no-centro-comunitario-do-leporace\/\",\"url\":\"https:\/\/verdadeon.com.br\/portal\/2022\/04\/13\/pascoa-solidaria-promove-festa-no-centro-comunitario-do-leporace\/\",\"name\":\"'P\u00e1scoa Solid\u00e1ria' promove festa no Centro Comunit\u00e1rio do Leporace - VerdadeOn\",\"isPartOf\":{\"@id\":\"https:\/\/verdadeon.com.br\/portal\/#website\"},\"primaryImageOfPage\":{\"@id\":\"https:\/\/verdadeon.com.br\/portal\/2022\/04\/13\/pascoa-solidaria-promove-festa-no-centro-comunitario-do-leporace\/#primaryimage\"},\"image\":{\"@id\":\"https:\/\/verdadeon.com.br\/portal\/2022\/04\/13\/pascoa-solidaria-promove-festa-no-centro-comunitario-do-leporace\/#primaryimage\"},\"thumbnailUrl\":\"https:\/\/i0.wp.com\/verdadeon.com.br\/portal\/wp-content\/uploads\/2022\/04\/WhatsApp-Image-2022-04-13-at-11.59.15-1-e1649954666658.jpeg?fit=999%2C669&ssl=1\",\"datePublished\":\"2022-04-13T18:00:44+00:00\",\"dateModified\":\"2022-04-14T16:49:39+00:00\",\"author\":{\"@id\":\"https:\/\/verdadeon.com.br\/portal\/#\/schema\/person\/8248726d36015c1916636fabb175d972\"},\"breadcrumb\":{\"@id\":\"https:\/\/verdadeon.com.br\/portal\/2022\/04\/13\/pascoa-solidaria-promove-festa-no-centro-comunitario-do-leporace\/#breadcrumb\"},\"inLanguage\":\"pt-BR\",\"potentialAction\":[{\"@type\":\"ReadAction\",\"target\":[\"https:\/\/verdadeon.com.br\/portal\/2022\/04\/13\/pascoa-solidaria-promove-festa-no-centro-comunitario-do-leporace\/\"]}]},{\"@type\":\"ImageObject\",\"inLanguage\":\"pt-BR\",\"@id\":\"https:\/\/verdadeon.com.br\/portal\/2022\/04\/13\/pascoa-solidaria-promove-festa-no-centro-comunitario-do-leporace\/#primaryimage\",\"url\":\"https:\/\/i0.wp.com\/verdadeon.com.br\/portal\/wp-content\/uploads\/2022\/04\/WhatsApp-Image-2022-04-13-at-11.59.15-1-e1649954666658.jpeg?fit=999%2C669&ssl=1\",\"contentUrl\":\"https:\/\/i0.wp.com\/verdadeon.com.br\/portal\/wp-content\/uploads\/2022\/04\/WhatsApp-Image-2022-04-13-at-11.59.15-1-e1649954666658.jpeg?fit=999%2C669&ssl=1\",\"width\":999,\"height\":669,\"caption\":\"P\u00e1scoa Solid\u00e1ria, realizada pela Associa\u00e7\u00e3o dos Moradores do Leporace e a Escola de Samba Filhos de Gandhi, espera atender 500 crian\u00e7as; doa\u00e7\u00f5es podem ser feitas at\u00e9 no dia do evento | Imagem: Divulga\u00e7\u00e3o\"},{\"@type\":\"BreadcrumbList\",\"@id\":\"https:\/\/verdadeon.com.br\/portal\/2022\/04\/13\/pascoa-solidaria-promove-festa-no-centro-comunitario-do-leporace\/#breadcrumb\",\"itemListElement\":[{\"@type\":\"ListItem\",\"position\":1,\"name\":\"In\u00edcio\",\"item\":\"https:\/\/verdadeon.com.br\/portal\/\"},{\"@type\":\"ListItem\",\"position\":2,\"name\":\"&#8216;P\u00e1scoa Solid\u00e1ria&#8217; promove festa no Centro Comunit\u00e1rio do Leporace\"}]},{\"@type\":\"WebSite\",\"@id\":\"https:\/\/verdadeon.com.br\/portal\/#website\",\"url\":\"https:\/\/verdadeon.com.br\/portal\/\",\"name\":\"VerdadeOn\",\"description\":\"Not\u00edcias di\u00e1rias sobre Franca, Regi\u00e3o, Esporte, Cultura, Cotidiano, Colunas. Cobertura nos principais eventos da cidade \u00e9 aqui - Verdadeon Franca\",\"potentialAction\":[{\"@type\":\"SearchAction\",\"target\":{\"@type\":\"EntryPoint\",\"urlTemplate\":\"https:\/\/verdadeon.com.br\/portal\/?s={search_term_string}\"},\"query-input\":{\"@type\":\"PropertyValueSpecification\",\"valueRequired\":true,\"valueName\":\"search_term_string\"}}],\"inLanguage\":\"pt-BR\"},{\"@type\":\"Person\",\"@id\":\"https:\/\/verdadeon.com.br\/portal\/#\/schema\/person\/8248726d36015c1916636fabb175d972\",\"name\":\"Nelise Luques\",\"image\":{\"@type\":\"ImageObject\",\"inLanguage\":\"pt-BR\",\"@id\":\"https:\/\/verdadeon.com.br\/portal\/#\/schema\/person\/image\/\",\"url\":\"https:\/\/secure.gravatar.com\/avatar\/29b2a17f5bcadeb827411b66f48ac13c3e0ecaf5906c0f5745ecc5d41c24eada?s=96&d=mm&r=g\",\"contentUrl\":\"https:\/\/secure.gravatar.com\/avatar\/29b2a17f5bcadeb827411b66f48ac13c3e0ecaf5906c0f5745ecc5d41c24eada?s=96&d=mm&r=g\",\"caption\":\"Nelise Luques\"},\"url\":\"https:\/\/verdadeon.com.br\/portal\/author\/verdade\/\"}]}<\/script>\n<!-- \/ Yoast SEO plugin. -->","yoast_head_json":{"title":"'P\u00e1scoa Solid\u00e1ria' promove festa no Centro Comunit\u00e1rio do Leporace - VerdadeOn","robots":{"index":"index","follow":"follow","max-snippet":"max-snippet:-1","max-image-preview":"max-image-preview:large","max-video-preview":"max-video-preview:-1"},"canonical":"https:\/\/verdadeon.com.br\/portal\/2022\/04\/13\/pascoa-solidaria-promove-festa-no-centro-comunitario-do-leporace\/","og_locale":"pt_BR","og_type":"article","og_title":"'P\u00e1scoa Solid\u00e1ria' promove festa no Centro Comunit\u00e1rio do Leporace - VerdadeOn","og_description":"Esta ser\u00e1 a quinta edi\u00e7\u00e3o do evento, com distribui\u00e7\u00e3o de ovos de chocolate, pipoca e doce, al\u00e9m de brinquedos infl\u00e1veis &nbsp; O pr\u00f3ximo domingo (17) vai [\u2026]","og_url":"https:\/\/verdadeon.com.br\/portal\/2022\/04\/13\/pascoa-solidaria-promove-festa-no-centro-comunitario-do-leporace\/","og_site_name":"VerdadeOn","article_published_time":"2022-04-13T18:00:44+00:00","article_modified_time":"2022-04-14T16:49:39+00:00","og_image":[{"width":999,"height":669,"url":"https:\/\/verdadeon.com.br\/portal\/wp-content\/uploads\/2022\/04\/WhatsApp-Image-2022-04-13-at-11.59.15-1-e1649954666658.jpeg","type":"image\/jpeg"}],"author":"Nelise Luques","twitter_card":"summary_large_image","twitter_misc":{"Escrito por":"Nelise Luques","Est. tempo de leitura":"2 minutos"},"schema":{"@context":"https:\/\/schema.org","@graph":[{"@type":"WebPage","@id":"https:\/\/verdadeon.com.br\/portal\/2022\/04\/13\/pascoa-solidaria-promove-festa-no-centro-comunitario-do-leporace\/","url":"https:\/\/verdadeon.com.br\/portal\/2022\/04\/13\/pascoa-solidaria-promove-festa-no-centro-comunitario-do-leporace\/","name":"'P\u00e1scoa Solid\u00e1ria' promove festa no Centro Comunit\u00e1rio do Leporace - VerdadeOn","isPartOf":{"@id":"https:\/\/verdadeon.com.br\/portal\/#website"},"primaryImageOfPage":{"@id":"https:\/\/verdadeon.com.br\/portal\/2022\/04\/13\/pascoa-solidaria-promove-festa-no-centro-comunitario-do-leporace\/#primaryimage"},"image":{"@id":"https:\/\/verdadeon.com.br\/portal\/2022\/04\/13\/pascoa-solidaria-promove-festa-no-centro-comunitario-do-leporace\/#primaryimage"},"thumbnailUrl":"https:\/\/i0.wp.com\/verdadeon.com.br\/portal\/wp-content\/uploads\/2022\/04\/WhatsApp-Image-2022-04-13-at-11.59.15-1-e1649954666658.jpeg?fit=999%2C669&ssl=1","datePublished":"2022-04-13T18:00:44+00:00","dateModified":"2022-04-14T16:49:39+00:00","author":{"@id":"https:\/\/verdadeon.com.br\/portal\/#\/schema\/person\/8248726d36015c1916636fabb175d972"},"breadcrumb":{"@id":"https:\/\/verdadeon.com.br\/portal\/2022\/04\/13\/pascoa-solidaria-promove-festa-no-centro-comunitario-do-leporace\/#breadcrumb"},"inLanguage":"pt-BR","potentialAction":[{"@type":"ReadAction","target":["https:\/\/verdadeon.com.br\/portal\/2022\/04\/13\/pascoa-solidaria-promove-festa-no-centro-comunitario-do-leporace\/"]}]},{"@type":"ImageObject","inLanguage":"pt-BR","@id":"https:\/\/verdadeon.com.br\/portal\/2022\/04\/13\/pascoa-solidaria-promove-festa-no-centro-comunitario-do-leporace\/#primaryimage","url":"https:\/\/i0.wp.com\/verdadeon.com.br\/portal\/wp-content\/uploads\/2022\/04\/WhatsApp-Image-2022-04-13-at-11.59.15-1-e1649954666658.jpeg?fit=999%2C669&ssl=1","contentUrl":"https:\/\/i0.wp.com\/verdadeon.com.br\/portal\/wp-content\/uploads\/2022\/04\/WhatsApp-Image-2022-04-13-at-11.59.15-1-e1649954666658.jpeg?fit=999%2C669&ssl=1","width":999,"height":669,"caption":"P\u00e1scoa Solid\u00e1ria, realizada pela Associa\u00e7\u00e3o dos Moradores do Leporace e a Escola de Samba Filhos de Gandhi, espera atender 500 crian\u00e7as; doa\u00e7\u00f5es podem ser feitas at\u00e9 no dia do evento | Imagem: Divulga\u00e7\u00e3o"},{"@type":"BreadcrumbList","@id":"https:\/\/verdadeon.com.br\/portal\/2022\/04\/13\/pascoa-solidaria-promove-festa-no-centro-comunitario-do-leporace\/#breadcrumb","itemListElement":[{"@type":"ListItem","position":1,"name":"In\u00edcio","item":"https:\/\/verdadeon.com.br\/portal\/"},{"@type":"ListItem","position":2,"name":"&#8216;P\u00e1scoa Solid\u00e1ria&#8217; promove festa no Centro Comunit\u00e1rio do Leporace"}]},{"@type":"WebSite","@id":"https:\/\/verdadeon.com.br\/portal\/#website","url":"https:\/\/verdadeon.com.br\/portal\/","name":"VerdadeOn","description":"Not\u00edcias di\u00e1rias sobre Franca, Regi\u00e3o, Esporte, Cultura, Cotidiano, Colunas. Cobertura nos principais eventos da cidade \u00e9 aqui - Verdadeon Franca","potentialAction":[{"@type":"SearchAction","target":{"@type":"EntryPoint","urlTemplate":"https:\/\/verdadeon.com.br\/portal\/?s={search_term_string}"},"query-input":{"@type":"PropertyValueSpecification","valueRequired":true,"valueName":"search_term_string"}}],"inLanguage":"pt-BR"},{"@type":"Person","@id":"https:\/\/verdadeon.com.br\/portal\/#\/schema\/person\/8248726d36015c1916636fabb175d972","name":"Nelise Luques","image":{"@type":"ImageObject","inLanguage":"pt-BR","@id":"https:\/\/verdadeon.com.br\/portal\/#\/schema\/person\/image\/","url":"https:\/\/secure.gravatar.com\/avatar\/29b2a17f5bcadeb827411b66f48ac13c3e0ecaf5906c0f5745ecc5d41c24eada?s=96&d=mm&r=g","contentUrl":"https:\/\/secure.gravatar.com\/avatar\/29b2a17f5bcadeb827411b66f48ac13c3e0ecaf5906c0f5745ecc5d41c24eada?s=96&d=mm&r=g","caption":"Nelise Luques"},"url":"https:\/\/verdadeon.com.br\/portal\/author\/verdade\/"}]}},"jetpack_publicize_connections":[],"jetpack_featured_media_url":"https:\/\/i0.wp.com\/verdadeon.com.br\/portal\/wp-content\/uploads\/2022\/04\/WhatsApp-Image-2022-04-13-at-11.59.15-1-e1649954666658.jpeg?fit=999%2C669&ssl=1","jetpack_sharing_enabled":true,"_links":{"self":[{"href":"https:\/\/verdadeon.com.br\/portal\/wp-json\/wp\/v2\/posts\/24467","targetHints":{"allow":["GET"]}}],"collection":[{"href":"https:\/\/verdadeon.com.br\/portal\/wp-json\/wp\/v2\/posts"}],"about":[{"href":"https:\/\/verdadeon.com.br\/portal\/wp-json\/wp\/v2\/types\/post"}],"author":[{"embeddable":true,"href":"https:\/\/verdadeon.com.br\/portal\/wp-json\/wp\/v2\/users\/12"}],"replies":[{"embeddable":true,"href":"https:\/\/verdadeon.com.br\/portal\/wp-json\/wp\/v2\/comments?post=24467"}],"version-history":[{"count":1,"href":"https:\/\/verdadeon.com.br\/portal\/wp-json\/wp\/v2\/posts\/24467\/revisions"}],"predecessor-version":[{"id":24469,"href":"https:\/\/verdadeon.com.br\/portal\/wp-json\/wp\/v2\/posts\/24467\/revisions\/24469"}],"wp:featuredmedia":[{"embeddable":true,"href":"https:\/\/verdadeon.com.br\/portal\/wp-json\/wp\/v2\/media\/24468"}],"wp:attachment":[{"href":"https:\/\/verdadeon.com.br\/portal\/wp-json\/wp\/v2\/media?parent=24467"}],"wp:term":[{"taxonomy":"category","embeddable":true,"href":"https:\/\/verdadeon.com.br\/portal\/wp-json\/wp\/v2\/categories?post=24467"},{"taxonomy":"post_tag","embeddable":true,"href":"https:\/\/verdadeon.com.br\/portal\/wp-json\/wp\/v2\/tags?post=24467"}],"curies":[{"name":"wp","href":"https:\/\/api.w.org\/{rel}","templated":true}]}}