{"id":24397,"date":"2022-04-11T15:11:33","date_gmt":"2022-04-11T18:11:33","guid":{"rendered":"https:\/\/verdadeon.com.br\/portal\/?p=24397"},"modified":"2022-04-11T15:11:33","modified_gmt":"2022-04-11T18:11:33","slug":"homem-e-preso-com-pedras-de-crack-e-dinheiro-do-trafico-na-zona-norte","status":"publish","type":"post","link":"https:\/\/verdadeon.com.br\/portal\/2022\/04\/11\/homem-e-preso-com-pedras-de-crack-e-dinheiro-do-trafico-na-zona-norte\/","title":{"rendered":"Homem \u00e9 preso com pedras de crack e dinheiro do tr\u00e1fico na zona norte"},"content":{"rendered":"<h2>DISE chegou at\u00e9 o suspeito ap\u00f3s den\u00fancias, ele foi levado para a delegacia, ouvido e recolhido ao sistema prisional<\/h2>\n<p>A Delegacia de Investiga\u00e7\u00f5es Sobre Entorpecentes (DISE), de Franca, prendeu um homem por tr\u00e1fico de drogas nesta segunda-feira (11), no bairro Moreira J\u00fanior na zona norte da cidade.<\/p>\n<p>De acordo com a delegacia, foram recebidas v\u00e1rias den\u00fancias an\u00f4nimas sobre a a\u00e7\u00e3o do homem no local, ele vendia e armazenava os entorpecentes na casa dele.<\/p>\n<p>\u201cAs equipes da DISE fizeram campanas e monitoramentos e observaram atitudes suspeitas. Foi solicitado mandado de busca domiciliar para a casa do indiv\u00edduo, o pedido foi autorizado pelo poder judici\u00e1rio\u201d, informou o delegado Alan Bazalha Lopes.<\/p>\n<p>Ainda de acordo com ele, o suspeito foi abordado enquanto chegava em casa, quando foi dado cumprimento da ordem de busca. \u00a0Dentro da casa foram encontradas v\u00e1rias pedras de crack, al\u00e9m de dinheiro, balan\u00e7a de precis\u00e3o e uma grande quantia em dinheiro das vendas dos entorpecentes.<\/p>\n<p>No im\u00f3vel tamb\u00e9m foi encontrado um televisor de 42 polegadas de origem suspeita. O homem informou que um usu\u00e1rio chegou na porta de sua casa oferecendo o televisor e ele comprou sem saber a proced\u00eancia.<\/p>\n<p>\u201cO investigado que j\u00e1 possui v\u00e1rias passagens criminais por tr\u00e1fico de drogas, novamente foi preso em flagrante e se encontra recolhido no sistema prisional. O televisor foi apreendido e as dilig\u00eancias continuam para identificar o verdadeiro propriet\u00e1rio\u201d, finalizou o delegado.<\/p>\n<p>A DISE tem um WhatsApp onde den\u00fancias podem ser feitas de forma an\u00f4nima, \u00e9 o (16) 99112- 6162.<\/p>\n","protected":false},"excerpt":{"rendered":"<p>DISE chegou at\u00e9 o suspeito ap\u00f3s den\u00fancias, ele foi levado para a delegacia, ouvido e recolhido ao sistema prisional A Delegacia de Investiga\u00e7\u00f5es Sobre Entorpecentes (DISE),<span class=\"excerpt-hellip\"> [\u2026]<\/span><\/p>\n","protected":false},"author":7,"featured_media":24399,"comment_status":"open","ping_status":"open","sticky":false,"template":"","format":"standard","meta":{"_jetpack_memberships_contains_paid_content":false,"footnotes":"","jetpack_publicize_message":"","jetpack_publicize_feature_enabled":true,"jetpack_social_post_already_shared":false,"jetpack_social_options":{"image_generator_settings":{"template":"highway","default_image_id":0,"enabled":false},"version":2}},"categories":[28,81],"tags":[],"class_list":["post-24397","post","type-post","status-publish","format-standard","has-post-thumbnail","hentry","category-cotidiano","category-manchete"],"yoast_head":"<!-- This site is optimized with the Yoast SEO plugin v25.6 - https:\/\/yoast.com\/wordpress\/plugins\/seo\/ -->\n<title>Homem \u00e9 preso com pedras de crack e dinheiro do tr\u00e1fico na zona norte - VerdadeOn<\/title>\n<meta name=\"robots\" content=\"index, follow, max-snippet:-1, max-image-preview:large, max-video-preview:-1\" \/>\n<link rel=\"canonical\" href=\"https:\/\/verdadeon.com.br\/portal\/?p=24397\" \/>\n<meta property=\"og:locale\" content=\"pt_BR\" \/>\n<meta property=\"og:type\" content=\"article\" \/>\n<meta property=\"og:title\" content=\"Homem \u00e9 preso com pedras de crack e dinheiro do tr\u00e1fico na zona norte - VerdadeOn\" \/>\n<meta property=\"og:description\" content=\"DISE chegou at\u00e9 o suspeito ap\u00f3s den\u00fancias, ele foi levado para a delegacia, ouvido e recolhido ao sistema prisional A Delegacia de Investiga\u00e7\u00f5es Sobre Entorpecentes (DISE), [\u2026]\" \/>\n<meta property=\"og:url\" content=\"https:\/\/verdadeon.com.br\/portal\/?p=24397\" \/>\n<meta property=\"og:site_name\" content=\"VerdadeOn\" \/>\n<meta property=\"article:published_time\" content=\"2022-04-11T18:11:33+00:00\" \/>\n<meta name=\"author\" content=\"Fernando Lima\" \/>\n<meta name=\"twitter:card\" content=\"summary_large_image\" \/>\n<meta name=\"twitter:label1\" content=\"Escrito por\" \/>\n\t<meta name=\"twitter:data1\" content=\"Fernando Lima\" \/>\n\t<meta name=\"twitter:label2\" content=\"Est. tempo de leitura\" \/>\n\t<meta name=\"twitter:data2\" content=\"1 minuto\" \/>\n<script type=\"application\/ld+json\" class=\"yoast-schema-graph\">{\"@context\":\"https:\/\/schema.org\",\"@graph\":[{\"@type\":\"WebPage\",\"@id\":\"https:\/\/verdadeon.com.br\/portal\/?p=24397\",\"url\":\"https:\/\/verdadeon.com.br\/portal\/?p=24397\",\"name\":\"Homem \u00e9 preso com pedras de crack e dinheiro do tr\u00e1fico na zona norte - VerdadeOn\",\"isPartOf\":{\"@id\":\"https:\/\/verdadeon.com.br\/portal\/#website\"},\"primaryImageOfPage\":{\"@id\":\"https:\/\/verdadeon.com.br\/portal\/?p=24397#primaryimage\"},\"image\":{\"@id\":\"https:\/\/verdadeon.com.br\/portal\/?p=24397#primaryimage\"},\"thumbnailUrl\":\"https:\/\/i0.wp.com\/verdadeon.com.br\/portal\/wp-content\/uploads\/2022\/04\/WhatsApp-Image-2022-04-11-at-12.48.40.jpeg?fit=1600%2C901&ssl=1\",\"datePublished\":\"2022-04-11T18:11:33+00:00\",\"author\":{\"@id\":\"https:\/\/verdadeon.com.br\/portal\/#\/schema\/person\/cc32be22b8e8599387c480bc83e1d11a\"},\"breadcrumb\":{\"@id\":\"https:\/\/verdadeon.com.br\/portal\/?p=24397#breadcrumb\"},\"inLanguage\":\"pt-BR\",\"potentialAction\":[{\"@type\":\"ReadAction\",\"target\":[\"https:\/\/verdadeon.com.br\/portal\/?p=24397\"]}]},{\"@type\":\"ImageObject\",\"inLanguage\":\"pt-BR\",\"@id\":\"https:\/\/verdadeon.com.br\/portal\/?p=24397#primaryimage\",\"url\":\"https:\/\/i0.wp.com\/verdadeon.com.br\/portal\/wp-content\/uploads\/2022\/04\/WhatsApp-Image-2022-04-11-at-12.48.40.jpeg?fit=1600%2C901&ssl=1\",\"contentUrl\":\"https:\/\/i0.wp.com\/verdadeon.com.br\/portal\/wp-content\/uploads\/2022\/04\/WhatsApp-Image-2022-04-11-at-12.48.40.jpeg?fit=1600%2C901&ssl=1\",\"width\":1600,\"height\":901,\"caption\":\"Drogas estavam escondidas na casa do suspeito, que confessou o crime. Al\u00e9m das drogas, aparelho de televis\u00e3o foi apreendido | Foto: DISE\"},{\"@type\":\"BreadcrumbList\",\"@id\":\"https:\/\/verdadeon.com.br\/portal\/?p=24397#breadcrumb\",\"itemListElement\":[{\"@type\":\"ListItem\",\"position\":1,\"name\":\"In\u00edcio\",\"item\":\"https:\/\/verdadeon.com.br\/portal\/\"},{\"@type\":\"ListItem\",\"position\":2,\"name\":\"Homem \u00e9 preso com pedras de crack e dinheiro do tr\u00e1fico na zona norte\"}]},{\"@type\":\"WebSite\",\"@id\":\"https:\/\/verdadeon.com.br\/portal\/#website\",\"url\":\"https:\/\/verdadeon.com.br\/portal\/\",\"name\":\"VerdadeOn\",\"description\":\"Not\u00edcias di\u00e1rias sobre Franca, Regi\u00e3o, Esporte, Cultura, Cotidiano, Colunas. Cobertura nos principais eventos da cidade \u00e9 aqui - Verdadeon Franca\",\"potentialAction\":[{\"@type\":\"SearchAction\",\"target\":{\"@type\":\"EntryPoint\",\"urlTemplate\":\"https:\/\/verdadeon.com.br\/portal\/?s={search_term_string}\"},\"query-input\":{\"@type\":\"PropertyValueSpecification\",\"valueRequired\":true,\"valueName\":\"search_term_string\"}}],\"inLanguage\":\"pt-BR\"},{\"@type\":\"Person\",\"@id\":\"https:\/\/verdadeon.com.br\/portal\/#\/schema\/person\/cc32be22b8e8599387c480bc83e1d11a\",\"name\":\"Fernando Lima\",\"image\":{\"@type\":\"ImageObject\",\"inLanguage\":\"pt-BR\",\"@id\":\"https:\/\/verdadeon.com.br\/portal\/#\/schema\/person\/image\/\",\"url\":\"https:\/\/secure.gravatar.com\/avatar\/df4c8e132080d2b3a4841d5d232045464e0eed11a1d6e43115ca0843d48768d3?s=96&d=mm&r=g\",\"contentUrl\":\"https:\/\/secure.gravatar.com\/avatar\/df4c8e132080d2b3a4841d5d232045464e0eed11a1d6e43115ca0843d48768d3?s=96&d=mm&r=g\",\"caption\":\"Fernando Lima\"},\"sameAs\":[\"http:\/\/verdadeon.com.br\/\"],\"url\":\"https:\/\/verdadeon.com.br\/portal\/author\/fernando-lima\/\"}]}<\/script>\n<!-- \/ Yoast SEO plugin. -->","yoast_head_json":{"title":"Homem \u00e9 preso com pedras de crack e dinheiro do tr\u00e1fico na zona norte - VerdadeOn","robots":{"index":"index","follow":"follow","max-snippet":"max-snippet:-1","max-image-preview":"max-image-preview:large","max-video-preview":"max-video-preview:-1"},"canonical":"https:\/\/verdadeon.com.br\/portal\/?p=24397","og_locale":"pt_BR","og_type":"article","og_title":"Homem \u00e9 preso com pedras de crack e dinheiro do tr\u00e1fico na zona norte - VerdadeOn","og_description":"DISE chegou at\u00e9 o suspeito ap\u00f3s den\u00fancias, ele foi levado para a delegacia, ouvido e recolhido ao sistema prisional A Delegacia de Investiga\u00e7\u00f5es Sobre Entorpecentes (DISE), [\u2026]","og_url":"https:\/\/verdadeon.com.br\/portal\/?p=24397","og_site_name":"VerdadeOn","article_published_time":"2022-04-11T18:11:33+00:00","author":"Fernando Lima","twitter_card":"summary_large_image","twitter_misc":{"Escrito por":"Fernando Lima","Est. tempo de leitura":"1 minuto"},"schema":{"@context":"https:\/\/schema.org","@graph":[{"@type":"WebPage","@id":"https:\/\/verdadeon.com.br\/portal\/?p=24397","url":"https:\/\/verdadeon.com.br\/portal\/?p=24397","name":"Homem \u00e9 preso com pedras de crack e dinheiro do tr\u00e1fico na zona norte - VerdadeOn","isPartOf":{"@id":"https:\/\/verdadeon.com.br\/portal\/#website"},"primaryImageOfPage":{"@id":"https:\/\/verdadeon.com.br\/portal\/?p=24397#primaryimage"},"image":{"@id":"https:\/\/verdadeon.com.br\/portal\/?p=24397#primaryimage"},"thumbnailUrl":"https:\/\/i0.wp.com\/verdadeon.com.br\/portal\/wp-content\/uploads\/2022\/04\/WhatsApp-Image-2022-04-11-at-12.48.40.jpeg?fit=1600%2C901&ssl=1","datePublished":"2022-04-11T18:11:33+00:00","author":{"@id":"https:\/\/verdadeon.com.br\/portal\/#\/schema\/person\/cc32be22b8e8599387c480bc83e1d11a"},"breadcrumb":{"@id":"https:\/\/verdadeon.com.br\/portal\/?p=24397#breadcrumb"},"inLanguage":"pt-BR","potentialAction":[{"@type":"ReadAction","target":["https:\/\/verdadeon.com.br\/portal\/?p=24397"]}]},{"@type":"ImageObject","inLanguage":"pt-BR","@id":"https:\/\/verdadeon.com.br\/portal\/?p=24397#primaryimage","url":"https:\/\/i0.wp.com\/verdadeon.com.br\/portal\/wp-content\/uploads\/2022\/04\/WhatsApp-Image-2022-04-11-at-12.48.40.jpeg?fit=1600%2C901&ssl=1","contentUrl":"https:\/\/i0.wp.com\/verdadeon.com.br\/portal\/wp-content\/uploads\/2022\/04\/WhatsApp-Image-2022-04-11-at-12.48.40.jpeg?fit=1600%2C901&ssl=1","width":1600,"height":901,"caption":"Drogas estavam escondidas na casa do suspeito, que confessou o crime. Al\u00e9m das drogas, aparelho de televis\u00e3o foi apreendido | Foto: DISE"},{"@type":"BreadcrumbList","@id":"https:\/\/verdadeon.com.br\/portal\/?p=24397#breadcrumb","itemListElement":[{"@type":"ListItem","position":1,"name":"In\u00edcio","item":"https:\/\/verdadeon.com.br\/portal\/"},{"@type":"ListItem","position":2,"name":"Homem \u00e9 preso com pedras de crack e dinheiro do tr\u00e1fico na zona norte"}]},{"@type":"WebSite","@id":"https:\/\/verdadeon.com.br\/portal\/#website","url":"https:\/\/verdadeon.com.br\/portal\/","name":"VerdadeOn","description":"Not\u00edcias di\u00e1rias sobre Franca, Regi\u00e3o, Esporte, Cultura, Cotidiano, Colunas. Cobertura nos principais eventos da cidade \u00e9 aqui - Verdadeon Franca","potentialAction":[{"@type":"SearchAction","target":{"@type":"EntryPoint","urlTemplate":"https:\/\/verdadeon.com.br\/portal\/?s={search_term_string}"},"query-input":{"@type":"PropertyValueSpecification","valueRequired":true,"valueName":"search_term_string"}}],"inLanguage":"pt-BR"},{"@type":"Person","@id":"https:\/\/verdadeon.com.br\/portal\/#\/schema\/person\/cc32be22b8e8599387c480bc83e1d11a","name":"Fernando Lima","image":{"@type":"ImageObject","inLanguage":"pt-BR","@id":"https:\/\/verdadeon.com.br\/portal\/#\/schema\/person\/image\/","url":"https:\/\/secure.gravatar.com\/avatar\/df4c8e132080d2b3a4841d5d232045464e0eed11a1d6e43115ca0843d48768d3?s=96&d=mm&r=g","contentUrl":"https:\/\/secure.gravatar.com\/avatar\/df4c8e132080d2b3a4841d5d232045464e0eed11a1d6e43115ca0843d48768d3?s=96&d=mm&r=g","caption":"Fernando Lima"},"sameAs":["http:\/\/verdadeon.com.br\/"],"url":"https:\/\/verdadeon.com.br\/portal\/author\/fernando-lima\/"}]}},"jetpack_publicize_connections":[],"jetpack_featured_media_url":"https:\/\/i0.wp.com\/verdadeon.com.br\/portal\/wp-content\/uploads\/2022\/04\/WhatsApp-Image-2022-04-11-at-12.48.40.jpeg?fit=1600%2C901&ssl=1","jetpack_sharing_enabled":true,"_links":{"self":[{"href":"https:\/\/verdadeon.com.br\/portal\/wp-json\/wp\/v2\/posts\/24397","targetHints":{"allow":["GET"]}}],"collection":[{"href":"https:\/\/verdadeon.com.br\/portal\/wp-json\/wp\/v2\/posts"}],"about":[{"href":"https:\/\/verdadeon.com.br\/portal\/wp-json\/wp\/v2\/types\/post"}],"author":[{"embeddable":true,"href":"https:\/\/verdadeon.com.br\/portal\/wp-json\/wp\/v2\/users\/7"}],"replies":[{"embeddable":true,"href":"https:\/\/verdadeon.com.br\/portal\/wp-json\/wp\/v2\/comments?post=24397"}],"version-history":[{"count":1,"href":"https:\/\/verdadeon.com.br\/portal\/wp-json\/wp\/v2\/posts\/24397\/revisions"}],"predecessor-version":[{"id":24400,"href":"https:\/\/verdadeon.com.br\/portal\/wp-json\/wp\/v2\/posts\/24397\/revisions\/24400"}],"wp:featuredmedia":[{"embeddable":true,"href":"https:\/\/verdadeon.com.br\/portal\/wp-json\/wp\/v2\/media\/24399"}],"wp:attachment":[{"href":"https:\/\/verdadeon.com.br\/portal\/wp-json\/wp\/v2\/media?parent=24397"}],"wp:term":[{"taxonomy":"category","embeddable":true,"href":"https:\/\/verdadeon.com.br\/portal\/wp-json\/wp\/v2\/categories?post=24397"},{"taxonomy":"post_tag","embeddable":true,"href":"https:\/\/verdadeon.com.br\/portal\/wp-json\/wp\/v2\/tags?post=24397"}],"curies":[{"name":"wp","href":"https:\/\/api.w.org\/{rel}","templated":true}]}}