{"id":24376,"date":"2022-04-09T14:00:38","date_gmt":"2022-04-09T17:00:38","guid":{"rendered":"https:\/\/verdadeon.com.br\/portal\/?p=24376"},"modified":"2022-04-09T01:45:39","modified_gmt":"2022-04-09T04:45:39","slug":"com-internacoes-zeradas-franca-registra-mais-quatro-obitos-por-covid-19","status":"publish","type":"post","link":"https:\/\/verdadeon.com.br\/portal\/2022\/04\/09\/com-internacoes-zeradas-franca-registra-mais-quatro-obitos-por-covid-19\/","title":{"rendered":"Com interna\u00e7\u00f5es zeradas, Franca registra mais quatro \u00f3bitos por covid-19"},"content":{"rendered":"<h2>Apesar dos registros, m\u00e9dia m\u00f3vel de mortes, casos positivos e interna\u00e7\u00f5es, se estabilizaram em baixos \u00edndices<\/h2>\n<p>A secretaria de Sa\u00fade de Franca passou a divulgar os boletins da covid-19 apenas uma vez por semana, a decis\u00e3o veio ap\u00f3s os \u00edndices se estabilizaram em um baixo patamar. Eles ser\u00e3o divulgados todas as sextas-feiras, de acordo com a assessoria de imprensa da Prefeitura.<\/p>\n<p>No boletim foram registradas quatro mortes causadas pela doen\u00e7a, as v\u00edtimas foram dois homens, de 56 e 91 anos, sendo que o primeiro n\u00e3o apresentava comorbidades, e duas idosas, uma de 71 e outra de 94 anos. As mortes foram registradas nos dias 12, 17 e 22 de fevereiro, e a outra registrada no dia 22 de mar\u00e7o. Elas estavam sob investiga\u00e7\u00e3o da Vigil\u00e2ncia Epidemiol\u00f3gica, e foram confirmadas esta semana.\u00a0At\u00e9 ent\u00e3o estava desde o dia 14 de mar\u00e7o sem registrar \u00f3bitos.<\/p>\n<p>O registro fez com que a m\u00e9dia m\u00f3vel de mortes subisse de 0.0, para 0.6 ao dia. No total a cidade j\u00e1 registrou 1.175 mortes, destas mais da metade, 66,21% s\u00e3o de idosos. Eles s\u00e3o seguidos pelas pessoas com hipertens\u00e3o arterial (39,74%), diab\u00e9ticos (22,98%) e obesos (12,60%).<\/p>\n<p>Em rela\u00e7\u00e3o aos casos positivos, foram registrados mais 235, totalizando 72.157. Como consequ\u00eancia a m\u00e9dia di\u00e1ria de casos tamb\u00e9m sofreu eleva\u00e7\u00e3o, ela foi de 56.9 para 83, crescimento de 45%.<\/p>\n<p>Os casos negativos subiram de 116.302 para 117.291 pessoas, enquanto que os casos suspeitos apresentaram queda de 4 para 3 pessoas. Os casos recuperados cresceram de 52.756 para 53.567 pessoas.<\/p>\n<h4>Leitos<\/h4>\n<p>A semana foi marcada pelo encerramento das atividades da ala covid-19 no Hospital do Cora\u00e7\u00e3o, que pertence ao Grupo Santa Casa de Franca. Na \u00faltima quarta-feira (6), o Grupo informou que seguindo recomenda\u00e7\u00f5es do Minist\u00e9rio da Sa\u00fade, a covid ser\u00e1 tratada como outras patologias, mas ainda assim seguindo os protocolos necess\u00e1rios para a seguran\u00e7a de pacientes e tamb\u00e9m dos profissionais da sa\u00fade.<\/p>\n<p>O boletim apontou que dois pacientes est\u00e3o internados em leitos de enfermaria pelo Sistema \u00danico de Sa\u00fade (SUS), enquanto que na rede particular n\u00e3o h\u00e1 pacientes internados em enfermaria. Ao mesmo tempo a cidade n\u00e3o possui pacientes internados pela doen\u00e7a.<\/p>\n<p>A rede particular conta com cinco leitos dispon\u00edveis, sendo que n\u00e3o h\u00e1 pacientes internados neles.<\/p>\n","protected":false},"excerpt":{"rendered":"<p>Apesar dos registros, m\u00e9dia m\u00f3vel de mortes, casos positivos e interna\u00e7\u00f5es, se estabilizaram em baixos \u00edndices A secretaria de Sa\u00fade de Franca passou a divulgar os<span class=\"excerpt-hellip\"> [\u2026]<\/span><\/p>\n","protected":false},"author":7,"featured_media":14119,"comment_status":"open","ping_status":"open","sticky":false,"template":"","format":"standard","meta":{"_jetpack_memberships_contains_paid_content":false,"footnotes":"","jetpack_publicize_message":"","jetpack_publicize_feature_enabled":true,"jetpack_social_post_already_shared":false,"jetpack_social_options":{"image_generator_settings":{"template":"highway","default_image_id":0,"enabled":false},"version":2}},"categories":[28,81],"tags":[],"class_list":["post-24376","post","type-post","status-publish","format-standard","has-post-thumbnail","hentry","category-cotidiano","category-manchete"],"yoast_head":"<!-- This site is optimized with the Yoast SEO plugin v25.6 - https:\/\/yoast.com\/wordpress\/plugins\/seo\/ -->\n<title>Com interna\u00e7\u00f5es zeradas, Franca registra mais quatro \u00f3bitos por covid-19 - VerdadeOn<\/title>\n<meta name=\"robots\" content=\"index, follow, max-snippet:-1, max-image-preview:large, max-video-preview:-1\" \/>\n<link rel=\"canonical\" href=\"https:\/\/verdadeon.com.br\/portal\/2022\/04\/09\/com-internacoes-zeradas-franca-registra-mais-quatro-obitos-por-covid-19\/\" \/>\n<meta property=\"og:locale\" content=\"pt_BR\" \/>\n<meta property=\"og:type\" content=\"article\" \/>\n<meta property=\"og:title\" content=\"Com interna\u00e7\u00f5es zeradas, Franca registra mais quatro \u00f3bitos por covid-19 - VerdadeOn\" \/>\n<meta property=\"og:description\" content=\"Apesar dos registros, m\u00e9dia m\u00f3vel de mortes, casos positivos e interna\u00e7\u00f5es, se estabilizaram em baixos \u00edndices A secretaria de Sa\u00fade de Franca passou a divulgar os [\u2026]\" \/>\n<meta property=\"og:url\" content=\"https:\/\/verdadeon.com.br\/portal\/2022\/04\/09\/com-internacoes-zeradas-franca-registra-mais-quatro-obitos-por-covid-19\/\" \/>\n<meta property=\"og:site_name\" content=\"VerdadeOn\" \/>\n<meta property=\"article:published_time\" content=\"2022-04-09T17:00:38+00:00\" \/>\n<meta property=\"og:image\" content=\"https:\/\/verdadeon.com.br\/portal\/wp-content\/uploads\/2021\/02\/WhatsApp-Image-2021-02-11-at-15.23.31.jpeg\" \/>\n\t<meta property=\"og:image:width\" content=\"1000\" \/>\n\t<meta property=\"og:image:height\" content=\"670\" \/>\n\t<meta property=\"og:image:type\" content=\"image\/jpeg\" \/>\n<meta name=\"author\" content=\"Fernando Lima\" \/>\n<meta name=\"twitter:card\" content=\"summary_large_image\" \/>\n<meta name=\"twitter:label1\" content=\"Escrito por\" \/>\n\t<meta name=\"twitter:data1\" content=\"Fernando Lima\" \/>\n\t<meta name=\"twitter:label2\" content=\"Est. tempo de leitura\" \/>\n\t<meta name=\"twitter:data2\" content=\"3 minutos\" \/>\n<script type=\"application\/ld+json\" class=\"yoast-schema-graph\">{\"@context\":\"https:\/\/schema.org\",\"@graph\":[{\"@type\":\"WebPage\",\"@id\":\"https:\/\/verdadeon.com.br\/portal\/2022\/04\/09\/com-internacoes-zeradas-franca-registra-mais-quatro-obitos-por-covid-19\/\",\"url\":\"https:\/\/verdadeon.com.br\/portal\/2022\/04\/09\/com-internacoes-zeradas-franca-registra-mais-quatro-obitos-por-covid-19\/\",\"name\":\"Com interna\u00e7\u00f5es zeradas, Franca registra mais quatro \u00f3bitos por covid-19 - VerdadeOn\",\"isPartOf\":{\"@id\":\"https:\/\/verdadeon.com.br\/portal\/#website\"},\"primaryImageOfPage\":{\"@id\":\"https:\/\/verdadeon.com.br\/portal\/2022\/04\/09\/com-internacoes-zeradas-franca-registra-mais-quatro-obitos-por-covid-19\/#primaryimage\"},\"image\":{\"@id\":\"https:\/\/verdadeon.com.br\/portal\/2022\/04\/09\/com-internacoes-zeradas-franca-registra-mais-quatro-obitos-por-covid-19\/#primaryimage\"},\"thumbnailUrl\":\"https:\/\/i0.wp.com\/verdadeon.com.br\/portal\/wp-content\/uploads\/2021\/02\/WhatsApp-Image-2021-02-11-at-15.23.31.jpeg?fit=1000%2C670&ssl=1\",\"datePublished\":\"2022-04-09T17:00:38+00:00\",\"author\":{\"@id\":\"https:\/\/verdadeon.com.br\/portal\/#\/schema\/person\/cc32be22b8e8599387c480bc83e1d11a\"},\"breadcrumb\":{\"@id\":\"https:\/\/verdadeon.com.br\/portal\/2022\/04\/09\/com-internacoes-zeradas-franca-registra-mais-quatro-obitos-por-covid-19\/#breadcrumb\"},\"inLanguage\":\"pt-BR\",\"potentialAction\":[{\"@type\":\"ReadAction\",\"target\":[\"https:\/\/verdadeon.com.br\/portal\/2022\/04\/09\/com-internacoes-zeradas-franca-registra-mais-quatro-obitos-por-covid-19\/\"]}]},{\"@type\":\"ImageObject\",\"inLanguage\":\"pt-BR\",\"@id\":\"https:\/\/verdadeon.com.br\/portal\/2022\/04\/09\/com-internacoes-zeradas-franca-registra-mais-quatro-obitos-por-covid-19\/#primaryimage\",\"url\":\"https:\/\/i0.wp.com\/verdadeon.com.br\/portal\/wp-content\/uploads\/2021\/02\/WhatsApp-Image-2021-02-11-at-15.23.31.jpeg?fit=1000%2C670&ssl=1\",\"contentUrl\":\"https:\/\/i0.wp.com\/verdadeon.com.br\/portal\/wp-content\/uploads\/2021\/02\/WhatsApp-Image-2021-02-11-at-15.23.31.jpeg?fit=1000%2C670&ssl=1\",\"width\":1000,\"height\":670,\"caption\":\"Em Franca os leitos s\u00e3o administrados pelo Grupo Santa Casa desde o in\u00edcio da pandemia | Foto: Divulga\u00e7\u00e3o\"},{\"@type\":\"BreadcrumbList\",\"@id\":\"https:\/\/verdadeon.com.br\/portal\/2022\/04\/09\/com-internacoes-zeradas-franca-registra-mais-quatro-obitos-por-covid-19\/#breadcrumb\",\"itemListElement\":[{\"@type\":\"ListItem\",\"position\":1,\"name\":\"In\u00edcio\",\"item\":\"https:\/\/verdadeon.com.br\/portal\/\"},{\"@type\":\"ListItem\",\"position\":2,\"name\":\"Com interna\u00e7\u00f5es zeradas, Franca registra mais quatro \u00f3bitos por covid-19\"}]},{\"@type\":\"WebSite\",\"@id\":\"https:\/\/verdadeon.com.br\/portal\/#website\",\"url\":\"https:\/\/verdadeon.com.br\/portal\/\",\"name\":\"VerdadeOn\",\"description\":\"Not\u00edcias di\u00e1rias sobre Franca, Regi\u00e3o, Esporte, Cultura, Cotidiano, Colunas. Cobertura nos principais eventos da cidade \u00e9 aqui - Verdadeon Franca\",\"potentialAction\":[{\"@type\":\"SearchAction\",\"target\":{\"@type\":\"EntryPoint\",\"urlTemplate\":\"https:\/\/verdadeon.com.br\/portal\/?s={search_term_string}\"},\"query-input\":{\"@type\":\"PropertyValueSpecification\",\"valueRequired\":true,\"valueName\":\"search_term_string\"}}],\"inLanguage\":\"pt-BR\"},{\"@type\":\"Person\",\"@id\":\"https:\/\/verdadeon.com.br\/portal\/#\/schema\/person\/cc32be22b8e8599387c480bc83e1d11a\",\"name\":\"Fernando Lima\",\"image\":{\"@type\":\"ImageObject\",\"inLanguage\":\"pt-BR\",\"@id\":\"https:\/\/verdadeon.com.br\/portal\/#\/schema\/person\/image\/\",\"url\":\"https:\/\/secure.gravatar.com\/avatar\/df4c8e132080d2b3a4841d5d232045464e0eed11a1d6e43115ca0843d48768d3?s=96&d=mm&r=g\",\"contentUrl\":\"https:\/\/secure.gravatar.com\/avatar\/df4c8e132080d2b3a4841d5d232045464e0eed11a1d6e43115ca0843d48768d3?s=96&d=mm&r=g\",\"caption\":\"Fernando Lima\"},\"sameAs\":[\"http:\/\/verdadeon.com.br\/\"],\"url\":\"https:\/\/verdadeon.com.br\/portal\/author\/fernando-lima\/\"}]}<\/script>\n<!-- \/ Yoast SEO plugin. -->","yoast_head_json":{"title":"Com interna\u00e7\u00f5es zeradas, Franca registra mais quatro \u00f3bitos por covid-19 - VerdadeOn","robots":{"index":"index","follow":"follow","max-snippet":"max-snippet:-1","max-image-preview":"max-image-preview:large","max-video-preview":"max-video-preview:-1"},"canonical":"https:\/\/verdadeon.com.br\/portal\/2022\/04\/09\/com-internacoes-zeradas-franca-registra-mais-quatro-obitos-por-covid-19\/","og_locale":"pt_BR","og_type":"article","og_title":"Com interna\u00e7\u00f5es zeradas, Franca registra mais quatro \u00f3bitos por covid-19 - VerdadeOn","og_description":"Apesar dos registros, m\u00e9dia m\u00f3vel de mortes, casos positivos e interna\u00e7\u00f5es, se estabilizaram em baixos \u00edndices A secretaria de Sa\u00fade de Franca passou a divulgar os [\u2026]","og_url":"https:\/\/verdadeon.com.br\/portal\/2022\/04\/09\/com-internacoes-zeradas-franca-registra-mais-quatro-obitos-por-covid-19\/","og_site_name":"VerdadeOn","article_published_time":"2022-04-09T17:00:38+00:00","og_image":[{"width":1000,"height":670,"url":"https:\/\/verdadeon.com.br\/portal\/wp-content\/uploads\/2021\/02\/WhatsApp-Image-2021-02-11-at-15.23.31.jpeg","type":"image\/jpeg"}],"author":"Fernando Lima","twitter_card":"summary_large_image","twitter_misc":{"Escrito por":"Fernando Lima","Est. tempo de leitura":"3 minutos"},"schema":{"@context":"https:\/\/schema.org","@graph":[{"@type":"WebPage","@id":"https:\/\/verdadeon.com.br\/portal\/2022\/04\/09\/com-internacoes-zeradas-franca-registra-mais-quatro-obitos-por-covid-19\/","url":"https:\/\/verdadeon.com.br\/portal\/2022\/04\/09\/com-internacoes-zeradas-franca-registra-mais-quatro-obitos-por-covid-19\/","name":"Com interna\u00e7\u00f5es zeradas, Franca registra mais quatro \u00f3bitos por covid-19 - VerdadeOn","isPartOf":{"@id":"https:\/\/verdadeon.com.br\/portal\/#website"},"primaryImageOfPage":{"@id":"https:\/\/verdadeon.com.br\/portal\/2022\/04\/09\/com-internacoes-zeradas-franca-registra-mais-quatro-obitos-por-covid-19\/#primaryimage"},"image":{"@id":"https:\/\/verdadeon.com.br\/portal\/2022\/04\/09\/com-internacoes-zeradas-franca-registra-mais-quatro-obitos-por-covid-19\/#primaryimage"},"thumbnailUrl":"https:\/\/i0.wp.com\/verdadeon.com.br\/portal\/wp-content\/uploads\/2021\/02\/WhatsApp-Image-2021-02-11-at-15.23.31.jpeg?fit=1000%2C670&ssl=1","datePublished":"2022-04-09T17:00:38+00:00","author":{"@id":"https:\/\/verdadeon.com.br\/portal\/#\/schema\/person\/cc32be22b8e8599387c480bc83e1d11a"},"breadcrumb":{"@id":"https:\/\/verdadeon.com.br\/portal\/2022\/04\/09\/com-internacoes-zeradas-franca-registra-mais-quatro-obitos-por-covid-19\/#breadcrumb"},"inLanguage":"pt-BR","potentialAction":[{"@type":"ReadAction","target":["https:\/\/verdadeon.com.br\/portal\/2022\/04\/09\/com-internacoes-zeradas-franca-registra-mais-quatro-obitos-por-covid-19\/"]}]},{"@type":"ImageObject","inLanguage":"pt-BR","@id":"https:\/\/verdadeon.com.br\/portal\/2022\/04\/09\/com-internacoes-zeradas-franca-registra-mais-quatro-obitos-por-covid-19\/#primaryimage","url":"https:\/\/i0.wp.com\/verdadeon.com.br\/portal\/wp-content\/uploads\/2021\/02\/WhatsApp-Image-2021-02-11-at-15.23.31.jpeg?fit=1000%2C670&ssl=1","contentUrl":"https:\/\/i0.wp.com\/verdadeon.com.br\/portal\/wp-content\/uploads\/2021\/02\/WhatsApp-Image-2021-02-11-at-15.23.31.jpeg?fit=1000%2C670&ssl=1","width":1000,"height":670,"caption":"Em Franca os leitos s\u00e3o administrados pelo Grupo Santa Casa desde o in\u00edcio da pandemia | Foto: Divulga\u00e7\u00e3o"},{"@type":"BreadcrumbList","@id":"https:\/\/verdadeon.com.br\/portal\/2022\/04\/09\/com-internacoes-zeradas-franca-registra-mais-quatro-obitos-por-covid-19\/#breadcrumb","itemListElement":[{"@type":"ListItem","position":1,"name":"In\u00edcio","item":"https:\/\/verdadeon.com.br\/portal\/"},{"@type":"ListItem","position":2,"name":"Com interna\u00e7\u00f5es zeradas, Franca registra mais quatro \u00f3bitos por covid-19"}]},{"@type":"WebSite","@id":"https:\/\/verdadeon.com.br\/portal\/#website","url":"https:\/\/verdadeon.com.br\/portal\/","name":"VerdadeOn","description":"Not\u00edcias di\u00e1rias sobre Franca, Regi\u00e3o, Esporte, Cultura, Cotidiano, Colunas. Cobertura nos principais eventos da cidade \u00e9 aqui - Verdadeon Franca","potentialAction":[{"@type":"SearchAction","target":{"@type":"EntryPoint","urlTemplate":"https:\/\/verdadeon.com.br\/portal\/?s={search_term_string}"},"query-input":{"@type":"PropertyValueSpecification","valueRequired":true,"valueName":"search_term_string"}}],"inLanguage":"pt-BR"},{"@type":"Person","@id":"https:\/\/verdadeon.com.br\/portal\/#\/schema\/person\/cc32be22b8e8599387c480bc83e1d11a","name":"Fernando Lima","image":{"@type":"ImageObject","inLanguage":"pt-BR","@id":"https:\/\/verdadeon.com.br\/portal\/#\/schema\/person\/image\/","url":"https:\/\/secure.gravatar.com\/avatar\/df4c8e132080d2b3a4841d5d232045464e0eed11a1d6e43115ca0843d48768d3?s=96&d=mm&r=g","contentUrl":"https:\/\/secure.gravatar.com\/avatar\/df4c8e132080d2b3a4841d5d232045464e0eed11a1d6e43115ca0843d48768d3?s=96&d=mm&r=g","caption":"Fernando Lima"},"sameAs":["http:\/\/verdadeon.com.br\/"],"url":"https:\/\/verdadeon.com.br\/portal\/author\/fernando-lima\/"}]}},"jetpack_publicize_connections":[],"jetpack_featured_media_url":"https:\/\/i0.wp.com\/verdadeon.com.br\/portal\/wp-content\/uploads\/2021\/02\/WhatsApp-Image-2021-02-11-at-15.23.31.jpeg?fit=1000%2C670&ssl=1","jetpack_sharing_enabled":true,"_links":{"self":[{"href":"https:\/\/verdadeon.com.br\/portal\/wp-json\/wp\/v2\/posts\/24376","targetHints":{"allow":["GET"]}}],"collection":[{"href":"https:\/\/verdadeon.com.br\/portal\/wp-json\/wp\/v2\/posts"}],"about":[{"href":"https:\/\/verdadeon.com.br\/portal\/wp-json\/wp\/v2\/types\/post"}],"author":[{"embeddable":true,"href":"https:\/\/verdadeon.com.br\/portal\/wp-json\/wp\/v2\/users\/7"}],"replies":[{"embeddable":true,"href":"https:\/\/verdadeon.com.br\/portal\/wp-json\/wp\/v2\/comments?post=24376"}],"version-history":[{"count":1,"href":"https:\/\/verdadeon.com.br\/portal\/wp-json\/wp\/v2\/posts\/24376\/revisions"}],"predecessor-version":[{"id":24377,"href":"https:\/\/verdadeon.com.br\/portal\/wp-json\/wp\/v2\/posts\/24376\/revisions\/24377"}],"wp:featuredmedia":[{"embeddable":true,"href":"https:\/\/verdadeon.com.br\/portal\/wp-json\/wp\/v2\/media\/14119"}],"wp:attachment":[{"href":"https:\/\/verdadeon.com.br\/portal\/wp-json\/wp\/v2\/media?parent=24376"}],"wp:term":[{"taxonomy":"category","embeddable":true,"href":"https:\/\/verdadeon.com.br\/portal\/wp-json\/wp\/v2\/categories?post=24376"},{"taxonomy":"post_tag","embeddable":true,"href":"https:\/\/verdadeon.com.br\/portal\/wp-json\/wp\/v2\/tags?post=24376"}],"curies":[{"name":"wp","href":"https:\/\/api.w.org\/{rel}","templated":true}]}}