{"id":24354,"date":"2022-04-08T18:05:07","date_gmt":"2022-04-08T21:05:07","guid":{"rendered":"https:\/\/verdadeon.com.br\/portal\/?p=24354"},"modified":"2022-04-08T18:05:07","modified_gmt":"2022-04-08T21:05:07","slug":"dig-investiga-acao-de-quadrilha-especializada-em-furtos-no-transporte-publico","status":"publish","type":"post","link":"https:\/\/verdadeon.com.br\/portal\/2022\/04\/08\/dig-investiga-acao-de-quadrilha-especializada-em-furtos-no-transporte-publico\/","title":{"rendered":"DIG investiga a\u00e7\u00e3o de quadrilha especializada em furtos no transporte p\u00fablico"},"content":{"rendered":"<h2>C\u00e2meras de seguran\u00e7a flagraram ladr\u00f5es sacando dinheiro em caixa eletr\u00f4nico de ag\u00eancia com cart\u00e3o de idosa<\/h2>\n<p>A Delegacia de Investiga\u00e7\u00f5es Gerais (DIG), de Franca, investiga a a\u00e7\u00e3o de uma quadrilha que furta bolsas de idosos no transporte p\u00fablico. Segundo a delegacia, os ladr\u00f5es usam o cart\u00e3o de cr\u00e9dito das v\u00edtimas para sacar dinheiro e fazer empr\u00e9stimos. Uma das v\u00edtimas chegou a perder R$ 20 mil.<\/p>\n<p>As investiga\u00e7\u00f5es tiveram in\u00edcio h\u00e1 algumas semanas, quando em apenas um dia, quatro idosos foram v\u00edtimas do crime. Imagens de c\u00e2meras de seguran\u00e7a ajudam a civil na identifica\u00e7\u00e3o e localiza\u00e7\u00e3o dos criminosos, que eles acreditam que n\u00e3o s\u00e3o de Franca.<\/p>\n<p>At\u00e9 o momento ningu\u00e9m foi preso e o caso segue sob investiga\u00e7\u00e3o.<\/p>\n<p>Ainda em Franca um homem de 27 anos foi preso ap\u00f3s furtar carnes de um supermercado da avenida Brasil. De acordo com o registro, ele foi at\u00e9 o a\u00e7ougue onde pegou diversos tipos de carne, seguiu para o corredor onde escondeu os produtos dentro da mochila.<\/p>\n<p>O funcion\u00e1rio percebeu a a\u00e7\u00e3o e avisou os seguran\u00e7as, que abordaram o suspeito na sa\u00edda do supermercado. A Pol\u00edcia Militar foi acionada e prendeu o homem. Ele afirmou que passa por dificuldades financeiras e que venderia os produtos.<\/p>\n<p>Ele foi levado para a Central de Pol\u00edcia Judici\u00e1ria (CPJ), onde foi ouvido e ap\u00f3s recolhido ao Sistema Prisional de Franca.<\/p>\n<h4>Opera\u00e7\u00e3o<\/h4>\n<p>A Pol\u00edcia Ambiental multou um pescador em mais de R$ 1.000, por pesca em \u00e1rea proibida. Segundo o \u00f3rg\u00e3o, durante a Opera\u00e7\u00e3o Pr\u00e9 Semana Santa, em patrulhamento n\u00e1utico no reservat\u00f3rio Montante UHE Igarapava, durante policiamento na regi\u00e3o da desembocadura do Rio Cana Brava, a equipe abordou um pescador realizando pesca embarcada, ele usava cani\u00e7o e carretilha o que n\u00e3o \u00e9 autorizado.<\/p>\n<p>Ainda segundo a ambiental, o homem estava dentro dos limites da \u00e1rea proibida, com um quilo de peixe da esp\u00e9cie piau tr\u00eas pintas.<br \/>\n&#8220;Diante do acima exposto, lavrou-se em desfavor do infrator sendo aplicada san\u00e7\u00e3o de multa simples valorada em R$ 1.020,00 com base no artigo 35 da Resolu\u00e7\u00e3o SIMA 05, 2021, os apetrechos foram apreendidos e depositados na Sede Do 1\u00ba Pelot\u00e3o de Franca SP.<br \/>\nAp\u00f3s ser ouvido, o homem foi multado e liberado.<\/p>\n","protected":false},"excerpt":{"rendered":"<p>C\u00e2meras de seguran\u00e7a flagraram ladr\u00f5es sacando dinheiro em caixa eletr\u00f4nico de ag\u00eancia com cart\u00e3o de idosa A Delegacia de Investiga\u00e7\u00f5es Gerais (DIG), de Franca, investiga a<span class=\"excerpt-hellip\"> [\u2026]<\/span><\/p>\n","protected":false},"author":7,"featured_media":19520,"comment_status":"open","ping_status":"open","sticky":false,"template":"","format":"standard","meta":{"_jetpack_memberships_contains_paid_content":false,"footnotes":"","jetpack_publicize_message":"","jetpack_publicize_feature_enabled":true,"jetpack_social_post_already_shared":false,"jetpack_social_options":{"image_generator_settings":{"template":"highway","default_image_id":0,"enabled":false},"version":2}},"categories":[28,81],"tags":[],"class_list":["post-24354","post","type-post","status-publish","format-standard","has-post-thumbnail","hentry","category-cotidiano","category-manchete"],"yoast_head":"<!-- This site is optimized with the Yoast SEO plugin v25.6 - https:\/\/yoast.com\/wordpress\/plugins\/seo\/ -->\n<title>DIG investiga a\u00e7\u00e3o de quadrilha especializada em furtos no transporte p\u00fablico - VerdadeOn<\/title>\n<meta name=\"robots\" content=\"index, follow, max-snippet:-1, max-image-preview:large, max-video-preview:-1\" \/>\n<link rel=\"canonical\" href=\"https:\/\/verdadeon.com.br\/portal\/2022\/04\/08\/dig-investiga-acao-de-quadrilha-especializada-em-furtos-no-transporte-publico\/\" \/>\n<meta property=\"og:locale\" content=\"pt_BR\" \/>\n<meta property=\"og:type\" content=\"article\" \/>\n<meta property=\"og:title\" content=\"DIG investiga a\u00e7\u00e3o de quadrilha especializada em furtos no transporte p\u00fablico - VerdadeOn\" \/>\n<meta property=\"og:description\" content=\"C\u00e2meras de seguran\u00e7a flagraram ladr\u00f5es sacando dinheiro em caixa eletr\u00f4nico de ag\u00eancia com cart\u00e3o de idosa A Delegacia de Investiga\u00e7\u00f5es Gerais (DIG), de Franca, investiga a [\u2026]\" \/>\n<meta property=\"og:url\" content=\"https:\/\/verdadeon.com.br\/portal\/2022\/04\/08\/dig-investiga-acao-de-quadrilha-especializada-em-furtos-no-transporte-publico\/\" \/>\n<meta property=\"og:site_name\" content=\"VerdadeOn\" \/>\n<meta property=\"article:published_time\" content=\"2022-04-08T21:05:07+00:00\" \/>\n<meta property=\"og:image\" content=\"https:\/\/verdadeon.com.br\/portal\/wp-content\/uploads\/2021\/09\/DIG.jpg\" \/>\n\t<meta property=\"og:image:width\" content=\"1000\" \/>\n\t<meta property=\"og:image:height\" content=\"668\" \/>\n\t<meta property=\"og:image:type\" content=\"image\/jpeg\" \/>\n<meta name=\"author\" content=\"Fernando Lima\" \/>\n<meta name=\"twitter:card\" content=\"summary_large_image\" \/>\n<meta name=\"twitter:label1\" content=\"Escrito por\" \/>\n\t<meta name=\"twitter:data1\" content=\"Fernando Lima\" \/>\n\t<meta name=\"twitter:label2\" content=\"Est. tempo de leitura\" \/>\n\t<meta name=\"twitter:data2\" content=\"2 minutos\" \/>\n<script type=\"application\/ld+json\" class=\"yoast-schema-graph\">{\"@context\":\"https:\/\/schema.org\",\"@graph\":[{\"@type\":\"WebPage\",\"@id\":\"https:\/\/verdadeon.com.br\/portal\/2022\/04\/08\/dig-investiga-acao-de-quadrilha-especializada-em-furtos-no-transporte-publico\/\",\"url\":\"https:\/\/verdadeon.com.br\/portal\/2022\/04\/08\/dig-investiga-acao-de-quadrilha-especializada-em-furtos-no-transporte-publico\/\",\"name\":\"DIG investiga a\u00e7\u00e3o de quadrilha especializada em furtos no transporte p\u00fablico - VerdadeOn\",\"isPartOf\":{\"@id\":\"https:\/\/verdadeon.com.br\/portal\/#website\"},\"primaryImageOfPage\":{\"@id\":\"https:\/\/verdadeon.com.br\/portal\/2022\/04\/08\/dig-investiga-acao-de-quadrilha-especializada-em-furtos-no-transporte-publico\/#primaryimage\"},\"image\":{\"@id\":\"https:\/\/verdadeon.com.br\/portal\/2022\/04\/08\/dig-investiga-acao-de-quadrilha-especializada-em-furtos-no-transporte-publico\/#primaryimage\"},\"thumbnailUrl\":\"https:\/\/i0.wp.com\/verdadeon.com.br\/portal\/wp-content\/uploads\/2021\/09\/DIG.jpg?fit=1000%2C668&ssl=1\",\"datePublished\":\"2022-04-08T21:05:07+00:00\",\"author\":{\"@id\":\"https:\/\/verdadeon.com.br\/portal\/#\/schema\/person\/cc32be22b8e8599387c480bc83e1d11a\"},\"breadcrumb\":{\"@id\":\"https:\/\/verdadeon.com.br\/portal\/2022\/04\/08\/dig-investiga-acao-de-quadrilha-especializada-em-furtos-no-transporte-publico\/#breadcrumb\"},\"inLanguage\":\"pt-BR\",\"potentialAction\":[{\"@type\":\"ReadAction\",\"target\":[\"https:\/\/verdadeon.com.br\/portal\/2022\/04\/08\/dig-investiga-acao-de-quadrilha-especializada-em-furtos-no-transporte-publico\/\"]}]},{\"@type\":\"ImageObject\",\"inLanguage\":\"pt-BR\",\"@id\":\"https:\/\/verdadeon.com.br\/portal\/2022\/04\/08\/dig-investiga-acao-de-quadrilha-especializada-em-furtos-no-transporte-publico\/#primaryimage\",\"url\":\"https:\/\/i0.wp.com\/verdadeon.com.br\/portal\/wp-content\/uploads\/2021\/09\/DIG.jpg?fit=1000%2C668&ssl=1\",\"contentUrl\":\"https:\/\/i0.wp.com\/verdadeon.com.br\/portal\/wp-content\/uploads\/2021\/09\/DIG.jpg?fit=1000%2C668&ssl=1\",\"width\":1000,\"height\":668,\"caption\":\"O autor do crime se apresentou nesta quinta-feira na DIG, onde foi ouvido e liberado | Foto: Jornal Verdade\"},{\"@type\":\"BreadcrumbList\",\"@id\":\"https:\/\/verdadeon.com.br\/portal\/2022\/04\/08\/dig-investiga-acao-de-quadrilha-especializada-em-furtos-no-transporte-publico\/#breadcrumb\",\"itemListElement\":[{\"@type\":\"ListItem\",\"position\":1,\"name\":\"In\u00edcio\",\"item\":\"https:\/\/verdadeon.com.br\/portal\/\"},{\"@type\":\"ListItem\",\"position\":2,\"name\":\"DIG investiga a\u00e7\u00e3o de quadrilha especializada em furtos no transporte p\u00fablico\"}]},{\"@type\":\"WebSite\",\"@id\":\"https:\/\/verdadeon.com.br\/portal\/#website\",\"url\":\"https:\/\/verdadeon.com.br\/portal\/\",\"name\":\"VerdadeOn\",\"description\":\"Not\u00edcias di\u00e1rias sobre Franca, Regi\u00e3o, Esporte, Cultura, Cotidiano, Colunas. Cobertura nos principais eventos da cidade \u00e9 aqui - Verdadeon Franca\",\"potentialAction\":[{\"@type\":\"SearchAction\",\"target\":{\"@type\":\"EntryPoint\",\"urlTemplate\":\"https:\/\/verdadeon.com.br\/portal\/?s={search_term_string}\"},\"query-input\":{\"@type\":\"PropertyValueSpecification\",\"valueRequired\":true,\"valueName\":\"search_term_string\"}}],\"inLanguage\":\"pt-BR\"},{\"@type\":\"Person\",\"@id\":\"https:\/\/verdadeon.com.br\/portal\/#\/schema\/person\/cc32be22b8e8599387c480bc83e1d11a\",\"name\":\"Fernando Lima\",\"image\":{\"@type\":\"ImageObject\",\"inLanguage\":\"pt-BR\",\"@id\":\"https:\/\/verdadeon.com.br\/portal\/#\/schema\/person\/image\/\",\"url\":\"https:\/\/secure.gravatar.com\/avatar\/df4c8e132080d2b3a4841d5d232045464e0eed11a1d6e43115ca0843d48768d3?s=96&d=mm&r=g\",\"contentUrl\":\"https:\/\/secure.gravatar.com\/avatar\/df4c8e132080d2b3a4841d5d232045464e0eed11a1d6e43115ca0843d48768d3?s=96&d=mm&r=g\",\"caption\":\"Fernando Lima\"},\"sameAs\":[\"http:\/\/verdadeon.com.br\/\"],\"url\":\"https:\/\/verdadeon.com.br\/portal\/author\/fernando-lima\/\"}]}<\/script>\n<!-- \/ Yoast SEO plugin. -->","yoast_head_json":{"title":"DIG investiga a\u00e7\u00e3o de quadrilha especializada em furtos no transporte p\u00fablico - VerdadeOn","robots":{"index":"index","follow":"follow","max-snippet":"max-snippet:-1","max-image-preview":"max-image-preview:large","max-video-preview":"max-video-preview:-1"},"canonical":"https:\/\/verdadeon.com.br\/portal\/2022\/04\/08\/dig-investiga-acao-de-quadrilha-especializada-em-furtos-no-transporte-publico\/","og_locale":"pt_BR","og_type":"article","og_title":"DIG investiga a\u00e7\u00e3o de quadrilha especializada em furtos no transporte p\u00fablico - VerdadeOn","og_description":"C\u00e2meras de seguran\u00e7a flagraram ladr\u00f5es sacando dinheiro em caixa eletr\u00f4nico de ag\u00eancia com cart\u00e3o de idosa A Delegacia de Investiga\u00e7\u00f5es Gerais (DIG), de Franca, investiga a [\u2026]","og_url":"https:\/\/verdadeon.com.br\/portal\/2022\/04\/08\/dig-investiga-acao-de-quadrilha-especializada-em-furtos-no-transporte-publico\/","og_site_name":"VerdadeOn","article_published_time":"2022-04-08T21:05:07+00:00","og_image":[{"width":1000,"height":668,"url":"https:\/\/verdadeon.com.br\/portal\/wp-content\/uploads\/2021\/09\/DIG.jpg","type":"image\/jpeg"}],"author":"Fernando Lima","twitter_card":"summary_large_image","twitter_misc":{"Escrito por":"Fernando Lima","Est. tempo de leitura":"2 minutos"},"schema":{"@context":"https:\/\/schema.org","@graph":[{"@type":"WebPage","@id":"https:\/\/verdadeon.com.br\/portal\/2022\/04\/08\/dig-investiga-acao-de-quadrilha-especializada-em-furtos-no-transporte-publico\/","url":"https:\/\/verdadeon.com.br\/portal\/2022\/04\/08\/dig-investiga-acao-de-quadrilha-especializada-em-furtos-no-transporte-publico\/","name":"DIG investiga a\u00e7\u00e3o de quadrilha especializada em furtos no transporte p\u00fablico - VerdadeOn","isPartOf":{"@id":"https:\/\/verdadeon.com.br\/portal\/#website"},"primaryImageOfPage":{"@id":"https:\/\/verdadeon.com.br\/portal\/2022\/04\/08\/dig-investiga-acao-de-quadrilha-especializada-em-furtos-no-transporte-publico\/#primaryimage"},"image":{"@id":"https:\/\/verdadeon.com.br\/portal\/2022\/04\/08\/dig-investiga-acao-de-quadrilha-especializada-em-furtos-no-transporte-publico\/#primaryimage"},"thumbnailUrl":"https:\/\/i0.wp.com\/verdadeon.com.br\/portal\/wp-content\/uploads\/2021\/09\/DIG.jpg?fit=1000%2C668&ssl=1","datePublished":"2022-04-08T21:05:07+00:00","author":{"@id":"https:\/\/verdadeon.com.br\/portal\/#\/schema\/person\/cc32be22b8e8599387c480bc83e1d11a"},"breadcrumb":{"@id":"https:\/\/verdadeon.com.br\/portal\/2022\/04\/08\/dig-investiga-acao-de-quadrilha-especializada-em-furtos-no-transporte-publico\/#breadcrumb"},"inLanguage":"pt-BR","potentialAction":[{"@type":"ReadAction","target":["https:\/\/verdadeon.com.br\/portal\/2022\/04\/08\/dig-investiga-acao-de-quadrilha-especializada-em-furtos-no-transporte-publico\/"]}]},{"@type":"ImageObject","inLanguage":"pt-BR","@id":"https:\/\/verdadeon.com.br\/portal\/2022\/04\/08\/dig-investiga-acao-de-quadrilha-especializada-em-furtos-no-transporte-publico\/#primaryimage","url":"https:\/\/i0.wp.com\/verdadeon.com.br\/portal\/wp-content\/uploads\/2021\/09\/DIG.jpg?fit=1000%2C668&ssl=1","contentUrl":"https:\/\/i0.wp.com\/verdadeon.com.br\/portal\/wp-content\/uploads\/2021\/09\/DIG.jpg?fit=1000%2C668&ssl=1","width":1000,"height":668,"caption":"O autor do crime se apresentou nesta quinta-feira na DIG, onde foi ouvido e liberado | Foto: Jornal Verdade"},{"@type":"BreadcrumbList","@id":"https:\/\/verdadeon.com.br\/portal\/2022\/04\/08\/dig-investiga-acao-de-quadrilha-especializada-em-furtos-no-transporte-publico\/#breadcrumb","itemListElement":[{"@type":"ListItem","position":1,"name":"In\u00edcio","item":"https:\/\/verdadeon.com.br\/portal\/"},{"@type":"ListItem","position":2,"name":"DIG investiga a\u00e7\u00e3o de quadrilha especializada em furtos no transporte p\u00fablico"}]},{"@type":"WebSite","@id":"https:\/\/verdadeon.com.br\/portal\/#website","url":"https:\/\/verdadeon.com.br\/portal\/","name":"VerdadeOn","description":"Not\u00edcias di\u00e1rias sobre Franca, Regi\u00e3o, Esporte, Cultura, Cotidiano, Colunas. Cobertura nos principais eventos da cidade \u00e9 aqui - Verdadeon Franca","potentialAction":[{"@type":"SearchAction","target":{"@type":"EntryPoint","urlTemplate":"https:\/\/verdadeon.com.br\/portal\/?s={search_term_string}"},"query-input":{"@type":"PropertyValueSpecification","valueRequired":true,"valueName":"search_term_string"}}],"inLanguage":"pt-BR"},{"@type":"Person","@id":"https:\/\/verdadeon.com.br\/portal\/#\/schema\/person\/cc32be22b8e8599387c480bc83e1d11a","name":"Fernando Lima","image":{"@type":"ImageObject","inLanguage":"pt-BR","@id":"https:\/\/verdadeon.com.br\/portal\/#\/schema\/person\/image\/","url":"https:\/\/secure.gravatar.com\/avatar\/df4c8e132080d2b3a4841d5d232045464e0eed11a1d6e43115ca0843d48768d3?s=96&d=mm&r=g","contentUrl":"https:\/\/secure.gravatar.com\/avatar\/df4c8e132080d2b3a4841d5d232045464e0eed11a1d6e43115ca0843d48768d3?s=96&d=mm&r=g","caption":"Fernando Lima"},"sameAs":["http:\/\/verdadeon.com.br\/"],"url":"https:\/\/verdadeon.com.br\/portal\/author\/fernando-lima\/"}]}},"jetpack_publicize_connections":[],"jetpack_featured_media_url":"https:\/\/i0.wp.com\/verdadeon.com.br\/portal\/wp-content\/uploads\/2021\/09\/DIG.jpg?fit=1000%2C668&ssl=1","jetpack_sharing_enabled":true,"_links":{"self":[{"href":"https:\/\/verdadeon.com.br\/portal\/wp-json\/wp\/v2\/posts\/24354","targetHints":{"allow":["GET"]}}],"collection":[{"href":"https:\/\/verdadeon.com.br\/portal\/wp-json\/wp\/v2\/posts"}],"about":[{"href":"https:\/\/verdadeon.com.br\/portal\/wp-json\/wp\/v2\/types\/post"}],"author":[{"embeddable":true,"href":"https:\/\/verdadeon.com.br\/portal\/wp-json\/wp\/v2\/users\/7"}],"replies":[{"embeddable":true,"href":"https:\/\/verdadeon.com.br\/portal\/wp-json\/wp\/v2\/comments?post=24354"}],"version-history":[{"count":1,"href":"https:\/\/verdadeon.com.br\/portal\/wp-json\/wp\/v2\/posts\/24354\/revisions"}],"predecessor-version":[{"id":24358,"href":"https:\/\/verdadeon.com.br\/portal\/wp-json\/wp\/v2\/posts\/24354\/revisions\/24358"}],"wp:featuredmedia":[{"embeddable":true,"href":"https:\/\/verdadeon.com.br\/portal\/wp-json\/wp\/v2\/media\/19520"}],"wp:attachment":[{"href":"https:\/\/verdadeon.com.br\/portal\/wp-json\/wp\/v2\/media?parent=24354"}],"wp:term":[{"taxonomy":"category","embeddable":true,"href":"https:\/\/verdadeon.com.br\/portal\/wp-json\/wp\/v2\/categories?post=24354"},{"taxonomy":"post_tag","embeddable":true,"href":"https:\/\/verdadeon.com.br\/portal\/wp-json\/wp\/v2\/tags?post=24354"}],"curies":[{"name":"wp","href":"https:\/\/api.w.org\/{rel}","templated":true}]}}