{"id":24350,"date":"2022-04-08T17:21:35","date_gmt":"2022-04-08T20:21:35","guid":{"rendered":"https:\/\/verdadeon.com.br\/portal\/?p=24350"},"modified":"2022-04-08T17:20:20","modified_gmt":"2022-04-08T20:20:20","slug":"mutirao-saude-abre-8-postos-de-vacinacao-para-atender-idosos-neste-sabado","status":"publish","type":"post","link":"https:\/\/verdadeon.com.br\/portal\/2022\/04\/08\/mutirao-saude-abre-8-postos-de-vacinacao-para-atender-idosos-neste-sabado\/","title":{"rendered":"Mutir\u00e3o: Sa\u00fade abre 8 postos de vacina\u00e7\u00e3o para atender idosos neste s\u00e1bado"},"content":{"rendered":"<h2>Pessoas a partir de 60 anos poder\u00e3o ser vacinadas contra a Covid-19 e a Influenza; atendimento er\u00e1 das 8h \u00e0s 12h30<\/h2>\n<p>&nbsp;<\/p>\n<p>&nbsp;<\/p>\n<p><span style=\"font-weight: 400;\">A Secretaria de Sa\u00fade confirmou para este s\u00e1bado (9) a abertura de 8 postos de atendimento para o mutir\u00e3o de vacina\u00e7\u00e3o de idosos, com idade de 60 anos ou mais, contra a Covid-19 e Influenza.<\/span><\/p>\n<p><span style=\"font-weight: 400;\">Estar\u00e3o dispon\u00edveis as UBS Santa Clara, Aeroporto 1, Esta\u00e7\u00e3o, Santa Terezinha, Aeroporto 3, Horto, Brasil\u00e2ndia e \u00c2ngela Rosa, com atendimento das 8 \u00e0s 12h30, para a aplica\u00e7\u00e3o da quarta dose da vacina contra a Covid-19, observando o intervalo de 4 meses da terceira dose e tamb\u00e9m o imunizante contra a Influenza para as pessoas com 60 anos ou mais.\u00a0<\/span><\/p>\n<p><span style=\"font-weight: 400;\">Segundo a Secretaria de Sa\u00fade, at\u00e9 a \u00faltima quinta-feira (7), 9.012 idosos receberam a quarta dose da vacina contra a Covid-19. J\u00e1 a Campanha de Vacina\u00e7\u00e3o contra a Influenza imunizou 7.164\u00a0 francanos.<\/span><\/p>\n<p><span style=\"font-weight: 400;\">Para o recebimento das vacinas, que poder\u00e3o ser aplicadas simultaneamente, com seguran\u00e7a, os interessados dever\u00e3o apresentar, obrigatoriamente, o CPF e o cart\u00e3o para comprova\u00e7\u00e3o das doses anteriores.<\/span><\/p>\n<h4>Balan\u00e7o geral<\/h4>\n<p><span style=\"font-weight: 400;\">De acordo com a Secretaria de Sa\u00fade, at\u00e9 esta quinta-feira, na Campanha de Vacina\u00e7\u00e3o contra a Covid-19, iniciada em janeiro de 2021, foram aplicadas 764.522 doses, sendo 318.775 para a primeira, 282.807 para a segunda aplica\u00e7\u00e3o, 153.948 para a terceira e para a quarta dose, 9.012.<\/span><\/p>\n","protected":false},"excerpt":{"rendered":"<p>Pessoas a partir de 60 anos poder\u00e3o ser vacinadas contra a Covid-19 e a Influenza; atendimento er\u00e1 das 8h \u00e0s 12h30 &nbsp; &nbsp; A Secretaria de<span class=\"excerpt-hellip\"> [\u2026]<\/span><\/p>\n","protected":false},"author":12,"featured_media":23744,"comment_status":"open","ping_status":"open","sticky":false,"template":"","format":"standard","meta":{"_jetpack_memberships_contains_paid_content":false,"footnotes":"","jetpack_publicize_message":"","jetpack_publicize_feature_enabled":true,"jetpack_social_post_already_shared":false,"jetpack_social_options":{"image_generator_settings":{"template":"highway","default_image_id":0,"enabled":false},"version":2}},"categories":[28,81],"tags":[],"class_list":["post-24350","post","type-post","status-publish","format-standard","has-post-thumbnail","hentry","category-cotidiano","category-manchete"],"yoast_head":"<!-- This site is optimized with the Yoast SEO plugin v25.6 - https:\/\/yoast.com\/wordpress\/plugins\/seo\/ -->\n<title>Mutir\u00e3o: Sa\u00fade abre 8 postos de vacina\u00e7\u00e3o para atender idosos neste s\u00e1bado - VerdadeOn<\/title>\n<meta name=\"robots\" content=\"index, follow, max-snippet:-1, max-image-preview:large, max-video-preview:-1\" \/>\n<link rel=\"canonical\" href=\"https:\/\/verdadeon.com.br\/portal\/2022\/04\/08\/mutirao-saude-abre-8-postos-de-vacinacao-para-atender-idosos-neste-sabado\/\" \/>\n<meta property=\"og:locale\" content=\"pt_BR\" \/>\n<meta property=\"og:type\" content=\"article\" \/>\n<meta property=\"og:title\" content=\"Mutir\u00e3o: Sa\u00fade abre 8 postos de vacina\u00e7\u00e3o para atender idosos neste s\u00e1bado - VerdadeOn\" \/>\n<meta property=\"og:description\" content=\"Pessoas a partir de 60 anos poder\u00e3o ser vacinadas contra a Covid-19 e a Influenza; atendimento er\u00e1 das 8h \u00e0s 12h30 &nbsp; &nbsp; A Secretaria de [\u2026]\" \/>\n<meta property=\"og:url\" content=\"https:\/\/verdadeon.com.br\/portal\/2022\/04\/08\/mutirao-saude-abre-8-postos-de-vacinacao-para-atender-idosos-neste-sabado\/\" \/>\n<meta property=\"og:site_name\" content=\"VerdadeOn\" \/>\n<meta property=\"article:published_time\" content=\"2022-04-08T20:21:35+00:00\" \/>\n<meta property=\"og:image\" content=\"https:\/\/verdadeon.com.br\/portal\/wp-content\/uploads\/2022\/03\/campanha-gripe-influenza-e1647382020469.jpg\" \/>\n\t<meta property=\"og:image:width\" content=\"1000\" \/>\n\t<meta property=\"og:image:height\" content=\"669\" \/>\n\t<meta property=\"og:image:type\" content=\"image\/jpeg\" \/>\n<meta name=\"author\" content=\"Nelise Luques\" \/>\n<meta name=\"twitter:card\" content=\"summary_large_image\" \/>\n<meta name=\"twitter:label1\" content=\"Escrito por\" \/>\n\t<meta name=\"twitter:data1\" content=\"Nelise Luques\" \/>\n\t<meta name=\"twitter:label2\" content=\"Est. tempo de leitura\" \/>\n\t<meta name=\"twitter:data2\" content=\"2 minutos\" \/>\n<script type=\"application\/ld+json\" class=\"yoast-schema-graph\">{\"@context\":\"https:\/\/schema.org\",\"@graph\":[{\"@type\":\"WebPage\",\"@id\":\"https:\/\/verdadeon.com.br\/portal\/2022\/04\/08\/mutirao-saude-abre-8-postos-de-vacinacao-para-atender-idosos-neste-sabado\/\",\"url\":\"https:\/\/verdadeon.com.br\/portal\/2022\/04\/08\/mutirao-saude-abre-8-postos-de-vacinacao-para-atender-idosos-neste-sabado\/\",\"name\":\"Mutir\u00e3o: Sa\u00fade abre 8 postos de vacina\u00e7\u00e3o para atender idosos neste s\u00e1bado - VerdadeOn\",\"isPartOf\":{\"@id\":\"https:\/\/verdadeon.com.br\/portal\/#website\"},\"primaryImageOfPage\":{\"@id\":\"https:\/\/verdadeon.com.br\/portal\/2022\/04\/08\/mutirao-saude-abre-8-postos-de-vacinacao-para-atender-idosos-neste-sabado\/#primaryimage\"},\"image\":{\"@id\":\"https:\/\/verdadeon.com.br\/portal\/2022\/04\/08\/mutirao-saude-abre-8-postos-de-vacinacao-para-atender-idosos-neste-sabado\/#primaryimage\"},\"thumbnailUrl\":\"https:\/\/i0.wp.com\/verdadeon.com.br\/portal\/wp-content\/uploads\/2022\/03\/campanha-gripe-influenza-e1647382020469.jpg?fit=1000%2C669&ssl=1\",\"datePublished\":\"2022-04-08T20:21:35+00:00\",\"author\":{\"@id\":\"https:\/\/verdadeon.com.br\/portal\/#\/schema\/person\/8248726d36015c1916636fabb175d972\"},\"breadcrumb\":{\"@id\":\"https:\/\/verdadeon.com.br\/portal\/2022\/04\/08\/mutirao-saude-abre-8-postos-de-vacinacao-para-atender-idosos-neste-sabado\/#breadcrumb\"},\"inLanguage\":\"pt-BR\",\"potentialAction\":[{\"@type\":\"ReadAction\",\"target\":[\"https:\/\/verdadeon.com.br\/portal\/2022\/04\/08\/mutirao-saude-abre-8-postos-de-vacinacao-para-atender-idosos-neste-sabado\/\"]}]},{\"@type\":\"ImageObject\",\"inLanguage\":\"pt-BR\",\"@id\":\"https:\/\/verdadeon.com.br\/portal\/2022\/04\/08\/mutirao-saude-abre-8-postos-de-vacinacao-para-atender-idosos-neste-sabado\/#primaryimage\",\"url\":\"https:\/\/i0.wp.com\/verdadeon.com.br\/portal\/wp-content\/uploads\/2022\/03\/campanha-gripe-influenza-e1647382020469.jpg?fit=1000%2C669&ssl=1\",\"contentUrl\":\"https:\/\/i0.wp.com\/verdadeon.com.br\/portal\/wp-content\/uploads\/2022\/03\/campanha-gripe-influenza-e1647382020469.jpg?fit=1000%2C669&ssl=1\",\"width\":1000,\"height\":669,\"caption\":\"Vacina contra influenza \u00e9 oferecida para toda popula\u00e7\u00e3o a partir de 6 meses (\u00a9Ag\u00eancia Brasil)\"},{\"@type\":\"BreadcrumbList\",\"@id\":\"https:\/\/verdadeon.com.br\/portal\/2022\/04\/08\/mutirao-saude-abre-8-postos-de-vacinacao-para-atender-idosos-neste-sabado\/#breadcrumb\",\"itemListElement\":[{\"@type\":\"ListItem\",\"position\":1,\"name\":\"In\u00edcio\",\"item\":\"https:\/\/verdadeon.com.br\/portal\/\"},{\"@type\":\"ListItem\",\"position\":2,\"name\":\"Mutir\u00e3o: Sa\u00fade abre 8 postos de vacina\u00e7\u00e3o para atender idosos neste s\u00e1bado\"}]},{\"@type\":\"WebSite\",\"@id\":\"https:\/\/verdadeon.com.br\/portal\/#website\",\"url\":\"https:\/\/verdadeon.com.br\/portal\/\",\"name\":\"VerdadeOn\",\"description\":\"Not\u00edcias di\u00e1rias sobre Franca, Regi\u00e3o, Esporte, Cultura, Cotidiano, Colunas. Cobertura nos principais eventos da cidade \u00e9 aqui - Verdadeon Franca\",\"potentialAction\":[{\"@type\":\"SearchAction\",\"target\":{\"@type\":\"EntryPoint\",\"urlTemplate\":\"https:\/\/verdadeon.com.br\/portal\/?s={search_term_string}\"},\"query-input\":{\"@type\":\"PropertyValueSpecification\",\"valueRequired\":true,\"valueName\":\"search_term_string\"}}],\"inLanguage\":\"pt-BR\"},{\"@type\":\"Person\",\"@id\":\"https:\/\/verdadeon.com.br\/portal\/#\/schema\/person\/8248726d36015c1916636fabb175d972\",\"name\":\"Nelise Luques\",\"image\":{\"@type\":\"ImageObject\",\"inLanguage\":\"pt-BR\",\"@id\":\"https:\/\/verdadeon.com.br\/portal\/#\/schema\/person\/image\/\",\"url\":\"https:\/\/secure.gravatar.com\/avatar\/29b2a17f5bcadeb827411b66f48ac13c3e0ecaf5906c0f5745ecc5d41c24eada?s=96&d=mm&r=g\",\"contentUrl\":\"https:\/\/secure.gravatar.com\/avatar\/29b2a17f5bcadeb827411b66f48ac13c3e0ecaf5906c0f5745ecc5d41c24eada?s=96&d=mm&r=g\",\"caption\":\"Nelise Luques\"},\"url\":\"https:\/\/verdadeon.com.br\/portal\/author\/verdade\/\"}]}<\/script>\n<!-- \/ Yoast SEO plugin. -->","yoast_head_json":{"title":"Mutir\u00e3o: Sa\u00fade abre 8 postos de vacina\u00e7\u00e3o para atender idosos neste s\u00e1bado - VerdadeOn","robots":{"index":"index","follow":"follow","max-snippet":"max-snippet:-1","max-image-preview":"max-image-preview:large","max-video-preview":"max-video-preview:-1"},"canonical":"https:\/\/verdadeon.com.br\/portal\/2022\/04\/08\/mutirao-saude-abre-8-postos-de-vacinacao-para-atender-idosos-neste-sabado\/","og_locale":"pt_BR","og_type":"article","og_title":"Mutir\u00e3o: Sa\u00fade abre 8 postos de vacina\u00e7\u00e3o para atender idosos neste s\u00e1bado - VerdadeOn","og_description":"Pessoas a partir de 60 anos poder\u00e3o ser vacinadas contra a Covid-19 e a Influenza; atendimento er\u00e1 das 8h \u00e0s 12h30 &nbsp; &nbsp; A Secretaria de [\u2026]","og_url":"https:\/\/verdadeon.com.br\/portal\/2022\/04\/08\/mutirao-saude-abre-8-postos-de-vacinacao-para-atender-idosos-neste-sabado\/","og_site_name":"VerdadeOn","article_published_time":"2022-04-08T20:21:35+00:00","og_image":[{"width":1000,"height":669,"url":"https:\/\/verdadeon.com.br\/portal\/wp-content\/uploads\/2022\/03\/campanha-gripe-influenza-e1647382020469.jpg","type":"image\/jpeg"}],"author":"Nelise Luques","twitter_card":"summary_large_image","twitter_misc":{"Escrito por":"Nelise Luques","Est. tempo de leitura":"2 minutos"},"schema":{"@context":"https:\/\/schema.org","@graph":[{"@type":"WebPage","@id":"https:\/\/verdadeon.com.br\/portal\/2022\/04\/08\/mutirao-saude-abre-8-postos-de-vacinacao-para-atender-idosos-neste-sabado\/","url":"https:\/\/verdadeon.com.br\/portal\/2022\/04\/08\/mutirao-saude-abre-8-postos-de-vacinacao-para-atender-idosos-neste-sabado\/","name":"Mutir\u00e3o: Sa\u00fade abre 8 postos de vacina\u00e7\u00e3o para atender idosos neste s\u00e1bado - VerdadeOn","isPartOf":{"@id":"https:\/\/verdadeon.com.br\/portal\/#website"},"primaryImageOfPage":{"@id":"https:\/\/verdadeon.com.br\/portal\/2022\/04\/08\/mutirao-saude-abre-8-postos-de-vacinacao-para-atender-idosos-neste-sabado\/#primaryimage"},"image":{"@id":"https:\/\/verdadeon.com.br\/portal\/2022\/04\/08\/mutirao-saude-abre-8-postos-de-vacinacao-para-atender-idosos-neste-sabado\/#primaryimage"},"thumbnailUrl":"https:\/\/i0.wp.com\/verdadeon.com.br\/portal\/wp-content\/uploads\/2022\/03\/campanha-gripe-influenza-e1647382020469.jpg?fit=1000%2C669&ssl=1","datePublished":"2022-04-08T20:21:35+00:00","author":{"@id":"https:\/\/verdadeon.com.br\/portal\/#\/schema\/person\/8248726d36015c1916636fabb175d972"},"breadcrumb":{"@id":"https:\/\/verdadeon.com.br\/portal\/2022\/04\/08\/mutirao-saude-abre-8-postos-de-vacinacao-para-atender-idosos-neste-sabado\/#breadcrumb"},"inLanguage":"pt-BR","potentialAction":[{"@type":"ReadAction","target":["https:\/\/verdadeon.com.br\/portal\/2022\/04\/08\/mutirao-saude-abre-8-postos-de-vacinacao-para-atender-idosos-neste-sabado\/"]}]},{"@type":"ImageObject","inLanguage":"pt-BR","@id":"https:\/\/verdadeon.com.br\/portal\/2022\/04\/08\/mutirao-saude-abre-8-postos-de-vacinacao-para-atender-idosos-neste-sabado\/#primaryimage","url":"https:\/\/i0.wp.com\/verdadeon.com.br\/portal\/wp-content\/uploads\/2022\/03\/campanha-gripe-influenza-e1647382020469.jpg?fit=1000%2C669&ssl=1","contentUrl":"https:\/\/i0.wp.com\/verdadeon.com.br\/portal\/wp-content\/uploads\/2022\/03\/campanha-gripe-influenza-e1647382020469.jpg?fit=1000%2C669&ssl=1","width":1000,"height":669,"caption":"Vacina contra influenza \u00e9 oferecida para toda popula\u00e7\u00e3o a partir de 6 meses (\u00a9Ag\u00eancia Brasil)"},{"@type":"BreadcrumbList","@id":"https:\/\/verdadeon.com.br\/portal\/2022\/04\/08\/mutirao-saude-abre-8-postos-de-vacinacao-para-atender-idosos-neste-sabado\/#breadcrumb","itemListElement":[{"@type":"ListItem","position":1,"name":"In\u00edcio","item":"https:\/\/verdadeon.com.br\/portal\/"},{"@type":"ListItem","position":2,"name":"Mutir\u00e3o: Sa\u00fade abre 8 postos de vacina\u00e7\u00e3o para atender idosos neste s\u00e1bado"}]},{"@type":"WebSite","@id":"https:\/\/verdadeon.com.br\/portal\/#website","url":"https:\/\/verdadeon.com.br\/portal\/","name":"VerdadeOn","description":"Not\u00edcias di\u00e1rias sobre Franca, Regi\u00e3o, Esporte, Cultura, Cotidiano, Colunas. Cobertura nos principais eventos da cidade \u00e9 aqui - Verdadeon Franca","potentialAction":[{"@type":"SearchAction","target":{"@type":"EntryPoint","urlTemplate":"https:\/\/verdadeon.com.br\/portal\/?s={search_term_string}"},"query-input":{"@type":"PropertyValueSpecification","valueRequired":true,"valueName":"search_term_string"}}],"inLanguage":"pt-BR"},{"@type":"Person","@id":"https:\/\/verdadeon.com.br\/portal\/#\/schema\/person\/8248726d36015c1916636fabb175d972","name":"Nelise Luques","image":{"@type":"ImageObject","inLanguage":"pt-BR","@id":"https:\/\/verdadeon.com.br\/portal\/#\/schema\/person\/image\/","url":"https:\/\/secure.gravatar.com\/avatar\/29b2a17f5bcadeb827411b66f48ac13c3e0ecaf5906c0f5745ecc5d41c24eada?s=96&d=mm&r=g","contentUrl":"https:\/\/secure.gravatar.com\/avatar\/29b2a17f5bcadeb827411b66f48ac13c3e0ecaf5906c0f5745ecc5d41c24eada?s=96&d=mm&r=g","caption":"Nelise Luques"},"url":"https:\/\/verdadeon.com.br\/portal\/author\/verdade\/"}]}},"jetpack_publicize_connections":[],"jetpack_featured_media_url":"https:\/\/i0.wp.com\/verdadeon.com.br\/portal\/wp-content\/uploads\/2022\/03\/campanha-gripe-influenza-e1647382020469.jpg?fit=1000%2C669&ssl=1","jetpack_sharing_enabled":true,"_links":{"self":[{"href":"https:\/\/verdadeon.com.br\/portal\/wp-json\/wp\/v2\/posts\/24350","targetHints":{"allow":["GET"]}}],"collection":[{"href":"https:\/\/verdadeon.com.br\/portal\/wp-json\/wp\/v2\/posts"}],"about":[{"href":"https:\/\/verdadeon.com.br\/portal\/wp-json\/wp\/v2\/types\/post"}],"author":[{"embeddable":true,"href":"https:\/\/verdadeon.com.br\/portal\/wp-json\/wp\/v2\/users\/12"}],"replies":[{"embeddable":true,"href":"https:\/\/verdadeon.com.br\/portal\/wp-json\/wp\/v2\/comments?post=24350"}],"version-history":[{"count":1,"href":"https:\/\/verdadeon.com.br\/portal\/wp-json\/wp\/v2\/posts\/24350\/revisions"}],"predecessor-version":[{"id":24351,"href":"https:\/\/verdadeon.com.br\/portal\/wp-json\/wp\/v2\/posts\/24350\/revisions\/24351"}],"wp:featuredmedia":[{"embeddable":true,"href":"https:\/\/verdadeon.com.br\/portal\/wp-json\/wp\/v2\/media\/23744"}],"wp:attachment":[{"href":"https:\/\/verdadeon.com.br\/portal\/wp-json\/wp\/v2\/media?parent=24350"}],"wp:term":[{"taxonomy":"category","embeddable":true,"href":"https:\/\/verdadeon.com.br\/portal\/wp-json\/wp\/v2\/categories?post=24350"},{"taxonomy":"post_tag","embeddable":true,"href":"https:\/\/verdadeon.com.br\/portal\/wp-json\/wp\/v2\/tags?post=24350"}],"curies":[{"name":"wp","href":"https:\/\/api.w.org\/{rel}","templated":true}]}}