{"id":24332,"date":"2022-04-07T17:30:06","date_gmt":"2022-04-07T20:30:06","guid":{"rendered":"https:\/\/verdadeon.com.br\/portal\/?p=24332"},"modified":"2022-04-07T17:30:06","modified_gmt":"2022-04-07T20:30:06","slug":"bazar-solidario-em-prol-do-cram-oferece-mais-de-mil-pecas-a-partir-de-r-2","status":"publish","type":"post","link":"https:\/\/verdadeon.com.br\/portal\/2022\/04\/07\/bazar-solidario-em-prol-do-cram-oferece-mais-de-mil-pecas-a-partir-de-r-2\/","title":{"rendered":"Bazar Solid\u00e1rio em prol do &#8216;Cram&#8217; oferece mais de mil pe\u00e7as a partir de R$ 2"},"content":{"rendered":"<h2><span style=\"font-weight: 400;\">A a\u00e7\u00e3o ser\u00e1 neste s\u00e1bado (9), das 9h \u00e0s 17h, com venda de sapatos, roupas, enxovais e artigos de decora\u00e7\u00e3o novos e seminovos<\/span><\/h2>\n<p>&nbsp;<\/p>\n<p><span style=\"font-weight: 400;\">O Cram (Centro de Refer\u00eancia de Apoio \u00e0 Mulher) realiza o primeiro Bazar Solid\u00e1rio neste s\u00e1bado (9), das 9h \u00e0s 17h, no Sal\u00e3o Paulo VI. O p\u00fablico poder\u00e1 comprar roupas, sapatos, eletrodom\u00e9sticos, artigos de cama, mesa e banho, al\u00e9m de itens de decora\u00e7\u00e3o novos e seminovos. Mais de mil produtos estar\u00e3o \u00e0 venda com pre\u00e7os a partir de R$ 2.<\/span><\/p>\n<p><span style=\"font-weight: 400;\">\u201cTemos uma grande variedade de artigos, que recebemos de doa\u00e7\u00f5es da comunidade. Vamos oferecer vestidos de dama nunca usados e sapatos femininos e masculinos de couro novos, vindos direto das f\u00e1bricas. Esse \u00e9 o primeiro Bazar Solid\u00e1rio do Cram e n\u00e3o temos ideia do p\u00fablico que vamos receber, mas esperamos que seja um sucesso\u201d, disse <\/span><span style=\"font-weight: 400;\">a psic\u00f3loga Juliana Oliveira de Moura, coordenadora do Cram.<\/span><\/p>\n<p><span style=\"font-weight: 400;\">O objetivo da equipe do Cram \u00e9 utilizar os recursos arrecadados com o Bazar Solid\u00e1rio para criar um fundo de assist\u00eancia para as mulheres v\u00edtimas de viol\u00eancia dom\u00e9stica para as quais presta atendimento. Em m\u00e9dia, por m\u00eas, passam pelo servi\u00e7o 180 pessoas que sofreram agress\u00e3o f\u00edsica, amea\u00e7a, humilha\u00e7\u00e3o, persegui\u00e7\u00e3o, isolamento e viol\u00eancia sexual. Segundo Juliana, muitas mulheres necessitam de aux\u00edlio at\u00e9 para o transporte e sofrem car\u00eancias de alimenta\u00e7\u00e3o.\u00a0<\/span><\/p>\n<p><span style=\"font-weight: 400;\">O trabalho oferecido pelo Cram \u00e9 gratuito e sigiloso, mas desenvolvido sem recebimento de recursos p\u00fablicos. O Cram oferece apoio atrav\u00e9s de atendimentos psicol\u00f3gicos, acompanhamento terap\u00eautico, orienta\u00e7\u00e3o jur\u00eddica e aux\u00edlio assistencial.\u00a0<\/span><\/p>\n<p>&nbsp;<\/p>\n<p><b>Servi\u00e7o<\/b><\/p>\n<p><b>Bazar Solid\u00e1rio em prol do CRAM<\/b><\/p>\n<p><span style=\"font-weight: 400;\">Data: 09\/04\/2022 &#8211; S\u00e1bado<\/span><\/p>\n<p><span style=\"font-weight: 400;\">Hor\u00e1rio: 9h \u00e0s 17h<\/span><\/p>\n<p><span style=\"font-weight: 400;\">Local: Sal\u00e3o Paulo VI (Rua Frederico Ozanan, ao lado do Vel\u00f3rio S\u00e3o Vicente)<\/span><\/p>\n<p>&nbsp;<\/p>\n","protected":false},"excerpt":{"rendered":"<p>A a\u00e7\u00e3o ser\u00e1 neste s\u00e1bado (9), das 9h \u00e0s 17h, com venda de sapatos, roupas, enxovais e artigos de decora\u00e7\u00e3o novos e seminovos &nbsp; O Cram<span class=\"excerpt-hellip\"> [\u2026]<\/span><\/p>\n","protected":false},"author":12,"featured_media":24333,"comment_status":"open","ping_status":"open","sticky":false,"template":"","format":"standard","meta":{"_jetpack_memberships_contains_paid_content":false,"footnotes":"","jetpack_publicize_message":"","jetpack_publicize_feature_enabled":true,"jetpack_social_post_already_shared":false,"jetpack_social_options":{"image_generator_settings":{"template":"highway","default_image_id":0,"enabled":false},"version":2}},"categories":[28,81],"tags":[],"class_list":["post-24332","post","type-post","status-publish","format-standard","has-post-thumbnail","hentry","category-cotidiano","category-manchete"],"yoast_head":"<!-- This site is optimized with the Yoast SEO plugin v25.6 - https:\/\/yoast.com\/wordpress\/plugins\/seo\/ -->\n<title>Bazar Solid\u00e1rio em prol do &#039;Cram&#039; oferece mais de mil pe\u00e7as a partir de R$ 2 - VerdadeOn<\/title>\n<meta name=\"robots\" content=\"index, follow, max-snippet:-1, max-image-preview:large, max-video-preview:-1\" \/>\n<link rel=\"canonical\" href=\"https:\/\/verdadeon.com.br\/portal\/2022\/04\/07\/bazar-solidario-em-prol-do-cram-oferece-mais-de-mil-pecas-a-partir-de-r-2\/\" \/>\n<meta property=\"og:locale\" content=\"pt_BR\" \/>\n<meta property=\"og:type\" content=\"article\" \/>\n<meta property=\"og:title\" content=\"Bazar Solid\u00e1rio em prol do &#039;Cram&#039; oferece mais de mil pe\u00e7as a partir de R$ 2 - VerdadeOn\" \/>\n<meta property=\"og:description\" content=\"A a\u00e7\u00e3o ser\u00e1 neste s\u00e1bado (9), das 9h \u00e0s 17h, com venda de sapatos, roupas, enxovais e artigos de decora\u00e7\u00e3o novos e seminovos &nbsp; O Cram [\u2026]\" \/>\n<meta property=\"og:url\" content=\"https:\/\/verdadeon.com.br\/portal\/2022\/04\/07\/bazar-solidario-em-prol-do-cram-oferece-mais-de-mil-pecas-a-partir-de-r-2\/\" \/>\n<meta property=\"og:site_name\" content=\"VerdadeOn\" \/>\n<meta property=\"article:published_time\" content=\"2022-04-07T20:30:06+00:00\" \/>\n<meta property=\"og:image\" content=\"https:\/\/verdadeon.com.br\/portal\/wp-content\/uploads\/2022\/04\/BAZAR-DO-CRAM.jpeg\" \/>\n\t<meta property=\"og:image:width\" content=\"1280\" \/>\n\t<meta property=\"og:image:height\" content=\"857\" \/>\n\t<meta property=\"og:image:type\" content=\"image\/jpeg\" \/>\n<meta name=\"author\" content=\"Nelise Luques\" \/>\n<meta name=\"twitter:card\" content=\"summary_large_image\" \/>\n<meta name=\"twitter:label1\" content=\"Escrito por\" \/>\n\t<meta name=\"twitter:data1\" content=\"Nelise Luques\" \/>\n\t<meta name=\"twitter:label2\" content=\"Est. tempo de leitura\" \/>\n\t<meta name=\"twitter:data2\" content=\"2 minutos\" \/>\n<script type=\"application\/ld+json\" class=\"yoast-schema-graph\">{\"@context\":\"https:\/\/schema.org\",\"@graph\":[{\"@type\":\"WebPage\",\"@id\":\"https:\/\/verdadeon.com.br\/portal\/2022\/04\/07\/bazar-solidario-em-prol-do-cram-oferece-mais-de-mil-pecas-a-partir-de-r-2\/\",\"url\":\"https:\/\/verdadeon.com.br\/portal\/2022\/04\/07\/bazar-solidario-em-prol-do-cram-oferece-mais-de-mil-pecas-a-partir-de-r-2\/\",\"name\":\"Bazar Solid\u00e1rio em prol do 'Cram' oferece mais de mil pe\u00e7as a partir de R$ 2 - VerdadeOn\",\"isPartOf\":{\"@id\":\"https:\/\/verdadeon.com.br\/portal\/#website\"},\"primaryImageOfPage\":{\"@id\":\"https:\/\/verdadeon.com.br\/portal\/2022\/04\/07\/bazar-solidario-em-prol-do-cram-oferece-mais-de-mil-pecas-a-partir-de-r-2\/#primaryimage\"},\"image\":{\"@id\":\"https:\/\/verdadeon.com.br\/portal\/2022\/04\/07\/bazar-solidario-em-prol-do-cram-oferece-mais-de-mil-pecas-a-partir-de-r-2\/#primaryimage\"},\"thumbnailUrl\":\"https:\/\/i0.wp.com\/verdadeon.com.br\/portal\/wp-content\/uploads\/2022\/04\/BAZAR-DO-CRAM.jpeg?fit=1280%2C857&ssl=1\",\"datePublished\":\"2022-04-07T20:30:06+00:00\",\"author\":{\"@id\":\"https:\/\/verdadeon.com.br\/portal\/#\/schema\/person\/8248726d36015c1916636fabb175d972\"},\"breadcrumb\":{\"@id\":\"https:\/\/verdadeon.com.br\/portal\/2022\/04\/07\/bazar-solidario-em-prol-do-cram-oferece-mais-de-mil-pecas-a-partir-de-r-2\/#breadcrumb\"},\"inLanguage\":\"pt-BR\",\"potentialAction\":[{\"@type\":\"ReadAction\",\"target\":[\"https:\/\/verdadeon.com.br\/portal\/2022\/04\/07\/bazar-solidario-em-prol-do-cram-oferece-mais-de-mil-pecas-a-partir-de-r-2\/\"]}]},{\"@type\":\"ImageObject\",\"inLanguage\":\"pt-BR\",\"@id\":\"https:\/\/verdadeon.com.br\/portal\/2022\/04\/07\/bazar-solidario-em-prol-do-cram-oferece-mais-de-mil-pecas-a-partir-de-r-2\/#primaryimage\",\"url\":\"https:\/\/i0.wp.com\/verdadeon.com.br\/portal\/wp-content\/uploads\/2022\/04\/BAZAR-DO-CRAM.jpeg?fit=1280%2C857&ssl=1\",\"contentUrl\":\"https:\/\/i0.wp.com\/verdadeon.com.br\/portal\/wp-content\/uploads\/2022\/04\/BAZAR-DO-CRAM.jpeg?fit=1280%2C857&ssl=1\",\"width\":1280,\"height\":857,\"caption\":\"Cram, o Centro de Refer\u00eancia de Apoio \u00e0 Mulher, promove bazar com intuito de criar um fundo de assist\u00eancia para atender mulheres v\u00edtimas de viol\u00eancia dom\u00e9stica | Fotos: Divulga\u00e7\u00e3o\"},{\"@type\":\"BreadcrumbList\",\"@id\":\"https:\/\/verdadeon.com.br\/portal\/2022\/04\/07\/bazar-solidario-em-prol-do-cram-oferece-mais-de-mil-pecas-a-partir-de-r-2\/#breadcrumb\",\"itemListElement\":[{\"@type\":\"ListItem\",\"position\":1,\"name\":\"In\u00edcio\",\"item\":\"https:\/\/verdadeon.com.br\/portal\/\"},{\"@type\":\"ListItem\",\"position\":2,\"name\":\"Bazar Solid\u00e1rio em prol do &#8216;Cram&#8217; oferece mais de mil pe\u00e7as a partir de R$ 2\"}]},{\"@type\":\"WebSite\",\"@id\":\"https:\/\/verdadeon.com.br\/portal\/#website\",\"url\":\"https:\/\/verdadeon.com.br\/portal\/\",\"name\":\"VerdadeOn\",\"description\":\"Not\u00edcias di\u00e1rias sobre Franca, Regi\u00e3o, Esporte, Cultura, Cotidiano, Colunas. Cobertura nos principais eventos da cidade \u00e9 aqui - Verdadeon Franca\",\"potentialAction\":[{\"@type\":\"SearchAction\",\"target\":{\"@type\":\"EntryPoint\",\"urlTemplate\":\"https:\/\/verdadeon.com.br\/portal\/?s={search_term_string}\"},\"query-input\":{\"@type\":\"PropertyValueSpecification\",\"valueRequired\":true,\"valueName\":\"search_term_string\"}}],\"inLanguage\":\"pt-BR\"},{\"@type\":\"Person\",\"@id\":\"https:\/\/verdadeon.com.br\/portal\/#\/schema\/person\/8248726d36015c1916636fabb175d972\",\"name\":\"Nelise Luques\",\"image\":{\"@type\":\"ImageObject\",\"inLanguage\":\"pt-BR\",\"@id\":\"https:\/\/verdadeon.com.br\/portal\/#\/schema\/person\/image\/\",\"url\":\"https:\/\/secure.gravatar.com\/avatar\/29b2a17f5bcadeb827411b66f48ac13c3e0ecaf5906c0f5745ecc5d41c24eada?s=96&d=mm&r=g\",\"contentUrl\":\"https:\/\/secure.gravatar.com\/avatar\/29b2a17f5bcadeb827411b66f48ac13c3e0ecaf5906c0f5745ecc5d41c24eada?s=96&d=mm&r=g\",\"caption\":\"Nelise Luques\"},\"url\":\"https:\/\/verdadeon.com.br\/portal\/author\/verdade\/\"}]}<\/script>\n<!-- \/ Yoast SEO plugin. -->","yoast_head_json":{"title":"Bazar Solid\u00e1rio em prol do 'Cram' oferece mais de mil pe\u00e7as a partir de R$ 2 - VerdadeOn","robots":{"index":"index","follow":"follow","max-snippet":"max-snippet:-1","max-image-preview":"max-image-preview:large","max-video-preview":"max-video-preview:-1"},"canonical":"https:\/\/verdadeon.com.br\/portal\/2022\/04\/07\/bazar-solidario-em-prol-do-cram-oferece-mais-de-mil-pecas-a-partir-de-r-2\/","og_locale":"pt_BR","og_type":"article","og_title":"Bazar Solid\u00e1rio em prol do 'Cram' oferece mais de mil pe\u00e7as a partir de R$ 2 - VerdadeOn","og_description":"A a\u00e7\u00e3o ser\u00e1 neste s\u00e1bado (9), das 9h \u00e0s 17h, com venda de sapatos, roupas, enxovais e artigos de decora\u00e7\u00e3o novos e seminovos &nbsp; O Cram [\u2026]","og_url":"https:\/\/verdadeon.com.br\/portal\/2022\/04\/07\/bazar-solidario-em-prol-do-cram-oferece-mais-de-mil-pecas-a-partir-de-r-2\/","og_site_name":"VerdadeOn","article_published_time":"2022-04-07T20:30:06+00:00","og_image":[{"width":1280,"height":857,"url":"https:\/\/verdadeon.com.br\/portal\/wp-content\/uploads\/2022\/04\/BAZAR-DO-CRAM.jpeg","type":"image\/jpeg"}],"author":"Nelise Luques","twitter_card":"summary_large_image","twitter_misc":{"Escrito por":"Nelise Luques","Est. tempo de leitura":"2 minutos"},"schema":{"@context":"https:\/\/schema.org","@graph":[{"@type":"WebPage","@id":"https:\/\/verdadeon.com.br\/portal\/2022\/04\/07\/bazar-solidario-em-prol-do-cram-oferece-mais-de-mil-pecas-a-partir-de-r-2\/","url":"https:\/\/verdadeon.com.br\/portal\/2022\/04\/07\/bazar-solidario-em-prol-do-cram-oferece-mais-de-mil-pecas-a-partir-de-r-2\/","name":"Bazar Solid\u00e1rio em prol do 'Cram' oferece mais de mil pe\u00e7as a partir de R$ 2 - VerdadeOn","isPartOf":{"@id":"https:\/\/verdadeon.com.br\/portal\/#website"},"primaryImageOfPage":{"@id":"https:\/\/verdadeon.com.br\/portal\/2022\/04\/07\/bazar-solidario-em-prol-do-cram-oferece-mais-de-mil-pecas-a-partir-de-r-2\/#primaryimage"},"image":{"@id":"https:\/\/verdadeon.com.br\/portal\/2022\/04\/07\/bazar-solidario-em-prol-do-cram-oferece-mais-de-mil-pecas-a-partir-de-r-2\/#primaryimage"},"thumbnailUrl":"https:\/\/i0.wp.com\/verdadeon.com.br\/portal\/wp-content\/uploads\/2022\/04\/BAZAR-DO-CRAM.jpeg?fit=1280%2C857&ssl=1","datePublished":"2022-04-07T20:30:06+00:00","author":{"@id":"https:\/\/verdadeon.com.br\/portal\/#\/schema\/person\/8248726d36015c1916636fabb175d972"},"breadcrumb":{"@id":"https:\/\/verdadeon.com.br\/portal\/2022\/04\/07\/bazar-solidario-em-prol-do-cram-oferece-mais-de-mil-pecas-a-partir-de-r-2\/#breadcrumb"},"inLanguage":"pt-BR","potentialAction":[{"@type":"ReadAction","target":["https:\/\/verdadeon.com.br\/portal\/2022\/04\/07\/bazar-solidario-em-prol-do-cram-oferece-mais-de-mil-pecas-a-partir-de-r-2\/"]}]},{"@type":"ImageObject","inLanguage":"pt-BR","@id":"https:\/\/verdadeon.com.br\/portal\/2022\/04\/07\/bazar-solidario-em-prol-do-cram-oferece-mais-de-mil-pecas-a-partir-de-r-2\/#primaryimage","url":"https:\/\/i0.wp.com\/verdadeon.com.br\/portal\/wp-content\/uploads\/2022\/04\/BAZAR-DO-CRAM.jpeg?fit=1280%2C857&ssl=1","contentUrl":"https:\/\/i0.wp.com\/verdadeon.com.br\/portal\/wp-content\/uploads\/2022\/04\/BAZAR-DO-CRAM.jpeg?fit=1280%2C857&ssl=1","width":1280,"height":857,"caption":"Cram, o Centro de Refer\u00eancia de Apoio \u00e0 Mulher, promove bazar com intuito de criar um fundo de assist\u00eancia para atender mulheres v\u00edtimas de viol\u00eancia dom\u00e9stica | Fotos: Divulga\u00e7\u00e3o"},{"@type":"BreadcrumbList","@id":"https:\/\/verdadeon.com.br\/portal\/2022\/04\/07\/bazar-solidario-em-prol-do-cram-oferece-mais-de-mil-pecas-a-partir-de-r-2\/#breadcrumb","itemListElement":[{"@type":"ListItem","position":1,"name":"In\u00edcio","item":"https:\/\/verdadeon.com.br\/portal\/"},{"@type":"ListItem","position":2,"name":"Bazar Solid\u00e1rio em prol do &#8216;Cram&#8217; oferece mais de mil pe\u00e7as a partir de R$ 2"}]},{"@type":"WebSite","@id":"https:\/\/verdadeon.com.br\/portal\/#website","url":"https:\/\/verdadeon.com.br\/portal\/","name":"VerdadeOn","description":"Not\u00edcias di\u00e1rias sobre Franca, Regi\u00e3o, Esporte, Cultura, Cotidiano, Colunas. Cobertura nos principais eventos da cidade \u00e9 aqui - Verdadeon Franca","potentialAction":[{"@type":"SearchAction","target":{"@type":"EntryPoint","urlTemplate":"https:\/\/verdadeon.com.br\/portal\/?s={search_term_string}"},"query-input":{"@type":"PropertyValueSpecification","valueRequired":true,"valueName":"search_term_string"}}],"inLanguage":"pt-BR"},{"@type":"Person","@id":"https:\/\/verdadeon.com.br\/portal\/#\/schema\/person\/8248726d36015c1916636fabb175d972","name":"Nelise Luques","image":{"@type":"ImageObject","inLanguage":"pt-BR","@id":"https:\/\/verdadeon.com.br\/portal\/#\/schema\/person\/image\/","url":"https:\/\/secure.gravatar.com\/avatar\/29b2a17f5bcadeb827411b66f48ac13c3e0ecaf5906c0f5745ecc5d41c24eada?s=96&d=mm&r=g","contentUrl":"https:\/\/secure.gravatar.com\/avatar\/29b2a17f5bcadeb827411b66f48ac13c3e0ecaf5906c0f5745ecc5d41c24eada?s=96&d=mm&r=g","caption":"Nelise Luques"},"url":"https:\/\/verdadeon.com.br\/portal\/author\/verdade\/"}]}},"jetpack_publicize_connections":[],"jetpack_featured_media_url":"https:\/\/i0.wp.com\/verdadeon.com.br\/portal\/wp-content\/uploads\/2022\/04\/BAZAR-DO-CRAM.jpeg?fit=1280%2C857&ssl=1","jetpack_sharing_enabled":true,"_links":{"self":[{"href":"https:\/\/verdadeon.com.br\/portal\/wp-json\/wp\/v2\/posts\/24332","targetHints":{"allow":["GET"]}}],"collection":[{"href":"https:\/\/verdadeon.com.br\/portal\/wp-json\/wp\/v2\/posts"}],"about":[{"href":"https:\/\/verdadeon.com.br\/portal\/wp-json\/wp\/v2\/types\/post"}],"author":[{"embeddable":true,"href":"https:\/\/verdadeon.com.br\/portal\/wp-json\/wp\/v2\/users\/12"}],"replies":[{"embeddable":true,"href":"https:\/\/verdadeon.com.br\/portal\/wp-json\/wp\/v2\/comments?post=24332"}],"version-history":[{"count":1,"href":"https:\/\/verdadeon.com.br\/portal\/wp-json\/wp\/v2\/posts\/24332\/revisions"}],"predecessor-version":[{"id":24334,"href":"https:\/\/verdadeon.com.br\/portal\/wp-json\/wp\/v2\/posts\/24332\/revisions\/24334"}],"wp:featuredmedia":[{"embeddable":true,"href":"https:\/\/verdadeon.com.br\/portal\/wp-json\/wp\/v2\/media\/24333"}],"wp:attachment":[{"href":"https:\/\/verdadeon.com.br\/portal\/wp-json\/wp\/v2\/media?parent=24332"}],"wp:term":[{"taxonomy":"category","embeddable":true,"href":"https:\/\/verdadeon.com.br\/portal\/wp-json\/wp\/v2\/categories?post=24332"},{"taxonomy":"post_tag","embeddable":true,"href":"https:\/\/verdadeon.com.br\/portal\/wp-json\/wp\/v2\/tags?post=24332"}],"curies":[{"name":"wp","href":"https:\/\/api.w.org\/{rel}","templated":true}]}}