{"id":24322,"date":"2022-04-07T17:08:37","date_gmt":"2022-04-07T20:08:37","guid":{"rendered":"https:\/\/verdadeon.com.br\/portal\/?p=24322"},"modified":"2022-04-07T17:08:37","modified_gmt":"2022-04-07T20:08:37","slug":"em-quaresma-atipica-peixarias-apostam-em-altas-vendas-na-semana-santa","status":"publish","type":"post","link":"https:\/\/verdadeon.com.br\/portal\/2022\/04\/07\/em-quaresma-atipica-peixarias-apostam-em-altas-vendas-na-semana-santa\/","title":{"rendered":"Em quaresma at\u00edpica, peixarias apostam em altas vendas na Semana Santa"},"content":{"rendered":"<h2>A alta dos pre\u00e7os influenciou diretamente no consumo do produto, que \u00e9 tradi\u00e7\u00e3o durante este per\u00edodo<\/h2>\n<p>Fernando Lima<\/p>\n<p>Uma tradi\u00e7\u00e3o que passa de gera\u00e7\u00e3o em gera\u00e7\u00e3o, o consumo de peixes tradicionalmente aumenta no per\u00edodo da quaresma, mas este ano foi diferente, especialmente por conta do pre\u00e7o e da infla\u00e7\u00e3o, o crescimento nas vendas ficou em m\u00e9dia 15%.<\/p>\n<p>A empres\u00e1ria Andressa Liporoni tem uma peixaria no Jardim Calif\u00f3rnia. Ela explicou que na quaresma as vendas cresciam pelo menos 50%. \u201cEst\u00e1 sendo at\u00edpico, nesta \u00e9poca eu j\u00e1 tinha contratado at\u00e9 mais funcion\u00e1rios para me ajudar j\u00e1 que a demanda crescia demais. Este ano n\u00e3o passou de 15%. Preocupa um pouco, j\u00e1 que a quaresma para gente que tem peixaria \u00e9 como se fosse o natal\u201d, contou.<\/p>\n<p>Apesar do aumento t\u00edmido, a propriet\u00e1ria ressaltou que n\u00e3o se deixou abalar e aposta tudo na Semana Santa. \u201cJ\u00e1 reforcei o estoque de peixes, camar\u00e3o, entre outros, ainda mais agora que liberaram 100% de ocupa\u00e7\u00e3o nos estabelecimentos, n\u00e3o precisa mais usar m\u00e1scara, isso de uma forma ou outra, acaba influenciando nas vendas tamb\u00e9m\u201d.<\/p>\n<p>Andressa disse ainda que o fil\u00e9 de til\u00e1pia \u00e9 o campe\u00e3o de vendas, porque al\u00e9m de ser saboroso \u00e9 acess\u00edvel. \u201cCa\u00e7\u00e3o, pintado, bacalhau e at\u00e9 mesmo camar\u00e3o, todos eles t\u00eam uma boa aceita\u00e7\u00e3o do p\u00fablico. Mas a til\u00e1pia acaba se destacando, principalmente para quem n\u00e3o quer perder a tradi\u00e7\u00e3o mesmo de consumir peixe na quaresma\u201d, finalizou.<\/p>\n<p>H\u00e1 oito anos com uma peixaria em Franca, o Natanael Teixeira tamb\u00e9m vai apostar todas as fichas dele na Semana Santa, ele n\u00e3o sentiu qualquer aumento nas vendas durante o per\u00edodo da quaresma. \u201cN\u00e3o mudou nada em rela\u00e7\u00e3o aos dias normais, n\u00e3o senti nada de diferente. Acredito que neste ano para falar a verdade, as vendas v\u00e3o ser intensas mesmo na quarta-feira, quinta e sexta-feira da semana que vem, igual acontece todo ano. O cen\u00e1rio mudou demais, t\u00e1 tudo muito caro, isso fez com que as vendas n\u00e3o aumentassem igual aconteceu nos outros anos\u201d, finalizou.<\/p>\n<h4>Reajuste<\/h4>\n<p>Os pre\u00e7os dos peixes est\u00e3o pelo menos 15% mais caros em Franca. Andressa Liporoni contou que na loja dela, os valores variam entre R$15 a R$ 170. \u201cO que tenho de mais caro aqui \u00e9 o camar\u00e3o rosa, R$170 o quilo. Os reajustes n\u00e3o foram t\u00e3o gritantes, mas acaba influenciando na venda de alguma maneira. O bacalhau tamb\u00e9m \u00e9 muito tradicional, tenho a partir de R$79 o quilo\u201d.<\/p>\n<p>J\u00e1 Natanael Teixeira destacou que os importados subiram mais, e a til\u00e1pia, por ser mais saborosa e mais em conta, vai predominar nas vendas. \u201cA til\u00e1pia \u00e9 muito boa, tem muita qualidade e predomina. Vieram alguns reajustes sim, eu segurei em alguns produtos para n\u00e3o repassar para os clientes. A gente diminui a margem de lucro, n\u00e3o chega a ter preju\u00edzo, a gente fideliza o cliente e acaba n\u00e3o perdendo\u201d, relatou.<\/p>\n","protected":false},"excerpt":{"rendered":"<p>A alta dos pre\u00e7os influenciou diretamente no consumo do produto, que \u00e9 tradi\u00e7\u00e3o durante este per\u00edodo Fernando Lima Uma tradi\u00e7\u00e3o que passa de gera\u00e7\u00e3o em gera\u00e7\u00e3o,<span class=\"excerpt-hellip\"> [\u2026]<\/span><\/p>\n","protected":false},"author":7,"featured_media":24329,"comment_status":"open","ping_status":"open","sticky":false,"template":"","format":"standard","meta":{"_jetpack_memberships_contains_paid_content":false,"footnotes":"","jetpack_publicize_message":"","jetpack_publicize_feature_enabled":true,"jetpack_social_post_already_shared":false,"jetpack_social_options":{"image_generator_settings":{"template":"highway","default_image_id":0,"enabled":false},"version":2}},"categories":[28,81],"tags":[],"class_list":["post-24322","post","type-post","status-publish","format-standard","has-post-thumbnail","hentry","category-cotidiano","category-manchete"],"yoast_head":"<!-- This site is optimized with the Yoast SEO plugin v25.6 - https:\/\/yoast.com\/wordpress\/plugins\/seo\/ -->\n<title>Em quaresma at\u00edpica, peixarias apostam em altas vendas na Semana Santa - VerdadeOn<\/title>\n<meta name=\"robots\" content=\"index, follow, max-snippet:-1, max-image-preview:large, max-video-preview:-1\" \/>\n<link rel=\"canonical\" href=\"https:\/\/verdadeon.com.br\/portal\/2022\/04\/07\/em-quaresma-atipica-peixarias-apostam-em-altas-vendas-na-semana-santa\/\" \/>\n<meta property=\"og:locale\" content=\"pt_BR\" \/>\n<meta property=\"og:type\" content=\"article\" \/>\n<meta property=\"og:title\" content=\"Em quaresma at\u00edpica, peixarias apostam em altas vendas na Semana Santa - VerdadeOn\" \/>\n<meta property=\"og:description\" content=\"A alta dos pre\u00e7os influenciou diretamente no consumo do produto, que \u00e9 tradi\u00e7\u00e3o durante este per\u00edodo Fernando Lima Uma tradi\u00e7\u00e3o que passa de gera\u00e7\u00e3o em gera\u00e7\u00e3o, [\u2026]\" \/>\n<meta property=\"og:url\" content=\"https:\/\/verdadeon.com.br\/portal\/2022\/04\/07\/em-quaresma-atipica-peixarias-apostam-em-altas-vendas-na-semana-santa\/\" \/>\n<meta property=\"og:site_name\" content=\"VerdadeOn\" \/>\n<meta property=\"article:published_time\" content=\"2022-04-07T20:08:37+00:00\" \/>\n<meta property=\"og:image\" content=\"https:\/\/verdadeon.com.br\/portal\/wp-content\/uploads\/2022\/04\/PEIXE-e1649361945280.jpg\" \/>\n\t<meta property=\"og:image:width\" content=\"1000\" \/>\n\t<meta property=\"og:image:height\" content=\"669\" \/>\n\t<meta property=\"og:image:type\" content=\"image\/jpeg\" \/>\n<meta name=\"author\" content=\"Fernando Lima\" \/>\n<meta name=\"twitter:card\" content=\"summary_large_image\" \/>\n<meta name=\"twitter:label1\" content=\"Escrito por\" \/>\n\t<meta name=\"twitter:data1\" content=\"Fernando Lima\" \/>\n\t<meta name=\"twitter:label2\" content=\"Est. tempo de leitura\" \/>\n\t<meta name=\"twitter:data2\" content=\"3 minutos\" \/>\n<script type=\"application\/ld+json\" class=\"yoast-schema-graph\">{\"@context\":\"https:\/\/schema.org\",\"@graph\":[{\"@type\":\"WebPage\",\"@id\":\"https:\/\/verdadeon.com.br\/portal\/2022\/04\/07\/em-quaresma-atipica-peixarias-apostam-em-altas-vendas-na-semana-santa\/\",\"url\":\"https:\/\/verdadeon.com.br\/portal\/2022\/04\/07\/em-quaresma-atipica-peixarias-apostam-em-altas-vendas-na-semana-santa\/\",\"name\":\"Em quaresma at\u00edpica, peixarias apostam em altas vendas na Semana Santa - VerdadeOn\",\"isPartOf\":{\"@id\":\"https:\/\/verdadeon.com.br\/portal\/#website\"},\"primaryImageOfPage\":{\"@id\":\"https:\/\/verdadeon.com.br\/portal\/2022\/04\/07\/em-quaresma-atipica-peixarias-apostam-em-altas-vendas-na-semana-santa\/#primaryimage\"},\"image\":{\"@id\":\"https:\/\/verdadeon.com.br\/portal\/2022\/04\/07\/em-quaresma-atipica-peixarias-apostam-em-altas-vendas-na-semana-santa\/#primaryimage\"},\"thumbnailUrl\":\"https:\/\/i0.wp.com\/verdadeon.com.br\/portal\/wp-content\/uploads\/2022\/04\/PEIXE-e1649361945280.jpg?fit=1000%2C669&ssl=1\",\"datePublished\":\"2022-04-07T20:08:37+00:00\",\"author\":{\"@id\":\"https:\/\/verdadeon.com.br\/portal\/#\/schema\/person\/cc32be22b8e8599387c480bc83e1d11a\"},\"breadcrumb\":{\"@id\":\"https:\/\/verdadeon.com.br\/portal\/2022\/04\/07\/em-quaresma-atipica-peixarias-apostam-em-altas-vendas-na-semana-santa\/#breadcrumb\"},\"inLanguage\":\"pt-BR\",\"potentialAction\":[{\"@type\":\"ReadAction\",\"target\":[\"https:\/\/verdadeon.com.br\/portal\/2022\/04\/07\/em-quaresma-atipica-peixarias-apostam-em-altas-vendas-na-semana-santa\/\"]}]},{\"@type\":\"ImageObject\",\"inLanguage\":\"pt-BR\",\"@id\":\"https:\/\/verdadeon.com.br\/portal\/2022\/04\/07\/em-quaresma-atipica-peixarias-apostam-em-altas-vendas-na-semana-santa\/#primaryimage\",\"url\":\"https:\/\/i0.wp.com\/verdadeon.com.br\/portal\/wp-content\/uploads\/2022\/04\/PEIXE-e1649361945280.jpg?fit=1000%2C669&ssl=1\",\"contentUrl\":\"https:\/\/i0.wp.com\/verdadeon.com.br\/portal\/wp-content\/uploads\/2022\/04\/PEIXE-e1649361945280.jpg?fit=1000%2C669&ssl=1\",\"width\":1000,\"height\":669,\"caption\":\"Quaresma foi at\u00edpica em 2022, alta nos pre\u00e7os e tradi\u00e7\u00e3o menos fervorosa podem explicar | Foto: Ag\u00eancia Brasil\"},{\"@type\":\"BreadcrumbList\",\"@id\":\"https:\/\/verdadeon.com.br\/portal\/2022\/04\/07\/em-quaresma-atipica-peixarias-apostam-em-altas-vendas-na-semana-santa\/#breadcrumb\",\"itemListElement\":[{\"@type\":\"ListItem\",\"position\":1,\"name\":\"In\u00edcio\",\"item\":\"https:\/\/verdadeon.com.br\/portal\/\"},{\"@type\":\"ListItem\",\"position\":2,\"name\":\"Em quaresma at\u00edpica, peixarias apostam em altas vendas na Semana Santa\"}]},{\"@type\":\"WebSite\",\"@id\":\"https:\/\/verdadeon.com.br\/portal\/#website\",\"url\":\"https:\/\/verdadeon.com.br\/portal\/\",\"name\":\"VerdadeOn\",\"description\":\"Not\u00edcias di\u00e1rias sobre Franca, Regi\u00e3o, Esporte, Cultura, Cotidiano, Colunas. Cobertura nos principais eventos da cidade \u00e9 aqui - Verdadeon Franca\",\"potentialAction\":[{\"@type\":\"SearchAction\",\"target\":{\"@type\":\"EntryPoint\",\"urlTemplate\":\"https:\/\/verdadeon.com.br\/portal\/?s={search_term_string}\"},\"query-input\":{\"@type\":\"PropertyValueSpecification\",\"valueRequired\":true,\"valueName\":\"search_term_string\"}}],\"inLanguage\":\"pt-BR\"},{\"@type\":\"Person\",\"@id\":\"https:\/\/verdadeon.com.br\/portal\/#\/schema\/person\/cc32be22b8e8599387c480bc83e1d11a\",\"name\":\"Fernando Lima\",\"image\":{\"@type\":\"ImageObject\",\"inLanguage\":\"pt-BR\",\"@id\":\"https:\/\/verdadeon.com.br\/portal\/#\/schema\/person\/image\/\",\"url\":\"https:\/\/secure.gravatar.com\/avatar\/df4c8e132080d2b3a4841d5d232045464e0eed11a1d6e43115ca0843d48768d3?s=96&d=mm&r=g\",\"contentUrl\":\"https:\/\/secure.gravatar.com\/avatar\/df4c8e132080d2b3a4841d5d232045464e0eed11a1d6e43115ca0843d48768d3?s=96&d=mm&r=g\",\"caption\":\"Fernando Lima\"},\"sameAs\":[\"http:\/\/verdadeon.com.br\/\"],\"url\":\"https:\/\/verdadeon.com.br\/portal\/author\/fernando-lima\/\"}]}<\/script>\n<!-- \/ Yoast SEO plugin. -->","yoast_head_json":{"title":"Em quaresma at\u00edpica, peixarias apostam em altas vendas na Semana Santa - VerdadeOn","robots":{"index":"index","follow":"follow","max-snippet":"max-snippet:-1","max-image-preview":"max-image-preview:large","max-video-preview":"max-video-preview:-1"},"canonical":"https:\/\/verdadeon.com.br\/portal\/2022\/04\/07\/em-quaresma-atipica-peixarias-apostam-em-altas-vendas-na-semana-santa\/","og_locale":"pt_BR","og_type":"article","og_title":"Em quaresma at\u00edpica, peixarias apostam em altas vendas na Semana Santa - VerdadeOn","og_description":"A alta dos pre\u00e7os influenciou diretamente no consumo do produto, que \u00e9 tradi\u00e7\u00e3o durante este per\u00edodo Fernando Lima Uma tradi\u00e7\u00e3o que passa de gera\u00e7\u00e3o em gera\u00e7\u00e3o, [\u2026]","og_url":"https:\/\/verdadeon.com.br\/portal\/2022\/04\/07\/em-quaresma-atipica-peixarias-apostam-em-altas-vendas-na-semana-santa\/","og_site_name":"VerdadeOn","article_published_time":"2022-04-07T20:08:37+00:00","og_image":[{"width":1000,"height":669,"url":"https:\/\/verdadeon.com.br\/portal\/wp-content\/uploads\/2022\/04\/PEIXE-e1649361945280.jpg","type":"image\/jpeg"}],"author":"Fernando Lima","twitter_card":"summary_large_image","twitter_misc":{"Escrito por":"Fernando Lima","Est. tempo de leitura":"3 minutos"},"schema":{"@context":"https:\/\/schema.org","@graph":[{"@type":"WebPage","@id":"https:\/\/verdadeon.com.br\/portal\/2022\/04\/07\/em-quaresma-atipica-peixarias-apostam-em-altas-vendas-na-semana-santa\/","url":"https:\/\/verdadeon.com.br\/portal\/2022\/04\/07\/em-quaresma-atipica-peixarias-apostam-em-altas-vendas-na-semana-santa\/","name":"Em quaresma at\u00edpica, peixarias apostam em altas vendas na Semana Santa - VerdadeOn","isPartOf":{"@id":"https:\/\/verdadeon.com.br\/portal\/#website"},"primaryImageOfPage":{"@id":"https:\/\/verdadeon.com.br\/portal\/2022\/04\/07\/em-quaresma-atipica-peixarias-apostam-em-altas-vendas-na-semana-santa\/#primaryimage"},"image":{"@id":"https:\/\/verdadeon.com.br\/portal\/2022\/04\/07\/em-quaresma-atipica-peixarias-apostam-em-altas-vendas-na-semana-santa\/#primaryimage"},"thumbnailUrl":"https:\/\/i0.wp.com\/verdadeon.com.br\/portal\/wp-content\/uploads\/2022\/04\/PEIXE-e1649361945280.jpg?fit=1000%2C669&ssl=1","datePublished":"2022-04-07T20:08:37+00:00","author":{"@id":"https:\/\/verdadeon.com.br\/portal\/#\/schema\/person\/cc32be22b8e8599387c480bc83e1d11a"},"breadcrumb":{"@id":"https:\/\/verdadeon.com.br\/portal\/2022\/04\/07\/em-quaresma-atipica-peixarias-apostam-em-altas-vendas-na-semana-santa\/#breadcrumb"},"inLanguage":"pt-BR","potentialAction":[{"@type":"ReadAction","target":["https:\/\/verdadeon.com.br\/portal\/2022\/04\/07\/em-quaresma-atipica-peixarias-apostam-em-altas-vendas-na-semana-santa\/"]}]},{"@type":"ImageObject","inLanguage":"pt-BR","@id":"https:\/\/verdadeon.com.br\/portal\/2022\/04\/07\/em-quaresma-atipica-peixarias-apostam-em-altas-vendas-na-semana-santa\/#primaryimage","url":"https:\/\/i0.wp.com\/verdadeon.com.br\/portal\/wp-content\/uploads\/2022\/04\/PEIXE-e1649361945280.jpg?fit=1000%2C669&ssl=1","contentUrl":"https:\/\/i0.wp.com\/verdadeon.com.br\/portal\/wp-content\/uploads\/2022\/04\/PEIXE-e1649361945280.jpg?fit=1000%2C669&ssl=1","width":1000,"height":669,"caption":"Quaresma foi at\u00edpica em 2022, alta nos pre\u00e7os e tradi\u00e7\u00e3o menos fervorosa podem explicar | Foto: Ag\u00eancia Brasil"},{"@type":"BreadcrumbList","@id":"https:\/\/verdadeon.com.br\/portal\/2022\/04\/07\/em-quaresma-atipica-peixarias-apostam-em-altas-vendas-na-semana-santa\/#breadcrumb","itemListElement":[{"@type":"ListItem","position":1,"name":"In\u00edcio","item":"https:\/\/verdadeon.com.br\/portal\/"},{"@type":"ListItem","position":2,"name":"Em quaresma at\u00edpica, peixarias apostam em altas vendas na Semana Santa"}]},{"@type":"WebSite","@id":"https:\/\/verdadeon.com.br\/portal\/#website","url":"https:\/\/verdadeon.com.br\/portal\/","name":"VerdadeOn","description":"Not\u00edcias di\u00e1rias sobre Franca, Regi\u00e3o, Esporte, Cultura, Cotidiano, Colunas. Cobertura nos principais eventos da cidade \u00e9 aqui - Verdadeon Franca","potentialAction":[{"@type":"SearchAction","target":{"@type":"EntryPoint","urlTemplate":"https:\/\/verdadeon.com.br\/portal\/?s={search_term_string}"},"query-input":{"@type":"PropertyValueSpecification","valueRequired":true,"valueName":"search_term_string"}}],"inLanguage":"pt-BR"},{"@type":"Person","@id":"https:\/\/verdadeon.com.br\/portal\/#\/schema\/person\/cc32be22b8e8599387c480bc83e1d11a","name":"Fernando Lima","image":{"@type":"ImageObject","inLanguage":"pt-BR","@id":"https:\/\/verdadeon.com.br\/portal\/#\/schema\/person\/image\/","url":"https:\/\/secure.gravatar.com\/avatar\/df4c8e132080d2b3a4841d5d232045464e0eed11a1d6e43115ca0843d48768d3?s=96&d=mm&r=g","contentUrl":"https:\/\/secure.gravatar.com\/avatar\/df4c8e132080d2b3a4841d5d232045464e0eed11a1d6e43115ca0843d48768d3?s=96&d=mm&r=g","caption":"Fernando Lima"},"sameAs":["http:\/\/verdadeon.com.br\/"],"url":"https:\/\/verdadeon.com.br\/portal\/author\/fernando-lima\/"}]}},"jetpack_publicize_connections":[],"jetpack_featured_media_url":"https:\/\/i0.wp.com\/verdadeon.com.br\/portal\/wp-content\/uploads\/2022\/04\/PEIXE-e1649361945280.jpg?fit=1000%2C669&ssl=1","jetpack_sharing_enabled":true,"_links":{"self":[{"href":"https:\/\/verdadeon.com.br\/portal\/wp-json\/wp\/v2\/posts\/24322","targetHints":{"allow":["GET"]}}],"collection":[{"href":"https:\/\/verdadeon.com.br\/portal\/wp-json\/wp\/v2\/posts"}],"about":[{"href":"https:\/\/verdadeon.com.br\/portal\/wp-json\/wp\/v2\/types\/post"}],"author":[{"embeddable":true,"href":"https:\/\/verdadeon.com.br\/portal\/wp-json\/wp\/v2\/users\/7"}],"replies":[{"embeddable":true,"href":"https:\/\/verdadeon.com.br\/portal\/wp-json\/wp\/v2\/comments?post=24322"}],"version-history":[{"count":1,"href":"https:\/\/verdadeon.com.br\/portal\/wp-json\/wp\/v2\/posts\/24322\/revisions"}],"predecessor-version":[{"id":24330,"href":"https:\/\/verdadeon.com.br\/portal\/wp-json\/wp\/v2\/posts\/24322\/revisions\/24330"}],"wp:featuredmedia":[{"embeddable":true,"href":"https:\/\/verdadeon.com.br\/portal\/wp-json\/wp\/v2\/media\/24329"}],"wp:attachment":[{"href":"https:\/\/verdadeon.com.br\/portal\/wp-json\/wp\/v2\/media?parent=24322"}],"wp:term":[{"taxonomy":"category","embeddable":true,"href":"https:\/\/verdadeon.com.br\/portal\/wp-json\/wp\/v2\/categories?post=24322"},{"taxonomy":"post_tag","embeddable":true,"href":"https:\/\/verdadeon.com.br\/portal\/wp-json\/wp\/v2\/tags?post=24322"}],"curies":[{"name":"wp","href":"https:\/\/api.w.org\/{rel}","templated":true}]}}