{"id":2432,"date":"2019-12-27T10:03:46","date_gmt":"2019-12-27T13:03:46","guid":{"rendered":"http:\/\/verdadeon.com.br\/portal\/?p=2432"},"modified":"2020-01-22T10:32:57","modified_gmt":"2020-01-22T13:32:57","slug":"henry-cavill-diz-ter-ficado-dias-sem-beber-agua","status":"publish","type":"post","link":"https:\/\/verdadeon.com.br\/portal\/2019\/12\/27\/henry-cavill-diz-ter-ficado-dias-sem-beber-agua\/","title":{"rendered":"Henry Cavill diz ter ficado dias sem beber \u00e1gua!!!"},"content":{"rendered":"\n<h2 class=\"wp-block-heading\"> Tudo para mostrar m\u00fasculos definidos em s\u00e9rie <\/h2>\n\n\n\n<p>&nbsp;O ator&nbsp;Henry Cavill, 36,&nbsp;chegou a passar dois dias sem beber \u00e1gua a cada cena sem camisa que gravaria para a s\u00e9rie &#8220;The&nbsp;Witcher&#8221;, da Netflix. Ainda que seus m\u00fasculos tenham at\u00e9 desgastado o figurino durante as grava\u00e7\u00f5es, ele achou n\u00e3o ser suficiente.&nbsp;<br>Em entrevista ao talk-show&nbsp;The Graham Norton Show, o ator contou que&nbsp;diminuir a ingest\u00e3o de \u00e1gua ajuda a&nbsp;reduzir&nbsp;o peso do corpo, acentuando sua forma f\u00edsica para as c\u00e2meras. Por isso, dias antes de cada cena, ele n\u00e3o ingeria nenhum tipo de l\u00edquido.&nbsp;<br>&#8220;Essa \u00e9 a pior parte. Dieta \u00e9 dif\u00edcil e voc\u00ea fica com fome, mas quando est\u00e1 desidratando, chega ao ponto em que voc\u00ea n\u00e3o pode sentir o cheiro de \u00e1gua nas proximidades&#8221;, afirmou o ator.<br>Cavill explicou que a desidrata\u00e7\u00e3o for\u00e7ada faz com que a pele &#8220;fique t\u00e3o fina&#8221; que &#8220;assente sobre o m\u00fasculos&#8221;. O ator ainda revelou que, minutos antes de rodar uma cena, fazia flex\u00f5es para sobressaltar os m\u00fasculos.<br>O astro, que \u00e9 tamb\u00e9m o \u00faltimo Superman,&nbsp;j\u00e1 disse que chegou a perder pap\u00e9is por n\u00e3o saber fazer dieta. Henry Cavill&nbsp;contou que poderia ter sido James Bond se, em 2006, ele estivesse mais em forma. Na \u00e9poca, o ator brit\u00e2nico fez um teste para o filme &#8220;007: Cassino Royale&#8221;, mas foi rejeitado.<br>O teste era a refilmagem de uma cena do primeiro filme de James Bond em que o ent\u00e3o int\u00e9rprete do personagem, Sean Connery, sai do banheiro s\u00f3 utilizando uma toalha. E o problema n\u00e3o foi exatamente a atua\u00e7\u00e3o, mas uma leve barriguinha que apareceu na c\u00e2mera.&nbsp;<br>Ele fez essa revela\u00e7\u00e3o em uma entrevista concedida \u00e0 revista Men&#8217;s&nbsp;Health, da qual ele foi capa de agosto. &#8220;Provavelmente eu poderia ter me preparado melhor&#8221;, afirmou Cavill na ocasi\u00e3o.<\/p>\n\n\n\n<p><em>Fonte:&nbsp;FolhaPress<\/em><\/p>\n","protected":false},"excerpt":{"rendered":"<p>Tudo para mostrar m\u00fasculos definidos em s\u00e9rie &nbsp;O ator&nbsp;Henry Cavill, 36,&nbsp;chegou a passar dois dias sem beber \u00e1gua a cada cena sem camisa que gravaria para<span class=\"excerpt-hellip\"> [\u2026]<\/span><\/p>\n","protected":false},"author":2,"featured_media":2433,"comment_status":"open","ping_status":"open","sticky":false,"template":"","format":"standard","meta":{"_jetpack_memberships_contains_paid_content":false,"footnotes":"","jetpack_publicize_message":"","jetpack_publicize_feature_enabled":true,"jetpack_social_post_already_shared":false,"jetpack_social_options":{"image_generator_settings":{"template":"highway","default_image_id":0,"enabled":false},"version":2}},"categories":[7,30],"tags":[38],"class_list":["post-2432","post","type-post","status-publish","format-standard","has-post-thumbnail","hentry","category-news","category-variedades","tag-cinema"],"yoast_head":"<!-- This site is optimized with the Yoast SEO plugin v25.6 - https:\/\/yoast.com\/wordpress\/plugins\/seo\/ -->\n<title>Henry Cavill diz ter ficado dias sem beber \u00e1gua!!! - VerdadeOn<\/title>\n<meta name=\"robots\" content=\"index, follow, max-snippet:-1, max-image-preview:large, max-video-preview:-1\" \/>\n<link rel=\"canonical\" href=\"https:\/\/verdadeon.com.br\/portal\/2019\/12\/27\/henry-cavill-diz-ter-ficado-dias-sem-beber-agua\/\" \/>\n<meta property=\"og:locale\" content=\"pt_BR\" \/>\n<meta property=\"og:type\" content=\"article\" \/>\n<meta property=\"og:title\" content=\"Henry Cavill diz ter ficado dias sem beber \u00e1gua!!! - VerdadeOn\" \/>\n<meta property=\"og:description\" content=\"Tudo para mostrar m\u00fasculos definidos em s\u00e9rie &nbsp;O ator&nbsp;Henry Cavill, 36,&nbsp;chegou a passar dois dias sem beber \u00e1gua a cada cena sem camisa que gravaria para [\u2026]\" \/>\n<meta property=\"og:url\" content=\"https:\/\/verdadeon.com.br\/portal\/2019\/12\/27\/henry-cavill-diz-ter-ficado-dias-sem-beber-agua\/\" \/>\n<meta property=\"og:site_name\" content=\"VerdadeOn\" \/>\n<meta property=\"article:published_time\" content=\"2019-12-27T13:03:46+00:00\" \/>\n<meta property=\"article:modified_time\" content=\"2020-01-22T13:32:57+00:00\" \/>\n<meta property=\"og:image\" content=\"https:\/\/verdadeon.com.br\/portal\/wp-content\/uploads\/2019\/12\/news-4505.jpg\" \/>\n\t<meta property=\"og:image:width\" content=\"800\" \/>\n\t<meta property=\"og:image:height\" content=\"430\" \/>\n\t<meta property=\"og:image:type\" content=\"image\/jpeg\" \/>\n<meta name=\"author\" content=\"Marco Calefi\" \/>\n<meta name=\"twitter:card\" content=\"summary_large_image\" \/>\n<meta name=\"twitter:label1\" content=\"Escrito por\" \/>\n\t<meta name=\"twitter:data1\" content=\"Marco Calefi\" \/>\n\t<meta name=\"twitter:label2\" content=\"Est. tempo de leitura\" \/>\n\t<meta name=\"twitter:data2\" content=\"2 minutos\" \/>\n<script type=\"application\/ld+json\" class=\"yoast-schema-graph\">{\"@context\":\"https:\/\/schema.org\",\"@graph\":[{\"@type\":\"WebPage\",\"@id\":\"https:\/\/verdadeon.com.br\/portal\/2019\/12\/27\/henry-cavill-diz-ter-ficado-dias-sem-beber-agua\/\",\"url\":\"https:\/\/verdadeon.com.br\/portal\/2019\/12\/27\/henry-cavill-diz-ter-ficado-dias-sem-beber-agua\/\",\"name\":\"Henry Cavill diz ter ficado dias sem beber \u00e1gua!!! - VerdadeOn\",\"isPartOf\":{\"@id\":\"https:\/\/verdadeon.com.br\/portal\/#website\"},\"primaryImageOfPage\":{\"@id\":\"https:\/\/verdadeon.com.br\/portal\/2019\/12\/27\/henry-cavill-diz-ter-ficado-dias-sem-beber-agua\/#primaryimage\"},\"image\":{\"@id\":\"https:\/\/verdadeon.com.br\/portal\/2019\/12\/27\/henry-cavill-diz-ter-ficado-dias-sem-beber-agua\/#primaryimage\"},\"thumbnailUrl\":\"https:\/\/i0.wp.com\/verdadeon.com.br\/portal\/wp-content\/uploads\/2019\/12\/news-4505.jpg?fit=800%2C430&ssl=1\",\"datePublished\":\"2019-12-27T13:03:46+00:00\",\"dateModified\":\"2020-01-22T13:32:57+00:00\",\"author\":{\"@id\":\"https:\/\/verdadeon.com.br\/portal\/#\/schema\/person\/5b6d8881b28dc811a8814318b518413f\"},\"breadcrumb\":{\"@id\":\"https:\/\/verdadeon.com.br\/portal\/2019\/12\/27\/henry-cavill-diz-ter-ficado-dias-sem-beber-agua\/#breadcrumb\"},\"inLanguage\":\"pt-BR\",\"potentialAction\":[{\"@type\":\"ReadAction\",\"target\":[\"https:\/\/verdadeon.com.br\/portal\/2019\/12\/27\/henry-cavill-diz-ter-ficado-dias-sem-beber-agua\/\"]}]},{\"@type\":\"ImageObject\",\"inLanguage\":\"pt-BR\",\"@id\":\"https:\/\/verdadeon.com.br\/portal\/2019\/12\/27\/henry-cavill-diz-ter-ficado-dias-sem-beber-agua\/#primaryimage\",\"url\":\"https:\/\/i0.wp.com\/verdadeon.com.br\/portal\/wp-content\/uploads\/2019\/12\/news-4505.jpg?fit=800%2C430&ssl=1\",\"contentUrl\":\"https:\/\/i0.wp.com\/verdadeon.com.br\/portal\/wp-content\/uploads\/2019\/12\/news-4505.jpg?fit=800%2C430&ssl=1\",\"width\":800,\"height\":430,\"caption\":\"M\u00fasculos de Henry Cavill atrapalharam o uso do figurino do ator nas grava\u00e7\u00f5es de 'The Witcher'\"},{\"@type\":\"BreadcrumbList\",\"@id\":\"https:\/\/verdadeon.com.br\/portal\/2019\/12\/27\/henry-cavill-diz-ter-ficado-dias-sem-beber-agua\/#breadcrumb\",\"itemListElement\":[{\"@type\":\"ListItem\",\"position\":1,\"name\":\"In\u00edcio\",\"item\":\"https:\/\/verdadeon.com.br\/portal\/\"},{\"@type\":\"ListItem\",\"position\":2,\"name\":\"Henry Cavill diz ter ficado dias sem beber \u00e1gua!!!\"}]},{\"@type\":\"WebSite\",\"@id\":\"https:\/\/verdadeon.com.br\/portal\/#website\",\"url\":\"https:\/\/verdadeon.com.br\/portal\/\",\"name\":\"VerdadeOn\",\"description\":\"Not\u00edcias di\u00e1rias sobre Franca, Regi\u00e3o, Esporte, Cultura, Cotidiano, Colunas. Cobertura nos principais eventos da cidade \u00e9 aqui - Verdadeon Franca\",\"potentialAction\":[{\"@type\":\"SearchAction\",\"target\":{\"@type\":\"EntryPoint\",\"urlTemplate\":\"https:\/\/verdadeon.com.br\/portal\/?s={search_term_string}\"},\"query-input\":{\"@type\":\"PropertyValueSpecification\",\"valueRequired\":true,\"valueName\":\"search_term_string\"}}],\"inLanguage\":\"pt-BR\"},{\"@type\":\"Person\",\"@id\":\"https:\/\/verdadeon.com.br\/portal\/#\/schema\/person\/5b6d8881b28dc811a8814318b518413f\",\"name\":\"Marco Calefi\",\"image\":{\"@type\":\"ImageObject\",\"inLanguage\":\"pt-BR\",\"@id\":\"https:\/\/verdadeon.com.br\/portal\/#\/schema\/person\/image\/\",\"url\":\"https:\/\/secure.gravatar.com\/avatar\/fc1b98d5cfd12c17ca88a4c142eb2effeeb5677c8220a4141f96ff5d7dd2c137?s=96&d=mm&r=g\",\"contentUrl\":\"https:\/\/secure.gravatar.com\/avatar\/fc1b98d5cfd12c17ca88a4c142eb2effeeb5677c8220a4141f96ff5d7dd2c137?s=96&d=mm&r=g\",\"caption\":\"Marco Calefi\"},\"url\":\"https:\/\/verdadeon.com.br\/portal\/author\/marco\/\"}]}<\/script>\n<!-- \/ Yoast SEO plugin. -->","yoast_head_json":{"title":"Henry Cavill diz ter ficado dias sem beber \u00e1gua!!! - VerdadeOn","robots":{"index":"index","follow":"follow","max-snippet":"max-snippet:-1","max-image-preview":"max-image-preview:large","max-video-preview":"max-video-preview:-1"},"canonical":"https:\/\/verdadeon.com.br\/portal\/2019\/12\/27\/henry-cavill-diz-ter-ficado-dias-sem-beber-agua\/","og_locale":"pt_BR","og_type":"article","og_title":"Henry Cavill diz ter ficado dias sem beber \u00e1gua!!! - VerdadeOn","og_description":"Tudo para mostrar m\u00fasculos definidos em s\u00e9rie &nbsp;O ator&nbsp;Henry Cavill, 36,&nbsp;chegou a passar dois dias sem beber \u00e1gua a cada cena sem camisa que gravaria para [\u2026]","og_url":"https:\/\/verdadeon.com.br\/portal\/2019\/12\/27\/henry-cavill-diz-ter-ficado-dias-sem-beber-agua\/","og_site_name":"VerdadeOn","article_published_time":"2019-12-27T13:03:46+00:00","article_modified_time":"2020-01-22T13:32:57+00:00","og_image":[{"width":800,"height":430,"url":"https:\/\/verdadeon.com.br\/portal\/wp-content\/uploads\/2019\/12\/news-4505.jpg","type":"image\/jpeg"}],"author":"Marco Calefi","twitter_card":"summary_large_image","twitter_misc":{"Escrito por":"Marco Calefi","Est. tempo de leitura":"2 minutos"},"schema":{"@context":"https:\/\/schema.org","@graph":[{"@type":"WebPage","@id":"https:\/\/verdadeon.com.br\/portal\/2019\/12\/27\/henry-cavill-diz-ter-ficado-dias-sem-beber-agua\/","url":"https:\/\/verdadeon.com.br\/portal\/2019\/12\/27\/henry-cavill-diz-ter-ficado-dias-sem-beber-agua\/","name":"Henry Cavill diz ter ficado dias sem beber \u00e1gua!!! - VerdadeOn","isPartOf":{"@id":"https:\/\/verdadeon.com.br\/portal\/#website"},"primaryImageOfPage":{"@id":"https:\/\/verdadeon.com.br\/portal\/2019\/12\/27\/henry-cavill-diz-ter-ficado-dias-sem-beber-agua\/#primaryimage"},"image":{"@id":"https:\/\/verdadeon.com.br\/portal\/2019\/12\/27\/henry-cavill-diz-ter-ficado-dias-sem-beber-agua\/#primaryimage"},"thumbnailUrl":"https:\/\/i0.wp.com\/verdadeon.com.br\/portal\/wp-content\/uploads\/2019\/12\/news-4505.jpg?fit=800%2C430&ssl=1","datePublished":"2019-12-27T13:03:46+00:00","dateModified":"2020-01-22T13:32:57+00:00","author":{"@id":"https:\/\/verdadeon.com.br\/portal\/#\/schema\/person\/5b6d8881b28dc811a8814318b518413f"},"breadcrumb":{"@id":"https:\/\/verdadeon.com.br\/portal\/2019\/12\/27\/henry-cavill-diz-ter-ficado-dias-sem-beber-agua\/#breadcrumb"},"inLanguage":"pt-BR","potentialAction":[{"@type":"ReadAction","target":["https:\/\/verdadeon.com.br\/portal\/2019\/12\/27\/henry-cavill-diz-ter-ficado-dias-sem-beber-agua\/"]}]},{"@type":"ImageObject","inLanguage":"pt-BR","@id":"https:\/\/verdadeon.com.br\/portal\/2019\/12\/27\/henry-cavill-diz-ter-ficado-dias-sem-beber-agua\/#primaryimage","url":"https:\/\/i0.wp.com\/verdadeon.com.br\/portal\/wp-content\/uploads\/2019\/12\/news-4505.jpg?fit=800%2C430&ssl=1","contentUrl":"https:\/\/i0.wp.com\/verdadeon.com.br\/portal\/wp-content\/uploads\/2019\/12\/news-4505.jpg?fit=800%2C430&ssl=1","width":800,"height":430,"caption":"M\u00fasculos de Henry Cavill atrapalharam o uso do figurino do ator nas grava\u00e7\u00f5es de 'The Witcher'"},{"@type":"BreadcrumbList","@id":"https:\/\/verdadeon.com.br\/portal\/2019\/12\/27\/henry-cavill-diz-ter-ficado-dias-sem-beber-agua\/#breadcrumb","itemListElement":[{"@type":"ListItem","position":1,"name":"In\u00edcio","item":"https:\/\/verdadeon.com.br\/portal\/"},{"@type":"ListItem","position":2,"name":"Henry Cavill diz ter ficado dias sem beber \u00e1gua!!!"}]},{"@type":"WebSite","@id":"https:\/\/verdadeon.com.br\/portal\/#website","url":"https:\/\/verdadeon.com.br\/portal\/","name":"VerdadeOn","description":"Not\u00edcias di\u00e1rias sobre Franca, Regi\u00e3o, Esporte, Cultura, Cotidiano, Colunas. Cobertura nos principais eventos da cidade \u00e9 aqui - Verdadeon Franca","potentialAction":[{"@type":"SearchAction","target":{"@type":"EntryPoint","urlTemplate":"https:\/\/verdadeon.com.br\/portal\/?s={search_term_string}"},"query-input":{"@type":"PropertyValueSpecification","valueRequired":true,"valueName":"search_term_string"}}],"inLanguage":"pt-BR"},{"@type":"Person","@id":"https:\/\/verdadeon.com.br\/portal\/#\/schema\/person\/5b6d8881b28dc811a8814318b518413f","name":"Marco Calefi","image":{"@type":"ImageObject","inLanguage":"pt-BR","@id":"https:\/\/verdadeon.com.br\/portal\/#\/schema\/person\/image\/","url":"https:\/\/secure.gravatar.com\/avatar\/fc1b98d5cfd12c17ca88a4c142eb2effeeb5677c8220a4141f96ff5d7dd2c137?s=96&d=mm&r=g","contentUrl":"https:\/\/secure.gravatar.com\/avatar\/fc1b98d5cfd12c17ca88a4c142eb2effeeb5677c8220a4141f96ff5d7dd2c137?s=96&d=mm&r=g","caption":"Marco Calefi"},"url":"https:\/\/verdadeon.com.br\/portal\/author\/marco\/"}]}},"jetpack_publicize_connections":[],"jetpack_featured_media_url":"https:\/\/i0.wp.com\/verdadeon.com.br\/portal\/wp-content\/uploads\/2019\/12\/news-4505.jpg?fit=800%2C430&ssl=1","jetpack_sharing_enabled":true,"_links":{"self":[{"href":"https:\/\/verdadeon.com.br\/portal\/wp-json\/wp\/v2\/posts\/2432","targetHints":{"allow":["GET"]}}],"collection":[{"href":"https:\/\/verdadeon.com.br\/portal\/wp-json\/wp\/v2\/posts"}],"about":[{"href":"https:\/\/verdadeon.com.br\/portal\/wp-json\/wp\/v2\/types\/post"}],"author":[{"embeddable":true,"href":"https:\/\/verdadeon.com.br\/portal\/wp-json\/wp\/v2\/users\/2"}],"replies":[{"embeddable":true,"href":"https:\/\/verdadeon.com.br\/portal\/wp-json\/wp\/v2\/comments?post=2432"}],"version-history":[{"count":0,"href":"https:\/\/verdadeon.com.br\/portal\/wp-json\/wp\/v2\/posts\/2432\/revisions"}],"wp:featuredmedia":[{"embeddable":true,"href":"https:\/\/verdadeon.com.br\/portal\/wp-json\/wp\/v2\/media\/2433"}],"wp:attachment":[{"href":"https:\/\/verdadeon.com.br\/portal\/wp-json\/wp\/v2\/media?parent=2432"}],"wp:term":[{"taxonomy":"category","embeddable":true,"href":"https:\/\/verdadeon.com.br\/portal\/wp-json\/wp\/v2\/categories?post=2432"},{"taxonomy":"post_tag","embeddable":true,"href":"https:\/\/verdadeon.com.br\/portal\/wp-json\/wp\/v2\/tags?post=2432"}],"curies":[{"name":"wp","href":"https:\/\/api.w.org\/{rel}","templated":true}]}}