{"id":24287,"date":"2022-04-06T15:27:25","date_gmt":"2022-04-06T18:27:25","guid":{"rendered":"https:\/\/verdadeon.com.br\/portal\/?p=24287"},"modified":"2022-04-06T15:27:25","modified_gmt":"2022-04-06T18:27:25","slug":"dengue-franca-ultrapassa-1-500-casos-e-investiga-terceira-morte","status":"publish","type":"post","link":"https:\/\/verdadeon.com.br\/portal\/2022\/04\/06\/dengue-franca-ultrapassa-1-500-casos-e-investiga-terceira-morte\/","title":{"rendered":"Dengue: Franca ultrapassa 1.500 casos e investiga terceira morte \u00a0"},"content":{"rendered":"<h2>Uma mulher de 37 anos e um idoso s\u00e3o as v\u00edtimas, zona oeste \u00e9 a regi\u00e3o com maior incid\u00eancia de casos<\/h2>\n<p>Franca chegou a 1.527 casos confirmados de dengue nos quatro primeiros meses de 2022, os dados s\u00e3o da Diretoria do Departamento de Vigil\u00e2ncia em Sa\u00fade do munic\u00edpio. O n\u00famero \u00e9 quase oito vezes maior do que 2021 inteiro, quando foram registrados pouco mais de 200 casos.<\/p>\n<p>Segundo o diretor do \u00f3rg\u00e3o, Caio Carvalho, duas mortes causadas pela doen\u00e7a j\u00e1 foram confirmadas, de uma mulher de 37 anos e de um idoso, a outra morte de uma mulher tamb\u00e9m de 37, deve ter o resultado divulgado ainda esta semana.<\/p>\n<p>Luc\u00edlia Silva de Paulo morreu no s\u00e1bado (2), na UPA do Jardim Anita, na zona oeste da cidade. \u201cO material foi recolhido e enviado para a capital, onde passa por an\u00e1lise. Caso seja confirmada, ser\u00e1 a terceira morte causada por dengue este ano. J\u00e1 tivemos uma outra v\u00edtima de 37, e confirmamos tamb\u00e9m de um idoso\u201d, explicou Caio.<\/p>\n<p>Ainda segundo o diretor, os altos n\u00fameros podem ser explicados pelas chuvas volumosas e o clima quente deste in\u00edcio de 2022, fatores decisivos para a prolifera\u00e7\u00e3o do mosquito aedes egypti, transmissor da dengue.<\/p>\n<p>\u201c\u00c9 uma luta de todos, a popula\u00e7\u00e3o tamb\u00e9m precisa fazer a sua parte. Os profissionais est\u00e3o passando nas casas, eliminando os poss\u00edveis criadouros, orientando, deixando cartilhas com estas orienta\u00e7\u00f5es, mas de nada adianta se cada um n\u00e3o fizer a sua parte em casa. Al\u00e9m de n\u00e3o deixar \u00e1gua parada, tem manuten\u00e7\u00e3o das caixas d&#8217;\u00e1gua, limpeza de calhas, de vasilhas\u201d, ressaltou.<\/p>\n<h4>Poucas horas<\/h4>\n<p>O Jornal Verdade trouxe nesta ter\u00e7a-feira (5), que a cidade tinha 1.407 casos confirmados de dengue, a informa\u00e7\u00e3o foi repassada pela secretaria de Sa\u00fade por volta das 18h.<\/p>\n<p>Poucas horas depois, mais 120 casos foram confirmados, saltando para os atuais 1.527, uma situa\u00e7\u00e3o que preocupa as autoridades em sa\u00fade. \u201cO crescimento dos casos \u00e9 vis\u00edvel, as unidades de sa\u00fade est\u00e3o preparadas para receber os pacientes. A principal orienta\u00e7\u00e3o \u00e9 a de buscar atendimento m\u00e9dico assim que tiver algum sintoma de dengue, para j\u00e1 ser orientado e assistido. Os sintomas mais comuns s\u00e3o dores musculares, atr\u00e1s dos olhos, mal-estar geral, febre, entre outros\u201d, finalizou.<\/p>\n","protected":false},"excerpt":{"rendered":"<p>Uma mulher de 37 anos e um idoso s\u00e3o as v\u00edtimas, zona oeste \u00e9 a regi\u00e3o com maior incid\u00eancia de casos Franca chegou a 1.527 casos<span class=\"excerpt-hellip\"> [\u2026]<\/span><\/p>\n","protected":false},"author":7,"featured_media":20421,"comment_status":"open","ping_status":"open","sticky":false,"template":"","format":"standard","meta":{"_jetpack_memberships_contains_paid_content":false,"footnotes":"","jetpack_publicize_message":"","jetpack_publicize_feature_enabled":true,"jetpack_social_post_already_shared":false,"jetpack_social_options":{"image_generator_settings":{"template":"highway","default_image_id":0,"enabled":false},"version":2}},"categories":[28,81],"tags":[],"class_list":["post-24287","post","type-post","status-publish","format-standard","has-post-thumbnail","hentry","category-cotidiano","category-manchete"],"yoast_head":"<!-- This site is optimized with the Yoast SEO plugin v25.6 - https:\/\/yoast.com\/wordpress\/plugins\/seo\/ -->\n<title>Dengue: Franca ultrapassa 1.500 casos e investiga terceira morte \u00a0 - VerdadeOn<\/title>\n<meta name=\"robots\" content=\"index, follow, max-snippet:-1, max-image-preview:large, max-video-preview:-1\" \/>\n<link rel=\"canonical\" href=\"https:\/\/verdadeon.com.br\/portal\/2022\/04\/06\/dengue-franca-ultrapassa-1-500-casos-e-investiga-terceira-morte\/\" \/>\n<meta property=\"og:locale\" content=\"pt_BR\" \/>\n<meta property=\"og:type\" content=\"article\" \/>\n<meta property=\"og:title\" content=\"Dengue: Franca ultrapassa 1.500 casos e investiga terceira morte \u00a0 - VerdadeOn\" \/>\n<meta property=\"og:description\" content=\"Uma mulher de 37 anos e um idoso s\u00e3o as v\u00edtimas, zona oeste \u00e9 a regi\u00e3o com maior incid\u00eancia de casos Franca chegou a 1.527 casos [\u2026]\" \/>\n<meta property=\"og:url\" content=\"https:\/\/verdadeon.com.br\/portal\/2022\/04\/06\/dengue-franca-ultrapassa-1-500-casos-e-investiga-terceira-morte\/\" \/>\n<meta property=\"og:site_name\" content=\"VerdadeOn\" \/>\n<meta property=\"article:published_time\" content=\"2022-04-06T18:27:25+00:00\" \/>\n<meta property=\"og:image\" content=\"https:\/\/verdadeon.com.br\/portal\/wp-content\/uploads\/2021\/10\/ACOES-DE-COMBATE-A-DENGUE-EM-FRANCA-FOTO-DIVULGACAO-e1634680559334.jpeg\" \/>\n\t<meta property=\"og:image:width\" content=\"1001\" \/>\n\t<meta property=\"og:image:height\" content=\"668\" \/>\n\t<meta property=\"og:image:type\" content=\"image\/jpeg\" \/>\n<meta name=\"author\" content=\"Fernando Lima\" \/>\n<meta name=\"twitter:card\" content=\"summary_large_image\" \/>\n<meta name=\"twitter:label1\" content=\"Escrito por\" \/>\n\t<meta name=\"twitter:data1\" content=\"Fernando Lima\" \/>\n\t<meta name=\"twitter:label2\" content=\"Est. tempo de leitura\" \/>\n\t<meta name=\"twitter:data2\" content=\"3 minutos\" \/>\n<script type=\"application\/ld+json\" class=\"yoast-schema-graph\">{\"@context\":\"https:\/\/schema.org\",\"@graph\":[{\"@type\":\"WebPage\",\"@id\":\"https:\/\/verdadeon.com.br\/portal\/2022\/04\/06\/dengue-franca-ultrapassa-1-500-casos-e-investiga-terceira-morte\/\",\"url\":\"https:\/\/verdadeon.com.br\/portal\/2022\/04\/06\/dengue-franca-ultrapassa-1-500-casos-e-investiga-terceira-morte\/\",\"name\":\"Dengue: Franca ultrapassa 1.500 casos e investiga terceira morte \u00a0 - VerdadeOn\",\"isPartOf\":{\"@id\":\"https:\/\/verdadeon.com.br\/portal\/#website\"},\"primaryImageOfPage\":{\"@id\":\"https:\/\/verdadeon.com.br\/portal\/2022\/04\/06\/dengue-franca-ultrapassa-1-500-casos-e-investiga-terceira-morte\/#primaryimage\"},\"image\":{\"@id\":\"https:\/\/verdadeon.com.br\/portal\/2022\/04\/06\/dengue-franca-ultrapassa-1-500-casos-e-investiga-terceira-morte\/#primaryimage\"},\"thumbnailUrl\":\"https:\/\/i0.wp.com\/verdadeon.com.br\/portal\/wp-content\/uploads\/2021\/10\/ACOES-DE-COMBATE-A-DENGUE-EM-FRANCA-FOTO-DIVULGACAO-e1634680559334.jpeg?fit=1001%2C668&ssl=1\",\"datePublished\":\"2022-04-06T18:27:25+00:00\",\"author\":{\"@id\":\"https:\/\/verdadeon.com.br\/portal\/#\/schema\/person\/cc32be22b8e8599387c480bc83e1d11a\"},\"breadcrumb\":{\"@id\":\"https:\/\/verdadeon.com.br\/portal\/2022\/04\/06\/dengue-franca-ultrapassa-1-500-casos-e-investiga-terceira-morte\/#breadcrumb\"},\"inLanguage\":\"pt-BR\",\"potentialAction\":[{\"@type\":\"ReadAction\",\"target\":[\"https:\/\/verdadeon.com.br\/portal\/2022\/04\/06\/dengue-franca-ultrapassa-1-500-casos-e-investiga-terceira-morte\/\"]}]},{\"@type\":\"ImageObject\",\"inLanguage\":\"pt-BR\",\"@id\":\"https:\/\/verdadeon.com.br\/portal\/2022\/04\/06\/dengue-franca-ultrapassa-1-500-casos-e-investiga-terceira-morte\/#primaryimage\",\"url\":\"https:\/\/i0.wp.com\/verdadeon.com.br\/portal\/wp-content\/uploads\/2021\/10\/ACOES-DE-COMBATE-A-DENGUE-EM-FRANCA-FOTO-DIVULGACAO-e1634680559334.jpeg?fit=1001%2C668&ssl=1\",\"contentUrl\":\"https:\/\/i0.wp.com\/verdadeon.com.br\/portal\/wp-content\/uploads\/2021\/10\/ACOES-DE-COMBATE-A-DENGUE-EM-FRANCA-FOTO-DIVULGACAO-e1634680559334.jpeg?fit=1001%2C668&ssl=1\",\"width\":1001,\"height\":668,\"caption\":\"Agentes de Sa\u00fade vistoriam jardim em resid\u00eancia para eliminar criadouros do mosquito da dengue | Foto: Divulga\u00e7\u00e3o\"},{\"@type\":\"BreadcrumbList\",\"@id\":\"https:\/\/verdadeon.com.br\/portal\/2022\/04\/06\/dengue-franca-ultrapassa-1-500-casos-e-investiga-terceira-morte\/#breadcrumb\",\"itemListElement\":[{\"@type\":\"ListItem\",\"position\":1,\"name\":\"In\u00edcio\",\"item\":\"https:\/\/verdadeon.com.br\/portal\/\"},{\"@type\":\"ListItem\",\"position\":2,\"name\":\"Dengue: Franca ultrapassa 1.500 casos e investiga terceira morte \u00a0\"}]},{\"@type\":\"WebSite\",\"@id\":\"https:\/\/verdadeon.com.br\/portal\/#website\",\"url\":\"https:\/\/verdadeon.com.br\/portal\/\",\"name\":\"VerdadeOn\",\"description\":\"Not\u00edcias di\u00e1rias sobre Franca, Regi\u00e3o, Esporte, Cultura, Cotidiano, Colunas. Cobertura nos principais eventos da cidade \u00e9 aqui - Verdadeon Franca\",\"potentialAction\":[{\"@type\":\"SearchAction\",\"target\":{\"@type\":\"EntryPoint\",\"urlTemplate\":\"https:\/\/verdadeon.com.br\/portal\/?s={search_term_string}\"},\"query-input\":{\"@type\":\"PropertyValueSpecification\",\"valueRequired\":true,\"valueName\":\"search_term_string\"}}],\"inLanguage\":\"pt-BR\"},{\"@type\":\"Person\",\"@id\":\"https:\/\/verdadeon.com.br\/portal\/#\/schema\/person\/cc32be22b8e8599387c480bc83e1d11a\",\"name\":\"Fernando Lima\",\"image\":{\"@type\":\"ImageObject\",\"inLanguage\":\"pt-BR\",\"@id\":\"https:\/\/verdadeon.com.br\/portal\/#\/schema\/person\/image\/\",\"url\":\"https:\/\/secure.gravatar.com\/avatar\/df4c8e132080d2b3a4841d5d232045464e0eed11a1d6e43115ca0843d48768d3?s=96&d=mm&r=g\",\"contentUrl\":\"https:\/\/secure.gravatar.com\/avatar\/df4c8e132080d2b3a4841d5d232045464e0eed11a1d6e43115ca0843d48768d3?s=96&d=mm&r=g\",\"caption\":\"Fernando Lima\"},\"sameAs\":[\"http:\/\/verdadeon.com.br\/\"],\"url\":\"https:\/\/verdadeon.com.br\/portal\/author\/fernando-lima\/\"}]}<\/script>\n<!-- \/ Yoast SEO plugin. -->","yoast_head_json":{"title":"Dengue: Franca ultrapassa 1.500 casos e investiga terceira morte \u00a0 - VerdadeOn","robots":{"index":"index","follow":"follow","max-snippet":"max-snippet:-1","max-image-preview":"max-image-preview:large","max-video-preview":"max-video-preview:-1"},"canonical":"https:\/\/verdadeon.com.br\/portal\/2022\/04\/06\/dengue-franca-ultrapassa-1-500-casos-e-investiga-terceira-morte\/","og_locale":"pt_BR","og_type":"article","og_title":"Dengue: Franca ultrapassa 1.500 casos e investiga terceira morte \u00a0 - VerdadeOn","og_description":"Uma mulher de 37 anos e um idoso s\u00e3o as v\u00edtimas, zona oeste \u00e9 a regi\u00e3o com maior incid\u00eancia de casos Franca chegou a 1.527 casos [\u2026]","og_url":"https:\/\/verdadeon.com.br\/portal\/2022\/04\/06\/dengue-franca-ultrapassa-1-500-casos-e-investiga-terceira-morte\/","og_site_name":"VerdadeOn","article_published_time":"2022-04-06T18:27:25+00:00","og_image":[{"width":1001,"height":668,"url":"https:\/\/verdadeon.com.br\/portal\/wp-content\/uploads\/2021\/10\/ACOES-DE-COMBATE-A-DENGUE-EM-FRANCA-FOTO-DIVULGACAO-e1634680559334.jpeg","type":"image\/jpeg"}],"author":"Fernando Lima","twitter_card":"summary_large_image","twitter_misc":{"Escrito por":"Fernando Lima","Est. tempo de leitura":"3 minutos"},"schema":{"@context":"https:\/\/schema.org","@graph":[{"@type":"WebPage","@id":"https:\/\/verdadeon.com.br\/portal\/2022\/04\/06\/dengue-franca-ultrapassa-1-500-casos-e-investiga-terceira-morte\/","url":"https:\/\/verdadeon.com.br\/portal\/2022\/04\/06\/dengue-franca-ultrapassa-1-500-casos-e-investiga-terceira-morte\/","name":"Dengue: Franca ultrapassa 1.500 casos e investiga terceira morte \u00a0 - VerdadeOn","isPartOf":{"@id":"https:\/\/verdadeon.com.br\/portal\/#website"},"primaryImageOfPage":{"@id":"https:\/\/verdadeon.com.br\/portal\/2022\/04\/06\/dengue-franca-ultrapassa-1-500-casos-e-investiga-terceira-morte\/#primaryimage"},"image":{"@id":"https:\/\/verdadeon.com.br\/portal\/2022\/04\/06\/dengue-franca-ultrapassa-1-500-casos-e-investiga-terceira-morte\/#primaryimage"},"thumbnailUrl":"https:\/\/i0.wp.com\/verdadeon.com.br\/portal\/wp-content\/uploads\/2021\/10\/ACOES-DE-COMBATE-A-DENGUE-EM-FRANCA-FOTO-DIVULGACAO-e1634680559334.jpeg?fit=1001%2C668&ssl=1","datePublished":"2022-04-06T18:27:25+00:00","author":{"@id":"https:\/\/verdadeon.com.br\/portal\/#\/schema\/person\/cc32be22b8e8599387c480bc83e1d11a"},"breadcrumb":{"@id":"https:\/\/verdadeon.com.br\/portal\/2022\/04\/06\/dengue-franca-ultrapassa-1-500-casos-e-investiga-terceira-morte\/#breadcrumb"},"inLanguage":"pt-BR","potentialAction":[{"@type":"ReadAction","target":["https:\/\/verdadeon.com.br\/portal\/2022\/04\/06\/dengue-franca-ultrapassa-1-500-casos-e-investiga-terceira-morte\/"]}]},{"@type":"ImageObject","inLanguage":"pt-BR","@id":"https:\/\/verdadeon.com.br\/portal\/2022\/04\/06\/dengue-franca-ultrapassa-1-500-casos-e-investiga-terceira-morte\/#primaryimage","url":"https:\/\/i0.wp.com\/verdadeon.com.br\/portal\/wp-content\/uploads\/2021\/10\/ACOES-DE-COMBATE-A-DENGUE-EM-FRANCA-FOTO-DIVULGACAO-e1634680559334.jpeg?fit=1001%2C668&ssl=1","contentUrl":"https:\/\/i0.wp.com\/verdadeon.com.br\/portal\/wp-content\/uploads\/2021\/10\/ACOES-DE-COMBATE-A-DENGUE-EM-FRANCA-FOTO-DIVULGACAO-e1634680559334.jpeg?fit=1001%2C668&ssl=1","width":1001,"height":668,"caption":"Agentes de Sa\u00fade vistoriam jardim em resid\u00eancia para eliminar criadouros do mosquito da dengue | Foto: Divulga\u00e7\u00e3o"},{"@type":"BreadcrumbList","@id":"https:\/\/verdadeon.com.br\/portal\/2022\/04\/06\/dengue-franca-ultrapassa-1-500-casos-e-investiga-terceira-morte\/#breadcrumb","itemListElement":[{"@type":"ListItem","position":1,"name":"In\u00edcio","item":"https:\/\/verdadeon.com.br\/portal\/"},{"@type":"ListItem","position":2,"name":"Dengue: Franca ultrapassa 1.500 casos e investiga terceira morte \u00a0"}]},{"@type":"WebSite","@id":"https:\/\/verdadeon.com.br\/portal\/#website","url":"https:\/\/verdadeon.com.br\/portal\/","name":"VerdadeOn","description":"Not\u00edcias di\u00e1rias sobre Franca, Regi\u00e3o, Esporte, Cultura, Cotidiano, Colunas. Cobertura nos principais eventos da cidade \u00e9 aqui - Verdadeon Franca","potentialAction":[{"@type":"SearchAction","target":{"@type":"EntryPoint","urlTemplate":"https:\/\/verdadeon.com.br\/portal\/?s={search_term_string}"},"query-input":{"@type":"PropertyValueSpecification","valueRequired":true,"valueName":"search_term_string"}}],"inLanguage":"pt-BR"},{"@type":"Person","@id":"https:\/\/verdadeon.com.br\/portal\/#\/schema\/person\/cc32be22b8e8599387c480bc83e1d11a","name":"Fernando Lima","image":{"@type":"ImageObject","inLanguage":"pt-BR","@id":"https:\/\/verdadeon.com.br\/portal\/#\/schema\/person\/image\/","url":"https:\/\/secure.gravatar.com\/avatar\/df4c8e132080d2b3a4841d5d232045464e0eed11a1d6e43115ca0843d48768d3?s=96&d=mm&r=g","contentUrl":"https:\/\/secure.gravatar.com\/avatar\/df4c8e132080d2b3a4841d5d232045464e0eed11a1d6e43115ca0843d48768d3?s=96&d=mm&r=g","caption":"Fernando Lima"},"sameAs":["http:\/\/verdadeon.com.br\/"],"url":"https:\/\/verdadeon.com.br\/portal\/author\/fernando-lima\/"}]}},"jetpack_publicize_connections":[],"jetpack_featured_media_url":"https:\/\/i0.wp.com\/verdadeon.com.br\/portal\/wp-content\/uploads\/2021\/10\/ACOES-DE-COMBATE-A-DENGUE-EM-FRANCA-FOTO-DIVULGACAO-e1634680559334.jpeg?fit=1001%2C668&ssl=1","jetpack_sharing_enabled":true,"_links":{"self":[{"href":"https:\/\/verdadeon.com.br\/portal\/wp-json\/wp\/v2\/posts\/24287","targetHints":{"allow":["GET"]}}],"collection":[{"href":"https:\/\/verdadeon.com.br\/portal\/wp-json\/wp\/v2\/posts"}],"about":[{"href":"https:\/\/verdadeon.com.br\/portal\/wp-json\/wp\/v2\/types\/post"}],"author":[{"embeddable":true,"href":"https:\/\/verdadeon.com.br\/portal\/wp-json\/wp\/v2\/users\/7"}],"replies":[{"embeddable":true,"href":"https:\/\/verdadeon.com.br\/portal\/wp-json\/wp\/v2\/comments?post=24287"}],"version-history":[{"count":1,"href":"https:\/\/verdadeon.com.br\/portal\/wp-json\/wp\/v2\/posts\/24287\/revisions"}],"predecessor-version":[{"id":24288,"href":"https:\/\/verdadeon.com.br\/portal\/wp-json\/wp\/v2\/posts\/24287\/revisions\/24288"}],"wp:featuredmedia":[{"embeddable":true,"href":"https:\/\/verdadeon.com.br\/portal\/wp-json\/wp\/v2\/media\/20421"}],"wp:attachment":[{"href":"https:\/\/verdadeon.com.br\/portal\/wp-json\/wp\/v2\/media?parent=24287"}],"wp:term":[{"taxonomy":"category","embeddable":true,"href":"https:\/\/verdadeon.com.br\/portal\/wp-json\/wp\/v2\/categories?post=24287"},{"taxonomy":"post_tag","embeddable":true,"href":"https:\/\/verdadeon.com.br\/portal\/wp-json\/wp\/v2\/tags?post=24287"}],"curies":[{"name":"wp","href":"https:\/\/api.w.org\/{rel}","templated":true}]}}