{"id":24261,"date":"2022-04-05T16:41:34","date_gmt":"2022-04-05T19:41:34","guid":{"rendered":"https:\/\/verdadeon.com.br\/portal\/?p=24261"},"modified":"2022-04-05T16:41:34","modified_gmt":"2022-04-05T19:41:34","slug":"bomba-relogio-imovel-incendiado-no-centro-era-alvo-de-constantes-reclamacoes","status":"publish","type":"post","link":"https:\/\/verdadeon.com.br\/portal\/2022\/04\/05\/bomba-relogio-imovel-incendiado-no-centro-era-alvo-de-constantes-reclamacoes\/","title":{"rendered":"Bomba rel\u00f3gio: im\u00f3vel incendiado no centro era alvo de constantes reclama\u00e7\u00f5es"},"content":{"rendered":"<h2>Local abrigava boate na Saldanha Marinho, por pouco inc\u00eandio n\u00e3o terminou em trag\u00e9dia<\/h2>\n<p>Era uma trag\u00e9dia anunciada! O im\u00f3vel abandonado na Saldanha Marinho, bem no centro de Franca, concentrava um amontoado de entulho, m\u00f3veis abandonados, madeira e outros tipos de materiais, que davam ind\u00edcios de que qualquer fa\u00edsca resultaria no que vimos na noite de segunda-feira (4).<br \/>\nA fuma\u00e7a e as chamas que cortaram o c\u00e9u de Franca puderam ser vistas de v\u00e1rios cantos da cidade, os v\u00eddeos feitos por moradores dos pr\u00e9dios vizinhos d\u00e3o a dimens\u00e3o da grande propor\u00e7\u00e3o do inc\u00eandio, que felizmente n\u00e3o avan\u00e7ou para as casas vizinhas. O pr\u00e9dio em quest\u00e3o est\u00e1 abandonado h\u00e1 mais de 10 anos, ele foi sede de uma boate.<br \/>\n\u201cFoi um horror, eu escutei alguns estalos que na verdade pareciam chuva. Eu abri minha janela e vi que era o inc\u00eandio aqui no barrac\u00e3o. Tive muito medo mesmo. H\u00e1 muito tempo isso est\u00e1 abandonado, a gente pede e a Prefeitura n\u00e3o faz nada para resolver. Tem dinheiro para festa, tem dinheiro para natal, mas para a seguran\u00e7a da gente n\u00e3o tem\u201d, desabafou a dom\u00e9stica Maria Virg\u00ednia, que \u00e9 vizinha ao pr\u00e9dio que foi incendiado.<br \/>\nA dona de casa Zilda Luiza viu o muro do quintal dela desabar durante as chamas. Apesar do susto, ela garantiu que n\u00e3o sentiu medo, mas ainda assim a situa\u00e7\u00e3o de abandono n\u00e3o agrada nenhum pouco.<br \/>\n\u201cEu entrego tudo nas m\u00e3os de Deus. Eu abri a janela e vi o fogo em cima do telhado, era um fogo muito alto e fazia muito barulho. Eu cheguei a pensar que era chuva de granizo, mas quando vi o fogo me assustei muito. A minha sorte \u00e9 que o vento estava para o outro lado e n\u00e3o veio aqui para o meu quintal. H\u00e1 muito tempo a gente sofre com essa \u00e1rea abandonada, tinham que cuidar melhor sim\u201d, desabafou.<br \/>\nWilliam Karan, tamb\u00e9m vizinho do local, relatou que chamou os bombeiros assim que viu as chamas. A casa dele fica a alguns metros do im\u00f3vel abandonado. \u201cFoi um desespero, muita gente tirando os carros da garagem, tirando os botij\u00f5es de g\u00e1s de dentro de casa, com medo mesmo. Gra\u00e7as a Deus n\u00e3o foi para nenhuma casa, porque a maior preocupa\u00e7\u00e3o \u00e9 justamente com quem mora ao lado, em frente. Foi um susto muito grande, as chamas estavam muito altas e dando para ver de longe\u201d, contou.<\/p>\n<h4>Horas antes<\/h4>\n<p>Circula nas redes sociais o v\u00eddeo do morador de Franca, conhecido como \u201cPaulinho Goiaba\u201d. Ele esteve no im\u00f3vel abandonado no domingo, um dia antes dele ser incendiado.<br \/>\nNas imagens \u00e9 poss\u00edvel ver a grande quantidade de material abandonado no local, al\u00e9m da a\u00e7\u00e3o de usu\u00e1rios de drogas. At\u00e9 mesmo preservativos foram encontrados no local, situa\u00e7\u00e3o que, de acordo com os moradores, era de conhecimento da Prefeitura de Franca.<br \/>\n\u201cEntrei l\u00e1 ontem \u00e0s 11h da manh\u00e3, 03\/04\/2022, e fiz esses v\u00eddeos e vi que aquilo estava uma bomba rel\u00f3gio, muito lixo, material inflam\u00e1vel. Antigo Tio Sam \/Over Night\u201d, escreveu no Facebook.<br \/>\nO Jornal Verdade pediu um posicionamento para a Prefeitura de Franca sobre as reclama\u00e7\u00f5es e eles responderam que realizam diariamente servi\u00e7os e a\u00e7\u00f5es para o atendimento e o acolhimento das pessoas em situa\u00e7\u00e3o de rua. \u201cComunica tamb\u00e9m que a seguran\u00e7a p\u00fablica \u00e9 de responsabilidade da Pol\u00edcia Militar\u201d, diz outro trecho da nota.<br \/>\nSobre a quest\u00e3o da regularidade do im\u00f3vel, o Executivo ainda n\u00e3o enviou uma nota sobre o assunto, assim que ela for enviada, ser\u00e1 anexada no texto.<\/p>\n","protected":false},"excerpt":{"rendered":"<p>Local abrigava boate na Saldanha Marinho, por pouco inc\u00eandio n\u00e3o terminou em trag\u00e9dia Era uma trag\u00e9dia anunciada! O im\u00f3vel abandonado na Saldanha Marinho, bem no centro<span class=\"excerpt-hellip\"> [\u2026]<\/span><\/p>\n","protected":false},"author":7,"featured_media":24262,"comment_status":"open","ping_status":"open","sticky":false,"template":"","format":"standard","meta":{"_jetpack_memberships_contains_paid_content":false,"footnotes":"","jetpack_publicize_message":"","jetpack_publicize_feature_enabled":true,"jetpack_social_post_already_shared":false,"jetpack_social_options":{"image_generator_settings":{"template":"highway","default_image_id":0,"enabled":false},"version":2}},"categories":[28,81],"tags":[],"class_list":["post-24261","post","type-post","status-publish","format-standard","has-post-thumbnail","hentry","category-cotidiano","category-manchete"],"yoast_head":"<!-- This site is optimized with the Yoast SEO plugin v25.6 - https:\/\/yoast.com\/wordpress\/plugins\/seo\/ -->\n<title>Bomba rel\u00f3gio: im\u00f3vel incendiado no centro era alvo de constantes reclama\u00e7\u00f5es - VerdadeOn<\/title>\n<meta name=\"robots\" content=\"index, follow, max-snippet:-1, max-image-preview:large, max-video-preview:-1\" \/>\n<link rel=\"canonical\" href=\"https:\/\/verdadeon.com.br\/portal\/2022\/04\/05\/bomba-relogio-imovel-incendiado-no-centro-era-alvo-de-constantes-reclamacoes\/\" \/>\n<meta property=\"og:locale\" content=\"pt_BR\" \/>\n<meta property=\"og:type\" content=\"article\" \/>\n<meta property=\"og:title\" content=\"Bomba rel\u00f3gio: im\u00f3vel incendiado no centro era alvo de constantes reclama\u00e7\u00f5es - VerdadeOn\" \/>\n<meta property=\"og:description\" content=\"Local abrigava boate na Saldanha Marinho, por pouco inc\u00eandio n\u00e3o terminou em trag\u00e9dia Era uma trag\u00e9dia anunciada! O im\u00f3vel abandonado na Saldanha Marinho, bem no centro [\u2026]\" \/>\n<meta property=\"og:url\" content=\"https:\/\/verdadeon.com.br\/portal\/2022\/04\/05\/bomba-relogio-imovel-incendiado-no-centro-era-alvo-de-constantes-reclamacoes\/\" \/>\n<meta property=\"og:site_name\" content=\"VerdadeOn\" \/>\n<meta property=\"article:published_time\" content=\"2022-04-05T19:41:34+00:00\" \/>\n<meta property=\"og:image\" content=\"https:\/\/verdadeon.com.br\/portal\/wp-content\/uploads\/2022\/04\/WhatsApp-Image-2022-04-05-at-14.18.16.jpeg\" \/>\n\t<meta property=\"og:image:width\" content=\"1600\" \/>\n\t<meta property=\"og:image:height\" content=\"800\" \/>\n\t<meta property=\"og:image:type\" content=\"image\/jpeg\" \/>\n<meta name=\"author\" content=\"Fernando Lima\" \/>\n<meta name=\"twitter:card\" content=\"summary_large_image\" \/>\n<meta name=\"twitter:label1\" content=\"Escrito por\" \/>\n\t<meta name=\"twitter:data1\" content=\"Fernando Lima\" \/>\n\t<meta name=\"twitter:label2\" content=\"Est. tempo de leitura\" \/>\n\t<meta name=\"twitter:data2\" content=\"4 minutos\" \/>\n<script type=\"application\/ld+json\" class=\"yoast-schema-graph\">{\"@context\":\"https:\/\/schema.org\",\"@graph\":[{\"@type\":\"WebPage\",\"@id\":\"https:\/\/verdadeon.com.br\/portal\/2022\/04\/05\/bomba-relogio-imovel-incendiado-no-centro-era-alvo-de-constantes-reclamacoes\/\",\"url\":\"https:\/\/verdadeon.com.br\/portal\/2022\/04\/05\/bomba-relogio-imovel-incendiado-no-centro-era-alvo-de-constantes-reclamacoes\/\",\"name\":\"Bomba rel\u00f3gio: im\u00f3vel incendiado no centro era alvo de constantes reclama\u00e7\u00f5es - VerdadeOn\",\"isPartOf\":{\"@id\":\"https:\/\/verdadeon.com.br\/portal\/#website\"},\"primaryImageOfPage\":{\"@id\":\"https:\/\/verdadeon.com.br\/portal\/2022\/04\/05\/bomba-relogio-imovel-incendiado-no-centro-era-alvo-de-constantes-reclamacoes\/#primaryimage\"},\"image\":{\"@id\":\"https:\/\/verdadeon.com.br\/portal\/2022\/04\/05\/bomba-relogio-imovel-incendiado-no-centro-era-alvo-de-constantes-reclamacoes\/#primaryimage\"},\"thumbnailUrl\":\"https:\/\/i0.wp.com\/verdadeon.com.br\/portal\/wp-content\/uploads\/2022\/04\/WhatsApp-Image-2022-04-05-at-14.18.16.jpeg?fit=1600%2C800&ssl=1\",\"datePublished\":\"2022-04-05T19:41:34+00:00\",\"author\":{\"@id\":\"https:\/\/verdadeon.com.br\/portal\/#\/schema\/person\/cc32be22b8e8599387c480bc83e1d11a\"},\"breadcrumb\":{\"@id\":\"https:\/\/verdadeon.com.br\/portal\/2022\/04\/05\/bomba-relogio-imovel-incendiado-no-centro-era-alvo-de-constantes-reclamacoes\/#breadcrumb\"},\"inLanguage\":\"pt-BR\",\"potentialAction\":[{\"@type\":\"ReadAction\",\"target\":[\"https:\/\/verdadeon.com.br\/portal\/2022\/04\/05\/bomba-relogio-imovel-incendiado-no-centro-era-alvo-de-constantes-reclamacoes\/\"]}]},{\"@type\":\"ImageObject\",\"inLanguage\":\"pt-BR\",\"@id\":\"https:\/\/verdadeon.com.br\/portal\/2022\/04\/05\/bomba-relogio-imovel-incendiado-no-centro-era-alvo-de-constantes-reclamacoes\/#primaryimage\",\"url\":\"https:\/\/i0.wp.com\/verdadeon.com.br\/portal\/wp-content\/uploads\/2022\/04\/WhatsApp-Image-2022-04-05-at-14.18.16.jpeg?fit=1600%2C800&ssl=1\",\"contentUrl\":\"https:\/\/i0.wp.com\/verdadeon.com.br\/portal\/wp-content\/uploads\/2022\/04\/WhatsApp-Image-2022-04-05-at-14.18.16.jpeg?fit=1600%2C800&ssl=1\",\"width\":1600,\"height\":800,\"caption\":\"Nos fundos do im\u00f3vel existia um barrac\u00e3o que ficou completamente destru\u00eddo, per\u00edcia da Pol\u00edcia Civil esteve no local e vai investigar as causas do inc\u00eandio | Foto: Fernando Lima\"},{\"@type\":\"BreadcrumbList\",\"@id\":\"https:\/\/verdadeon.com.br\/portal\/2022\/04\/05\/bomba-relogio-imovel-incendiado-no-centro-era-alvo-de-constantes-reclamacoes\/#breadcrumb\",\"itemListElement\":[{\"@type\":\"ListItem\",\"position\":1,\"name\":\"In\u00edcio\",\"item\":\"https:\/\/verdadeon.com.br\/portal\/\"},{\"@type\":\"ListItem\",\"position\":2,\"name\":\"Bomba rel\u00f3gio: im\u00f3vel incendiado no centro era alvo de constantes reclama\u00e7\u00f5es\"}]},{\"@type\":\"WebSite\",\"@id\":\"https:\/\/verdadeon.com.br\/portal\/#website\",\"url\":\"https:\/\/verdadeon.com.br\/portal\/\",\"name\":\"VerdadeOn\",\"description\":\"Not\u00edcias di\u00e1rias sobre Franca, Regi\u00e3o, Esporte, Cultura, Cotidiano, Colunas. Cobertura nos principais eventos da cidade \u00e9 aqui - Verdadeon Franca\",\"potentialAction\":[{\"@type\":\"SearchAction\",\"target\":{\"@type\":\"EntryPoint\",\"urlTemplate\":\"https:\/\/verdadeon.com.br\/portal\/?s={search_term_string}\"},\"query-input\":{\"@type\":\"PropertyValueSpecification\",\"valueRequired\":true,\"valueName\":\"search_term_string\"}}],\"inLanguage\":\"pt-BR\"},{\"@type\":\"Person\",\"@id\":\"https:\/\/verdadeon.com.br\/portal\/#\/schema\/person\/cc32be22b8e8599387c480bc83e1d11a\",\"name\":\"Fernando Lima\",\"image\":{\"@type\":\"ImageObject\",\"inLanguage\":\"pt-BR\",\"@id\":\"https:\/\/verdadeon.com.br\/portal\/#\/schema\/person\/image\/\",\"url\":\"https:\/\/secure.gravatar.com\/avatar\/df4c8e132080d2b3a4841d5d232045464e0eed11a1d6e43115ca0843d48768d3?s=96&d=mm&r=g\",\"contentUrl\":\"https:\/\/secure.gravatar.com\/avatar\/df4c8e132080d2b3a4841d5d232045464e0eed11a1d6e43115ca0843d48768d3?s=96&d=mm&r=g\",\"caption\":\"Fernando Lima\"},\"sameAs\":[\"http:\/\/verdadeon.com.br\/\"],\"url\":\"https:\/\/verdadeon.com.br\/portal\/author\/fernando-lima\/\"}]}<\/script>\n<!-- \/ Yoast SEO plugin. -->","yoast_head_json":{"title":"Bomba rel\u00f3gio: im\u00f3vel incendiado no centro era alvo de constantes reclama\u00e7\u00f5es - VerdadeOn","robots":{"index":"index","follow":"follow","max-snippet":"max-snippet:-1","max-image-preview":"max-image-preview:large","max-video-preview":"max-video-preview:-1"},"canonical":"https:\/\/verdadeon.com.br\/portal\/2022\/04\/05\/bomba-relogio-imovel-incendiado-no-centro-era-alvo-de-constantes-reclamacoes\/","og_locale":"pt_BR","og_type":"article","og_title":"Bomba rel\u00f3gio: im\u00f3vel incendiado no centro era alvo de constantes reclama\u00e7\u00f5es - VerdadeOn","og_description":"Local abrigava boate na Saldanha Marinho, por pouco inc\u00eandio n\u00e3o terminou em trag\u00e9dia Era uma trag\u00e9dia anunciada! O im\u00f3vel abandonado na Saldanha Marinho, bem no centro [\u2026]","og_url":"https:\/\/verdadeon.com.br\/portal\/2022\/04\/05\/bomba-relogio-imovel-incendiado-no-centro-era-alvo-de-constantes-reclamacoes\/","og_site_name":"VerdadeOn","article_published_time":"2022-04-05T19:41:34+00:00","og_image":[{"width":1600,"height":800,"url":"https:\/\/verdadeon.com.br\/portal\/wp-content\/uploads\/2022\/04\/WhatsApp-Image-2022-04-05-at-14.18.16.jpeg","type":"image\/jpeg"}],"author":"Fernando Lima","twitter_card":"summary_large_image","twitter_misc":{"Escrito por":"Fernando Lima","Est. tempo de leitura":"4 minutos"},"schema":{"@context":"https:\/\/schema.org","@graph":[{"@type":"WebPage","@id":"https:\/\/verdadeon.com.br\/portal\/2022\/04\/05\/bomba-relogio-imovel-incendiado-no-centro-era-alvo-de-constantes-reclamacoes\/","url":"https:\/\/verdadeon.com.br\/portal\/2022\/04\/05\/bomba-relogio-imovel-incendiado-no-centro-era-alvo-de-constantes-reclamacoes\/","name":"Bomba rel\u00f3gio: im\u00f3vel incendiado no centro era alvo de constantes reclama\u00e7\u00f5es - VerdadeOn","isPartOf":{"@id":"https:\/\/verdadeon.com.br\/portal\/#website"},"primaryImageOfPage":{"@id":"https:\/\/verdadeon.com.br\/portal\/2022\/04\/05\/bomba-relogio-imovel-incendiado-no-centro-era-alvo-de-constantes-reclamacoes\/#primaryimage"},"image":{"@id":"https:\/\/verdadeon.com.br\/portal\/2022\/04\/05\/bomba-relogio-imovel-incendiado-no-centro-era-alvo-de-constantes-reclamacoes\/#primaryimage"},"thumbnailUrl":"https:\/\/i0.wp.com\/verdadeon.com.br\/portal\/wp-content\/uploads\/2022\/04\/WhatsApp-Image-2022-04-05-at-14.18.16.jpeg?fit=1600%2C800&ssl=1","datePublished":"2022-04-05T19:41:34+00:00","author":{"@id":"https:\/\/verdadeon.com.br\/portal\/#\/schema\/person\/cc32be22b8e8599387c480bc83e1d11a"},"breadcrumb":{"@id":"https:\/\/verdadeon.com.br\/portal\/2022\/04\/05\/bomba-relogio-imovel-incendiado-no-centro-era-alvo-de-constantes-reclamacoes\/#breadcrumb"},"inLanguage":"pt-BR","potentialAction":[{"@type":"ReadAction","target":["https:\/\/verdadeon.com.br\/portal\/2022\/04\/05\/bomba-relogio-imovel-incendiado-no-centro-era-alvo-de-constantes-reclamacoes\/"]}]},{"@type":"ImageObject","inLanguage":"pt-BR","@id":"https:\/\/verdadeon.com.br\/portal\/2022\/04\/05\/bomba-relogio-imovel-incendiado-no-centro-era-alvo-de-constantes-reclamacoes\/#primaryimage","url":"https:\/\/i0.wp.com\/verdadeon.com.br\/portal\/wp-content\/uploads\/2022\/04\/WhatsApp-Image-2022-04-05-at-14.18.16.jpeg?fit=1600%2C800&ssl=1","contentUrl":"https:\/\/i0.wp.com\/verdadeon.com.br\/portal\/wp-content\/uploads\/2022\/04\/WhatsApp-Image-2022-04-05-at-14.18.16.jpeg?fit=1600%2C800&ssl=1","width":1600,"height":800,"caption":"Nos fundos do im\u00f3vel existia um barrac\u00e3o que ficou completamente destru\u00eddo, per\u00edcia da Pol\u00edcia Civil esteve no local e vai investigar as causas do inc\u00eandio | Foto: Fernando Lima"},{"@type":"BreadcrumbList","@id":"https:\/\/verdadeon.com.br\/portal\/2022\/04\/05\/bomba-relogio-imovel-incendiado-no-centro-era-alvo-de-constantes-reclamacoes\/#breadcrumb","itemListElement":[{"@type":"ListItem","position":1,"name":"In\u00edcio","item":"https:\/\/verdadeon.com.br\/portal\/"},{"@type":"ListItem","position":2,"name":"Bomba rel\u00f3gio: im\u00f3vel incendiado no centro era alvo de constantes reclama\u00e7\u00f5es"}]},{"@type":"WebSite","@id":"https:\/\/verdadeon.com.br\/portal\/#website","url":"https:\/\/verdadeon.com.br\/portal\/","name":"VerdadeOn","description":"Not\u00edcias di\u00e1rias sobre Franca, Regi\u00e3o, Esporte, Cultura, Cotidiano, Colunas. Cobertura nos principais eventos da cidade \u00e9 aqui - Verdadeon Franca","potentialAction":[{"@type":"SearchAction","target":{"@type":"EntryPoint","urlTemplate":"https:\/\/verdadeon.com.br\/portal\/?s={search_term_string}"},"query-input":{"@type":"PropertyValueSpecification","valueRequired":true,"valueName":"search_term_string"}}],"inLanguage":"pt-BR"},{"@type":"Person","@id":"https:\/\/verdadeon.com.br\/portal\/#\/schema\/person\/cc32be22b8e8599387c480bc83e1d11a","name":"Fernando Lima","image":{"@type":"ImageObject","inLanguage":"pt-BR","@id":"https:\/\/verdadeon.com.br\/portal\/#\/schema\/person\/image\/","url":"https:\/\/secure.gravatar.com\/avatar\/df4c8e132080d2b3a4841d5d232045464e0eed11a1d6e43115ca0843d48768d3?s=96&d=mm&r=g","contentUrl":"https:\/\/secure.gravatar.com\/avatar\/df4c8e132080d2b3a4841d5d232045464e0eed11a1d6e43115ca0843d48768d3?s=96&d=mm&r=g","caption":"Fernando Lima"},"sameAs":["http:\/\/verdadeon.com.br\/"],"url":"https:\/\/verdadeon.com.br\/portal\/author\/fernando-lima\/"}]}},"jetpack_publicize_connections":[],"jetpack_featured_media_url":"https:\/\/i0.wp.com\/verdadeon.com.br\/portal\/wp-content\/uploads\/2022\/04\/WhatsApp-Image-2022-04-05-at-14.18.16.jpeg?fit=1600%2C800&ssl=1","jetpack_sharing_enabled":true,"_links":{"self":[{"href":"https:\/\/verdadeon.com.br\/portal\/wp-json\/wp\/v2\/posts\/24261","targetHints":{"allow":["GET"]}}],"collection":[{"href":"https:\/\/verdadeon.com.br\/portal\/wp-json\/wp\/v2\/posts"}],"about":[{"href":"https:\/\/verdadeon.com.br\/portal\/wp-json\/wp\/v2\/types\/post"}],"author":[{"embeddable":true,"href":"https:\/\/verdadeon.com.br\/portal\/wp-json\/wp\/v2\/users\/7"}],"replies":[{"embeddable":true,"href":"https:\/\/verdadeon.com.br\/portal\/wp-json\/wp\/v2\/comments?post=24261"}],"version-history":[{"count":1,"href":"https:\/\/verdadeon.com.br\/portal\/wp-json\/wp\/v2\/posts\/24261\/revisions"}],"predecessor-version":[{"id":24263,"href":"https:\/\/verdadeon.com.br\/portal\/wp-json\/wp\/v2\/posts\/24261\/revisions\/24263"}],"wp:featuredmedia":[{"embeddable":true,"href":"https:\/\/verdadeon.com.br\/portal\/wp-json\/wp\/v2\/media\/24262"}],"wp:attachment":[{"href":"https:\/\/verdadeon.com.br\/portal\/wp-json\/wp\/v2\/media?parent=24261"}],"wp:term":[{"taxonomy":"category","embeddable":true,"href":"https:\/\/verdadeon.com.br\/portal\/wp-json\/wp\/v2\/categories?post=24261"},{"taxonomy":"post_tag","embeddable":true,"href":"https:\/\/verdadeon.com.br\/portal\/wp-json\/wp\/v2\/tags?post=24261"}],"curies":[{"name":"wp","href":"https:\/\/api.w.org\/{rel}","templated":true}]}}