{"id":2425,"date":"2019-12-27T09:57:24","date_gmt":"2019-12-27T12:57:24","guid":{"rendered":"http:\/\/verdadeon.com.br\/portal\/?p=2425"},"modified":"2019-12-27T17:00:21","modified_gmt":"2019-12-27T20:00:21","slug":"franca-atropela-o-aguada-e-esta-nas-quartas-da-champions-league","status":"publish","type":"post","link":"https:\/\/verdadeon.com.br\/portal\/2019\/12\/27\/franca-atropela-o-aguada-e-esta-nas-quartas-da-champions-league\/","title":{"rendered":"Franca atropela o Aguada e est\u00e1 nas quartas da Champions League"},"content":{"rendered":"\n<h2 class=\"wp-block-heading\"> Equipe venceu fora de casa por 88 a 50 <\/h2>\n\n\n\n<p> \u00a0Avassalador: esse foi o Sesi Franca Basquete em sua \u00faltima partida na primeira fase da Champions League das Am\u00e9ricas. A partida era decisiva para ambos os lados, j\u00e1 que quem vencesse se classificaria para a pr\u00f3xima fase. Os uruguais n\u00e3o tiveram chance. Com uma atua\u00e7\u00e3o impec\u00e1vel, os francanos bateram o Aguada, fora de casa por 88 a 50.<br><br>O resultado que garantiu Franca nas quartas de final da competi\u00e7\u00e3o sul-americana foi constru\u00eddo com tranquilidade. J\u00e1 no primeiro quarto, o plantel comandado por Helinho Garcia abriu vantagem de 13 pontos, fechando em 33 a 20. No segundo per\u00edodo a diferen\u00e7a foi ainda maior. O time da casa n\u00e3o se encaixou em quadra e terminou levando 21 pontos e anotando apenas cinco, finalizando a etapa inicial com o placar de 54 a 25.\u00a0<br><br>No terceiro per\u00edodo a diferen\u00e7a do n\u00edvel entre as equipes continuou e Franca aumentou a vantagem, vencendo por 21 a 10. J\u00e1 no \u00faltimo quarto, os uruguaios ficaram na frente por 15 a 13, longe do necess\u00e1rio para sonhar com uma rea\u00e7\u00e3o. Assim, os francanos fecharam o duelo com a importante vantagem de 38 pontos.\u00a0<br><br>\u201cEstou extremamente feliz pela vit\u00f3ria e a classifica\u00e7\u00e3o entre os oito melhores times da Am\u00e9rica. A equipe sabia que passava por um momento turbulento, mas nunca perdeu a for\u00e7a do trabalho, a uni\u00e3o do grupo e a humildade de reconhecer o que deveria melhorar. Isso nos deu uma baita vit\u00f3ria contra um time forte, que, inclusive, venceu o Quimsa. Agora \u00e9 comemorar o resultado e nos preparar ainda mais para a pr\u00f3xima fase\u201d, afirmou Helinho ap\u00f3s o final da partida.<br><br>Com o resultado positivo, Franca encerra a sequ\u00eancia de quatro derrotas consecutivas, sendo tr\u00eas pelo NBB (Novo Basquete Brasil) e outra pela Champions League, diante do Quimsa, na Argentina. E mais do que isso, Helinho e companhia garantiram a classifica\u00e7\u00e3o na pr\u00f3xima fase.<br><br>Acostumado a ser decisivo, principalmente nesta temporada, o ala armador David Jackson, mais uma vez foi o destaque. O norte americano anotou 21 pontos, al\u00e9m de tr\u00eas rebotes e cinco assist\u00eancias. Rafael Hettsheimeir com 19 tentos tamb\u00e9m auxiliou na vit\u00f3ria.<br><br>O pr\u00f3ximo advers\u00e1rio de Franca promete dar trabalho. Atual bicampe\u00e3o da Liga Sul-Americana, o San Lorenzo, da Argentina ser\u00e1 o oponente das quartas. As datas e hor\u00e1rios dos jogos ainda n\u00e3o foram divulgadas pela organiza\u00e7\u00e3o do torneio.<br><br>Franca volta a jogar pelo Novo Basquete Brasil. Buscando se recuperar tamb\u00e9m no campeonato nacional, a equipe entra em quadra no pr\u00f3ximo dia 27 contra o Bauru, fora de casa, \u00e0s 21h10. Com 10 vit\u00f3rias e 4 derrotas, o time est\u00e1 empatado com S\u00e3o Paulo e Mogi das Cruzes na segunda posi\u00e7\u00e3o e tem como objetivo alcan\u00e7ar o l\u00edder Flamengo. <\/p>\n","protected":false},"excerpt":{"rendered":"<p>Equipe venceu fora de casa por 88 a 50 \u00a0Avassalador: esse foi o Sesi Franca Basquete em sua \u00faltima partida na primeira fase da Champions League<span class=\"excerpt-hellip\"> [\u2026]<\/span><\/p>\n","protected":false},"author":2,"featured_media":2426,"comment_status":"open","ping_status":"open","sticky":false,"template":"","format":"standard","meta":{"_jetpack_memberships_contains_paid_content":false,"footnotes":"","jetpack_publicize_message":"","jetpack_publicize_feature_enabled":true,"jetpack_social_post_already_shared":false,"jetpack_social_options":{"image_generator_settings":{"template":"highway","default_image_id":0,"enabled":false},"version":2}},"categories":[29],"tags":[31],"class_list":["post-2425","post","type-post","status-publish","format-standard","has-post-thumbnail","hentry","category-esportes","tag-esportes"],"yoast_head":"<!-- This site is optimized with the Yoast SEO plugin v25.6 - https:\/\/yoast.com\/wordpress\/plugins\/seo\/ -->\n<title>Franca atropela o Aguada e est\u00e1 nas quartas da Champions League - VerdadeOn<\/title>\n<meta name=\"robots\" content=\"index, follow, max-snippet:-1, max-image-preview:large, max-video-preview:-1\" \/>\n<link rel=\"canonical\" href=\"https:\/\/verdadeon.com.br\/portal\/2019\/12\/27\/franca-atropela-o-aguada-e-esta-nas-quartas-da-champions-league\/\" \/>\n<meta property=\"og:locale\" content=\"pt_BR\" \/>\n<meta property=\"og:type\" content=\"article\" \/>\n<meta property=\"og:title\" content=\"Franca atropela o Aguada e est\u00e1 nas quartas da Champions League - VerdadeOn\" \/>\n<meta property=\"og:description\" content=\"Equipe venceu fora de casa por 88 a 50 \u00a0Avassalador: esse foi o Sesi Franca Basquete em sua \u00faltima partida na primeira fase da Champions League [\u2026]\" \/>\n<meta property=\"og:url\" content=\"https:\/\/verdadeon.com.br\/portal\/2019\/12\/27\/franca-atropela-o-aguada-e-esta-nas-quartas-da-champions-league\/\" \/>\n<meta property=\"og:site_name\" content=\"VerdadeOn\" \/>\n<meta property=\"article:published_time\" content=\"2019-12-27T12:57:24+00:00\" \/>\n<meta property=\"article:modified_time\" content=\"2019-12-27T20:00:21+00:00\" \/>\n<meta property=\"og:image\" content=\"https:\/\/verdadeon.com.br\/portal\/wp-content\/uploads\/2019\/12\/news-4504.jpg\" \/>\n\t<meta property=\"og:image:width\" content=\"1000\" \/>\n\t<meta property=\"og:image:height\" content=\"667\" \/>\n\t<meta property=\"og:image:type\" content=\"image\/jpeg\" \/>\n<meta name=\"author\" content=\"Marco Calefi\" \/>\n<meta name=\"twitter:card\" content=\"summary_large_image\" \/>\n<meta name=\"twitter:label1\" content=\"Escrito por\" \/>\n\t<meta name=\"twitter:data1\" content=\"Marco Calefi\" \/>\n\t<meta name=\"twitter:label2\" content=\"Est. tempo de leitura\" \/>\n\t<meta name=\"twitter:data2\" content=\"2 minutos\" \/>\n<script type=\"application\/ld+json\" class=\"yoast-schema-graph\">{\"@context\":\"https:\/\/schema.org\",\"@graph\":[{\"@type\":\"WebPage\",\"@id\":\"https:\/\/verdadeon.com.br\/portal\/2019\/12\/27\/franca-atropela-o-aguada-e-esta-nas-quartas-da-champions-league\/\",\"url\":\"https:\/\/verdadeon.com.br\/portal\/2019\/12\/27\/franca-atropela-o-aguada-e-esta-nas-quartas-da-champions-league\/\",\"name\":\"Franca atropela o Aguada e est\u00e1 nas quartas da Champions League - VerdadeOn\",\"isPartOf\":{\"@id\":\"https:\/\/verdadeon.com.br\/portal\/#website\"},\"primaryImageOfPage\":{\"@id\":\"https:\/\/verdadeon.com.br\/portal\/2019\/12\/27\/franca-atropela-o-aguada-e-esta-nas-quartas-da-champions-league\/#primaryimage\"},\"image\":{\"@id\":\"https:\/\/verdadeon.com.br\/portal\/2019\/12\/27\/franca-atropela-o-aguada-e-esta-nas-quartas-da-champions-league\/#primaryimage\"},\"thumbnailUrl\":\"https:\/\/i0.wp.com\/verdadeon.com.br\/portal\/wp-content\/uploads\/2019\/12\/news-4504.jpg?fit=1000%2C667&ssl=1\",\"datePublished\":\"2019-12-27T12:57:24+00:00\",\"dateModified\":\"2019-12-27T20:00:21+00:00\",\"author\":{\"@id\":\"https:\/\/verdadeon.com.br\/portal\/#\/schema\/person\/5b6d8881b28dc811a8814318b518413f\"},\"breadcrumb\":{\"@id\":\"https:\/\/verdadeon.com.br\/portal\/2019\/12\/27\/franca-atropela-o-aguada-e-esta-nas-quartas-da-champions-league\/#breadcrumb\"},\"inLanguage\":\"pt-BR\",\"potentialAction\":[{\"@type\":\"ReadAction\",\"target\":[\"https:\/\/verdadeon.com.br\/portal\/2019\/12\/27\/franca-atropela-o-aguada-e-esta-nas-quartas-da-champions-league\/\"]}]},{\"@type\":\"ImageObject\",\"inLanguage\":\"pt-BR\",\"@id\":\"https:\/\/verdadeon.com.br\/portal\/2019\/12\/27\/franca-atropela-o-aguada-e-esta-nas-quartas-da-champions-league\/#primaryimage\",\"url\":\"https:\/\/i0.wp.com\/verdadeon.com.br\/portal\/wp-content\/uploads\/2019\/12\/news-4504.jpg?fit=1000%2C667&ssl=1\",\"contentUrl\":\"https:\/\/i0.wp.com\/verdadeon.com.br\/portal\/wp-content\/uploads\/2019\/12\/news-4504.jpg?fit=1000%2C667&ssl=1\",\"width\":1000,\"height\":667,\"caption\":\"Grupo de jogadores posa para foto antes do jogo. Ap\u00f3s sequ\u00eancia dif\u00edcil do Sesi Franca Basquete, equipe volta a vencer e est\u00e1 classificada para a pr\u00f3xima fase da Champions League das Am\u00e9rias | Foto: Divulga\u00e7\u00e3o\"},{\"@type\":\"BreadcrumbList\",\"@id\":\"https:\/\/verdadeon.com.br\/portal\/2019\/12\/27\/franca-atropela-o-aguada-e-esta-nas-quartas-da-champions-league\/#breadcrumb\",\"itemListElement\":[{\"@type\":\"ListItem\",\"position\":1,\"name\":\"In\u00edcio\",\"item\":\"https:\/\/verdadeon.com.br\/portal\/\"},{\"@type\":\"ListItem\",\"position\":2,\"name\":\"Franca atropela o Aguada e est\u00e1 nas quartas da Champions League\"}]},{\"@type\":\"WebSite\",\"@id\":\"https:\/\/verdadeon.com.br\/portal\/#website\",\"url\":\"https:\/\/verdadeon.com.br\/portal\/\",\"name\":\"VerdadeOn\",\"description\":\"Not\u00edcias di\u00e1rias sobre Franca, Regi\u00e3o, Esporte, Cultura, Cotidiano, Colunas. Cobertura nos principais eventos da cidade \u00e9 aqui - Verdadeon Franca\",\"potentialAction\":[{\"@type\":\"SearchAction\",\"target\":{\"@type\":\"EntryPoint\",\"urlTemplate\":\"https:\/\/verdadeon.com.br\/portal\/?s={search_term_string}\"},\"query-input\":{\"@type\":\"PropertyValueSpecification\",\"valueRequired\":true,\"valueName\":\"search_term_string\"}}],\"inLanguage\":\"pt-BR\"},{\"@type\":\"Person\",\"@id\":\"https:\/\/verdadeon.com.br\/portal\/#\/schema\/person\/5b6d8881b28dc811a8814318b518413f\",\"name\":\"Marco Calefi\",\"image\":{\"@type\":\"ImageObject\",\"inLanguage\":\"pt-BR\",\"@id\":\"https:\/\/verdadeon.com.br\/portal\/#\/schema\/person\/image\/\",\"url\":\"https:\/\/secure.gravatar.com\/avatar\/fc1b98d5cfd12c17ca88a4c142eb2effeeb5677c8220a4141f96ff5d7dd2c137?s=96&d=mm&r=g\",\"contentUrl\":\"https:\/\/secure.gravatar.com\/avatar\/fc1b98d5cfd12c17ca88a4c142eb2effeeb5677c8220a4141f96ff5d7dd2c137?s=96&d=mm&r=g\",\"caption\":\"Marco Calefi\"},\"url\":\"https:\/\/verdadeon.com.br\/portal\/author\/marco\/\"}]}<\/script>\n<!-- \/ Yoast SEO plugin. -->","yoast_head_json":{"title":"Franca atropela o Aguada e est\u00e1 nas quartas da Champions League - VerdadeOn","robots":{"index":"index","follow":"follow","max-snippet":"max-snippet:-1","max-image-preview":"max-image-preview:large","max-video-preview":"max-video-preview:-1"},"canonical":"https:\/\/verdadeon.com.br\/portal\/2019\/12\/27\/franca-atropela-o-aguada-e-esta-nas-quartas-da-champions-league\/","og_locale":"pt_BR","og_type":"article","og_title":"Franca atropela o Aguada e est\u00e1 nas quartas da Champions League - VerdadeOn","og_description":"Equipe venceu fora de casa por 88 a 50 \u00a0Avassalador: esse foi o Sesi Franca Basquete em sua \u00faltima partida na primeira fase da Champions League [\u2026]","og_url":"https:\/\/verdadeon.com.br\/portal\/2019\/12\/27\/franca-atropela-o-aguada-e-esta-nas-quartas-da-champions-league\/","og_site_name":"VerdadeOn","article_published_time":"2019-12-27T12:57:24+00:00","article_modified_time":"2019-12-27T20:00:21+00:00","og_image":[{"width":1000,"height":667,"url":"https:\/\/verdadeon.com.br\/portal\/wp-content\/uploads\/2019\/12\/news-4504.jpg","type":"image\/jpeg"}],"author":"Marco Calefi","twitter_card":"summary_large_image","twitter_misc":{"Escrito por":"Marco Calefi","Est. tempo de leitura":"2 minutos"},"schema":{"@context":"https:\/\/schema.org","@graph":[{"@type":"WebPage","@id":"https:\/\/verdadeon.com.br\/portal\/2019\/12\/27\/franca-atropela-o-aguada-e-esta-nas-quartas-da-champions-league\/","url":"https:\/\/verdadeon.com.br\/portal\/2019\/12\/27\/franca-atropela-o-aguada-e-esta-nas-quartas-da-champions-league\/","name":"Franca atropela o Aguada e est\u00e1 nas quartas da Champions League - VerdadeOn","isPartOf":{"@id":"https:\/\/verdadeon.com.br\/portal\/#website"},"primaryImageOfPage":{"@id":"https:\/\/verdadeon.com.br\/portal\/2019\/12\/27\/franca-atropela-o-aguada-e-esta-nas-quartas-da-champions-league\/#primaryimage"},"image":{"@id":"https:\/\/verdadeon.com.br\/portal\/2019\/12\/27\/franca-atropela-o-aguada-e-esta-nas-quartas-da-champions-league\/#primaryimage"},"thumbnailUrl":"https:\/\/i0.wp.com\/verdadeon.com.br\/portal\/wp-content\/uploads\/2019\/12\/news-4504.jpg?fit=1000%2C667&ssl=1","datePublished":"2019-12-27T12:57:24+00:00","dateModified":"2019-12-27T20:00:21+00:00","author":{"@id":"https:\/\/verdadeon.com.br\/portal\/#\/schema\/person\/5b6d8881b28dc811a8814318b518413f"},"breadcrumb":{"@id":"https:\/\/verdadeon.com.br\/portal\/2019\/12\/27\/franca-atropela-o-aguada-e-esta-nas-quartas-da-champions-league\/#breadcrumb"},"inLanguage":"pt-BR","potentialAction":[{"@type":"ReadAction","target":["https:\/\/verdadeon.com.br\/portal\/2019\/12\/27\/franca-atropela-o-aguada-e-esta-nas-quartas-da-champions-league\/"]}]},{"@type":"ImageObject","inLanguage":"pt-BR","@id":"https:\/\/verdadeon.com.br\/portal\/2019\/12\/27\/franca-atropela-o-aguada-e-esta-nas-quartas-da-champions-league\/#primaryimage","url":"https:\/\/i0.wp.com\/verdadeon.com.br\/portal\/wp-content\/uploads\/2019\/12\/news-4504.jpg?fit=1000%2C667&ssl=1","contentUrl":"https:\/\/i0.wp.com\/verdadeon.com.br\/portal\/wp-content\/uploads\/2019\/12\/news-4504.jpg?fit=1000%2C667&ssl=1","width":1000,"height":667,"caption":"Grupo de jogadores posa para foto antes do jogo. Ap\u00f3s sequ\u00eancia dif\u00edcil do Sesi Franca Basquete, equipe volta a vencer e est\u00e1 classificada para a pr\u00f3xima fase da Champions League das Am\u00e9rias | Foto: Divulga\u00e7\u00e3o"},{"@type":"BreadcrumbList","@id":"https:\/\/verdadeon.com.br\/portal\/2019\/12\/27\/franca-atropela-o-aguada-e-esta-nas-quartas-da-champions-league\/#breadcrumb","itemListElement":[{"@type":"ListItem","position":1,"name":"In\u00edcio","item":"https:\/\/verdadeon.com.br\/portal\/"},{"@type":"ListItem","position":2,"name":"Franca atropela o Aguada e est\u00e1 nas quartas da Champions League"}]},{"@type":"WebSite","@id":"https:\/\/verdadeon.com.br\/portal\/#website","url":"https:\/\/verdadeon.com.br\/portal\/","name":"VerdadeOn","description":"Not\u00edcias di\u00e1rias sobre Franca, Regi\u00e3o, Esporte, Cultura, Cotidiano, Colunas. Cobertura nos principais eventos da cidade \u00e9 aqui - Verdadeon Franca","potentialAction":[{"@type":"SearchAction","target":{"@type":"EntryPoint","urlTemplate":"https:\/\/verdadeon.com.br\/portal\/?s={search_term_string}"},"query-input":{"@type":"PropertyValueSpecification","valueRequired":true,"valueName":"search_term_string"}}],"inLanguage":"pt-BR"},{"@type":"Person","@id":"https:\/\/verdadeon.com.br\/portal\/#\/schema\/person\/5b6d8881b28dc811a8814318b518413f","name":"Marco Calefi","image":{"@type":"ImageObject","inLanguage":"pt-BR","@id":"https:\/\/verdadeon.com.br\/portal\/#\/schema\/person\/image\/","url":"https:\/\/secure.gravatar.com\/avatar\/fc1b98d5cfd12c17ca88a4c142eb2effeeb5677c8220a4141f96ff5d7dd2c137?s=96&d=mm&r=g","contentUrl":"https:\/\/secure.gravatar.com\/avatar\/fc1b98d5cfd12c17ca88a4c142eb2effeeb5677c8220a4141f96ff5d7dd2c137?s=96&d=mm&r=g","caption":"Marco Calefi"},"url":"https:\/\/verdadeon.com.br\/portal\/author\/marco\/"}]}},"jetpack_publicize_connections":[],"jetpack_featured_media_url":"https:\/\/i0.wp.com\/verdadeon.com.br\/portal\/wp-content\/uploads\/2019\/12\/news-4504.jpg?fit=1000%2C667&ssl=1","jetpack_sharing_enabled":true,"_links":{"self":[{"href":"https:\/\/verdadeon.com.br\/portal\/wp-json\/wp\/v2\/posts\/2425","targetHints":{"allow":["GET"]}}],"collection":[{"href":"https:\/\/verdadeon.com.br\/portal\/wp-json\/wp\/v2\/posts"}],"about":[{"href":"https:\/\/verdadeon.com.br\/portal\/wp-json\/wp\/v2\/types\/post"}],"author":[{"embeddable":true,"href":"https:\/\/verdadeon.com.br\/portal\/wp-json\/wp\/v2\/users\/2"}],"replies":[{"embeddable":true,"href":"https:\/\/verdadeon.com.br\/portal\/wp-json\/wp\/v2\/comments?post=2425"}],"version-history":[{"count":0,"href":"https:\/\/verdadeon.com.br\/portal\/wp-json\/wp\/v2\/posts\/2425\/revisions"}],"wp:featuredmedia":[{"embeddable":true,"href":"https:\/\/verdadeon.com.br\/portal\/wp-json\/wp\/v2\/media\/2426"}],"wp:attachment":[{"href":"https:\/\/verdadeon.com.br\/portal\/wp-json\/wp\/v2\/media?parent=2425"}],"wp:term":[{"taxonomy":"category","embeddable":true,"href":"https:\/\/verdadeon.com.br\/portal\/wp-json\/wp\/v2\/categories?post=2425"},{"taxonomy":"post_tag","embeddable":true,"href":"https:\/\/verdadeon.com.br\/portal\/wp-json\/wp\/v2\/tags?post=2425"}],"curies":[{"name":"wp","href":"https:\/\/api.w.org\/{rel}","templated":true}]}}