{"id":2422,"date":"2019-12-27T09:52:43","date_gmt":"2019-12-27T12:52:43","guid":{"rendered":"http:\/\/verdadeon.com.br\/portal\/?p=2422"},"modified":"2019-12-27T09:52:44","modified_gmt":"2019-12-27T12:52:44","slug":"mega-da-virada-tem-premio-estimado-em-r-300-milhoes","status":"publish","type":"post","link":"https:\/\/verdadeon.com.br\/portal\/2019\/12\/27\/mega-da-virada-tem-premio-estimado-em-r-300-milhoes\/","title":{"rendered":"Mega da Virada tem pr\u00eamio estimado em R$ 300 milh\u00f5es"},"content":{"rendered":"\n<h2 class=\"wp-block-heading\"> Quem sonha em come\u00e7ar 2020 milion\u00e1rio pode tentar a sorte <\/h2>\n\n\n\n<p>Quem sonha em come\u00e7ar 2020 milion\u00e1rio pode tentar a sorte com a Mega da Virada. Este ano, a expectativa \u00e9 de que o pr\u00eamio ultrapasse os R$ 300 milh\u00f5es. O sorteio ser\u00e1 realizado no dia 31 e as apostas ser\u00e3o encerradas \u00e0s 18h do mesmo dia.<\/p>\n\n\n\n<p>Ao contr\u00e1rio dos sorteios anteriores, a Mega da Virada n\u00e3o acumula. Pelas regras do concurso, se ningu\u00e9m fizer as seis dezenas, o pr\u00eamio \u00e9 pago aos acertadores da quina. Em 2018, 52 apostadores que fizeram a quina dividiram pouco mais de R$ 302 milh\u00f5es.<\/p>\n\n\n\n<p>A aposta simples custa R$ 4,50, mas quem fizer essa op\u00e7\u00e3o, segundo a Caixa, tem uma chance em 50 milh\u00f5es de acertar as seis dezenas premiadas. J\u00e1 os apostadores que puderem investir mais em um bilhete, aumentam muito as chances . A aposta de oito n\u00fameros, por exemplo, custa R$ 126, e as chances passam a ser de uma em 1,787 milh\u00e3o de apostas.<\/p>\n\n\n\n<p><em>Fonte:Ag\u00eancia Brasil<\/em><\/p>\n","protected":false},"excerpt":{"rendered":"<p>Quem sonha em come\u00e7ar 2020 milion\u00e1rio pode tentar a sorte Quem sonha em come\u00e7ar 2020 milion\u00e1rio pode tentar a sorte com a Mega da Virada. Este<span class=\"excerpt-hellip\"> [\u2026]<\/span><\/p>\n","protected":false},"author":2,"featured_media":2423,"comment_status":"open","ping_status":"open","sticky":false,"template":"","format":"standard","meta":{"_jetpack_memberships_contains_paid_content":false,"footnotes":"","jetpack_publicize_message":"","jetpack_publicize_feature_enabled":true,"jetpack_social_post_already_shared":false,"jetpack_social_options":{"image_generator_settings":{"template":"highway","default_image_id":0,"enabled":false},"version":2}},"categories":[7],"tags":[],"class_list":["post-2422","post","type-post","status-publish","format-standard","has-post-thumbnail","hentry","category-news"],"yoast_head":"<!-- This site is optimized with the Yoast SEO plugin v25.6 - https:\/\/yoast.com\/wordpress\/plugins\/seo\/ -->\n<title>Mega da Virada tem pr\u00eamio estimado em R$ 300 milh\u00f5es - VerdadeOn<\/title>\n<meta name=\"robots\" content=\"index, follow, max-snippet:-1, max-image-preview:large, max-video-preview:-1\" \/>\n<link rel=\"canonical\" href=\"https:\/\/verdadeon.com.br\/portal\/2019\/12\/27\/mega-da-virada-tem-premio-estimado-em-r-300-milhoes\/\" \/>\n<meta property=\"og:locale\" content=\"pt_BR\" \/>\n<meta property=\"og:type\" content=\"article\" \/>\n<meta property=\"og:title\" content=\"Mega da Virada tem pr\u00eamio estimado em R$ 300 milh\u00f5es - VerdadeOn\" \/>\n<meta property=\"og:description\" content=\"Quem sonha em come\u00e7ar 2020 milion\u00e1rio pode tentar a sorte Quem sonha em come\u00e7ar 2020 milion\u00e1rio pode tentar a sorte com a Mega da Virada. Este [\u2026]\" \/>\n<meta property=\"og:url\" content=\"https:\/\/verdadeon.com.br\/portal\/2019\/12\/27\/mega-da-virada-tem-premio-estimado-em-r-300-milhoes\/\" \/>\n<meta property=\"og:site_name\" content=\"VerdadeOn\" \/>\n<meta property=\"article:published_time\" content=\"2019-12-27T12:52:43+00:00\" \/>\n<meta property=\"article:modified_time\" content=\"2019-12-27T12:52:44+00:00\" \/>\n<meta property=\"og:image\" content=\"https:\/\/verdadeon.com.br\/portal\/wp-content\/uploads\/2019\/12\/news-4507-scaled.jpg\" \/>\n\t<meta property=\"og:image:width\" content=\"1000\" \/>\n\t<meta property=\"og:image:height\" content=\"667\" \/>\n\t<meta property=\"og:image:type\" content=\"image\/jpeg\" \/>\n<meta name=\"author\" content=\"Marco Calefi\" \/>\n<meta name=\"twitter:card\" content=\"summary_large_image\" \/>\n<meta name=\"twitter:label1\" content=\"Escrito por\" \/>\n\t<meta name=\"twitter:data1\" content=\"Marco Calefi\" \/>\n\t<meta name=\"twitter:label2\" content=\"Est. tempo de leitura\" \/>\n\t<meta name=\"twitter:data2\" content=\"1 minuto\" \/>\n<script type=\"application\/ld+json\" class=\"yoast-schema-graph\">{\"@context\":\"https:\/\/schema.org\",\"@graph\":[{\"@type\":\"WebPage\",\"@id\":\"https:\/\/verdadeon.com.br\/portal\/2019\/12\/27\/mega-da-virada-tem-premio-estimado-em-r-300-milhoes\/\",\"url\":\"https:\/\/verdadeon.com.br\/portal\/2019\/12\/27\/mega-da-virada-tem-premio-estimado-em-r-300-milhoes\/\",\"name\":\"Mega da Virada tem pr\u00eamio estimado em R$ 300 milh\u00f5es - VerdadeOn\",\"isPartOf\":{\"@id\":\"https:\/\/verdadeon.com.br\/portal\/#website\"},\"primaryImageOfPage\":{\"@id\":\"https:\/\/verdadeon.com.br\/portal\/2019\/12\/27\/mega-da-virada-tem-premio-estimado-em-r-300-milhoes\/#primaryimage\"},\"image\":{\"@id\":\"https:\/\/verdadeon.com.br\/portal\/2019\/12\/27\/mega-da-virada-tem-premio-estimado-em-r-300-milhoes\/#primaryimage\"},\"thumbnailUrl\":\"https:\/\/i0.wp.com\/verdadeon.com.br\/portal\/wp-content\/uploads\/2019\/12\/news-4507-scaled.jpg?fit=1000%2C667&ssl=1\",\"datePublished\":\"2019-12-27T12:52:43+00:00\",\"dateModified\":\"2019-12-27T12:52:44+00:00\",\"author\":{\"@id\":\"https:\/\/verdadeon.com.br\/portal\/#\/schema\/person\/5b6d8881b28dc811a8814318b518413f\"},\"breadcrumb\":{\"@id\":\"https:\/\/verdadeon.com.br\/portal\/2019\/12\/27\/mega-da-virada-tem-premio-estimado-em-r-300-milhoes\/#breadcrumb\"},\"inLanguage\":\"pt-BR\",\"potentialAction\":[{\"@type\":\"ReadAction\",\"target\":[\"https:\/\/verdadeon.com.br\/portal\/2019\/12\/27\/mega-da-virada-tem-premio-estimado-em-r-300-milhoes\/\"]}]},{\"@type\":\"ImageObject\",\"inLanguage\":\"pt-BR\",\"@id\":\"https:\/\/verdadeon.com.br\/portal\/2019\/12\/27\/mega-da-virada-tem-premio-estimado-em-r-300-milhoes\/#primaryimage\",\"url\":\"https:\/\/i0.wp.com\/verdadeon.com.br\/portal\/wp-content\/uploads\/2019\/12\/news-4507-scaled.jpg?fit=1000%2C667&ssl=1\",\"contentUrl\":\"https:\/\/i0.wp.com\/verdadeon.com.br\/portal\/wp-content\/uploads\/2019\/12\/news-4507-scaled.jpg?fit=1000%2C667&ssl=1\",\"width\":1000,\"height\":667,\"caption\":\"Imagem divulga\u00e7\u00e3o | Antonio Cruz\/Ag\u00eancia Brasil\"},{\"@type\":\"BreadcrumbList\",\"@id\":\"https:\/\/verdadeon.com.br\/portal\/2019\/12\/27\/mega-da-virada-tem-premio-estimado-em-r-300-milhoes\/#breadcrumb\",\"itemListElement\":[{\"@type\":\"ListItem\",\"position\":1,\"name\":\"In\u00edcio\",\"item\":\"https:\/\/verdadeon.com.br\/portal\/\"},{\"@type\":\"ListItem\",\"position\":2,\"name\":\"Mega da Virada tem pr\u00eamio estimado em R$ 300 milh\u00f5es\"}]},{\"@type\":\"WebSite\",\"@id\":\"https:\/\/verdadeon.com.br\/portal\/#website\",\"url\":\"https:\/\/verdadeon.com.br\/portal\/\",\"name\":\"VerdadeOn\",\"description\":\"Not\u00edcias di\u00e1rias sobre Franca, Regi\u00e3o, Esporte, Cultura, Cotidiano, Colunas. Cobertura nos principais eventos da cidade \u00e9 aqui - Verdadeon Franca\",\"potentialAction\":[{\"@type\":\"SearchAction\",\"target\":{\"@type\":\"EntryPoint\",\"urlTemplate\":\"https:\/\/verdadeon.com.br\/portal\/?s={search_term_string}\"},\"query-input\":{\"@type\":\"PropertyValueSpecification\",\"valueRequired\":true,\"valueName\":\"search_term_string\"}}],\"inLanguage\":\"pt-BR\"},{\"@type\":\"Person\",\"@id\":\"https:\/\/verdadeon.com.br\/portal\/#\/schema\/person\/5b6d8881b28dc811a8814318b518413f\",\"name\":\"Marco Calefi\",\"image\":{\"@type\":\"ImageObject\",\"inLanguage\":\"pt-BR\",\"@id\":\"https:\/\/verdadeon.com.br\/portal\/#\/schema\/person\/image\/\",\"url\":\"https:\/\/secure.gravatar.com\/avatar\/fc1b98d5cfd12c17ca88a4c142eb2effeeb5677c8220a4141f96ff5d7dd2c137?s=96&d=mm&r=g\",\"contentUrl\":\"https:\/\/secure.gravatar.com\/avatar\/fc1b98d5cfd12c17ca88a4c142eb2effeeb5677c8220a4141f96ff5d7dd2c137?s=96&d=mm&r=g\",\"caption\":\"Marco Calefi\"},\"url\":\"https:\/\/verdadeon.com.br\/portal\/author\/marco\/\"}]}<\/script>\n<!-- \/ Yoast SEO plugin. -->","yoast_head_json":{"title":"Mega da Virada tem pr\u00eamio estimado em R$ 300 milh\u00f5es - VerdadeOn","robots":{"index":"index","follow":"follow","max-snippet":"max-snippet:-1","max-image-preview":"max-image-preview:large","max-video-preview":"max-video-preview:-1"},"canonical":"https:\/\/verdadeon.com.br\/portal\/2019\/12\/27\/mega-da-virada-tem-premio-estimado-em-r-300-milhoes\/","og_locale":"pt_BR","og_type":"article","og_title":"Mega da Virada tem pr\u00eamio estimado em R$ 300 milh\u00f5es - VerdadeOn","og_description":"Quem sonha em come\u00e7ar 2020 milion\u00e1rio pode tentar a sorte Quem sonha em come\u00e7ar 2020 milion\u00e1rio pode tentar a sorte com a Mega da Virada. Este [\u2026]","og_url":"https:\/\/verdadeon.com.br\/portal\/2019\/12\/27\/mega-da-virada-tem-premio-estimado-em-r-300-milhoes\/","og_site_name":"VerdadeOn","article_published_time":"2019-12-27T12:52:43+00:00","article_modified_time":"2019-12-27T12:52:44+00:00","og_image":[{"width":1000,"height":667,"url":"https:\/\/verdadeon.com.br\/portal\/wp-content\/uploads\/2019\/12\/news-4507-scaled.jpg","type":"image\/jpeg"}],"author":"Marco Calefi","twitter_card":"summary_large_image","twitter_misc":{"Escrito por":"Marco Calefi","Est. tempo de leitura":"1 minuto"},"schema":{"@context":"https:\/\/schema.org","@graph":[{"@type":"WebPage","@id":"https:\/\/verdadeon.com.br\/portal\/2019\/12\/27\/mega-da-virada-tem-premio-estimado-em-r-300-milhoes\/","url":"https:\/\/verdadeon.com.br\/portal\/2019\/12\/27\/mega-da-virada-tem-premio-estimado-em-r-300-milhoes\/","name":"Mega da Virada tem pr\u00eamio estimado em R$ 300 milh\u00f5es - VerdadeOn","isPartOf":{"@id":"https:\/\/verdadeon.com.br\/portal\/#website"},"primaryImageOfPage":{"@id":"https:\/\/verdadeon.com.br\/portal\/2019\/12\/27\/mega-da-virada-tem-premio-estimado-em-r-300-milhoes\/#primaryimage"},"image":{"@id":"https:\/\/verdadeon.com.br\/portal\/2019\/12\/27\/mega-da-virada-tem-premio-estimado-em-r-300-milhoes\/#primaryimage"},"thumbnailUrl":"https:\/\/i0.wp.com\/verdadeon.com.br\/portal\/wp-content\/uploads\/2019\/12\/news-4507-scaled.jpg?fit=1000%2C667&ssl=1","datePublished":"2019-12-27T12:52:43+00:00","dateModified":"2019-12-27T12:52:44+00:00","author":{"@id":"https:\/\/verdadeon.com.br\/portal\/#\/schema\/person\/5b6d8881b28dc811a8814318b518413f"},"breadcrumb":{"@id":"https:\/\/verdadeon.com.br\/portal\/2019\/12\/27\/mega-da-virada-tem-premio-estimado-em-r-300-milhoes\/#breadcrumb"},"inLanguage":"pt-BR","potentialAction":[{"@type":"ReadAction","target":["https:\/\/verdadeon.com.br\/portal\/2019\/12\/27\/mega-da-virada-tem-premio-estimado-em-r-300-milhoes\/"]}]},{"@type":"ImageObject","inLanguage":"pt-BR","@id":"https:\/\/verdadeon.com.br\/portal\/2019\/12\/27\/mega-da-virada-tem-premio-estimado-em-r-300-milhoes\/#primaryimage","url":"https:\/\/i0.wp.com\/verdadeon.com.br\/portal\/wp-content\/uploads\/2019\/12\/news-4507-scaled.jpg?fit=1000%2C667&ssl=1","contentUrl":"https:\/\/i0.wp.com\/verdadeon.com.br\/portal\/wp-content\/uploads\/2019\/12\/news-4507-scaled.jpg?fit=1000%2C667&ssl=1","width":1000,"height":667,"caption":"Imagem divulga\u00e7\u00e3o | Antonio Cruz\/Ag\u00eancia Brasil"},{"@type":"BreadcrumbList","@id":"https:\/\/verdadeon.com.br\/portal\/2019\/12\/27\/mega-da-virada-tem-premio-estimado-em-r-300-milhoes\/#breadcrumb","itemListElement":[{"@type":"ListItem","position":1,"name":"In\u00edcio","item":"https:\/\/verdadeon.com.br\/portal\/"},{"@type":"ListItem","position":2,"name":"Mega da Virada tem pr\u00eamio estimado em R$ 300 milh\u00f5es"}]},{"@type":"WebSite","@id":"https:\/\/verdadeon.com.br\/portal\/#website","url":"https:\/\/verdadeon.com.br\/portal\/","name":"VerdadeOn","description":"Not\u00edcias di\u00e1rias sobre Franca, Regi\u00e3o, Esporte, Cultura, Cotidiano, Colunas. Cobertura nos principais eventos da cidade \u00e9 aqui - Verdadeon Franca","potentialAction":[{"@type":"SearchAction","target":{"@type":"EntryPoint","urlTemplate":"https:\/\/verdadeon.com.br\/portal\/?s={search_term_string}"},"query-input":{"@type":"PropertyValueSpecification","valueRequired":true,"valueName":"search_term_string"}}],"inLanguage":"pt-BR"},{"@type":"Person","@id":"https:\/\/verdadeon.com.br\/portal\/#\/schema\/person\/5b6d8881b28dc811a8814318b518413f","name":"Marco Calefi","image":{"@type":"ImageObject","inLanguage":"pt-BR","@id":"https:\/\/verdadeon.com.br\/portal\/#\/schema\/person\/image\/","url":"https:\/\/secure.gravatar.com\/avatar\/fc1b98d5cfd12c17ca88a4c142eb2effeeb5677c8220a4141f96ff5d7dd2c137?s=96&d=mm&r=g","contentUrl":"https:\/\/secure.gravatar.com\/avatar\/fc1b98d5cfd12c17ca88a4c142eb2effeeb5677c8220a4141f96ff5d7dd2c137?s=96&d=mm&r=g","caption":"Marco Calefi"},"url":"https:\/\/verdadeon.com.br\/portal\/author\/marco\/"}]}},"jetpack_publicize_connections":[],"jetpack_featured_media_url":"https:\/\/i0.wp.com\/verdadeon.com.br\/portal\/wp-content\/uploads\/2019\/12\/news-4507-scaled.jpg?fit=1000%2C667&ssl=1","jetpack_sharing_enabled":true,"_links":{"self":[{"href":"https:\/\/verdadeon.com.br\/portal\/wp-json\/wp\/v2\/posts\/2422","targetHints":{"allow":["GET"]}}],"collection":[{"href":"https:\/\/verdadeon.com.br\/portal\/wp-json\/wp\/v2\/posts"}],"about":[{"href":"https:\/\/verdadeon.com.br\/portal\/wp-json\/wp\/v2\/types\/post"}],"author":[{"embeddable":true,"href":"https:\/\/verdadeon.com.br\/portal\/wp-json\/wp\/v2\/users\/2"}],"replies":[{"embeddable":true,"href":"https:\/\/verdadeon.com.br\/portal\/wp-json\/wp\/v2\/comments?post=2422"}],"version-history":[{"count":0,"href":"https:\/\/verdadeon.com.br\/portal\/wp-json\/wp\/v2\/posts\/2422\/revisions"}],"wp:featuredmedia":[{"embeddable":true,"href":"https:\/\/verdadeon.com.br\/portal\/wp-json\/wp\/v2\/media\/2423"}],"wp:attachment":[{"href":"https:\/\/verdadeon.com.br\/portal\/wp-json\/wp\/v2\/media?parent=2422"}],"wp:term":[{"taxonomy":"category","embeddable":true,"href":"https:\/\/verdadeon.com.br\/portal\/wp-json\/wp\/v2\/categories?post=2422"},{"taxonomy":"post_tag","embeddable":true,"href":"https:\/\/verdadeon.com.br\/portal\/wp-json\/wp\/v2\/tags?post=2422"}],"curies":[{"name":"wp","href":"https:\/\/api.w.org\/{rel}","templated":true}]}}