{"id":24192,"date":"2022-04-02T13:30:18","date_gmt":"2022-04-02T16:30:18","guid":{"rendered":"https:\/\/verdadeon.com.br\/portal\/?p=24192"},"modified":"2022-04-02T18:43:09","modified_gmt":"2022-04-02T21:43:09","slug":"jovem-de-20-anos-morre-em-acidente-de-carro-em-franca","status":"publish","type":"post","link":"https:\/\/verdadeon.com.br\/portal\/2022\/04\/02\/jovem-de-20-anos-morre-em-acidente-de-carro-em-franca\/","title":{"rendered":"Jovem de 20 anos morre em acidente de carro em Franca"},"content":{"rendered":"<h2>A v\u00edtima seguia sozinha no ve\u00edculo, o Samu chegou a ir at\u00e9 o local, mas o homem j\u00e1 estava sem vida<\/h2>\n<p>Um jovem de 20 anos morreu em um acidente na avenida doutor Ismael Alonso Y Alonso, na madrugada deste s\u00e1bado (2).<\/p>\n<p>Segundo o boletim de ocorr\u00eancia, Vin\u00edcius Andrade Carrijo, seguia sozinho no sentido centro \u00e0 zona sul da cidade, quando descia o trecho pr\u00f3ximo a cachoeira, teria perdido o controle do ve\u00edculo, invadido o canteiro e parou apenas ap\u00f3s bater em uma \u00e1rvore.<\/p>\n<p>Pessoas que passavam pelo local acionaram o socorro, que chegou a ir at\u00e9 o jovem, mas ele j\u00e1 estava sem vida.<\/p>\n<p>A per\u00edcia tamb\u00e9m esteve no acidente e realizou os trabalhos de praxe. O corpo de Vin\u00edcius foi levado para o Instituto M\u00e9dico Legal (IML) de Franca, e ap\u00f3s ser\u00e1 liberado para os familiares.<\/p>\n<p>De acordo com a pol\u00edcia, o jovem era morador da zona norte de Franca e trabalhava como comerciante. O caso foi registrado e ser\u00e1 investigado pela Pol\u00edcia Civil<\/p>\n<p>&nbsp;<\/p>\n","protected":false},"excerpt":{"rendered":"<p>A v\u00edtima seguia sozinha no ve\u00edculo, o Samu chegou a ir at\u00e9 o local, mas o homem j\u00e1 estava sem vida Um jovem de 20 anos<span class=\"excerpt-hellip\"> [\u2026]<\/span><\/p>\n","protected":false},"author":7,"featured_media":24193,"comment_status":"open","ping_status":"open","sticky":false,"template":"","format":"standard","meta":{"_jetpack_memberships_contains_paid_content":false,"footnotes":"","jetpack_publicize_message":"","jetpack_publicize_feature_enabled":true,"jetpack_social_post_already_shared":false,"jetpack_social_options":{"image_generator_settings":{"template":"highway","default_image_id":0,"enabled":false},"version":2}},"categories":[28,81],"tags":[],"class_list":["post-24192","post","type-post","status-publish","format-standard","has-post-thumbnail","hentry","category-cotidiano","category-manchete"],"yoast_head":"<!-- This site is optimized with the Yoast SEO plugin v25.6 - https:\/\/yoast.com\/wordpress\/plugins\/seo\/ -->\n<title>Jovem de 20 anos morre em acidente de carro em Franca - VerdadeOn<\/title>\n<meta name=\"robots\" content=\"index, follow, max-snippet:-1, max-image-preview:large, max-video-preview:-1\" \/>\n<link rel=\"canonical\" href=\"https:\/\/verdadeon.com.br\/portal\/2022\/04\/02\/jovem-de-20-anos-morre-em-acidente-de-carro-em-franca\/\" \/>\n<meta property=\"og:locale\" content=\"pt_BR\" \/>\n<meta property=\"og:type\" content=\"article\" \/>\n<meta property=\"og:title\" content=\"Jovem de 20 anos morre em acidente de carro em Franca - VerdadeOn\" \/>\n<meta property=\"og:description\" content=\"A v\u00edtima seguia sozinha no ve\u00edculo, o Samu chegou a ir at\u00e9 o local, mas o homem j\u00e1 estava sem vida Um jovem de 20 anos [\u2026]\" \/>\n<meta property=\"og:url\" content=\"https:\/\/verdadeon.com.br\/portal\/2022\/04\/02\/jovem-de-20-anos-morre-em-acidente-de-carro-em-franca\/\" \/>\n<meta property=\"og:site_name\" content=\"VerdadeOn\" \/>\n<meta property=\"article:published_time\" content=\"2022-04-02T16:30:18+00:00\" \/>\n<meta property=\"article:modified_time\" content=\"2022-04-02T21:43:09+00:00\" \/>\n<meta property=\"og:image\" content=\"https:\/\/verdadeon.com.br\/portal\/wp-content\/uploads\/2022\/04\/WhatsApp-Image-2022-04-02-at-11.47.07-e1648911034253.jpeg\" \/>\n\t<meta property=\"og:image:width\" content=\"999\" \/>\n\t<meta property=\"og:image:height\" content=\"669\" \/>\n\t<meta property=\"og:image:type\" content=\"image\/jpeg\" \/>\n<meta name=\"author\" content=\"Fernando Lima\" \/>\n<meta name=\"twitter:card\" content=\"summary_large_image\" \/>\n<meta name=\"twitter:label1\" content=\"Escrito por\" \/>\n\t<meta name=\"twitter:data1\" content=\"Fernando Lima\" \/>\n\t<meta name=\"twitter:label2\" content=\"Est. tempo de leitura\" \/>\n\t<meta name=\"twitter:data2\" content=\"1 minuto\" \/>\n<script type=\"application\/ld+json\" class=\"yoast-schema-graph\">{\"@context\":\"https:\/\/schema.org\",\"@graph\":[{\"@type\":\"WebPage\",\"@id\":\"https:\/\/verdadeon.com.br\/portal\/2022\/04\/02\/jovem-de-20-anos-morre-em-acidente-de-carro-em-franca\/\",\"url\":\"https:\/\/verdadeon.com.br\/portal\/2022\/04\/02\/jovem-de-20-anos-morre-em-acidente-de-carro-em-franca\/\",\"name\":\"Jovem de 20 anos morre em acidente de carro em Franca - VerdadeOn\",\"isPartOf\":{\"@id\":\"https:\/\/verdadeon.com.br\/portal\/#website\"},\"primaryImageOfPage\":{\"@id\":\"https:\/\/verdadeon.com.br\/portal\/2022\/04\/02\/jovem-de-20-anos-morre-em-acidente-de-carro-em-franca\/#primaryimage\"},\"image\":{\"@id\":\"https:\/\/verdadeon.com.br\/portal\/2022\/04\/02\/jovem-de-20-anos-morre-em-acidente-de-carro-em-franca\/#primaryimage\"},\"thumbnailUrl\":\"https:\/\/i0.wp.com\/verdadeon.com.br\/portal\/wp-content\/uploads\/2022\/04\/WhatsApp-Image-2022-04-02-at-11.47.07-e1648911034253.jpeg?fit=999%2C669&ssl=1\",\"datePublished\":\"2022-04-02T16:30:18+00:00\",\"dateModified\":\"2022-04-02T21:43:09+00:00\",\"author\":{\"@id\":\"https:\/\/verdadeon.com.br\/portal\/#\/schema\/person\/cc32be22b8e8599387c480bc83e1d11a\"},\"breadcrumb\":{\"@id\":\"https:\/\/verdadeon.com.br\/portal\/2022\/04\/02\/jovem-de-20-anos-morre-em-acidente-de-carro-em-franca\/#breadcrumb\"},\"inLanguage\":\"pt-BR\",\"potentialAction\":[{\"@type\":\"ReadAction\",\"target\":[\"https:\/\/verdadeon.com.br\/portal\/2022\/04\/02\/jovem-de-20-anos-morre-em-acidente-de-carro-em-franca\/\"]}]},{\"@type\":\"ImageObject\",\"inLanguage\":\"pt-BR\",\"@id\":\"https:\/\/verdadeon.com.br\/portal\/2022\/04\/02\/jovem-de-20-anos-morre-em-acidente-de-carro-em-franca\/#primaryimage\",\"url\":\"https:\/\/i0.wp.com\/verdadeon.com.br\/portal\/wp-content\/uploads\/2022\/04\/WhatsApp-Image-2022-04-02-at-11.47.07-e1648911034253.jpeg?fit=999%2C669&ssl=1\",\"contentUrl\":\"https:\/\/i0.wp.com\/verdadeon.com.br\/portal\/wp-content\/uploads\/2022\/04\/WhatsApp-Image-2022-04-02-at-11.47.07-e1648911034253.jpeg?fit=999%2C669&ssl=1\",\"width\":999,\"height\":669,\"caption\":\"Rafael Carrijo tinha 20 anos e morava com a fam\u00edlia na zona norte de Franca. Corpo dele deve ser sepultado neste domingo na cidade | Foto: Redes Sociais\"},{\"@type\":\"BreadcrumbList\",\"@id\":\"https:\/\/verdadeon.com.br\/portal\/2022\/04\/02\/jovem-de-20-anos-morre-em-acidente-de-carro-em-franca\/#breadcrumb\",\"itemListElement\":[{\"@type\":\"ListItem\",\"position\":1,\"name\":\"In\u00edcio\",\"item\":\"https:\/\/verdadeon.com.br\/portal\/\"},{\"@type\":\"ListItem\",\"position\":2,\"name\":\"Jovem de 20 anos morre em acidente de carro em Franca\"}]},{\"@type\":\"WebSite\",\"@id\":\"https:\/\/verdadeon.com.br\/portal\/#website\",\"url\":\"https:\/\/verdadeon.com.br\/portal\/\",\"name\":\"VerdadeOn\",\"description\":\"Not\u00edcias di\u00e1rias sobre Franca, Regi\u00e3o, Esporte, Cultura, Cotidiano, Colunas. Cobertura nos principais eventos da cidade \u00e9 aqui - Verdadeon Franca\",\"potentialAction\":[{\"@type\":\"SearchAction\",\"target\":{\"@type\":\"EntryPoint\",\"urlTemplate\":\"https:\/\/verdadeon.com.br\/portal\/?s={search_term_string}\"},\"query-input\":{\"@type\":\"PropertyValueSpecification\",\"valueRequired\":true,\"valueName\":\"search_term_string\"}}],\"inLanguage\":\"pt-BR\"},{\"@type\":\"Person\",\"@id\":\"https:\/\/verdadeon.com.br\/portal\/#\/schema\/person\/cc32be22b8e8599387c480bc83e1d11a\",\"name\":\"Fernando Lima\",\"image\":{\"@type\":\"ImageObject\",\"inLanguage\":\"pt-BR\",\"@id\":\"https:\/\/verdadeon.com.br\/portal\/#\/schema\/person\/image\/\",\"url\":\"https:\/\/secure.gravatar.com\/avatar\/df4c8e132080d2b3a4841d5d232045464e0eed11a1d6e43115ca0843d48768d3?s=96&d=mm&r=g\",\"contentUrl\":\"https:\/\/secure.gravatar.com\/avatar\/df4c8e132080d2b3a4841d5d232045464e0eed11a1d6e43115ca0843d48768d3?s=96&d=mm&r=g\",\"caption\":\"Fernando Lima\"},\"sameAs\":[\"http:\/\/verdadeon.com.br\/\"],\"url\":\"https:\/\/verdadeon.com.br\/portal\/author\/fernando-lima\/\"}]}<\/script>\n<!-- \/ Yoast SEO plugin. -->","yoast_head_json":{"title":"Jovem de 20 anos morre em acidente de carro em Franca - VerdadeOn","robots":{"index":"index","follow":"follow","max-snippet":"max-snippet:-1","max-image-preview":"max-image-preview:large","max-video-preview":"max-video-preview:-1"},"canonical":"https:\/\/verdadeon.com.br\/portal\/2022\/04\/02\/jovem-de-20-anos-morre-em-acidente-de-carro-em-franca\/","og_locale":"pt_BR","og_type":"article","og_title":"Jovem de 20 anos morre em acidente de carro em Franca - VerdadeOn","og_description":"A v\u00edtima seguia sozinha no ve\u00edculo, o Samu chegou a ir at\u00e9 o local, mas o homem j\u00e1 estava sem vida Um jovem de 20 anos [\u2026]","og_url":"https:\/\/verdadeon.com.br\/portal\/2022\/04\/02\/jovem-de-20-anos-morre-em-acidente-de-carro-em-franca\/","og_site_name":"VerdadeOn","article_published_time":"2022-04-02T16:30:18+00:00","article_modified_time":"2022-04-02T21:43:09+00:00","og_image":[{"width":999,"height":669,"url":"https:\/\/verdadeon.com.br\/portal\/wp-content\/uploads\/2022\/04\/WhatsApp-Image-2022-04-02-at-11.47.07-e1648911034253.jpeg","type":"image\/jpeg"}],"author":"Fernando Lima","twitter_card":"summary_large_image","twitter_misc":{"Escrito por":"Fernando Lima","Est. tempo de leitura":"1 minuto"},"schema":{"@context":"https:\/\/schema.org","@graph":[{"@type":"WebPage","@id":"https:\/\/verdadeon.com.br\/portal\/2022\/04\/02\/jovem-de-20-anos-morre-em-acidente-de-carro-em-franca\/","url":"https:\/\/verdadeon.com.br\/portal\/2022\/04\/02\/jovem-de-20-anos-morre-em-acidente-de-carro-em-franca\/","name":"Jovem de 20 anos morre em acidente de carro em Franca - VerdadeOn","isPartOf":{"@id":"https:\/\/verdadeon.com.br\/portal\/#website"},"primaryImageOfPage":{"@id":"https:\/\/verdadeon.com.br\/portal\/2022\/04\/02\/jovem-de-20-anos-morre-em-acidente-de-carro-em-franca\/#primaryimage"},"image":{"@id":"https:\/\/verdadeon.com.br\/portal\/2022\/04\/02\/jovem-de-20-anos-morre-em-acidente-de-carro-em-franca\/#primaryimage"},"thumbnailUrl":"https:\/\/i0.wp.com\/verdadeon.com.br\/portal\/wp-content\/uploads\/2022\/04\/WhatsApp-Image-2022-04-02-at-11.47.07-e1648911034253.jpeg?fit=999%2C669&ssl=1","datePublished":"2022-04-02T16:30:18+00:00","dateModified":"2022-04-02T21:43:09+00:00","author":{"@id":"https:\/\/verdadeon.com.br\/portal\/#\/schema\/person\/cc32be22b8e8599387c480bc83e1d11a"},"breadcrumb":{"@id":"https:\/\/verdadeon.com.br\/portal\/2022\/04\/02\/jovem-de-20-anos-morre-em-acidente-de-carro-em-franca\/#breadcrumb"},"inLanguage":"pt-BR","potentialAction":[{"@type":"ReadAction","target":["https:\/\/verdadeon.com.br\/portal\/2022\/04\/02\/jovem-de-20-anos-morre-em-acidente-de-carro-em-franca\/"]}]},{"@type":"ImageObject","inLanguage":"pt-BR","@id":"https:\/\/verdadeon.com.br\/portal\/2022\/04\/02\/jovem-de-20-anos-morre-em-acidente-de-carro-em-franca\/#primaryimage","url":"https:\/\/i0.wp.com\/verdadeon.com.br\/portal\/wp-content\/uploads\/2022\/04\/WhatsApp-Image-2022-04-02-at-11.47.07-e1648911034253.jpeg?fit=999%2C669&ssl=1","contentUrl":"https:\/\/i0.wp.com\/verdadeon.com.br\/portal\/wp-content\/uploads\/2022\/04\/WhatsApp-Image-2022-04-02-at-11.47.07-e1648911034253.jpeg?fit=999%2C669&ssl=1","width":999,"height":669,"caption":"Rafael Carrijo tinha 20 anos e morava com a fam\u00edlia na zona norte de Franca. Corpo dele deve ser sepultado neste domingo na cidade | Foto: Redes Sociais"},{"@type":"BreadcrumbList","@id":"https:\/\/verdadeon.com.br\/portal\/2022\/04\/02\/jovem-de-20-anos-morre-em-acidente-de-carro-em-franca\/#breadcrumb","itemListElement":[{"@type":"ListItem","position":1,"name":"In\u00edcio","item":"https:\/\/verdadeon.com.br\/portal\/"},{"@type":"ListItem","position":2,"name":"Jovem de 20 anos morre em acidente de carro em Franca"}]},{"@type":"WebSite","@id":"https:\/\/verdadeon.com.br\/portal\/#website","url":"https:\/\/verdadeon.com.br\/portal\/","name":"VerdadeOn","description":"Not\u00edcias di\u00e1rias sobre Franca, Regi\u00e3o, Esporte, Cultura, Cotidiano, Colunas. Cobertura nos principais eventos da cidade \u00e9 aqui - Verdadeon Franca","potentialAction":[{"@type":"SearchAction","target":{"@type":"EntryPoint","urlTemplate":"https:\/\/verdadeon.com.br\/portal\/?s={search_term_string}"},"query-input":{"@type":"PropertyValueSpecification","valueRequired":true,"valueName":"search_term_string"}}],"inLanguage":"pt-BR"},{"@type":"Person","@id":"https:\/\/verdadeon.com.br\/portal\/#\/schema\/person\/cc32be22b8e8599387c480bc83e1d11a","name":"Fernando Lima","image":{"@type":"ImageObject","inLanguage":"pt-BR","@id":"https:\/\/verdadeon.com.br\/portal\/#\/schema\/person\/image\/","url":"https:\/\/secure.gravatar.com\/avatar\/df4c8e132080d2b3a4841d5d232045464e0eed11a1d6e43115ca0843d48768d3?s=96&d=mm&r=g","contentUrl":"https:\/\/secure.gravatar.com\/avatar\/df4c8e132080d2b3a4841d5d232045464e0eed11a1d6e43115ca0843d48768d3?s=96&d=mm&r=g","caption":"Fernando Lima"},"sameAs":["http:\/\/verdadeon.com.br\/"],"url":"https:\/\/verdadeon.com.br\/portal\/author\/fernando-lima\/"}]}},"jetpack_publicize_connections":[],"jetpack_featured_media_url":"https:\/\/i0.wp.com\/verdadeon.com.br\/portal\/wp-content\/uploads\/2022\/04\/WhatsApp-Image-2022-04-02-at-11.47.07-e1648911034253.jpeg?fit=999%2C669&ssl=1","jetpack_sharing_enabled":true,"_links":{"self":[{"href":"https:\/\/verdadeon.com.br\/portal\/wp-json\/wp\/v2\/posts\/24192","targetHints":{"allow":["GET"]}}],"collection":[{"href":"https:\/\/verdadeon.com.br\/portal\/wp-json\/wp\/v2\/posts"}],"about":[{"href":"https:\/\/verdadeon.com.br\/portal\/wp-json\/wp\/v2\/types\/post"}],"author":[{"embeddable":true,"href":"https:\/\/verdadeon.com.br\/portal\/wp-json\/wp\/v2\/users\/7"}],"replies":[{"embeddable":true,"href":"https:\/\/verdadeon.com.br\/portal\/wp-json\/wp\/v2\/comments?post=24192"}],"version-history":[{"count":3,"href":"https:\/\/verdadeon.com.br\/portal\/wp-json\/wp\/v2\/posts\/24192\/revisions"}],"predecessor-version":[{"id":24210,"href":"https:\/\/verdadeon.com.br\/portal\/wp-json\/wp\/v2\/posts\/24192\/revisions\/24210"}],"wp:featuredmedia":[{"embeddable":true,"href":"https:\/\/verdadeon.com.br\/portal\/wp-json\/wp\/v2\/media\/24193"}],"wp:attachment":[{"href":"https:\/\/verdadeon.com.br\/portal\/wp-json\/wp\/v2\/media?parent=24192"}],"wp:term":[{"taxonomy":"category","embeddable":true,"href":"https:\/\/verdadeon.com.br\/portal\/wp-json\/wp\/v2\/categories?post=24192"},{"taxonomy":"post_tag","embeddable":true,"href":"https:\/\/verdadeon.com.br\/portal\/wp-json\/wp\/v2\/tags?post=24192"}],"curies":[{"name":"wp","href":"https:\/\/api.w.org\/{rel}","templated":true}]}}