{"id":24178,"date":"2022-04-01T17:35:33","date_gmt":"2022-04-01T20:35:33","guid":{"rendered":"https:\/\/verdadeon.com.br\/portal\/?p=24178"},"modified":"2022-04-01T17:35:33","modified_gmt":"2022-04-01T20:35:33","slug":"continua-impasse-sobre-area-destinada-a-hospital-regional-em-franca","status":"publish","type":"post","link":"https:\/\/verdadeon.com.br\/portal\/2022\/04\/01\/continua-impasse-sobre-area-destinada-a-hospital-regional-em-franca\/","title":{"rendered":"Continua impasse sobre \u00e1rea destinada a Hospital Regional em Franca"},"content":{"rendered":"<h2>Comiss\u00f5es Permanentes da C\u00e2mara pediram mais informa\u00e7\u00f5es ao Poder Executivo, \u00e1rea est\u00e1 sob judicie<\/h2>\n<p><span style=\"font-size: medium;\">O Departamento Jur\u00eddico da C\u00e2mara Municipal de Franca, alertou que \u00e9 arriscado destinar a \u00e1rea para a constru\u00e7\u00e3o do Hospital Regional de Franca, pelo fato da mesma estar sob judicie.<\/span><span style=\"font-size: medium;\"> &#8220;\u00c9<\/span><span style=\"font-size: medium;\"> fato inconteste que a \u00e1rea sobre a qual se pretende dar a predestina\u00e7\u00e3o l\u00edcita encontra-se sob lit\u00edgio, ou seja, embora a a\u00e7\u00e3o judicial n\u00e3o impe\u00e7a a predestina\u00e7\u00e3o \u00e9 fato p\u00fablico e not\u00f3rio que com a demanda judicial, a destina\u00e7\u00e3o de tal \u00e1rea deixou de ser puramente administrativa passando a ser de compet\u00eancia do Poder Judici\u00e1rio, logo \u00e9 de se alertar, que qualquer decis\u00e3o administrativa sobre a \u00e1rea que encontra-se sobre a seara judicial \u00e9 arriscada&#8221;, alertou a <\/span><span style=\"font-size: medium;\">advogada Taysa Mara Thomazini, do departamento jur\u00eddico da Casa de Leis.<\/span><\/p>\n<p><span style=\"font-size: medium;\">A resposta veio ap\u00f3s ser lido durante a reuni\u00e3o, <\/span><span style=\"font-size: medium;\">a resposta encaminhada pela Procuradoria Jur\u00eddica do Munic\u00edpio, informando que apesar da disputa judicial n\u00e3o h\u00e1 impedimento para que a \u00e1rea seja destinada para a proposta de constru\u00e7\u00e3o de um novo hospital.\u00a0<\/span><\/p>\n<p><span style=\"font-size: medium;\">&#8220;Oriento a todos os nobres vereadores se instru\u00edrem e se orientarem junto ao Executivo, caso a pertin\u00eancia e prosseguimento da proposta que regularizem o projeto deixando apto \u00e0 delibera\u00e7\u00e3o&#8221;, enfatizou a advogada da C\u00e2mara. <\/span><\/p>\n<p><span style=\"font-size: medium;\">Diante os questionamentos, um of\u00edcio foi enviado ao Poder Executivo, apontado questionamentos que foram levantados pela Comiss\u00e3o e pelo Departamento Jur\u00eddico da C\u00e2mara.<\/span><\/p>\n<h4>O caso<\/h4>\n<p>O Jornal Verdade trouxe em primeira m\u00e3o na segunda-feira (28), que a \u00e1rea que vai ser cedida para a constru\u00e7\u00e3o do Hospital Regional de Franca, est\u00e1 sendo alvo de uma a\u00e7\u00e3o na Justi\u00e7a dos seus antigos donos. Isso porque em 2012 a desapropria\u00e7\u00e3o aconteceu para a constru\u00e7\u00e3o da Cidade Judici\u00e1ria, o que n\u00e3o saiu do papel, agora os antigos donos que se sentiram prejudicados, pedem a \u00e1rea de volta ou uma indeniza\u00e7\u00e3o por parte da Prefeitura.<\/p>\n<p>\u201cOs requerentes informaram a propriedade de uma gleba de terras e a desapropria\u00e7\u00e3o amig\u00e1vel, formalizada junto ao Munic\u00edpio de Franca, para constru\u00e7\u00e3o da denominada \u201cCidade Judici\u00e1ria\u201d. Posteriormente, o Munic\u00edpio doou a \u00e1rea ao Estado para viabilizar as edifica\u00e7\u00f5es, mas o projeto nunca foi consolidado. Alega-se que o valor da desapropria\u00e7\u00e3o volunt\u00e1ria foi abaixo do valor real do im\u00f3vel, pois os requerentes esperavam valoriza\u00e7\u00e3o das glebas remanescentes, confrontantes com a \u00e1rea expropriada, tamb\u00e9m de sua propriedade. A desapropria\u00e7\u00e3o n\u00e3o atingiu a finalidade que a justificou e causou preju\u00edzo, \u00e9 a alega\u00e7\u00e3o dos requerentes\u201d, diz o processo.<\/p>\n<p>A defesa pediu ainda que caso n\u00e3o seja poss\u00edvel retrocess\u00e3o, haja pagamento de indeniza\u00e7\u00e3o pela diferen\u00e7a entre o valor pago pelo munic\u00edpio na desapropria\u00e7\u00e3o e aquele que for apurado em avalia\u00e7\u00e3o oficial, al\u00e9m dos danos morais.\u00a0O processo tramita na Justi\u00e7a.<\/p>\n","protected":false},"excerpt":{"rendered":"<p>Comiss\u00f5es Permanentes da C\u00e2mara pediram mais informa\u00e7\u00f5es ao Poder Executivo, \u00e1rea est\u00e1 sob judicie O Departamento Jur\u00eddico da C\u00e2mara Municipal de Franca, alertou que \u00e9 arriscado<span class=\"excerpt-hellip\"> [\u2026]<\/span><\/p>\n","protected":false},"author":7,"featured_media":24053,"comment_status":"open","ping_status":"open","sticky":false,"template":"","format":"standard","meta":{"_jetpack_memberships_contains_paid_content":false,"footnotes":"","jetpack_publicize_message":"","jetpack_publicize_feature_enabled":true,"jetpack_social_post_already_shared":false,"jetpack_social_options":{"image_generator_settings":{"template":"highway","default_image_id":0,"enabled":false},"version":2}},"categories":[28,81],"tags":[],"class_list":["post-24178","post","type-post","status-publish","format-standard","has-post-thumbnail","hentry","category-cotidiano","category-manchete"],"yoast_head":"<!-- This site is optimized with the Yoast SEO plugin v25.6 - https:\/\/yoast.com\/wordpress\/plugins\/seo\/ -->\n<title>Continua impasse sobre \u00e1rea destinada a Hospital Regional em Franca - VerdadeOn<\/title>\n<meta name=\"robots\" content=\"index, follow, max-snippet:-1, max-image-preview:large, max-video-preview:-1\" \/>\n<link rel=\"canonical\" href=\"https:\/\/verdadeon.com.br\/portal\/2022\/04\/01\/continua-impasse-sobre-area-destinada-a-hospital-regional-em-franca\/\" \/>\n<meta property=\"og:locale\" content=\"pt_BR\" \/>\n<meta property=\"og:type\" content=\"article\" \/>\n<meta property=\"og:title\" content=\"Continua impasse sobre \u00e1rea destinada a Hospital Regional em Franca - VerdadeOn\" \/>\n<meta property=\"og:description\" content=\"Comiss\u00f5es Permanentes da C\u00e2mara pediram mais informa\u00e7\u00f5es ao Poder Executivo, \u00e1rea est\u00e1 sob judicie O Departamento Jur\u00eddico da C\u00e2mara Municipal de Franca, alertou que \u00e9 arriscado [\u2026]\" \/>\n<meta property=\"og:url\" content=\"https:\/\/verdadeon.com.br\/portal\/2022\/04\/01\/continua-impasse-sobre-area-destinada-a-hospital-regional-em-franca\/\" \/>\n<meta property=\"og:site_name\" content=\"VerdadeOn\" \/>\n<meta property=\"article:published_time\" content=\"2022-04-01T20:35:33+00:00\" \/>\n<meta property=\"og:image\" content=\"https:\/\/verdadeon.com.br\/portal\/wp-content\/uploads\/2022\/03\/WhatsApp-Image-2022-03-28-at-20.15.39.jpeg\" \/>\n\t<meta property=\"og:image:width\" content=\"1000\" \/>\n\t<meta property=\"og:image:height\" content=\"670\" \/>\n\t<meta property=\"og:image:type\" content=\"image\/jpeg\" \/>\n<meta name=\"author\" content=\"Fernando Lima\" \/>\n<meta name=\"twitter:card\" content=\"summary_large_image\" \/>\n<meta name=\"twitter:label1\" content=\"Escrito por\" \/>\n\t<meta name=\"twitter:data1\" content=\"Fernando Lima\" \/>\n\t<meta name=\"twitter:label2\" content=\"Est. tempo de leitura\" \/>\n\t<meta name=\"twitter:data2\" content=\"3 minutos\" \/>\n<script type=\"application\/ld+json\" class=\"yoast-schema-graph\">{\"@context\":\"https:\/\/schema.org\",\"@graph\":[{\"@type\":\"WebPage\",\"@id\":\"https:\/\/verdadeon.com.br\/portal\/2022\/04\/01\/continua-impasse-sobre-area-destinada-a-hospital-regional-em-franca\/\",\"url\":\"https:\/\/verdadeon.com.br\/portal\/2022\/04\/01\/continua-impasse-sobre-area-destinada-a-hospital-regional-em-franca\/\",\"name\":\"Continua impasse sobre \u00e1rea destinada a Hospital Regional em Franca - VerdadeOn\",\"isPartOf\":{\"@id\":\"https:\/\/verdadeon.com.br\/portal\/#website\"},\"primaryImageOfPage\":{\"@id\":\"https:\/\/verdadeon.com.br\/portal\/2022\/04\/01\/continua-impasse-sobre-area-destinada-a-hospital-regional-em-franca\/#primaryimage\"},\"image\":{\"@id\":\"https:\/\/verdadeon.com.br\/portal\/2022\/04\/01\/continua-impasse-sobre-area-destinada-a-hospital-regional-em-franca\/#primaryimage\"},\"thumbnailUrl\":\"https:\/\/i0.wp.com\/verdadeon.com.br\/portal\/wp-content\/uploads\/2022\/03\/WhatsApp-Image-2022-03-28-at-20.15.39.jpeg?fit=1000%2C670&ssl=1\",\"datePublished\":\"2022-04-01T20:35:33+00:00\",\"author\":{\"@id\":\"https:\/\/verdadeon.com.br\/portal\/#\/schema\/person\/cc32be22b8e8599387c480bc83e1d11a\"},\"breadcrumb\":{\"@id\":\"https:\/\/verdadeon.com.br\/portal\/2022\/04\/01\/continua-impasse-sobre-area-destinada-a-hospital-regional-em-franca\/#breadcrumb\"},\"inLanguage\":\"pt-BR\",\"potentialAction\":[{\"@type\":\"ReadAction\",\"target\":[\"https:\/\/verdadeon.com.br\/portal\/2022\/04\/01\/continua-impasse-sobre-area-destinada-a-hospital-regional-em-franca\/\"]}]},{\"@type\":\"ImageObject\",\"inLanguage\":\"pt-BR\",\"@id\":\"https:\/\/verdadeon.com.br\/portal\/2022\/04\/01\/continua-impasse-sobre-area-destinada-a-hospital-regional-em-franca\/#primaryimage\",\"url\":\"https:\/\/i0.wp.com\/verdadeon.com.br\/portal\/wp-content\/uploads\/2022\/03\/WhatsApp-Image-2022-03-28-at-20.15.39.jpeg?fit=1000%2C670&ssl=1\",\"contentUrl\":\"https:\/\/i0.wp.com\/verdadeon.com.br\/portal\/wp-content\/uploads\/2022\/03\/WhatsApp-Image-2022-03-28-at-20.15.39.jpeg?fit=1000%2C670&ssl=1\",\"width\":1000,\"height\":670,\"caption\":\"\u00c1rea fica no Jardim No\u00eamia, na zona sul de Franca. Antigos propriet\u00e1rios reclamam do valor pago, j\u00e1 que \u00e1rea n\u00e3o foi valorizada como havia sido prometido com a constru\u00e7\u00e3o do novo F\u00f3rum | Foto: Google Earth\"},{\"@type\":\"BreadcrumbList\",\"@id\":\"https:\/\/verdadeon.com.br\/portal\/2022\/04\/01\/continua-impasse-sobre-area-destinada-a-hospital-regional-em-franca\/#breadcrumb\",\"itemListElement\":[{\"@type\":\"ListItem\",\"position\":1,\"name\":\"In\u00edcio\",\"item\":\"https:\/\/verdadeon.com.br\/portal\/\"},{\"@type\":\"ListItem\",\"position\":2,\"name\":\"Continua impasse sobre \u00e1rea destinada a Hospital Regional em Franca\"}]},{\"@type\":\"WebSite\",\"@id\":\"https:\/\/verdadeon.com.br\/portal\/#website\",\"url\":\"https:\/\/verdadeon.com.br\/portal\/\",\"name\":\"VerdadeOn\",\"description\":\"Not\u00edcias di\u00e1rias sobre Franca, Regi\u00e3o, Esporte, Cultura, Cotidiano, Colunas. Cobertura nos principais eventos da cidade \u00e9 aqui - Verdadeon Franca\",\"potentialAction\":[{\"@type\":\"SearchAction\",\"target\":{\"@type\":\"EntryPoint\",\"urlTemplate\":\"https:\/\/verdadeon.com.br\/portal\/?s={search_term_string}\"},\"query-input\":{\"@type\":\"PropertyValueSpecification\",\"valueRequired\":true,\"valueName\":\"search_term_string\"}}],\"inLanguage\":\"pt-BR\"},{\"@type\":\"Person\",\"@id\":\"https:\/\/verdadeon.com.br\/portal\/#\/schema\/person\/cc32be22b8e8599387c480bc83e1d11a\",\"name\":\"Fernando Lima\",\"image\":{\"@type\":\"ImageObject\",\"inLanguage\":\"pt-BR\",\"@id\":\"https:\/\/verdadeon.com.br\/portal\/#\/schema\/person\/image\/\",\"url\":\"https:\/\/secure.gravatar.com\/avatar\/df4c8e132080d2b3a4841d5d232045464e0eed11a1d6e43115ca0843d48768d3?s=96&d=mm&r=g\",\"contentUrl\":\"https:\/\/secure.gravatar.com\/avatar\/df4c8e132080d2b3a4841d5d232045464e0eed11a1d6e43115ca0843d48768d3?s=96&d=mm&r=g\",\"caption\":\"Fernando Lima\"},\"sameAs\":[\"http:\/\/verdadeon.com.br\/\"],\"url\":\"https:\/\/verdadeon.com.br\/portal\/author\/fernando-lima\/\"}]}<\/script>\n<!-- \/ Yoast SEO plugin. -->","yoast_head_json":{"title":"Continua impasse sobre \u00e1rea destinada a Hospital Regional em Franca - VerdadeOn","robots":{"index":"index","follow":"follow","max-snippet":"max-snippet:-1","max-image-preview":"max-image-preview:large","max-video-preview":"max-video-preview:-1"},"canonical":"https:\/\/verdadeon.com.br\/portal\/2022\/04\/01\/continua-impasse-sobre-area-destinada-a-hospital-regional-em-franca\/","og_locale":"pt_BR","og_type":"article","og_title":"Continua impasse sobre \u00e1rea destinada a Hospital Regional em Franca - VerdadeOn","og_description":"Comiss\u00f5es Permanentes da C\u00e2mara pediram mais informa\u00e7\u00f5es ao Poder Executivo, \u00e1rea est\u00e1 sob judicie O Departamento Jur\u00eddico da C\u00e2mara Municipal de Franca, alertou que \u00e9 arriscado [\u2026]","og_url":"https:\/\/verdadeon.com.br\/portal\/2022\/04\/01\/continua-impasse-sobre-area-destinada-a-hospital-regional-em-franca\/","og_site_name":"VerdadeOn","article_published_time":"2022-04-01T20:35:33+00:00","og_image":[{"width":1000,"height":670,"url":"https:\/\/verdadeon.com.br\/portal\/wp-content\/uploads\/2022\/03\/WhatsApp-Image-2022-03-28-at-20.15.39.jpeg","type":"image\/jpeg"}],"author":"Fernando Lima","twitter_card":"summary_large_image","twitter_misc":{"Escrito por":"Fernando Lima","Est. tempo de leitura":"3 minutos"},"schema":{"@context":"https:\/\/schema.org","@graph":[{"@type":"WebPage","@id":"https:\/\/verdadeon.com.br\/portal\/2022\/04\/01\/continua-impasse-sobre-area-destinada-a-hospital-regional-em-franca\/","url":"https:\/\/verdadeon.com.br\/portal\/2022\/04\/01\/continua-impasse-sobre-area-destinada-a-hospital-regional-em-franca\/","name":"Continua impasse sobre \u00e1rea destinada a Hospital Regional em Franca - VerdadeOn","isPartOf":{"@id":"https:\/\/verdadeon.com.br\/portal\/#website"},"primaryImageOfPage":{"@id":"https:\/\/verdadeon.com.br\/portal\/2022\/04\/01\/continua-impasse-sobre-area-destinada-a-hospital-regional-em-franca\/#primaryimage"},"image":{"@id":"https:\/\/verdadeon.com.br\/portal\/2022\/04\/01\/continua-impasse-sobre-area-destinada-a-hospital-regional-em-franca\/#primaryimage"},"thumbnailUrl":"https:\/\/i0.wp.com\/verdadeon.com.br\/portal\/wp-content\/uploads\/2022\/03\/WhatsApp-Image-2022-03-28-at-20.15.39.jpeg?fit=1000%2C670&ssl=1","datePublished":"2022-04-01T20:35:33+00:00","author":{"@id":"https:\/\/verdadeon.com.br\/portal\/#\/schema\/person\/cc32be22b8e8599387c480bc83e1d11a"},"breadcrumb":{"@id":"https:\/\/verdadeon.com.br\/portal\/2022\/04\/01\/continua-impasse-sobre-area-destinada-a-hospital-regional-em-franca\/#breadcrumb"},"inLanguage":"pt-BR","potentialAction":[{"@type":"ReadAction","target":["https:\/\/verdadeon.com.br\/portal\/2022\/04\/01\/continua-impasse-sobre-area-destinada-a-hospital-regional-em-franca\/"]}]},{"@type":"ImageObject","inLanguage":"pt-BR","@id":"https:\/\/verdadeon.com.br\/portal\/2022\/04\/01\/continua-impasse-sobre-area-destinada-a-hospital-regional-em-franca\/#primaryimage","url":"https:\/\/i0.wp.com\/verdadeon.com.br\/portal\/wp-content\/uploads\/2022\/03\/WhatsApp-Image-2022-03-28-at-20.15.39.jpeg?fit=1000%2C670&ssl=1","contentUrl":"https:\/\/i0.wp.com\/verdadeon.com.br\/portal\/wp-content\/uploads\/2022\/03\/WhatsApp-Image-2022-03-28-at-20.15.39.jpeg?fit=1000%2C670&ssl=1","width":1000,"height":670,"caption":"\u00c1rea fica no Jardim No\u00eamia, na zona sul de Franca. Antigos propriet\u00e1rios reclamam do valor pago, j\u00e1 que \u00e1rea n\u00e3o foi valorizada como havia sido prometido com a constru\u00e7\u00e3o do novo F\u00f3rum | Foto: Google Earth"},{"@type":"BreadcrumbList","@id":"https:\/\/verdadeon.com.br\/portal\/2022\/04\/01\/continua-impasse-sobre-area-destinada-a-hospital-regional-em-franca\/#breadcrumb","itemListElement":[{"@type":"ListItem","position":1,"name":"In\u00edcio","item":"https:\/\/verdadeon.com.br\/portal\/"},{"@type":"ListItem","position":2,"name":"Continua impasse sobre \u00e1rea destinada a Hospital Regional em Franca"}]},{"@type":"WebSite","@id":"https:\/\/verdadeon.com.br\/portal\/#website","url":"https:\/\/verdadeon.com.br\/portal\/","name":"VerdadeOn","description":"Not\u00edcias di\u00e1rias sobre Franca, Regi\u00e3o, Esporte, Cultura, Cotidiano, Colunas. Cobertura nos principais eventos da cidade \u00e9 aqui - Verdadeon Franca","potentialAction":[{"@type":"SearchAction","target":{"@type":"EntryPoint","urlTemplate":"https:\/\/verdadeon.com.br\/portal\/?s={search_term_string}"},"query-input":{"@type":"PropertyValueSpecification","valueRequired":true,"valueName":"search_term_string"}}],"inLanguage":"pt-BR"},{"@type":"Person","@id":"https:\/\/verdadeon.com.br\/portal\/#\/schema\/person\/cc32be22b8e8599387c480bc83e1d11a","name":"Fernando Lima","image":{"@type":"ImageObject","inLanguage":"pt-BR","@id":"https:\/\/verdadeon.com.br\/portal\/#\/schema\/person\/image\/","url":"https:\/\/secure.gravatar.com\/avatar\/df4c8e132080d2b3a4841d5d232045464e0eed11a1d6e43115ca0843d48768d3?s=96&d=mm&r=g","contentUrl":"https:\/\/secure.gravatar.com\/avatar\/df4c8e132080d2b3a4841d5d232045464e0eed11a1d6e43115ca0843d48768d3?s=96&d=mm&r=g","caption":"Fernando Lima"},"sameAs":["http:\/\/verdadeon.com.br\/"],"url":"https:\/\/verdadeon.com.br\/portal\/author\/fernando-lima\/"}]}},"jetpack_publicize_connections":[],"jetpack_featured_media_url":"https:\/\/i0.wp.com\/verdadeon.com.br\/portal\/wp-content\/uploads\/2022\/03\/WhatsApp-Image-2022-03-28-at-20.15.39.jpeg?fit=1000%2C670&ssl=1","jetpack_sharing_enabled":true,"_links":{"self":[{"href":"https:\/\/verdadeon.com.br\/portal\/wp-json\/wp\/v2\/posts\/24178","targetHints":{"allow":["GET"]}}],"collection":[{"href":"https:\/\/verdadeon.com.br\/portal\/wp-json\/wp\/v2\/posts"}],"about":[{"href":"https:\/\/verdadeon.com.br\/portal\/wp-json\/wp\/v2\/types\/post"}],"author":[{"embeddable":true,"href":"https:\/\/verdadeon.com.br\/portal\/wp-json\/wp\/v2\/users\/7"}],"replies":[{"embeddable":true,"href":"https:\/\/verdadeon.com.br\/portal\/wp-json\/wp\/v2\/comments?post=24178"}],"version-history":[{"count":1,"href":"https:\/\/verdadeon.com.br\/portal\/wp-json\/wp\/v2\/posts\/24178\/revisions"}],"predecessor-version":[{"id":24184,"href":"https:\/\/verdadeon.com.br\/portal\/wp-json\/wp\/v2\/posts\/24178\/revisions\/24184"}],"wp:featuredmedia":[{"embeddable":true,"href":"https:\/\/verdadeon.com.br\/portal\/wp-json\/wp\/v2\/media\/24053"}],"wp:attachment":[{"href":"https:\/\/verdadeon.com.br\/portal\/wp-json\/wp\/v2\/media?parent=24178"}],"wp:term":[{"taxonomy":"category","embeddable":true,"href":"https:\/\/verdadeon.com.br\/portal\/wp-json\/wp\/v2\/categories?post=24178"},{"taxonomy":"post_tag","embeddable":true,"href":"https:\/\/verdadeon.com.br\/portal\/wp-json\/wp\/v2\/tags?post=24178"}],"curies":[{"name":"wp","href":"https:\/\/api.w.org\/{rel}","templated":true}]}}