{"id":24148,"date":"2022-04-01T14:11:38","date_gmt":"2022-04-01T17:11:38","guid":{"rendered":"https:\/\/verdadeon.com.br\/portal\/?p=24148"},"modified":"2022-04-01T14:11:38","modified_gmt":"2022-04-01T17:11:38","slug":"francana-recebe-proposta-para-gestao-em-sociedade","status":"publish","type":"post","link":"https:\/\/verdadeon.com.br\/portal\/2022\/04\/01\/francana-recebe-proposta-para-gestao-em-sociedade\/","title":{"rendered":"Francana recebe proposta para gest\u00e3o em sociedade"},"content":{"rendered":"<h2>Reuni\u00f5es devem definir os pr\u00f3ximos passos da Veterana, principal objetivo \u00e9 gerar receitas para o clube<\/h2>\n<p>A Francana informou na manh\u00e3 desta sexta-feira (1), que receberam um modelo de gest\u00e3o para se tornarem uma Sociedade An\u00f4nima de Futebol (SAF). Eles disseram que v\u00e3o reunir o Conselho para discutir o assunto, a empresa \u00e9 a maior plataforma de ativos alternativos, tendo captado mais de R$ 100 milh\u00f5es desde 2018. A empresa \u00e9 do Rio de Janeiro e tem uma parceria com o Figueirense, de Santa Catarina e seria o mesmo modelo aplicado na Francana.<\/p>\n<p>&#8220;Existem v\u00e1rios modelos de SAF que vem sendo implantados em clubes de futebol em geral, no Brasil. No formato proposto \u00e0 Veterana, seguir\u00edamos detentores da maior parte das a\u00e7\u00f5es. Caso seja aprovado o formato da parceria, o grupo passar\u00e1 a ter um pequeno percentual das a\u00e7\u00f5es da nova empresa SAF, trabalhar\u00e1 em conjunto com a atual diretoria e conselho deliberativo na busca de investidores brasileiros e internacionais&#8221;, informou a Veterana.<\/p>\n<h4>Investimentos<\/h4>\n<p>Segundo a diretoria, os recursos captados ser\u00e3o investidos no Programa de Futebol do clube, que vai privilegiar investimentos na forma\u00e7\u00e3o de jogadores, criando tamb\u00e9m, frentes de trabalho de marketing para capta\u00e7\u00e3o de verbas publicit\u00e1rias, material esportivo, programas de s\u00f3cio-torcedor, entre outras. O principal objetivo \u00e9 trazer recursos financeiros ao clube, fortalecer o caixa e principalmente obter lucro ao final de cada exerc\u00edcio.<\/p>\n<p>A Lei n\u00ba 14.193, que institui a Sociedade An\u00f4nima do Futebol (SAF), traz uma janela de oportunidade para aqueles clubes que querem ser os protagonistas do futuro do futebol brasileiro.<br \/>\nO patrim\u00f4nio e as d\u00edvidas da agremia\u00e7\u00e3o n\u00e3o fazem parte das tratativas e o lucro ser\u00e1 dividido entre clube e a empresa.<br \/>\nO modelo que poder\u00e1 ser implantado \u00e9 uma alternativa j\u00e1 que a Francana precisa criar fontes pr\u00f3prias de receita, projetar novos investimentos em infraestrutura, iniciar a liquida\u00e7\u00e3o dos d\u00e9bitos e d\u00edvidas antigas, al\u00e9m de fazer uma reserva de capital de giro para manuten\u00e7\u00e3o de atividades de rotina.<br \/>\n&#8220;Com os p\u00e9s no ch\u00e3o, este \u00e9 apenas um in\u00edcio de discuss\u00e3o sobre a cria\u00e7\u00e3o da SAF, queremos o melhor para nossa Francana, o torcedor, a cidade precisa disso&#8221;.<\/p>\n","protected":false},"excerpt":{"rendered":"<p>Reuni\u00f5es devem definir os pr\u00f3ximos passos da Veterana, principal objetivo \u00e9 gerar receitas para o clube A Francana informou na manh\u00e3 desta sexta-feira (1), que receberam<span class=\"excerpt-hellip\"> [\u2026]<\/span><\/p>\n","protected":false},"author":7,"featured_media":9998,"comment_status":"open","ping_status":"open","sticky":false,"template":"","format":"standard","meta":{"_jetpack_memberships_contains_paid_content":false,"footnotes":"","jetpack_publicize_message":"","jetpack_publicize_feature_enabled":true,"jetpack_social_post_already_shared":false,"jetpack_social_options":{"image_generator_settings":{"template":"highway","default_image_id":0,"enabled":false},"version":2}},"categories":[28,44],"tags":[],"class_list":["post-24148","post","type-post","status-publish","format-standard","has-post-thumbnail","hentry","category-cotidiano","category-noticias"],"yoast_head":"<!-- This site is optimized with the Yoast SEO plugin v25.6 - https:\/\/yoast.com\/wordpress\/plugins\/seo\/ -->\n<title>Francana recebe proposta para gest\u00e3o em sociedade - VerdadeOn<\/title>\n<meta name=\"robots\" content=\"index, follow, max-snippet:-1, max-image-preview:large, max-video-preview:-1\" \/>\n<link rel=\"canonical\" href=\"https:\/\/verdadeon.com.br\/portal\/2022\/04\/01\/francana-recebe-proposta-para-gestao-em-sociedade\/\" \/>\n<meta property=\"og:locale\" content=\"pt_BR\" \/>\n<meta property=\"og:type\" content=\"article\" \/>\n<meta property=\"og:title\" content=\"Francana recebe proposta para gest\u00e3o em sociedade - VerdadeOn\" \/>\n<meta property=\"og:description\" content=\"Reuni\u00f5es devem definir os pr\u00f3ximos passos da Veterana, principal objetivo \u00e9 gerar receitas para o clube A Francana informou na manh\u00e3 desta sexta-feira (1), que receberam [\u2026]\" \/>\n<meta property=\"og:url\" content=\"https:\/\/verdadeon.com.br\/portal\/2022\/04\/01\/francana-recebe-proposta-para-gestao-em-sociedade\/\" \/>\n<meta property=\"og:site_name\" content=\"VerdadeOn\" \/>\n<meta property=\"article:published_time\" content=\"2022-04-01T17:11:38+00:00\" \/>\n<meta property=\"og:image\" content=\"https:\/\/verdadeon.com.br\/portal\/wp-content\/uploads\/2020\/08\/WhatsApp-Image-2020-08-26-at-09.13.10.jpeg\" \/>\n\t<meta property=\"og:image:width\" content=\"1000\" \/>\n\t<meta property=\"og:image:height\" content=\"670\" \/>\n\t<meta property=\"og:image:type\" content=\"image\/jpeg\" \/>\n<meta name=\"author\" content=\"Fernando Lima\" \/>\n<meta name=\"twitter:card\" content=\"summary_large_image\" \/>\n<meta name=\"twitter:label1\" content=\"Escrito por\" \/>\n\t<meta name=\"twitter:data1\" content=\"Fernando Lima\" \/>\n\t<meta name=\"twitter:label2\" content=\"Est. tempo de leitura\" \/>\n\t<meta name=\"twitter:data2\" content=\"2 minutos\" \/>\n<script type=\"application\/ld+json\" class=\"yoast-schema-graph\">{\"@context\":\"https:\/\/schema.org\",\"@graph\":[{\"@type\":\"WebPage\",\"@id\":\"https:\/\/verdadeon.com.br\/portal\/2022\/04\/01\/francana-recebe-proposta-para-gestao-em-sociedade\/\",\"url\":\"https:\/\/verdadeon.com.br\/portal\/2022\/04\/01\/francana-recebe-proposta-para-gestao-em-sociedade\/\",\"name\":\"Francana recebe proposta para gest\u00e3o em sociedade - VerdadeOn\",\"isPartOf\":{\"@id\":\"https:\/\/verdadeon.com.br\/portal\/#website\"},\"primaryImageOfPage\":{\"@id\":\"https:\/\/verdadeon.com.br\/portal\/2022\/04\/01\/francana-recebe-proposta-para-gestao-em-sociedade\/#primaryimage\"},\"image\":{\"@id\":\"https:\/\/verdadeon.com.br\/portal\/2022\/04\/01\/francana-recebe-proposta-para-gestao-em-sociedade\/#primaryimage\"},\"thumbnailUrl\":\"https:\/\/i0.wp.com\/verdadeon.com.br\/portal\/wp-content\/uploads\/2020\/08\/WhatsApp-Image-2020-08-26-at-09.13.10.jpeg?fit=1000%2C670&ssl=1\",\"datePublished\":\"2022-04-01T17:11:38+00:00\",\"author\":{\"@id\":\"https:\/\/verdadeon.com.br\/portal\/#\/schema\/person\/cc32be22b8e8599387c480bc83e1d11a\"},\"breadcrumb\":{\"@id\":\"https:\/\/verdadeon.com.br\/portal\/2022\/04\/01\/francana-recebe-proposta-para-gestao-em-sociedade\/#breadcrumb\"},\"inLanguage\":\"pt-BR\",\"potentialAction\":[{\"@type\":\"ReadAction\",\"target\":[\"https:\/\/verdadeon.com.br\/portal\/2022\/04\/01\/francana-recebe-proposta-para-gestao-em-sociedade\/\"]}]},{\"@type\":\"ImageObject\",\"inLanguage\":\"pt-BR\",\"@id\":\"https:\/\/verdadeon.com.br\/portal\/2022\/04\/01\/francana-recebe-proposta-para-gestao-em-sociedade\/#primaryimage\",\"url\":\"https:\/\/i0.wp.com\/verdadeon.com.br\/portal\/wp-content\/uploads\/2020\/08\/WhatsApp-Image-2020-08-26-at-09.13.10.jpeg?fit=1000%2C670&ssl=1\",\"contentUrl\":\"https:\/\/i0.wp.com\/verdadeon.com.br\/portal\/wp-content\/uploads\/2020\/08\/WhatsApp-Image-2020-08-26-at-09.13.10.jpeg?fit=1000%2C670&ssl=1\",\"width\":1000,\"height\":670,\"caption\":\"Diretoria e Conselho v\u00e3o se reunir nas pr\u00f3ximas horas para estudar proposta, empresa \u00e9 refer\u00eancia neste tipo de investimento | Foto: Arquivo\/Verdade\"},{\"@type\":\"BreadcrumbList\",\"@id\":\"https:\/\/verdadeon.com.br\/portal\/2022\/04\/01\/francana-recebe-proposta-para-gestao-em-sociedade\/#breadcrumb\",\"itemListElement\":[{\"@type\":\"ListItem\",\"position\":1,\"name\":\"In\u00edcio\",\"item\":\"https:\/\/verdadeon.com.br\/portal\/\"},{\"@type\":\"ListItem\",\"position\":2,\"name\":\"Francana recebe proposta para gest\u00e3o em sociedade\"}]},{\"@type\":\"WebSite\",\"@id\":\"https:\/\/verdadeon.com.br\/portal\/#website\",\"url\":\"https:\/\/verdadeon.com.br\/portal\/\",\"name\":\"VerdadeOn\",\"description\":\"Not\u00edcias di\u00e1rias sobre Franca, Regi\u00e3o, Esporte, Cultura, Cotidiano, Colunas. Cobertura nos principais eventos da cidade \u00e9 aqui - Verdadeon Franca\",\"potentialAction\":[{\"@type\":\"SearchAction\",\"target\":{\"@type\":\"EntryPoint\",\"urlTemplate\":\"https:\/\/verdadeon.com.br\/portal\/?s={search_term_string}\"},\"query-input\":{\"@type\":\"PropertyValueSpecification\",\"valueRequired\":true,\"valueName\":\"search_term_string\"}}],\"inLanguage\":\"pt-BR\"},{\"@type\":\"Person\",\"@id\":\"https:\/\/verdadeon.com.br\/portal\/#\/schema\/person\/cc32be22b8e8599387c480bc83e1d11a\",\"name\":\"Fernando Lima\",\"image\":{\"@type\":\"ImageObject\",\"inLanguage\":\"pt-BR\",\"@id\":\"https:\/\/verdadeon.com.br\/portal\/#\/schema\/person\/image\/\",\"url\":\"https:\/\/secure.gravatar.com\/avatar\/df4c8e132080d2b3a4841d5d232045464e0eed11a1d6e43115ca0843d48768d3?s=96&d=mm&r=g\",\"contentUrl\":\"https:\/\/secure.gravatar.com\/avatar\/df4c8e132080d2b3a4841d5d232045464e0eed11a1d6e43115ca0843d48768d3?s=96&d=mm&r=g\",\"caption\":\"Fernando Lima\"},\"sameAs\":[\"http:\/\/verdadeon.com.br\/\"],\"url\":\"https:\/\/verdadeon.com.br\/portal\/author\/fernando-lima\/\"}]}<\/script>\n<!-- \/ Yoast SEO plugin. -->","yoast_head_json":{"title":"Francana recebe proposta para gest\u00e3o em sociedade - VerdadeOn","robots":{"index":"index","follow":"follow","max-snippet":"max-snippet:-1","max-image-preview":"max-image-preview:large","max-video-preview":"max-video-preview:-1"},"canonical":"https:\/\/verdadeon.com.br\/portal\/2022\/04\/01\/francana-recebe-proposta-para-gestao-em-sociedade\/","og_locale":"pt_BR","og_type":"article","og_title":"Francana recebe proposta para gest\u00e3o em sociedade - VerdadeOn","og_description":"Reuni\u00f5es devem definir os pr\u00f3ximos passos da Veterana, principal objetivo \u00e9 gerar receitas para o clube A Francana informou na manh\u00e3 desta sexta-feira (1), que receberam [\u2026]","og_url":"https:\/\/verdadeon.com.br\/portal\/2022\/04\/01\/francana-recebe-proposta-para-gestao-em-sociedade\/","og_site_name":"VerdadeOn","article_published_time":"2022-04-01T17:11:38+00:00","og_image":[{"width":1000,"height":670,"url":"https:\/\/verdadeon.com.br\/portal\/wp-content\/uploads\/2020\/08\/WhatsApp-Image-2020-08-26-at-09.13.10.jpeg","type":"image\/jpeg"}],"author":"Fernando Lima","twitter_card":"summary_large_image","twitter_misc":{"Escrito por":"Fernando Lima","Est. tempo de leitura":"2 minutos"},"schema":{"@context":"https:\/\/schema.org","@graph":[{"@type":"WebPage","@id":"https:\/\/verdadeon.com.br\/portal\/2022\/04\/01\/francana-recebe-proposta-para-gestao-em-sociedade\/","url":"https:\/\/verdadeon.com.br\/portal\/2022\/04\/01\/francana-recebe-proposta-para-gestao-em-sociedade\/","name":"Francana recebe proposta para gest\u00e3o em sociedade - VerdadeOn","isPartOf":{"@id":"https:\/\/verdadeon.com.br\/portal\/#website"},"primaryImageOfPage":{"@id":"https:\/\/verdadeon.com.br\/portal\/2022\/04\/01\/francana-recebe-proposta-para-gestao-em-sociedade\/#primaryimage"},"image":{"@id":"https:\/\/verdadeon.com.br\/portal\/2022\/04\/01\/francana-recebe-proposta-para-gestao-em-sociedade\/#primaryimage"},"thumbnailUrl":"https:\/\/i0.wp.com\/verdadeon.com.br\/portal\/wp-content\/uploads\/2020\/08\/WhatsApp-Image-2020-08-26-at-09.13.10.jpeg?fit=1000%2C670&ssl=1","datePublished":"2022-04-01T17:11:38+00:00","author":{"@id":"https:\/\/verdadeon.com.br\/portal\/#\/schema\/person\/cc32be22b8e8599387c480bc83e1d11a"},"breadcrumb":{"@id":"https:\/\/verdadeon.com.br\/portal\/2022\/04\/01\/francana-recebe-proposta-para-gestao-em-sociedade\/#breadcrumb"},"inLanguage":"pt-BR","potentialAction":[{"@type":"ReadAction","target":["https:\/\/verdadeon.com.br\/portal\/2022\/04\/01\/francana-recebe-proposta-para-gestao-em-sociedade\/"]}]},{"@type":"ImageObject","inLanguage":"pt-BR","@id":"https:\/\/verdadeon.com.br\/portal\/2022\/04\/01\/francana-recebe-proposta-para-gestao-em-sociedade\/#primaryimage","url":"https:\/\/i0.wp.com\/verdadeon.com.br\/portal\/wp-content\/uploads\/2020\/08\/WhatsApp-Image-2020-08-26-at-09.13.10.jpeg?fit=1000%2C670&ssl=1","contentUrl":"https:\/\/i0.wp.com\/verdadeon.com.br\/portal\/wp-content\/uploads\/2020\/08\/WhatsApp-Image-2020-08-26-at-09.13.10.jpeg?fit=1000%2C670&ssl=1","width":1000,"height":670,"caption":"Diretoria e Conselho v\u00e3o se reunir nas pr\u00f3ximas horas para estudar proposta, empresa \u00e9 refer\u00eancia neste tipo de investimento | Foto: Arquivo\/Verdade"},{"@type":"BreadcrumbList","@id":"https:\/\/verdadeon.com.br\/portal\/2022\/04\/01\/francana-recebe-proposta-para-gestao-em-sociedade\/#breadcrumb","itemListElement":[{"@type":"ListItem","position":1,"name":"In\u00edcio","item":"https:\/\/verdadeon.com.br\/portal\/"},{"@type":"ListItem","position":2,"name":"Francana recebe proposta para gest\u00e3o em sociedade"}]},{"@type":"WebSite","@id":"https:\/\/verdadeon.com.br\/portal\/#website","url":"https:\/\/verdadeon.com.br\/portal\/","name":"VerdadeOn","description":"Not\u00edcias di\u00e1rias sobre Franca, Regi\u00e3o, Esporte, Cultura, Cotidiano, Colunas. Cobertura nos principais eventos da cidade \u00e9 aqui - Verdadeon Franca","potentialAction":[{"@type":"SearchAction","target":{"@type":"EntryPoint","urlTemplate":"https:\/\/verdadeon.com.br\/portal\/?s={search_term_string}"},"query-input":{"@type":"PropertyValueSpecification","valueRequired":true,"valueName":"search_term_string"}}],"inLanguage":"pt-BR"},{"@type":"Person","@id":"https:\/\/verdadeon.com.br\/portal\/#\/schema\/person\/cc32be22b8e8599387c480bc83e1d11a","name":"Fernando Lima","image":{"@type":"ImageObject","inLanguage":"pt-BR","@id":"https:\/\/verdadeon.com.br\/portal\/#\/schema\/person\/image\/","url":"https:\/\/secure.gravatar.com\/avatar\/df4c8e132080d2b3a4841d5d232045464e0eed11a1d6e43115ca0843d48768d3?s=96&d=mm&r=g","contentUrl":"https:\/\/secure.gravatar.com\/avatar\/df4c8e132080d2b3a4841d5d232045464e0eed11a1d6e43115ca0843d48768d3?s=96&d=mm&r=g","caption":"Fernando Lima"},"sameAs":["http:\/\/verdadeon.com.br\/"],"url":"https:\/\/verdadeon.com.br\/portal\/author\/fernando-lima\/"}]}},"jetpack_publicize_connections":[],"jetpack_featured_media_url":"https:\/\/i0.wp.com\/verdadeon.com.br\/portal\/wp-content\/uploads\/2020\/08\/WhatsApp-Image-2020-08-26-at-09.13.10.jpeg?fit=1000%2C670&ssl=1","jetpack_sharing_enabled":true,"_links":{"self":[{"href":"https:\/\/verdadeon.com.br\/portal\/wp-json\/wp\/v2\/posts\/24148","targetHints":{"allow":["GET"]}}],"collection":[{"href":"https:\/\/verdadeon.com.br\/portal\/wp-json\/wp\/v2\/posts"}],"about":[{"href":"https:\/\/verdadeon.com.br\/portal\/wp-json\/wp\/v2\/types\/post"}],"author":[{"embeddable":true,"href":"https:\/\/verdadeon.com.br\/portal\/wp-json\/wp\/v2\/users\/7"}],"replies":[{"embeddable":true,"href":"https:\/\/verdadeon.com.br\/portal\/wp-json\/wp\/v2\/comments?post=24148"}],"version-history":[{"count":1,"href":"https:\/\/verdadeon.com.br\/portal\/wp-json\/wp\/v2\/posts\/24148\/revisions"}],"predecessor-version":[{"id":24149,"href":"https:\/\/verdadeon.com.br\/portal\/wp-json\/wp\/v2\/posts\/24148\/revisions\/24149"}],"wp:featuredmedia":[{"embeddable":true,"href":"https:\/\/verdadeon.com.br\/portal\/wp-json\/wp\/v2\/media\/9998"}],"wp:attachment":[{"href":"https:\/\/verdadeon.com.br\/portal\/wp-json\/wp\/v2\/media?parent=24148"}],"wp:term":[{"taxonomy":"category","embeddable":true,"href":"https:\/\/verdadeon.com.br\/portal\/wp-json\/wp\/v2\/categories?post=24148"},{"taxonomy":"post_tag","embeddable":true,"href":"https:\/\/verdadeon.com.br\/portal\/wp-json\/wp\/v2\/tags?post=24148"}],"curies":[{"name":"wp","href":"https:\/\/api.w.org\/{rel}","templated":true}]}}