{"id":24133,"date":"2022-03-31T17:49:36","date_gmt":"2022-03-31T20:49:36","guid":{"rendered":"https:\/\/verdadeon.com.br\/portal\/?p=24133"},"modified":"2022-03-31T17:49:36","modified_gmt":"2022-03-31T20:49:36","slug":"forum-de-qualidade-do-cafe-reune-mais-de-300-participantes-em-franca","status":"publish","type":"post","link":"https:\/\/verdadeon.com.br\/portal\/2022\/03\/31\/forum-de-qualidade-do-cafe-reune-mais-de-300-participantes-em-franca\/","title":{"rendered":"F\u00f3rum de Qualidade do Caf\u00e9 re\u00fane mais de 300 participantes em Franca"},"content":{"rendered":"<h2><span style=\"font-weight: 400;\">Evento contou com a apresenta\u00e7\u00e3o de palestras e pain\u00e9is para discutir quest\u00f5es ligadas \u00e0 produ\u00e7\u00e3o cafeeira de v\u00e1rias regi\u00f5es<\/span><\/h2>\n<p>&nbsp;<\/p>\n<p><span style=\"font-weight: 400;\">O 7\u00ba F\u00f3rum de Qualidade do Caf\u00e9 da Regi\u00e3o da Alta Mogiana, realizado em Franca nesta quinta-feira (31), no Hotel Dan Inn, reuniu p\u00fablico de mais de 300 participantes. O evento \u00e9 promovido pela AMSC (Associa\u00e7\u00e3o dos Produtores de Caf\u00e9s Especiais da Alta Mogiana).<\/span><\/p>\n<p><span style=\"font-weight: 400;\">Andr\u00e9 Cunha trabalha com caf\u00e9s h\u00e1 mais de 30 anos, tem propriedades rurais em Ribeir\u00e3o Corrente e Ibiraci (MG) e participou do F\u00f3rum de Qualidade de Caf\u00e9. Ele comentou a import\u00e2ncia desse tipo de evento para conhecer experi\u00eancias bem sucedidas na cafeicultura e a possibilidade de adequ\u00e1-las \u00e0 realidade da sua produ\u00e7\u00e3o. \u201c\u00c9 um momento muito importante esse tipo de evento para compartilhar conhecimento, os palestrantes t\u00eam qualifica\u00e7\u00e3o muito alta em v\u00e1rios temas que est\u00e3o sendo discutidos. Para o produtor essas informa\u00e7\u00f5es s\u00e3o muito importantes porque trazem situa\u00e7\u00f5es do dia a dia, mas muitos detalhes passam despercebidos n\u00e3o s\u00f3 na produ\u00e7\u00e3o, mas em toda gest\u00e3o da comunidade cafeeira. Muitos dados que s\u00e3o apresentados no F\u00f3rum tenho certeza que podemos aplicar na fazenda de imediato\u201d, afirmou Andr\u00e9.\u00a0<\/span><\/p>\n<p><span style=\"font-weight: 400;\">Gerson Giomo, pesquisador cient\u00edfico no Instituto Agron\u00f4mico de Campinas, atua no setor de caf\u00e9 h\u00e1 25 anos e foi um dos integrantes do Painel \u201cVariedade, condu\u00e7\u00e3o, manejo e processos para caf\u00e9s especiais\u201d. Giomo compartilhou experi\u00eancias sobre o desenvolvimento de cultivares de caf\u00e9s, melhoramento gen\u00e9tico e estudos sobre a adapta\u00e7\u00e3o das novas plantas nos ambientes de produ\u00e7\u00e3o.\u00a0<\/span><\/p>\n<p><span style=\"font-weight: 400;\">Segundo ele, a regi\u00e3o de Franca abriga v\u00e1rios experimentos do Instituto para testarem\u00a0 novas plantas que est\u00e3o sendo avaliadas no programa de melhoramento. \u201cFiquei bastante satisfeito com o convite para participar do F\u00f3rum de Qualidade de Caf\u00e9 porque aqui \u00e9, na minha concep\u00e7\u00e3o, um local bastante adequado para a gente fazer divulga\u00e7\u00f5es, de alguns resultados preliminares que j\u00e1 est\u00e3o sendo alcan\u00e7ados nessas pesquisas em campo. Nada melhor que mostrar os resultados para cafeicultores que est\u00e3o interessados nessas novidades\u201d, disse Giomo.<\/span><\/p>\n<p>&nbsp;<\/p>\n","protected":false},"excerpt":{"rendered":"<p>Evento contou com a apresenta\u00e7\u00e3o de palestras e pain\u00e9is para discutir quest\u00f5es ligadas \u00e0 produ\u00e7\u00e3o cafeeira de v\u00e1rias regi\u00f5es &nbsp; O 7\u00ba F\u00f3rum de Qualidade do<span class=\"excerpt-hellip\"> [\u2026]<\/span><\/p>\n","protected":false},"author":12,"featured_media":24134,"comment_status":"open","ping_status":"open","sticky":false,"template":"","format":"standard","meta":{"_jetpack_memberships_contains_paid_content":false,"footnotes":"","jetpack_publicize_message":"","jetpack_publicize_feature_enabled":true,"jetpack_social_post_already_shared":false,"jetpack_social_options":{"image_generator_settings":{"template":"highway","default_image_id":0,"enabled":false},"version":2}},"categories":[28,81],"tags":[],"class_list":["post-24133","post","type-post","status-publish","format-standard","has-post-thumbnail","hentry","category-cotidiano","category-manchete"],"yoast_head":"<!-- This site is optimized with the Yoast SEO plugin v25.6 - https:\/\/yoast.com\/wordpress\/plugins\/seo\/ -->\n<title>F\u00f3rum de Qualidade do Caf\u00e9 re\u00fane mais de 300 participantes em Franca - VerdadeOn<\/title>\n<meta name=\"robots\" content=\"index, follow, max-snippet:-1, max-image-preview:large, max-video-preview:-1\" \/>\n<link rel=\"canonical\" href=\"https:\/\/verdadeon.com.br\/portal\/2022\/03\/31\/forum-de-qualidade-do-cafe-reune-mais-de-300-participantes-em-franca\/\" \/>\n<meta property=\"og:locale\" content=\"pt_BR\" \/>\n<meta property=\"og:type\" content=\"article\" \/>\n<meta property=\"og:title\" content=\"F\u00f3rum de Qualidade do Caf\u00e9 re\u00fane mais de 300 participantes em Franca - VerdadeOn\" \/>\n<meta property=\"og:description\" content=\"Evento contou com a apresenta\u00e7\u00e3o de palestras e pain\u00e9is para discutir quest\u00f5es ligadas \u00e0 produ\u00e7\u00e3o cafeeira de v\u00e1rias regi\u00f5es &nbsp; O 7\u00ba F\u00f3rum de Qualidade do [\u2026]\" \/>\n<meta property=\"og:url\" content=\"https:\/\/verdadeon.com.br\/portal\/2022\/03\/31\/forum-de-qualidade-do-cafe-reune-mais-de-300-participantes-em-franca\/\" \/>\n<meta property=\"og:site_name\" content=\"VerdadeOn\" \/>\n<meta property=\"article:published_time\" content=\"2022-03-31T20:49:36+00:00\" \/>\n<meta property=\"og:image\" content=\"https:\/\/verdadeon.com.br\/portal\/wp-content\/uploads\/2022\/03\/7o-FORUM-DE-QUALIDADE-DE-CAFE-EM-FRANCA-2022-FOTO-JORNAL-VERDADE-e1648759405648.jpeg\" \/>\n\t<meta property=\"og:image:width\" content=\"1000\" \/>\n\t<meta property=\"og:image:height\" content=\"672\" \/>\n\t<meta property=\"og:image:type\" content=\"image\/jpeg\" \/>\n<meta name=\"author\" content=\"Nelise Luques\" \/>\n<meta name=\"twitter:card\" content=\"summary_large_image\" \/>\n<meta name=\"twitter:label1\" content=\"Escrito por\" \/>\n\t<meta name=\"twitter:data1\" content=\"Nelise Luques\" \/>\n\t<meta name=\"twitter:label2\" content=\"Est. tempo de leitura\" \/>\n\t<meta name=\"twitter:data2\" content=\"2 minutos\" \/>\n<script type=\"application\/ld+json\" class=\"yoast-schema-graph\">{\"@context\":\"https:\/\/schema.org\",\"@graph\":[{\"@type\":\"WebPage\",\"@id\":\"https:\/\/verdadeon.com.br\/portal\/2022\/03\/31\/forum-de-qualidade-do-cafe-reune-mais-de-300-participantes-em-franca\/\",\"url\":\"https:\/\/verdadeon.com.br\/portal\/2022\/03\/31\/forum-de-qualidade-do-cafe-reune-mais-de-300-participantes-em-franca\/\",\"name\":\"F\u00f3rum de Qualidade do Caf\u00e9 re\u00fane mais de 300 participantes em Franca - VerdadeOn\",\"isPartOf\":{\"@id\":\"https:\/\/verdadeon.com.br\/portal\/#website\"},\"primaryImageOfPage\":{\"@id\":\"https:\/\/verdadeon.com.br\/portal\/2022\/03\/31\/forum-de-qualidade-do-cafe-reune-mais-de-300-participantes-em-franca\/#primaryimage\"},\"image\":{\"@id\":\"https:\/\/verdadeon.com.br\/portal\/2022\/03\/31\/forum-de-qualidade-do-cafe-reune-mais-de-300-participantes-em-franca\/#primaryimage\"},\"thumbnailUrl\":\"https:\/\/i0.wp.com\/verdadeon.com.br\/portal\/wp-content\/uploads\/2022\/03\/7o-FORUM-DE-QUALIDADE-DE-CAFE-EM-FRANCA-2022-FOTO-JORNAL-VERDADE-e1648759405648.jpeg?fit=1000%2C672&ssl=1\",\"datePublished\":\"2022-03-31T20:49:36+00:00\",\"author\":{\"@id\":\"https:\/\/verdadeon.com.br\/portal\/#\/schema\/person\/8248726d36015c1916636fabb175d972\"},\"breadcrumb\":{\"@id\":\"https:\/\/verdadeon.com.br\/portal\/2022\/03\/31\/forum-de-qualidade-do-cafe-reune-mais-de-300-participantes-em-franca\/#breadcrumb\"},\"inLanguage\":\"pt-BR\",\"potentialAction\":[{\"@type\":\"ReadAction\",\"target\":[\"https:\/\/verdadeon.com.br\/portal\/2022\/03\/31\/forum-de-qualidade-do-cafe-reune-mais-de-300-participantes-em-franca\/\"]}]},{\"@type\":\"ImageObject\",\"inLanguage\":\"pt-BR\",\"@id\":\"https:\/\/verdadeon.com.br\/portal\/2022\/03\/31\/forum-de-qualidade-do-cafe-reune-mais-de-300-participantes-em-franca\/#primaryimage\",\"url\":\"https:\/\/i0.wp.com\/verdadeon.com.br\/portal\/wp-content\/uploads\/2022\/03\/7o-FORUM-DE-QUALIDADE-DE-CAFE-EM-FRANCA-2022-FOTO-JORNAL-VERDADE-e1648759405648.jpeg?fit=1000%2C672&ssl=1\",\"contentUrl\":\"https:\/\/i0.wp.com\/verdadeon.com.br\/portal\/wp-content\/uploads\/2022\/03\/7o-FORUM-DE-QUALIDADE-DE-CAFE-EM-FRANCA-2022-FOTO-JORNAL-VERDADE-e1648759405648.jpeg?fit=1000%2C672&ssl=1\",\"width\":1000,\"height\":672,\"caption\":\"Tuca Dias, da Fazenda Santa Alina, participou do Painel \\\"Transforma\u00e7\u00e3o, produ\u00e7\u00e3o de caf\u00e9s especiais\\\", durante o 7\u00ba F\u00f3rum de Qualidade de Caf\u00e9 da Regi\u00e3o da Alta Mogiana | Foto: Jornal Verdade\"},{\"@type\":\"BreadcrumbList\",\"@id\":\"https:\/\/verdadeon.com.br\/portal\/2022\/03\/31\/forum-de-qualidade-do-cafe-reune-mais-de-300-participantes-em-franca\/#breadcrumb\",\"itemListElement\":[{\"@type\":\"ListItem\",\"position\":1,\"name\":\"In\u00edcio\",\"item\":\"https:\/\/verdadeon.com.br\/portal\/\"},{\"@type\":\"ListItem\",\"position\":2,\"name\":\"F\u00f3rum de Qualidade do Caf\u00e9 re\u00fane mais de 300 participantes em Franca\"}]},{\"@type\":\"WebSite\",\"@id\":\"https:\/\/verdadeon.com.br\/portal\/#website\",\"url\":\"https:\/\/verdadeon.com.br\/portal\/\",\"name\":\"VerdadeOn\",\"description\":\"Not\u00edcias di\u00e1rias sobre Franca, Regi\u00e3o, Esporte, Cultura, Cotidiano, Colunas. Cobertura nos principais eventos da cidade \u00e9 aqui - Verdadeon Franca\",\"potentialAction\":[{\"@type\":\"SearchAction\",\"target\":{\"@type\":\"EntryPoint\",\"urlTemplate\":\"https:\/\/verdadeon.com.br\/portal\/?s={search_term_string}\"},\"query-input\":{\"@type\":\"PropertyValueSpecification\",\"valueRequired\":true,\"valueName\":\"search_term_string\"}}],\"inLanguage\":\"pt-BR\"},{\"@type\":\"Person\",\"@id\":\"https:\/\/verdadeon.com.br\/portal\/#\/schema\/person\/8248726d36015c1916636fabb175d972\",\"name\":\"Nelise Luques\",\"image\":{\"@type\":\"ImageObject\",\"inLanguage\":\"pt-BR\",\"@id\":\"https:\/\/verdadeon.com.br\/portal\/#\/schema\/person\/image\/\",\"url\":\"https:\/\/secure.gravatar.com\/avatar\/29b2a17f5bcadeb827411b66f48ac13c3e0ecaf5906c0f5745ecc5d41c24eada?s=96&d=mm&r=g\",\"contentUrl\":\"https:\/\/secure.gravatar.com\/avatar\/29b2a17f5bcadeb827411b66f48ac13c3e0ecaf5906c0f5745ecc5d41c24eada?s=96&d=mm&r=g\",\"caption\":\"Nelise Luques\"},\"url\":\"https:\/\/verdadeon.com.br\/portal\/author\/verdade\/\"}]}<\/script>\n<!-- \/ Yoast SEO plugin. -->","yoast_head_json":{"title":"F\u00f3rum de Qualidade do Caf\u00e9 re\u00fane mais de 300 participantes em Franca - VerdadeOn","robots":{"index":"index","follow":"follow","max-snippet":"max-snippet:-1","max-image-preview":"max-image-preview:large","max-video-preview":"max-video-preview:-1"},"canonical":"https:\/\/verdadeon.com.br\/portal\/2022\/03\/31\/forum-de-qualidade-do-cafe-reune-mais-de-300-participantes-em-franca\/","og_locale":"pt_BR","og_type":"article","og_title":"F\u00f3rum de Qualidade do Caf\u00e9 re\u00fane mais de 300 participantes em Franca - VerdadeOn","og_description":"Evento contou com a apresenta\u00e7\u00e3o de palestras e pain\u00e9is para discutir quest\u00f5es ligadas \u00e0 produ\u00e7\u00e3o cafeeira de v\u00e1rias regi\u00f5es &nbsp; O 7\u00ba F\u00f3rum de Qualidade do [\u2026]","og_url":"https:\/\/verdadeon.com.br\/portal\/2022\/03\/31\/forum-de-qualidade-do-cafe-reune-mais-de-300-participantes-em-franca\/","og_site_name":"VerdadeOn","article_published_time":"2022-03-31T20:49:36+00:00","og_image":[{"width":1000,"height":672,"url":"https:\/\/verdadeon.com.br\/portal\/wp-content\/uploads\/2022\/03\/7o-FORUM-DE-QUALIDADE-DE-CAFE-EM-FRANCA-2022-FOTO-JORNAL-VERDADE-e1648759405648.jpeg","type":"image\/jpeg"}],"author":"Nelise Luques","twitter_card":"summary_large_image","twitter_misc":{"Escrito por":"Nelise Luques","Est. tempo de leitura":"2 minutos"},"schema":{"@context":"https:\/\/schema.org","@graph":[{"@type":"WebPage","@id":"https:\/\/verdadeon.com.br\/portal\/2022\/03\/31\/forum-de-qualidade-do-cafe-reune-mais-de-300-participantes-em-franca\/","url":"https:\/\/verdadeon.com.br\/portal\/2022\/03\/31\/forum-de-qualidade-do-cafe-reune-mais-de-300-participantes-em-franca\/","name":"F\u00f3rum de Qualidade do Caf\u00e9 re\u00fane mais de 300 participantes em Franca - VerdadeOn","isPartOf":{"@id":"https:\/\/verdadeon.com.br\/portal\/#website"},"primaryImageOfPage":{"@id":"https:\/\/verdadeon.com.br\/portal\/2022\/03\/31\/forum-de-qualidade-do-cafe-reune-mais-de-300-participantes-em-franca\/#primaryimage"},"image":{"@id":"https:\/\/verdadeon.com.br\/portal\/2022\/03\/31\/forum-de-qualidade-do-cafe-reune-mais-de-300-participantes-em-franca\/#primaryimage"},"thumbnailUrl":"https:\/\/i0.wp.com\/verdadeon.com.br\/portal\/wp-content\/uploads\/2022\/03\/7o-FORUM-DE-QUALIDADE-DE-CAFE-EM-FRANCA-2022-FOTO-JORNAL-VERDADE-e1648759405648.jpeg?fit=1000%2C672&ssl=1","datePublished":"2022-03-31T20:49:36+00:00","author":{"@id":"https:\/\/verdadeon.com.br\/portal\/#\/schema\/person\/8248726d36015c1916636fabb175d972"},"breadcrumb":{"@id":"https:\/\/verdadeon.com.br\/portal\/2022\/03\/31\/forum-de-qualidade-do-cafe-reune-mais-de-300-participantes-em-franca\/#breadcrumb"},"inLanguage":"pt-BR","potentialAction":[{"@type":"ReadAction","target":["https:\/\/verdadeon.com.br\/portal\/2022\/03\/31\/forum-de-qualidade-do-cafe-reune-mais-de-300-participantes-em-franca\/"]}]},{"@type":"ImageObject","inLanguage":"pt-BR","@id":"https:\/\/verdadeon.com.br\/portal\/2022\/03\/31\/forum-de-qualidade-do-cafe-reune-mais-de-300-participantes-em-franca\/#primaryimage","url":"https:\/\/i0.wp.com\/verdadeon.com.br\/portal\/wp-content\/uploads\/2022\/03\/7o-FORUM-DE-QUALIDADE-DE-CAFE-EM-FRANCA-2022-FOTO-JORNAL-VERDADE-e1648759405648.jpeg?fit=1000%2C672&ssl=1","contentUrl":"https:\/\/i0.wp.com\/verdadeon.com.br\/portal\/wp-content\/uploads\/2022\/03\/7o-FORUM-DE-QUALIDADE-DE-CAFE-EM-FRANCA-2022-FOTO-JORNAL-VERDADE-e1648759405648.jpeg?fit=1000%2C672&ssl=1","width":1000,"height":672,"caption":"Tuca Dias, da Fazenda Santa Alina, participou do Painel \"Transforma\u00e7\u00e3o, produ\u00e7\u00e3o de caf\u00e9s especiais\", durante o 7\u00ba F\u00f3rum de Qualidade de Caf\u00e9 da Regi\u00e3o da Alta Mogiana | Foto: Jornal Verdade"},{"@type":"BreadcrumbList","@id":"https:\/\/verdadeon.com.br\/portal\/2022\/03\/31\/forum-de-qualidade-do-cafe-reune-mais-de-300-participantes-em-franca\/#breadcrumb","itemListElement":[{"@type":"ListItem","position":1,"name":"In\u00edcio","item":"https:\/\/verdadeon.com.br\/portal\/"},{"@type":"ListItem","position":2,"name":"F\u00f3rum de Qualidade do Caf\u00e9 re\u00fane mais de 300 participantes em Franca"}]},{"@type":"WebSite","@id":"https:\/\/verdadeon.com.br\/portal\/#website","url":"https:\/\/verdadeon.com.br\/portal\/","name":"VerdadeOn","description":"Not\u00edcias di\u00e1rias sobre Franca, Regi\u00e3o, Esporte, Cultura, Cotidiano, Colunas. Cobertura nos principais eventos da cidade \u00e9 aqui - Verdadeon Franca","potentialAction":[{"@type":"SearchAction","target":{"@type":"EntryPoint","urlTemplate":"https:\/\/verdadeon.com.br\/portal\/?s={search_term_string}"},"query-input":{"@type":"PropertyValueSpecification","valueRequired":true,"valueName":"search_term_string"}}],"inLanguage":"pt-BR"},{"@type":"Person","@id":"https:\/\/verdadeon.com.br\/portal\/#\/schema\/person\/8248726d36015c1916636fabb175d972","name":"Nelise Luques","image":{"@type":"ImageObject","inLanguage":"pt-BR","@id":"https:\/\/verdadeon.com.br\/portal\/#\/schema\/person\/image\/","url":"https:\/\/secure.gravatar.com\/avatar\/29b2a17f5bcadeb827411b66f48ac13c3e0ecaf5906c0f5745ecc5d41c24eada?s=96&d=mm&r=g","contentUrl":"https:\/\/secure.gravatar.com\/avatar\/29b2a17f5bcadeb827411b66f48ac13c3e0ecaf5906c0f5745ecc5d41c24eada?s=96&d=mm&r=g","caption":"Nelise Luques"},"url":"https:\/\/verdadeon.com.br\/portal\/author\/verdade\/"}]}},"jetpack_publicize_connections":[],"jetpack_featured_media_url":"https:\/\/i0.wp.com\/verdadeon.com.br\/portal\/wp-content\/uploads\/2022\/03\/7o-FORUM-DE-QUALIDADE-DE-CAFE-EM-FRANCA-2022-FOTO-JORNAL-VERDADE-e1648759405648.jpeg?fit=1000%2C672&ssl=1","jetpack_sharing_enabled":true,"_links":{"self":[{"href":"https:\/\/verdadeon.com.br\/portal\/wp-json\/wp\/v2\/posts\/24133","targetHints":{"allow":["GET"]}}],"collection":[{"href":"https:\/\/verdadeon.com.br\/portal\/wp-json\/wp\/v2\/posts"}],"about":[{"href":"https:\/\/verdadeon.com.br\/portal\/wp-json\/wp\/v2\/types\/post"}],"author":[{"embeddable":true,"href":"https:\/\/verdadeon.com.br\/portal\/wp-json\/wp\/v2\/users\/12"}],"replies":[{"embeddable":true,"href":"https:\/\/verdadeon.com.br\/portal\/wp-json\/wp\/v2\/comments?post=24133"}],"version-history":[{"count":1,"href":"https:\/\/verdadeon.com.br\/portal\/wp-json\/wp\/v2\/posts\/24133\/revisions"}],"predecessor-version":[{"id":24135,"href":"https:\/\/verdadeon.com.br\/portal\/wp-json\/wp\/v2\/posts\/24133\/revisions\/24135"}],"wp:featuredmedia":[{"embeddable":true,"href":"https:\/\/verdadeon.com.br\/portal\/wp-json\/wp\/v2\/media\/24134"}],"wp:attachment":[{"href":"https:\/\/verdadeon.com.br\/portal\/wp-json\/wp\/v2\/media?parent=24133"}],"wp:term":[{"taxonomy":"category","embeddable":true,"href":"https:\/\/verdadeon.com.br\/portal\/wp-json\/wp\/v2\/categories?post=24133"},{"taxonomy":"post_tag","embeddable":true,"href":"https:\/\/verdadeon.com.br\/portal\/wp-json\/wp\/v2\/tags?post=24133"}],"curies":[{"name":"wp","href":"https:\/\/api.w.org\/{rel}","templated":true}]}}