{"id":24127,"date":"2022-03-31T17:13:27","date_gmt":"2022-03-31T20:13:27","guid":{"rendered":"https:\/\/verdadeon.com.br\/portal\/?p=24127"},"modified":"2022-03-31T17:13:27","modified_gmt":"2022-03-31T20:13:27","slug":"conheca-as-regras-previstas-na-m-p-que-regulamenta-o-home-office","status":"publish","type":"post","link":"https:\/\/verdadeon.com.br\/portal\/2022\/03\/31\/conheca-as-regras-previstas-na-m-p-que-regulamenta-o-home-office\/","title":{"rendered":"Conhe\u00e7a as regras previstas na M.P. que regulamenta o &#8216;home office&#8217;"},"content":{"rendered":"<h2>Pelas regras ser\u00e1 poss\u00edvel a contra\u00e7\u00e3o no teletrabalho por jornada, produ\u00e7\u00e3o ou at\u00e9 tarefa<\/h2>\n<p>Adotado com o intuito de evitar aglomera\u00e7\u00f5es em empresas e escrit\u00f3rios durante o per\u00edodo mais cr\u00edtico da pandemia de covid-19, o teletrabalho (ou home office) pode ganhar mais destaque nos arranjos trabalhistas com a edi\u00e7\u00e3o da Medida Provis\u00f3ria 1108\/22, publicada no Di\u00e1rio Oficial da Uni\u00e3o.<img data-recalc-dims=\"1\" decoding=\"async\" src=\"https:\/\/i0.wp.com\/agenciabrasil.ebc.com.br\/ebc.png?w=1220&#038;ssl=1\" \/><img data-recalc-dims=\"1\" decoding=\"async\" src=\"https:\/\/i0.wp.com\/agenciabrasil.ebc.com.br\/ebc.gif?w=1220&#038;ssl=1\" \/><\/p>\n<p>De acordo com o Minist\u00e9rio do Trabalho, o normativo\u00a0prev\u00ea que a modalidade tem, por objetivo, &#8220;modernizar a regula\u00e7\u00e3o existente na Consolida\u00e7\u00e3o das Leis do Trabalho (CLT)&#8221;, al\u00e9m de \u201ccorrigir aspectos regulat\u00f3rios que o uso maci\u00e7o do teletrabalho durante a pandemia da covid-19 evidenciou, como, por exemplo, aumentar as possibilidades de regimes h\u00edbridos de teletrabalho\u201d.<\/p>\n<p>Segundo a pasta, o teletrabalho (ou trabalho remoto) \u00e9 caracterizado como &#8220;presta\u00e7\u00e3o de servi\u00e7os fora das depend\u00eancias da empresa, de maneira preponderante ou h\u00edbrida, que, por sua natureza, n\u00e3o pode ser caracterizada como trabalho externo&#8221;.<\/p>\n<h4>Produ\u00e7\u00e3o ou tarefa<\/h4>\n<p>De acordo com as novas regras, \u00e9 poss\u00edvel a contrata\u00e7\u00e3o no teletrabalho por jornada; por produ\u00e7\u00e3o; ou tarefa, possibilitando, conforme a contrata\u00e7\u00e3o, o controle de jornada ou a flexibilidade na execu\u00e7\u00e3o das tarefas.<\/p>\n<p>&#8220;Ser\u00e1 vi\u00e1vel, ainda, que no contrato de teletrabalho ocorra o comparecimento habitual no local de trabalho para atividades espec\u00edficas&#8221;, detalha o Minist\u00e9rio do Trabalho por meio de seu site.<\/p>\n<p>A MP prev\u00ea que o teletrabalho dever\u00e1 constar expressamente em contrato individual de trabalho, e que esse contrato poder\u00e1 dispor sobre os hor\u00e1rios e os meios de comunica\u00e7\u00e3o entre empregado e empregador, desde que assegurados os repousos legais.<\/p>\n<p>O empregador poder\u00e1, a seu crit\u00e9rio, alterar o regime de trabalho presencial para teletrabalho ou trabalho remoto, al\u00e9m de determinar o retorno ao regime de trabalho presencial, independentemente da exist\u00eancia de acordos individuais ou coletivos, dispensado o registro pr\u00e9vio da altera\u00e7\u00e3o no contrato individual de trabalho.<\/p>\n<p>Essa altera\u00e7\u00e3o, no entanto, precisa ser notificada ao empregado com anteced\u00eancia de, no m\u00ednimo, 48 horas, \u201cpor escrito ou por meio eletr\u00f4nico\u201d.<\/p>\n<h4>Equipamentos e infraestruturas<\/h4>\n<p>A MP acrescenta que \u201cdisposi\u00e7\u00f5es relativas \u00e0 responsabilidade pela aquisi\u00e7\u00e3o, pela manuten\u00e7\u00e3o ou pelo fornecimento dos equipamentos tecnol\u00f3gicos e da infraestrutura necess\u00e1ria e adequada \u00e0 presta\u00e7\u00e3o de trabalho remoto e as disposi\u00e7\u00f5es relativas ao reembolso de despesas arcadas pelo empregado ser\u00e3o previstas em contrato escrito, firmado previamente ou no prazo de 30 dias, contado da data da mudan\u00e7a do regime de trabalho\u201d.<\/p>\n<p>Caso o empregado n\u00e3o possua os equipamentos ou infraestrutura necess\u00e1rios \u00e0 presta\u00e7\u00e3o do servi\u00e7o, o empregador poder\u00e1 fornecer os equipamentos em \u201cregime de comodato\u201d (empr\u00e9stimo gratuito) e custear os servi\u00e7os de infraestrutura, \u201cque n\u00e3o caracterizar\u00e3o verba de natureza salarial\u201d. Al\u00e9m disso, o per\u00edodo da jornada normal de trabalho ser\u00e1 computado como \u201ctempo de trabalho \u00e0 disposi\u00e7\u00e3o do empregador\u201d, na impossibilidade do oferecimento dessas condi\u00e7\u00f5es via regime de comodato.<\/p>\n<p>A MP esclarece que o tempo de uso de equipamentos tecnol\u00f3gicos e de infraestrutura necess\u00e1ria, assim como de softwares, ferramentas digitais ou mesmo aplica\u00e7\u00f5es de internet utilizados para o trabalho remoto fora da jornada de trabalho normal do empregado, \u201cn\u00e3o constitui tempo \u00e0 disposi\u00e7\u00e3o, regime de prontid\u00e3o ou de sobreaviso, exceto se houver previs\u00e3o em acordo individual ou em acordo\u00a0ou conven\u00e7\u00e3o coletiva de trabalho\u201d.<\/p>\n<p>Por fim, a MP prev\u00ea que\u00a0a ado\u00e7\u00e3o do regime de teletrabalho\u00a0poder\u00e1 ser estendida\u00a0a\u00a0estagi\u00e1rios e aprendizes.<\/p>\n<p>Fonte: Ag\u00eancia Brasil<\/p>\n","protected":false},"excerpt":{"rendered":"<p>Pelas regras ser\u00e1 poss\u00edvel a contra\u00e7\u00e3o no teletrabalho por jornada, produ\u00e7\u00e3o ou at\u00e9 tarefa Adotado com o intuito de evitar aglomera\u00e7\u00f5es em empresas e escrit\u00f3rios durante<span class=\"excerpt-hellip\"> [\u2026]<\/span><\/p>\n","protected":false},"author":7,"featured_media":24128,"comment_status":"open","ping_status":"open","sticky":false,"template":"","format":"standard","meta":{"_jetpack_memberships_contains_paid_content":false,"footnotes":"","jetpack_publicize_message":"","jetpack_publicize_feature_enabled":true,"jetpack_social_post_already_shared":false,"jetpack_social_options":{"image_generator_settings":{"template":"highway","default_image_id":0,"enabled":false},"version":2}},"categories":[28,44],"tags":[],"class_list":["post-24127","post","type-post","status-publish","format-standard","has-post-thumbnail","hentry","category-cotidiano","category-noticias"],"yoast_head":"<!-- This site is optimized with the Yoast SEO plugin v25.6 - https:\/\/yoast.com\/wordpress\/plugins\/seo\/ -->\n<title>Conhe\u00e7a as regras previstas na M.P. que regulamenta o &#039;home office&#039; - VerdadeOn<\/title>\n<meta name=\"robots\" content=\"index, follow, max-snippet:-1, max-image-preview:large, max-video-preview:-1\" \/>\n<link rel=\"canonical\" href=\"https:\/\/verdadeon.com.br\/portal\/2022\/03\/31\/conheca-as-regras-previstas-na-m-p-que-regulamenta-o-home-office\/\" \/>\n<meta property=\"og:locale\" content=\"pt_BR\" \/>\n<meta property=\"og:type\" content=\"article\" \/>\n<meta property=\"og:title\" content=\"Conhe\u00e7a as regras previstas na M.P. que regulamenta o &#039;home office&#039; - VerdadeOn\" \/>\n<meta property=\"og:description\" content=\"Pelas regras ser\u00e1 poss\u00edvel a contra\u00e7\u00e3o no teletrabalho por jornada, produ\u00e7\u00e3o ou at\u00e9 tarefa Adotado com o intuito de evitar aglomera\u00e7\u00f5es em empresas e escrit\u00f3rios durante [\u2026]\" \/>\n<meta property=\"og:url\" content=\"https:\/\/verdadeon.com.br\/portal\/2022\/03\/31\/conheca-as-regras-previstas-na-m-p-que-regulamenta-o-home-office\/\" \/>\n<meta property=\"og:site_name\" content=\"VerdadeOn\" \/>\n<meta property=\"article:published_time\" content=\"2022-03-31T20:13:27+00:00\" \/>\n<meta property=\"og:image\" content=\"https:\/\/verdadeon.com.br\/portal\/wp-content\/uploads\/2022\/03\/TELETRABALHO.jpg\" \/>\n\t<meta property=\"og:image:width\" content=\"1170\" \/>\n\t<meta property=\"og:image:height\" content=\"700\" \/>\n\t<meta property=\"og:image:type\" content=\"image\/jpeg\" \/>\n<meta name=\"author\" content=\"Fernando Lima\" \/>\n<meta name=\"twitter:card\" content=\"summary_large_image\" \/>\n<meta name=\"twitter:label1\" content=\"Escrito por\" \/>\n\t<meta name=\"twitter:data1\" content=\"Fernando Lima\" \/>\n\t<meta name=\"twitter:label2\" content=\"Est. tempo de leitura\" \/>\n\t<meta name=\"twitter:data2\" content=\"4 minutos\" \/>\n<script type=\"application\/ld+json\" class=\"yoast-schema-graph\">{\"@context\":\"https:\/\/schema.org\",\"@graph\":[{\"@type\":\"WebPage\",\"@id\":\"https:\/\/verdadeon.com.br\/portal\/2022\/03\/31\/conheca-as-regras-previstas-na-m-p-que-regulamenta-o-home-office\/\",\"url\":\"https:\/\/verdadeon.com.br\/portal\/2022\/03\/31\/conheca-as-regras-previstas-na-m-p-que-regulamenta-o-home-office\/\",\"name\":\"Conhe\u00e7a as regras previstas na M.P. que regulamenta o 'home office' - VerdadeOn\",\"isPartOf\":{\"@id\":\"https:\/\/verdadeon.com.br\/portal\/#website\"},\"primaryImageOfPage\":{\"@id\":\"https:\/\/verdadeon.com.br\/portal\/2022\/03\/31\/conheca-as-regras-previstas-na-m-p-que-regulamenta-o-home-office\/#primaryimage\"},\"image\":{\"@id\":\"https:\/\/verdadeon.com.br\/portal\/2022\/03\/31\/conheca-as-regras-previstas-na-m-p-que-regulamenta-o-home-office\/#primaryimage\"},\"thumbnailUrl\":\"https:\/\/i0.wp.com\/verdadeon.com.br\/portal\/wp-content\/uploads\/2022\/03\/TELETRABALHO.jpg?fit=1170%2C700&ssl=1\",\"datePublished\":\"2022-03-31T20:13:27+00:00\",\"author\":{\"@id\":\"https:\/\/verdadeon.com.br\/portal\/#\/schema\/person\/cc32be22b8e8599387c480bc83e1d11a\"},\"breadcrumb\":{\"@id\":\"https:\/\/verdadeon.com.br\/portal\/2022\/03\/31\/conheca-as-regras-previstas-na-m-p-que-regulamenta-o-home-office\/#breadcrumb\"},\"inLanguage\":\"pt-BR\",\"potentialAction\":[{\"@type\":\"ReadAction\",\"target\":[\"https:\/\/verdadeon.com.br\/portal\/2022\/03\/31\/conheca-as-regras-previstas-na-m-p-que-regulamenta-o-home-office\/\"]}]},{\"@type\":\"ImageObject\",\"inLanguage\":\"pt-BR\",\"@id\":\"https:\/\/verdadeon.com.br\/portal\/2022\/03\/31\/conheca-as-regras-previstas-na-m-p-que-regulamenta-o-home-office\/#primaryimage\",\"url\":\"https:\/\/i0.wp.com\/verdadeon.com.br\/portal\/wp-content\/uploads\/2022\/03\/TELETRABALHO.jpg?fit=1170%2C700&ssl=1\",\"contentUrl\":\"https:\/\/i0.wp.com\/verdadeon.com.br\/portal\/wp-content\/uploads\/2022\/03\/TELETRABALHO.jpg?fit=1170%2C700&ssl=1\",\"width\":1170,\"height\":700,\"caption\":\"A norma prev\u00ea que a modalidade tem, por objetivo, modernizar a regula\u00e7\u00e3o existente na Consolida\u00e7\u00e3o das Leis do Trabalho (CLT) | Foto: Ag\u00eancia Brasil\"},{\"@type\":\"BreadcrumbList\",\"@id\":\"https:\/\/verdadeon.com.br\/portal\/2022\/03\/31\/conheca-as-regras-previstas-na-m-p-que-regulamenta-o-home-office\/#breadcrumb\",\"itemListElement\":[{\"@type\":\"ListItem\",\"position\":1,\"name\":\"In\u00edcio\",\"item\":\"https:\/\/verdadeon.com.br\/portal\/\"},{\"@type\":\"ListItem\",\"position\":2,\"name\":\"Conhe\u00e7a as regras previstas na M.P. que regulamenta o &#8216;home office&#8217;\"}]},{\"@type\":\"WebSite\",\"@id\":\"https:\/\/verdadeon.com.br\/portal\/#website\",\"url\":\"https:\/\/verdadeon.com.br\/portal\/\",\"name\":\"VerdadeOn\",\"description\":\"Not\u00edcias di\u00e1rias sobre Franca, Regi\u00e3o, Esporte, Cultura, Cotidiano, Colunas. Cobertura nos principais eventos da cidade \u00e9 aqui - Verdadeon Franca\",\"potentialAction\":[{\"@type\":\"SearchAction\",\"target\":{\"@type\":\"EntryPoint\",\"urlTemplate\":\"https:\/\/verdadeon.com.br\/portal\/?s={search_term_string}\"},\"query-input\":{\"@type\":\"PropertyValueSpecification\",\"valueRequired\":true,\"valueName\":\"search_term_string\"}}],\"inLanguage\":\"pt-BR\"},{\"@type\":\"Person\",\"@id\":\"https:\/\/verdadeon.com.br\/portal\/#\/schema\/person\/cc32be22b8e8599387c480bc83e1d11a\",\"name\":\"Fernando Lima\",\"image\":{\"@type\":\"ImageObject\",\"inLanguage\":\"pt-BR\",\"@id\":\"https:\/\/verdadeon.com.br\/portal\/#\/schema\/person\/image\/\",\"url\":\"https:\/\/secure.gravatar.com\/avatar\/df4c8e132080d2b3a4841d5d232045464e0eed11a1d6e43115ca0843d48768d3?s=96&d=mm&r=g\",\"contentUrl\":\"https:\/\/secure.gravatar.com\/avatar\/df4c8e132080d2b3a4841d5d232045464e0eed11a1d6e43115ca0843d48768d3?s=96&d=mm&r=g\",\"caption\":\"Fernando Lima\"},\"sameAs\":[\"http:\/\/verdadeon.com.br\/\"],\"url\":\"https:\/\/verdadeon.com.br\/portal\/author\/fernando-lima\/\"}]}<\/script>\n<!-- \/ Yoast SEO plugin. -->","yoast_head_json":{"title":"Conhe\u00e7a as regras previstas na M.P. que regulamenta o 'home office' - VerdadeOn","robots":{"index":"index","follow":"follow","max-snippet":"max-snippet:-1","max-image-preview":"max-image-preview:large","max-video-preview":"max-video-preview:-1"},"canonical":"https:\/\/verdadeon.com.br\/portal\/2022\/03\/31\/conheca-as-regras-previstas-na-m-p-que-regulamenta-o-home-office\/","og_locale":"pt_BR","og_type":"article","og_title":"Conhe\u00e7a as regras previstas na M.P. que regulamenta o 'home office' - VerdadeOn","og_description":"Pelas regras ser\u00e1 poss\u00edvel a contra\u00e7\u00e3o no teletrabalho por jornada, produ\u00e7\u00e3o ou at\u00e9 tarefa Adotado com o intuito de evitar aglomera\u00e7\u00f5es em empresas e escrit\u00f3rios durante [\u2026]","og_url":"https:\/\/verdadeon.com.br\/portal\/2022\/03\/31\/conheca-as-regras-previstas-na-m-p-que-regulamenta-o-home-office\/","og_site_name":"VerdadeOn","article_published_time":"2022-03-31T20:13:27+00:00","og_image":[{"width":1170,"height":700,"url":"https:\/\/verdadeon.com.br\/portal\/wp-content\/uploads\/2022\/03\/TELETRABALHO.jpg","type":"image\/jpeg"}],"author":"Fernando Lima","twitter_card":"summary_large_image","twitter_misc":{"Escrito por":"Fernando Lima","Est. tempo de leitura":"4 minutos"},"schema":{"@context":"https:\/\/schema.org","@graph":[{"@type":"WebPage","@id":"https:\/\/verdadeon.com.br\/portal\/2022\/03\/31\/conheca-as-regras-previstas-na-m-p-que-regulamenta-o-home-office\/","url":"https:\/\/verdadeon.com.br\/portal\/2022\/03\/31\/conheca-as-regras-previstas-na-m-p-que-regulamenta-o-home-office\/","name":"Conhe\u00e7a as regras previstas na M.P. que regulamenta o 'home office' - VerdadeOn","isPartOf":{"@id":"https:\/\/verdadeon.com.br\/portal\/#website"},"primaryImageOfPage":{"@id":"https:\/\/verdadeon.com.br\/portal\/2022\/03\/31\/conheca-as-regras-previstas-na-m-p-que-regulamenta-o-home-office\/#primaryimage"},"image":{"@id":"https:\/\/verdadeon.com.br\/portal\/2022\/03\/31\/conheca-as-regras-previstas-na-m-p-que-regulamenta-o-home-office\/#primaryimage"},"thumbnailUrl":"https:\/\/i0.wp.com\/verdadeon.com.br\/portal\/wp-content\/uploads\/2022\/03\/TELETRABALHO.jpg?fit=1170%2C700&ssl=1","datePublished":"2022-03-31T20:13:27+00:00","author":{"@id":"https:\/\/verdadeon.com.br\/portal\/#\/schema\/person\/cc32be22b8e8599387c480bc83e1d11a"},"breadcrumb":{"@id":"https:\/\/verdadeon.com.br\/portal\/2022\/03\/31\/conheca-as-regras-previstas-na-m-p-que-regulamenta-o-home-office\/#breadcrumb"},"inLanguage":"pt-BR","potentialAction":[{"@type":"ReadAction","target":["https:\/\/verdadeon.com.br\/portal\/2022\/03\/31\/conheca-as-regras-previstas-na-m-p-que-regulamenta-o-home-office\/"]}]},{"@type":"ImageObject","inLanguage":"pt-BR","@id":"https:\/\/verdadeon.com.br\/portal\/2022\/03\/31\/conheca-as-regras-previstas-na-m-p-que-regulamenta-o-home-office\/#primaryimage","url":"https:\/\/i0.wp.com\/verdadeon.com.br\/portal\/wp-content\/uploads\/2022\/03\/TELETRABALHO.jpg?fit=1170%2C700&ssl=1","contentUrl":"https:\/\/i0.wp.com\/verdadeon.com.br\/portal\/wp-content\/uploads\/2022\/03\/TELETRABALHO.jpg?fit=1170%2C700&ssl=1","width":1170,"height":700,"caption":"A norma prev\u00ea que a modalidade tem, por objetivo, modernizar a regula\u00e7\u00e3o existente na Consolida\u00e7\u00e3o das Leis do Trabalho (CLT) | Foto: Ag\u00eancia Brasil"},{"@type":"BreadcrumbList","@id":"https:\/\/verdadeon.com.br\/portal\/2022\/03\/31\/conheca-as-regras-previstas-na-m-p-que-regulamenta-o-home-office\/#breadcrumb","itemListElement":[{"@type":"ListItem","position":1,"name":"In\u00edcio","item":"https:\/\/verdadeon.com.br\/portal\/"},{"@type":"ListItem","position":2,"name":"Conhe\u00e7a as regras previstas na M.P. que regulamenta o &#8216;home office&#8217;"}]},{"@type":"WebSite","@id":"https:\/\/verdadeon.com.br\/portal\/#website","url":"https:\/\/verdadeon.com.br\/portal\/","name":"VerdadeOn","description":"Not\u00edcias di\u00e1rias sobre Franca, Regi\u00e3o, Esporte, Cultura, Cotidiano, Colunas. Cobertura nos principais eventos da cidade \u00e9 aqui - Verdadeon Franca","potentialAction":[{"@type":"SearchAction","target":{"@type":"EntryPoint","urlTemplate":"https:\/\/verdadeon.com.br\/portal\/?s={search_term_string}"},"query-input":{"@type":"PropertyValueSpecification","valueRequired":true,"valueName":"search_term_string"}}],"inLanguage":"pt-BR"},{"@type":"Person","@id":"https:\/\/verdadeon.com.br\/portal\/#\/schema\/person\/cc32be22b8e8599387c480bc83e1d11a","name":"Fernando Lima","image":{"@type":"ImageObject","inLanguage":"pt-BR","@id":"https:\/\/verdadeon.com.br\/portal\/#\/schema\/person\/image\/","url":"https:\/\/secure.gravatar.com\/avatar\/df4c8e132080d2b3a4841d5d232045464e0eed11a1d6e43115ca0843d48768d3?s=96&d=mm&r=g","contentUrl":"https:\/\/secure.gravatar.com\/avatar\/df4c8e132080d2b3a4841d5d232045464e0eed11a1d6e43115ca0843d48768d3?s=96&d=mm&r=g","caption":"Fernando Lima"},"sameAs":["http:\/\/verdadeon.com.br\/"],"url":"https:\/\/verdadeon.com.br\/portal\/author\/fernando-lima\/"}]}},"jetpack_publicize_connections":[],"jetpack_featured_media_url":"https:\/\/i0.wp.com\/verdadeon.com.br\/portal\/wp-content\/uploads\/2022\/03\/TELETRABALHO.jpg?fit=1170%2C700&ssl=1","jetpack_sharing_enabled":true,"_links":{"self":[{"href":"https:\/\/verdadeon.com.br\/portal\/wp-json\/wp\/v2\/posts\/24127","targetHints":{"allow":["GET"]}}],"collection":[{"href":"https:\/\/verdadeon.com.br\/portal\/wp-json\/wp\/v2\/posts"}],"about":[{"href":"https:\/\/verdadeon.com.br\/portal\/wp-json\/wp\/v2\/types\/post"}],"author":[{"embeddable":true,"href":"https:\/\/verdadeon.com.br\/portal\/wp-json\/wp\/v2\/users\/7"}],"replies":[{"embeddable":true,"href":"https:\/\/verdadeon.com.br\/portal\/wp-json\/wp\/v2\/comments?post=24127"}],"version-history":[{"count":1,"href":"https:\/\/verdadeon.com.br\/portal\/wp-json\/wp\/v2\/posts\/24127\/revisions"}],"predecessor-version":[{"id":24129,"href":"https:\/\/verdadeon.com.br\/portal\/wp-json\/wp\/v2\/posts\/24127\/revisions\/24129"}],"wp:featuredmedia":[{"embeddable":true,"href":"https:\/\/verdadeon.com.br\/portal\/wp-json\/wp\/v2\/media\/24128"}],"wp:attachment":[{"href":"https:\/\/verdadeon.com.br\/portal\/wp-json\/wp\/v2\/media?parent=24127"}],"wp:term":[{"taxonomy":"category","embeddable":true,"href":"https:\/\/verdadeon.com.br\/portal\/wp-json\/wp\/v2\/categories?post=24127"},{"taxonomy":"post_tag","embeddable":true,"href":"https:\/\/verdadeon.com.br\/portal\/wp-json\/wp\/v2\/tags?post=24127"}],"curies":[{"name":"wp","href":"https:\/\/api.w.org\/{rel}","templated":true}]}}