{"id":24120,"date":"2022-03-31T17:37:10","date_gmt":"2022-03-31T20:37:10","guid":{"rendered":"https:\/\/verdadeon.com.br\/portal\/?p=24120"},"modified":"2022-03-31T17:37:10","modified_gmt":"2022-03-31T20:37:10","slug":"autor-de-assassinato-de-jessica-carloni-e-condenado-a-quase-18-anos-de-prisao","status":"publish","type":"post","link":"https:\/\/verdadeon.com.br\/portal\/2022\/03\/31\/autor-de-assassinato-de-jessica-carloni-e-condenado-a-quase-18-anos-de-prisao\/","title":{"rendered":"Autor de assassinato de J\u00e9ssica Carloni \u00e9 condenado a quase 18 anos de pris\u00e3o"},"content":{"rendered":"<h2>A senten\u00e7a foi lida pelo juiz do caso na tarde desta quinta-feira, no F\u00f3rum da Comarca de Franca<\/h2>\n<p>Foi condenado a quase 18 anos de pris\u00e3o em regime fechado, o promotor de vendas Ant\u00f4nio Rodrigues, de 34 anos,\u00a0 ele confessou o assassinato da ex-namorada J\u00e9ssica Carloni, em fevereiro de 2020. A senten\u00e7a foi decidida por um j\u00fari composto por sete pessoas, que foram sorteadas em um grupo de 25 candidatos.<\/p>\n<p>Durante o julgamento, os jurados ouviram as testemunhas de defesa e de acusa\u00e7\u00e3o, al\u00e9m do advogado de defesa do r\u00e9u e a acusa\u00e7\u00e3o, feita pelo Minist\u00e9rio P\u00fablico.<\/p>\n<p>Ant\u00f4nio est\u00e1 preso desde o dia do crime na penitenci\u00e1ria de Franca, a defesa informou que vai recorrer da decis\u00e3o.<\/p>\n<h4>Depoimentos<\/h4>\n<p>O julgamento teve in\u00edcio por volta das 9h, no F\u00f3rum de Franca, o r\u00e9u foi ouvido por volta das 10h. Nas palavras dele, J\u00e9ssica Carloni era extremamente ciumenta e o provocava com v\u00eddeos e fotos dela se relacionando com outros homens, o que foi refutado pelo Promotor do Minist\u00e9rio P\u00fablico, que afirmou que pediu estas fotos e estes v\u00eddeos, mas que os mesmos n\u00e3o foram apresentados pela defesa.<\/p>\n<p>Na vers\u00e3o apresentada o acusado ressaltou o tempo todo que tentava seguir a vida sem J\u00e9ssica, mas que a mesma n\u00e3o o deixava em paz, com provoca\u00e7\u00f5es, brigas e ci\u00fames excessivos.<\/p>\n<p>Ant\u00f4nio afirmou ainda que no dia do crime, foi at\u00e9 a ch\u00e1cara a convite de amigos em comum, e que quando chegou no local a v\u00edtima passou a provoc\u00e1-lo, dan\u00e7ando com outros homens e verbalmente, o que tamb\u00e9m foi contestado pelo M.P. &#8220;Eu decidi sair e ir embora, meu carro estava do lado de fora da ch\u00e1cara. Quando cheguei no carro vi a faca, a\u00ed j\u00e1 n\u00e3o me lembro de mais nada, \u00e9 como se eu tivesse tido um apag\u00e3o. Quando eu sentei e vi ela sem vida, eu pensei no que tinha feito. Meus amigos que mandaram eu ir embora. Eu sa\u00ed pela cidade mas estava sem rumo, estava perdido. Tanto que quando a pol\u00edcia me parou, eu nem ofereci resist\u00eancia, j\u00e1 me entreguei&#8221;, contou.<\/p>\n<p>A irm\u00e3 de Ant\u00f4nio tamb\u00e9m foi ouvida, ela respondeu perguntas da acusa\u00e7\u00e3o, defesa e tamb\u00e9m do Juiz. A mulher afirmou que o irm\u00e3o n\u00e3o \u00e9 violento, que ele agiu provocado pela v\u00edtima. &#8220;Ele n\u00e3o \u00e9 este monstro que est\u00e3o falando, ele \u00e9 um pai apaixonado pela filha, e ela n\u00e3o o deixava em paz. Quem est\u00e1 com uma medida protetiva, pede para dormir junto? N\u00e3o&#8221;, afirmou ela.<\/p>\n<h4>Acusa\u00e7\u00e3o<\/h4>\n<p>Um dos momentos mais tensos do julgamento, foi quando uma amiga da v\u00edtima prestou depoimento como testemunha. A mulher pediu para que Ant\u00f4nio fosse retirado do local, j\u00e1 que ela tinha medo dele. &#8220;Ele \u00e9 alto, forte e imp\u00f5e medo. No dia do crime ningu\u00e9m queria ele l\u00e1, ele n\u00e3o foi convidado. Quando ele chegou a J\u00e9ssica chegou a dizer que ia embora, mas os amigos disseram pra ela que se ele viesse para agredi-la, os amigos a protegeriam, mas n\u00e3o foi o que aconteceu. Ela n\u00e3o imaginava que ele ia mat\u00e1-la, que ele pudesse agredir sim, mas n\u00e3o isso. Ele \u00e9 um monstro, chutou a cabe\u00e7a dela, esfaqueou diversas vezes e depois ainda voltou, xingando e dando mais facadas. N\u00f3s nos afastamos porque est\u00e1vamos com medo, mas eu vi tudo e por isso decidi, mesmo com medo, vir aqui prestar depoimento. Eu quero justi\u00e7a&#8221;, declarou.<\/p>\n<h4>O crime<\/h4>\n<p>Foi no dia dois de fevereiro de 2020, que Ant\u00f4nio Rodrigues, chamado de \u201cBui\u00fa\u201d, matou a ex-namorada dele, J\u00e9ssica Carloni com pelo menos 15 facadas. Os dois estavam em uma festa em uma ch\u00e1cara no Residencial Zanetti, na zona sul. Segundo a Pol\u00edcia Civil, J\u00e9ssica chegou primeiro, horas depois o ex-namorado do qual ela estava separada h\u00e1 cerca de um ano chegou.<\/p>\n<p>Ela tentou ir embora, mas foi convencida por amigos a continuar na festa. Por volta das 17h o autor foi at\u00e9 o carro dele de onde voltou com uma faca, primeiro ele golpeou a v\u00edtima pelas costas, e j\u00e1 ca\u00edda, J\u00e9ssica foi alvejada v\u00e1rias vezes at\u00e9 morrer.<\/p>\n<p>Testemunhas sa\u00edram do local gritando por socorro, e a pol\u00edcia foi acionada. O autor chegou a ficar sentado pr\u00f3ximo ao corpo da ex por alguns minutos, e depois saiu.<\/p>\n<p>Ele foi preso na zona norte da cidade, ap\u00f3s levado para a delegacia onde foi ouvido e recolhido ao sistema prisional de Franca.<\/p>\n","protected":false},"excerpt":{"rendered":"<p>A senten\u00e7a foi lida pelo juiz do caso na tarde desta quinta-feira, no F\u00f3rum da Comarca de Franca Foi condenado a quase 18 anos de pris\u00e3o<span class=\"excerpt-hellip\"> [\u2026]<\/span><\/p>\n","protected":false},"author":7,"featured_media":24122,"comment_status":"open","ping_status":"open","sticky":false,"template":"","format":"standard","meta":{"_jetpack_memberships_contains_paid_content":false,"footnotes":"","jetpack_publicize_message":"","jetpack_publicize_feature_enabled":true,"jetpack_social_post_already_shared":false,"jetpack_social_options":{"image_generator_settings":{"template":"highway","default_image_id":0,"enabled":false},"version":2}},"categories":[28,81],"tags":[],"class_list":["post-24120","post","type-post","status-publish","format-standard","has-post-thumbnail","hentry","category-cotidiano","category-manchete"],"yoast_head":"<!-- This site is optimized with the Yoast SEO plugin v25.6 - https:\/\/yoast.com\/wordpress\/plugins\/seo\/ -->\n<title>Autor de assassinato de J\u00e9ssica Carloni \u00e9 condenado a quase 18 anos de pris\u00e3o - VerdadeOn<\/title>\n<meta name=\"robots\" content=\"index, follow, max-snippet:-1, max-image-preview:large, max-video-preview:-1\" \/>\n<link rel=\"canonical\" href=\"https:\/\/verdadeon.com.br\/portal\/2022\/03\/31\/autor-de-assassinato-de-jessica-carloni-e-condenado-a-quase-18-anos-de-prisao\/\" \/>\n<meta property=\"og:locale\" content=\"pt_BR\" \/>\n<meta property=\"og:type\" content=\"article\" \/>\n<meta property=\"og:title\" content=\"Autor de assassinato de J\u00e9ssica Carloni \u00e9 condenado a quase 18 anos de pris\u00e3o - VerdadeOn\" \/>\n<meta property=\"og:description\" content=\"A senten\u00e7a foi lida pelo juiz do caso na tarde desta quinta-feira, no F\u00f3rum da Comarca de Franca Foi condenado a quase 18 anos de pris\u00e3o [\u2026]\" \/>\n<meta property=\"og:url\" content=\"https:\/\/verdadeon.com.br\/portal\/2022\/03\/31\/autor-de-assassinato-de-jessica-carloni-e-condenado-a-quase-18-anos-de-prisao\/\" \/>\n<meta property=\"og:site_name\" content=\"VerdadeOn\" \/>\n<meta property=\"article:published_time\" content=\"2022-03-31T20:37:10+00:00\" \/>\n<meta property=\"og:image\" content=\"https:\/\/verdadeon.com.br\/portal\/wp-content\/uploads\/2022\/03\/ACUSADO-E-VITIMA.jpeg\" \/>\n\t<meta property=\"og:image:width\" content=\"1000\" \/>\n\t<meta property=\"og:image:height\" content=\"670\" \/>\n\t<meta property=\"og:image:type\" content=\"image\/jpeg\" \/>\n<meta name=\"author\" content=\"Fernando Lima\" \/>\n<meta name=\"twitter:card\" content=\"summary_large_image\" \/>\n<meta name=\"twitter:label1\" content=\"Escrito por\" \/>\n\t<meta name=\"twitter:data1\" content=\"Fernando Lima\" \/>\n\t<meta name=\"twitter:label2\" content=\"Est. tempo de leitura\" \/>\n\t<meta name=\"twitter:data2\" content=\"4 minutos\" \/>\n<script type=\"application\/ld+json\" class=\"yoast-schema-graph\">{\"@context\":\"https:\/\/schema.org\",\"@graph\":[{\"@type\":\"WebPage\",\"@id\":\"https:\/\/verdadeon.com.br\/portal\/2022\/03\/31\/autor-de-assassinato-de-jessica-carloni-e-condenado-a-quase-18-anos-de-prisao\/\",\"url\":\"https:\/\/verdadeon.com.br\/portal\/2022\/03\/31\/autor-de-assassinato-de-jessica-carloni-e-condenado-a-quase-18-anos-de-prisao\/\",\"name\":\"Autor de assassinato de J\u00e9ssica Carloni \u00e9 condenado a quase 18 anos de pris\u00e3o - VerdadeOn\",\"isPartOf\":{\"@id\":\"https:\/\/verdadeon.com.br\/portal\/#website\"},\"primaryImageOfPage\":{\"@id\":\"https:\/\/verdadeon.com.br\/portal\/2022\/03\/31\/autor-de-assassinato-de-jessica-carloni-e-condenado-a-quase-18-anos-de-prisao\/#primaryimage\"},\"image\":{\"@id\":\"https:\/\/verdadeon.com.br\/portal\/2022\/03\/31\/autor-de-assassinato-de-jessica-carloni-e-condenado-a-quase-18-anos-de-prisao\/#primaryimage\"},\"thumbnailUrl\":\"https:\/\/i0.wp.com\/verdadeon.com.br\/portal\/wp-content\/uploads\/2022\/03\/ACUSADO-E-VITIMA.jpeg?fit=1000%2C670&ssl=1\",\"datePublished\":\"2022-03-31T20:37:10+00:00\",\"author\":{\"@id\":\"https:\/\/verdadeon.com.br\/portal\/#\/schema\/person\/cc32be22b8e8599387c480bc83e1d11a\"},\"breadcrumb\":{\"@id\":\"https:\/\/verdadeon.com.br\/portal\/2022\/03\/31\/autor-de-assassinato-de-jessica-carloni-e-condenado-a-quase-18-anos-de-prisao\/#breadcrumb\"},\"inLanguage\":\"pt-BR\",\"potentialAction\":[{\"@type\":\"ReadAction\",\"target\":[\"https:\/\/verdadeon.com.br\/portal\/2022\/03\/31\/autor-de-assassinato-de-jessica-carloni-e-condenado-a-quase-18-anos-de-prisao\/\"]}]},{\"@type\":\"ImageObject\",\"inLanguage\":\"pt-BR\",\"@id\":\"https:\/\/verdadeon.com.br\/portal\/2022\/03\/31\/autor-de-assassinato-de-jessica-carloni-e-condenado-a-quase-18-anos-de-prisao\/#primaryimage\",\"url\":\"https:\/\/i0.wp.com\/verdadeon.com.br\/portal\/wp-content\/uploads\/2022\/03\/ACUSADO-E-VITIMA.jpeg?fit=1000%2C670&ssl=1\",\"contentUrl\":\"https:\/\/i0.wp.com\/verdadeon.com.br\/portal\/wp-content\/uploads\/2022\/03\/ACUSADO-E-VITIMA.jpeg?fit=1000%2C670&ssl=1\",\"width\":1000,\"height\":670,\"caption\":\"Ant\u00f4nio Rodrigues matou J\u00e9ssica Carloni com dezenas de facadas, em uma festa em uma ch\u00e1cara na zona sul de Franca em fevereiro de 2020 | Foto: Redes sociais\"},{\"@type\":\"BreadcrumbList\",\"@id\":\"https:\/\/verdadeon.com.br\/portal\/2022\/03\/31\/autor-de-assassinato-de-jessica-carloni-e-condenado-a-quase-18-anos-de-prisao\/#breadcrumb\",\"itemListElement\":[{\"@type\":\"ListItem\",\"position\":1,\"name\":\"In\u00edcio\",\"item\":\"https:\/\/verdadeon.com.br\/portal\/\"},{\"@type\":\"ListItem\",\"position\":2,\"name\":\"Autor de assassinato de J\u00e9ssica Carloni \u00e9 condenado a quase 18 anos de pris\u00e3o\"}]},{\"@type\":\"WebSite\",\"@id\":\"https:\/\/verdadeon.com.br\/portal\/#website\",\"url\":\"https:\/\/verdadeon.com.br\/portal\/\",\"name\":\"VerdadeOn\",\"description\":\"Not\u00edcias di\u00e1rias sobre Franca, Regi\u00e3o, Esporte, Cultura, Cotidiano, Colunas. Cobertura nos principais eventos da cidade \u00e9 aqui - Verdadeon Franca\",\"potentialAction\":[{\"@type\":\"SearchAction\",\"target\":{\"@type\":\"EntryPoint\",\"urlTemplate\":\"https:\/\/verdadeon.com.br\/portal\/?s={search_term_string}\"},\"query-input\":{\"@type\":\"PropertyValueSpecification\",\"valueRequired\":true,\"valueName\":\"search_term_string\"}}],\"inLanguage\":\"pt-BR\"},{\"@type\":\"Person\",\"@id\":\"https:\/\/verdadeon.com.br\/portal\/#\/schema\/person\/cc32be22b8e8599387c480bc83e1d11a\",\"name\":\"Fernando Lima\",\"image\":{\"@type\":\"ImageObject\",\"inLanguage\":\"pt-BR\",\"@id\":\"https:\/\/verdadeon.com.br\/portal\/#\/schema\/person\/image\/\",\"url\":\"https:\/\/secure.gravatar.com\/avatar\/df4c8e132080d2b3a4841d5d232045464e0eed11a1d6e43115ca0843d48768d3?s=96&d=mm&r=g\",\"contentUrl\":\"https:\/\/secure.gravatar.com\/avatar\/df4c8e132080d2b3a4841d5d232045464e0eed11a1d6e43115ca0843d48768d3?s=96&d=mm&r=g\",\"caption\":\"Fernando Lima\"},\"sameAs\":[\"http:\/\/verdadeon.com.br\/\"],\"url\":\"https:\/\/verdadeon.com.br\/portal\/author\/fernando-lima\/\"}]}<\/script>\n<!-- \/ Yoast SEO plugin. -->","yoast_head_json":{"title":"Autor de assassinato de J\u00e9ssica Carloni \u00e9 condenado a quase 18 anos de pris\u00e3o - VerdadeOn","robots":{"index":"index","follow":"follow","max-snippet":"max-snippet:-1","max-image-preview":"max-image-preview:large","max-video-preview":"max-video-preview:-1"},"canonical":"https:\/\/verdadeon.com.br\/portal\/2022\/03\/31\/autor-de-assassinato-de-jessica-carloni-e-condenado-a-quase-18-anos-de-prisao\/","og_locale":"pt_BR","og_type":"article","og_title":"Autor de assassinato de J\u00e9ssica Carloni \u00e9 condenado a quase 18 anos de pris\u00e3o - VerdadeOn","og_description":"A senten\u00e7a foi lida pelo juiz do caso na tarde desta quinta-feira, no F\u00f3rum da Comarca de Franca Foi condenado a quase 18 anos de pris\u00e3o [\u2026]","og_url":"https:\/\/verdadeon.com.br\/portal\/2022\/03\/31\/autor-de-assassinato-de-jessica-carloni-e-condenado-a-quase-18-anos-de-prisao\/","og_site_name":"VerdadeOn","article_published_time":"2022-03-31T20:37:10+00:00","og_image":[{"width":1000,"height":670,"url":"https:\/\/verdadeon.com.br\/portal\/wp-content\/uploads\/2022\/03\/ACUSADO-E-VITIMA.jpeg","type":"image\/jpeg"}],"author":"Fernando Lima","twitter_card":"summary_large_image","twitter_misc":{"Escrito por":"Fernando Lima","Est. tempo de leitura":"4 minutos"},"schema":{"@context":"https:\/\/schema.org","@graph":[{"@type":"WebPage","@id":"https:\/\/verdadeon.com.br\/portal\/2022\/03\/31\/autor-de-assassinato-de-jessica-carloni-e-condenado-a-quase-18-anos-de-prisao\/","url":"https:\/\/verdadeon.com.br\/portal\/2022\/03\/31\/autor-de-assassinato-de-jessica-carloni-e-condenado-a-quase-18-anos-de-prisao\/","name":"Autor de assassinato de J\u00e9ssica Carloni \u00e9 condenado a quase 18 anos de pris\u00e3o - VerdadeOn","isPartOf":{"@id":"https:\/\/verdadeon.com.br\/portal\/#website"},"primaryImageOfPage":{"@id":"https:\/\/verdadeon.com.br\/portal\/2022\/03\/31\/autor-de-assassinato-de-jessica-carloni-e-condenado-a-quase-18-anos-de-prisao\/#primaryimage"},"image":{"@id":"https:\/\/verdadeon.com.br\/portal\/2022\/03\/31\/autor-de-assassinato-de-jessica-carloni-e-condenado-a-quase-18-anos-de-prisao\/#primaryimage"},"thumbnailUrl":"https:\/\/i0.wp.com\/verdadeon.com.br\/portal\/wp-content\/uploads\/2022\/03\/ACUSADO-E-VITIMA.jpeg?fit=1000%2C670&ssl=1","datePublished":"2022-03-31T20:37:10+00:00","author":{"@id":"https:\/\/verdadeon.com.br\/portal\/#\/schema\/person\/cc32be22b8e8599387c480bc83e1d11a"},"breadcrumb":{"@id":"https:\/\/verdadeon.com.br\/portal\/2022\/03\/31\/autor-de-assassinato-de-jessica-carloni-e-condenado-a-quase-18-anos-de-prisao\/#breadcrumb"},"inLanguage":"pt-BR","potentialAction":[{"@type":"ReadAction","target":["https:\/\/verdadeon.com.br\/portal\/2022\/03\/31\/autor-de-assassinato-de-jessica-carloni-e-condenado-a-quase-18-anos-de-prisao\/"]}]},{"@type":"ImageObject","inLanguage":"pt-BR","@id":"https:\/\/verdadeon.com.br\/portal\/2022\/03\/31\/autor-de-assassinato-de-jessica-carloni-e-condenado-a-quase-18-anos-de-prisao\/#primaryimage","url":"https:\/\/i0.wp.com\/verdadeon.com.br\/portal\/wp-content\/uploads\/2022\/03\/ACUSADO-E-VITIMA.jpeg?fit=1000%2C670&ssl=1","contentUrl":"https:\/\/i0.wp.com\/verdadeon.com.br\/portal\/wp-content\/uploads\/2022\/03\/ACUSADO-E-VITIMA.jpeg?fit=1000%2C670&ssl=1","width":1000,"height":670,"caption":"Ant\u00f4nio Rodrigues matou J\u00e9ssica Carloni com dezenas de facadas, em uma festa em uma ch\u00e1cara na zona sul de Franca em fevereiro de 2020 | Foto: Redes sociais"},{"@type":"BreadcrumbList","@id":"https:\/\/verdadeon.com.br\/portal\/2022\/03\/31\/autor-de-assassinato-de-jessica-carloni-e-condenado-a-quase-18-anos-de-prisao\/#breadcrumb","itemListElement":[{"@type":"ListItem","position":1,"name":"In\u00edcio","item":"https:\/\/verdadeon.com.br\/portal\/"},{"@type":"ListItem","position":2,"name":"Autor de assassinato de J\u00e9ssica Carloni \u00e9 condenado a quase 18 anos de pris\u00e3o"}]},{"@type":"WebSite","@id":"https:\/\/verdadeon.com.br\/portal\/#website","url":"https:\/\/verdadeon.com.br\/portal\/","name":"VerdadeOn","description":"Not\u00edcias di\u00e1rias sobre Franca, Regi\u00e3o, Esporte, Cultura, Cotidiano, Colunas. Cobertura nos principais eventos da cidade \u00e9 aqui - Verdadeon Franca","potentialAction":[{"@type":"SearchAction","target":{"@type":"EntryPoint","urlTemplate":"https:\/\/verdadeon.com.br\/portal\/?s={search_term_string}"},"query-input":{"@type":"PropertyValueSpecification","valueRequired":true,"valueName":"search_term_string"}}],"inLanguage":"pt-BR"},{"@type":"Person","@id":"https:\/\/verdadeon.com.br\/portal\/#\/schema\/person\/cc32be22b8e8599387c480bc83e1d11a","name":"Fernando Lima","image":{"@type":"ImageObject","inLanguage":"pt-BR","@id":"https:\/\/verdadeon.com.br\/portal\/#\/schema\/person\/image\/","url":"https:\/\/secure.gravatar.com\/avatar\/df4c8e132080d2b3a4841d5d232045464e0eed11a1d6e43115ca0843d48768d3?s=96&d=mm&r=g","contentUrl":"https:\/\/secure.gravatar.com\/avatar\/df4c8e132080d2b3a4841d5d232045464e0eed11a1d6e43115ca0843d48768d3?s=96&d=mm&r=g","caption":"Fernando Lima"},"sameAs":["http:\/\/verdadeon.com.br\/"],"url":"https:\/\/verdadeon.com.br\/portal\/author\/fernando-lima\/"}]}},"jetpack_publicize_connections":[],"jetpack_featured_media_url":"https:\/\/i0.wp.com\/verdadeon.com.br\/portal\/wp-content\/uploads\/2022\/03\/ACUSADO-E-VITIMA.jpeg?fit=1000%2C670&ssl=1","jetpack_sharing_enabled":true,"_links":{"self":[{"href":"https:\/\/verdadeon.com.br\/portal\/wp-json\/wp\/v2\/posts\/24120","targetHints":{"allow":["GET"]}}],"collection":[{"href":"https:\/\/verdadeon.com.br\/portal\/wp-json\/wp\/v2\/posts"}],"about":[{"href":"https:\/\/verdadeon.com.br\/portal\/wp-json\/wp\/v2\/types\/post"}],"author":[{"embeddable":true,"href":"https:\/\/verdadeon.com.br\/portal\/wp-json\/wp\/v2\/users\/7"}],"replies":[{"embeddable":true,"href":"https:\/\/verdadeon.com.br\/portal\/wp-json\/wp\/v2\/comments?post=24120"}],"version-history":[{"count":2,"href":"https:\/\/verdadeon.com.br\/portal\/wp-json\/wp\/v2\/posts\/24120\/revisions"}],"predecessor-version":[{"id":24131,"href":"https:\/\/verdadeon.com.br\/portal\/wp-json\/wp\/v2\/posts\/24120\/revisions\/24131"}],"wp:featuredmedia":[{"embeddable":true,"href":"https:\/\/verdadeon.com.br\/portal\/wp-json\/wp\/v2\/media\/24122"}],"wp:attachment":[{"href":"https:\/\/verdadeon.com.br\/portal\/wp-json\/wp\/v2\/media?parent=24120"}],"wp:term":[{"taxonomy":"category","embeddable":true,"href":"https:\/\/verdadeon.com.br\/portal\/wp-json\/wp\/v2\/categories?post=24120"},{"taxonomy":"post_tag","embeddable":true,"href":"https:\/\/verdadeon.com.br\/portal\/wp-json\/wp\/v2\/tags?post=24120"}],"curies":[{"name":"wp","href":"https:\/\/api.w.org\/{rel}","templated":true}]}}