{"id":24091,"date":"2022-03-30T11:17:20","date_gmt":"2022-03-30T14:17:20","guid":{"rendered":"https:\/\/verdadeon.com.br\/portal\/?p=24091"},"modified":"2022-03-30T11:17:20","modified_gmt":"2022-03-30T14:17:20","slug":"campeoes-paralimpicos-sao-colaboradores-do-hospital-do-cancer-de-franca","status":"publish","type":"post","link":"https:\/\/verdadeon.com.br\/portal\/2022\/03\/30\/campeoes-paralimpicos-sao-colaboradores-do-hospital-do-cancer-de-franca\/","title":{"rendered":"Campe\u00f5es paral\u00edmpicos s\u00e3o colaboradores do Hospital do C\u00e2ncer de Franca"},"content":{"rendered":"<h2 style=\"font-weight: 400;\"><em>Rodrigo e Michael, atletas paral\u00edmpicos e colaboradores da Central de Doa\u00e7\u00f5es do Hospital do C\u00e2ncer<\/em><\/h2>\n<p>Campe\u00f5es na vida\u2019 \u2013 assim podem ser definidos os atletas Rodrigo Capr\u00edcio e Michael de Souza. Ambos s\u00e3o pessoas com defici\u00eancia f\u00edsica, que simplesmente encaram os obst\u00e1culos como janelas de oportunidades abertas para o sucesso. No esporte, superam as barreiras f\u00edsicas e mentais, aplicando determina\u00e7\u00e3o e muito treino, alcan\u00e7ando posi\u00e7\u00e3o de campe\u00f5es no p\u00f3dio. Em suas profiss\u00f5es, como atendentes da Central de Doa\u00e7\u00f5es do Hospital do C\u00e2ncer de Franca, atuam como agentes em um ponto essencial de uma complexa rede para salvar vidas de crian\u00e7as, jovens e adultos com c\u00e2ncer, pois s\u00e3o o contato direto do hospital com a comunidade, para a arrecada\u00e7\u00e3o de doa\u00e7\u00f5es que s\u00e3o aplicadas na compra de equipamentos e insumos diversos, que impactam na qualidade do tratamento desses pacientes.<\/p>\n<p>&nbsp;<\/p>\n<p><img data-recalc-dims=\"1\" loading=\"lazy\" decoding=\"async\" class=\"alignnone size-full wp-image-24094\" src=\"https:\/\/i0.wp.com\/verdadeon.com.br\/portal\/wp-content\/uploads\/2022\/03\/imagem_-3.jpg?resize=694%2C1004&#038;ssl=1\" alt=\"\" width=\"694\" height=\"1004\" srcset=\"https:\/\/i0.wp.com\/verdadeon.com.br\/portal\/wp-content\/uploads\/2022\/03\/imagem_-3.jpg?w=694&amp;ssl=1 694w, https:\/\/i0.wp.com\/verdadeon.com.br\/portal\/wp-content\/uploads\/2022\/03\/imagem_-3.jpg?resize=207%2C300&amp;ssl=1 207w, https:\/\/i0.wp.com\/verdadeon.com.br\/portal\/wp-content\/uploads\/2022\/03\/imagem_-3.jpg?resize=101%2C146&amp;ssl=1 101w, https:\/\/i0.wp.com\/verdadeon.com.br\/portal\/wp-content\/uploads\/2022\/03\/imagem_-3.jpg?resize=35%2C50&amp;ssl=1 35w, https:\/\/i0.wp.com\/verdadeon.com.br\/portal\/wp-content\/uploads\/2022\/03\/imagem_-3.jpg?resize=52%2C75&amp;ssl=1 52w\" sizes=\"auto, (max-width: 694px) 100vw, 694px\" \/><\/p>\n<p style=\"font-weight: 400;\"><strong>Michael de Souza Carneiro, 29 anos,<\/strong>\u00a0desde a adolesc\u00eancia sempre gostou da pr\u00e1tica esportiva como muscula\u00e7\u00e3o, corrida, etc; mas aos 19 anos teve um acidente de moto e, devido aos ferimentos, sofreu a amputa\u00e7\u00e3o de seu bra\u00e7o esquerdo. Passado o per\u00edodo de recupera\u00e7\u00e3o, continuou com os esportes, inclusive praticando boxe; mas somente seis anos ap\u00f3s seu acidente veio a conhecer o esporte paral\u00edmpico em Franca, atrav\u00e9s Equipe ACD (Atletas com Defici\u00eancia) da FEAC (Funda\u00e7\u00e3o para o Esporte, Arte e Cultura \u2013 da Prefeitura de Franca\/SP), onde teve contato com as modalidades de arremesso de peso, lan\u00e7amento de disco e dardo. Michael conta: \u201cDesde esse primeiro contato com a Equipe ACD minha alegria foi muito grande por saber que existia em Franca um espa\u00e7o para atletas paral\u00edmpicos se desenvolverem \u2013 e desde ent\u00e3o me empenhei ao m\u00e1ximo nos treinamentos, participando de diversas competi\u00e7\u00f5es e sempre angariando medalhas\u201d, explica Michael.<\/p>\n<p style=\"font-weight: 400;\">Competindo pela FEAC na equipe ACD, categoria F46, Michael conquistou o 1\u00ba lugar no lan\u00e7amento de dardo e 2\u00ba lugar no arremesso de peso. Michael falou sobre seu trabalho e deixou algumas palavras para as pessoas com defici\u00eancia: \u201cEstou na Central de Doa\u00e7\u00f5es do Hospital do C\u00e2ncer de Franca desde 2018, e o que me motiva \u00e9 poder contribuir atrav\u00e9s do meu trabalho, fazendo a diferen\u00e7a para melhorar as vidas de nossos pacientes. Para as pessoas com defici\u00eancia digo que nunca desistam dos seus sonhos, pois somos todos capazes de realizar o que quisermos \u2013 basta alimentarmos nossas vidas com foco e dedica\u00e7\u00e3o\u201d, concluiu Michael.<\/p>\n<p>&nbsp;<\/p>\n<p><img data-recalc-dims=\"1\" loading=\"lazy\" decoding=\"async\" class=\"alignnone size-full wp-image-24093\" src=\"https:\/\/i0.wp.com\/verdadeon.com.br\/portal\/wp-content\/uploads\/2022\/03\/imagem_-1.jpg?resize=637%2C945&#038;ssl=1\" alt=\"\" width=\"637\" height=\"945\" srcset=\"https:\/\/i0.wp.com\/verdadeon.com.br\/portal\/wp-content\/uploads\/2022\/03\/imagem_-1.jpg?w=637&amp;ssl=1 637w, https:\/\/i0.wp.com\/verdadeon.com.br\/portal\/wp-content\/uploads\/2022\/03\/imagem_-1.jpg?resize=202%2C300&amp;ssl=1 202w, https:\/\/i0.wp.com\/verdadeon.com.br\/portal\/wp-content\/uploads\/2022\/03\/imagem_-1.jpg?resize=98%2C146&amp;ssl=1 98w, https:\/\/i0.wp.com\/verdadeon.com.br\/portal\/wp-content\/uploads\/2022\/03\/imagem_-1.jpg?resize=34%2C50&amp;ssl=1 34w, https:\/\/i0.wp.com\/verdadeon.com.br\/portal\/wp-content\/uploads\/2022\/03\/imagem_-1.jpg?resize=51%2C75&amp;ssl=1 51w\" sizes=\"auto, (max-width: 637px) 100vw, 637px\" \/><\/p>\n<p><strong>Rodrigo Moreira Capr\u00edcio, 38 anos,\u00a0<\/strong>tamb\u00e9m colaborador da Central de Doa\u00e7\u00f5es do Hospital do C\u00e2ncer de Franca, n\u00e3o nasceu com defici\u00eancia, mas foi v\u00edtima de uma agress\u00e3o com arma branca, tendo uma les\u00e3o medular que o deixou parapl\u00e9gico, impossibilitando o movimento de suas pernas. Mas essa tr\u00e1gica experi\u00eancia n\u00e3o foi suficiente para abater o esp\u00edrito determinado de Rodrigo, que em 2008 iniciou no \u201cBasquete Cadeirante\u201d um projeto da Unifran (Universidade de Franca) para pessoas com defici\u00eancia \u2013 sobre o que ele fala: \u201cEssa foi a primeira vez que tive contato com v\u00e1rios atletas com defici\u00eancia, vindo a conhecer mais sobre o esporte cadeirante, o que foi muito importante, por me sentir parte de uma rede onde eu tinha meu lugar de a\u00e7\u00e3o\u201d, explica. No final de 2008, Rodrigo foi convidado para compor a equipe paral\u00edmpica, participando de sua primeira competi\u00e7\u00e3o nos Jogos Regionais em 2009 como atleta paral\u00edmpico representando a cidade de Franca\/SP \u2013 j\u00e1 sendo medalhista nas modalidades de lan\u00e7amento de dardo e arremesso de peso; em 2010 continuou competindo nas modalidades de arremesso de peso, dardo e disco, mas ele diz que sempre almejou as corridas. Assim, a partir de 2013, a equipe conseguiu adquirir a cadeira de inicia\u00e7\u00e3o esportiva, sendo medalhista de ouro j\u00e1 na primeira competi\u00e7\u00e3o como corredor cadeirante. No final de 2014, Rodrigo e a equipe conseguem a cadeira profissional, importada dos EUA \u2013 e a partir da\u00ed, ele j\u00e1 se inicia como atleta nacional, membro da Equipe Francana de Atletismo Adaptado, participando do Meeting Paral\u00edmpico Circuito Caixa 2021 na cidade de Sert\u00e3ozinho, e conquistando medalhas de Ouro nas provas de 100 metros e 400 metros &#8211; hoje ocupando o 3\u00ba lugar no ranking nacional brasileiro na prova de 100 metros. E Rodrigo deixa uma breve mas importante mensagem: \u201cToda pessoa, independente do grau da les\u00e3o e tipo de defici\u00eancia sempre pode encontrar uma maneira de ser ativa, seja no esporte, na profiss\u00e3o e dentro do seu papel familiar, pois hoje, gra\u00e7as \u00e0 ci\u00eancia, com o avan\u00e7o de \u00f3rteses, pr\u00f3teses e terapias, as defici\u00eancias deixam gradativamente de ser um tabu, para serem uma condi\u00e7\u00e3o a ser superada, dando espa\u00e7o para as pessoas com defici\u00eancia conquistarem seu espa\u00e7o na sociedade; e procuramos deixar um exemplo para as pessoas que t\u00eam suas capacidades intactas e muitas vezes est\u00e3o sedent\u00e1rias &#8211; reavaliem seus h\u00e1bitos e busquem praticar atividades que lhe proporcionem sa\u00fade e qualidade de vida\u201d \u2013 e ele ainda comenta sobre seu trabalho \u2013 \u201cA Central de Doa\u00e7\u00f5es do Hospital do C\u00e2ncer desenvolve um trabalho muito digno, pois cada profissional que aqui atua, busca angariar doa\u00e7\u00f5es junto \u00e0 sociedade, para que sejam convertidas em recursos como equipamentos para diagn\u00f3stico e tratamento, ou melhorias nas depend\u00eancias do pr\u00f3prio hospital, trazendo mais conforto e acolhimento para os pacientes\u201d, concluiu Rodrigo.<\/p>\n<p>&nbsp;<\/p>\n","protected":false},"excerpt":{"rendered":"<p>Rodrigo e Michael, atletas paral\u00edmpicos e colaboradores da Central de Doa\u00e7\u00f5es do Hospital do C\u00e2ncer Campe\u00f5es na vida\u2019 \u2013 assim podem ser definidos os atletas Rodrigo<span class=\"excerpt-hellip\"> [\u2026]<\/span><\/p>\n","protected":false},"author":4,"featured_media":24092,"comment_status":"open","ping_status":"open","sticky":false,"template":"","format":"standard","meta":{"_jetpack_memberships_contains_paid_content":false,"footnotes":"","jetpack_publicize_message":"","jetpack_publicize_feature_enabled":true,"jetpack_social_post_already_shared":false,"jetpack_social_options":{"image_generator_settings":{"template":"highway","default_image_id":0,"enabled":false},"version":2}},"categories":[28,44],"tags":[],"class_list":["post-24091","post","type-post","status-publish","format-standard","has-post-thumbnail","hentry","category-cotidiano","category-noticias"],"yoast_head":"<!-- This site is optimized with the Yoast SEO plugin v25.6 - https:\/\/yoast.com\/wordpress\/plugins\/seo\/ -->\n<title>Campe\u00f5es paral\u00edmpicos s\u00e3o colaboradores do Hospital do C\u00e2ncer de Franca - VerdadeOn<\/title>\n<meta name=\"robots\" content=\"index, follow, max-snippet:-1, max-image-preview:large, max-video-preview:-1\" \/>\n<link rel=\"canonical\" href=\"https:\/\/verdadeon.com.br\/portal\/2022\/03\/30\/campeoes-paralimpicos-sao-colaboradores-do-hospital-do-cancer-de-franca\/\" \/>\n<meta property=\"og:locale\" content=\"pt_BR\" \/>\n<meta property=\"og:type\" content=\"article\" \/>\n<meta property=\"og:title\" content=\"Campe\u00f5es paral\u00edmpicos s\u00e3o colaboradores do Hospital do C\u00e2ncer de Franca - VerdadeOn\" \/>\n<meta property=\"og:description\" content=\"Rodrigo e Michael, atletas paral\u00edmpicos e colaboradores da Central de Doa\u00e7\u00f5es do Hospital do C\u00e2ncer Campe\u00f5es na vida\u2019 \u2013 assim podem ser definidos os atletas Rodrigo [\u2026]\" \/>\n<meta property=\"og:url\" content=\"https:\/\/verdadeon.com.br\/portal\/2022\/03\/30\/campeoes-paralimpicos-sao-colaboradores-do-hospital-do-cancer-de-franca\/\" \/>\n<meta property=\"og:site_name\" content=\"VerdadeOn\" \/>\n<meta property=\"article:published_time\" content=\"2022-03-30T14:17:20+00:00\" \/>\n<meta property=\"og:image\" content=\"https:\/\/verdadeon.com.br\/portal\/wp-content\/uploads\/2022\/03\/Selecao_materia.jpg\" \/>\n\t<meta property=\"og:image:width\" content=\"1000\" \/>\n\t<meta property=\"og:image:height\" content=\"670\" \/>\n\t<meta property=\"og:image:type\" content=\"image\/jpeg\" \/>\n<meta name=\"author\" content=\"Fernando Calixto\" \/>\n<meta name=\"twitter:card\" content=\"summary_large_image\" \/>\n<meta name=\"twitter:label1\" content=\"Escrito por\" \/>\n\t<meta name=\"twitter:data1\" content=\"Fernando Calixto\" \/>\n\t<meta name=\"twitter:label2\" content=\"Est. tempo de leitura\" \/>\n\t<meta name=\"twitter:data2\" content=\"6 minutos\" \/>\n<script type=\"application\/ld+json\" class=\"yoast-schema-graph\">{\"@context\":\"https:\/\/schema.org\",\"@graph\":[{\"@type\":\"WebPage\",\"@id\":\"https:\/\/verdadeon.com.br\/portal\/2022\/03\/30\/campeoes-paralimpicos-sao-colaboradores-do-hospital-do-cancer-de-franca\/\",\"url\":\"https:\/\/verdadeon.com.br\/portal\/2022\/03\/30\/campeoes-paralimpicos-sao-colaboradores-do-hospital-do-cancer-de-franca\/\",\"name\":\"Campe\u00f5es paral\u00edmpicos s\u00e3o colaboradores do Hospital do C\u00e2ncer de Franca - VerdadeOn\",\"isPartOf\":{\"@id\":\"https:\/\/verdadeon.com.br\/portal\/#website\"},\"primaryImageOfPage\":{\"@id\":\"https:\/\/verdadeon.com.br\/portal\/2022\/03\/30\/campeoes-paralimpicos-sao-colaboradores-do-hospital-do-cancer-de-franca\/#primaryimage\"},\"image\":{\"@id\":\"https:\/\/verdadeon.com.br\/portal\/2022\/03\/30\/campeoes-paralimpicos-sao-colaboradores-do-hospital-do-cancer-de-franca\/#primaryimage\"},\"thumbnailUrl\":\"https:\/\/i0.wp.com\/verdadeon.com.br\/portal\/wp-content\/uploads\/2022\/03\/Selecao_materia.jpg?fit=1000%2C670&ssl=1\",\"datePublished\":\"2022-03-30T14:17:20+00:00\",\"author\":{\"@id\":\"https:\/\/verdadeon.com.br\/portal\/#\/schema\/person\/8994718f49ee62ba5610471e29ca1f62\"},\"breadcrumb\":{\"@id\":\"https:\/\/verdadeon.com.br\/portal\/2022\/03\/30\/campeoes-paralimpicos-sao-colaboradores-do-hospital-do-cancer-de-franca\/#breadcrumb\"},\"inLanguage\":\"pt-BR\",\"potentialAction\":[{\"@type\":\"ReadAction\",\"target\":[\"https:\/\/verdadeon.com.br\/portal\/2022\/03\/30\/campeoes-paralimpicos-sao-colaboradores-do-hospital-do-cancer-de-franca\/\"]}]},{\"@type\":\"ImageObject\",\"inLanguage\":\"pt-BR\",\"@id\":\"https:\/\/verdadeon.com.br\/portal\/2022\/03\/30\/campeoes-paralimpicos-sao-colaboradores-do-hospital-do-cancer-de-franca\/#primaryimage\",\"url\":\"https:\/\/i0.wp.com\/verdadeon.com.br\/portal\/wp-content\/uploads\/2022\/03\/Selecao_materia.jpg?fit=1000%2C670&ssl=1\",\"contentUrl\":\"https:\/\/i0.wp.com\/verdadeon.com.br\/portal\/wp-content\/uploads\/2022\/03\/Selecao_materia.jpg?fit=1000%2C670&ssl=1\",\"width\":1000,\"height\":670,\"caption\":\"Os atletas Rodrigo e Michael: campe\u00f5es ol\u00edmpicos\"},{\"@type\":\"BreadcrumbList\",\"@id\":\"https:\/\/verdadeon.com.br\/portal\/2022\/03\/30\/campeoes-paralimpicos-sao-colaboradores-do-hospital-do-cancer-de-franca\/#breadcrumb\",\"itemListElement\":[{\"@type\":\"ListItem\",\"position\":1,\"name\":\"In\u00edcio\",\"item\":\"https:\/\/verdadeon.com.br\/portal\/\"},{\"@type\":\"ListItem\",\"position\":2,\"name\":\"Campe\u00f5es paral\u00edmpicos s\u00e3o colaboradores do Hospital do C\u00e2ncer de Franca\"}]},{\"@type\":\"WebSite\",\"@id\":\"https:\/\/verdadeon.com.br\/portal\/#website\",\"url\":\"https:\/\/verdadeon.com.br\/portal\/\",\"name\":\"VerdadeOn\",\"description\":\"Not\u00edcias di\u00e1rias sobre Franca, Regi\u00e3o, Esporte, Cultura, Cotidiano, Colunas. Cobertura nos principais eventos da cidade \u00e9 aqui - Verdadeon Franca\",\"potentialAction\":[{\"@type\":\"SearchAction\",\"target\":{\"@type\":\"EntryPoint\",\"urlTemplate\":\"https:\/\/verdadeon.com.br\/portal\/?s={search_term_string}\"},\"query-input\":{\"@type\":\"PropertyValueSpecification\",\"valueRequired\":true,\"valueName\":\"search_term_string\"}}],\"inLanguage\":\"pt-BR\"},{\"@type\":\"Person\",\"@id\":\"https:\/\/verdadeon.com.br\/portal\/#\/schema\/person\/8994718f49ee62ba5610471e29ca1f62\",\"name\":\"Fernando Calixto\",\"image\":{\"@type\":\"ImageObject\",\"inLanguage\":\"pt-BR\",\"@id\":\"https:\/\/verdadeon.com.br\/portal\/#\/schema\/person\/image\/\",\"url\":\"https:\/\/secure.gravatar.com\/avatar\/7578910c24966c0316c340f9dbd601e93ee9f9212e1033968b367af9306bd9fb?s=96&d=mm&r=g\",\"contentUrl\":\"https:\/\/secure.gravatar.com\/avatar\/7578910c24966c0316c340f9dbd601e93ee9f9212e1033968b367af9306bd9fb?s=96&d=mm&r=g\",\"caption\":\"Fernando Calixto\"},\"url\":\"https:\/\/verdadeon.com.br\/portal\/author\/fernando-calixto\/\"}]}<\/script>\n<!-- \/ Yoast SEO plugin. -->","yoast_head_json":{"title":"Campe\u00f5es paral\u00edmpicos s\u00e3o colaboradores do Hospital do C\u00e2ncer de Franca - VerdadeOn","robots":{"index":"index","follow":"follow","max-snippet":"max-snippet:-1","max-image-preview":"max-image-preview:large","max-video-preview":"max-video-preview:-1"},"canonical":"https:\/\/verdadeon.com.br\/portal\/2022\/03\/30\/campeoes-paralimpicos-sao-colaboradores-do-hospital-do-cancer-de-franca\/","og_locale":"pt_BR","og_type":"article","og_title":"Campe\u00f5es paral\u00edmpicos s\u00e3o colaboradores do Hospital do C\u00e2ncer de Franca - VerdadeOn","og_description":"Rodrigo e Michael, atletas paral\u00edmpicos e colaboradores da Central de Doa\u00e7\u00f5es do Hospital do C\u00e2ncer Campe\u00f5es na vida\u2019 \u2013 assim podem ser definidos os atletas Rodrigo [\u2026]","og_url":"https:\/\/verdadeon.com.br\/portal\/2022\/03\/30\/campeoes-paralimpicos-sao-colaboradores-do-hospital-do-cancer-de-franca\/","og_site_name":"VerdadeOn","article_published_time":"2022-03-30T14:17:20+00:00","og_image":[{"width":1000,"height":670,"url":"https:\/\/verdadeon.com.br\/portal\/wp-content\/uploads\/2022\/03\/Selecao_materia.jpg","type":"image\/jpeg"}],"author":"Fernando Calixto","twitter_card":"summary_large_image","twitter_misc":{"Escrito por":"Fernando Calixto","Est. tempo de leitura":"6 minutos"},"schema":{"@context":"https:\/\/schema.org","@graph":[{"@type":"WebPage","@id":"https:\/\/verdadeon.com.br\/portal\/2022\/03\/30\/campeoes-paralimpicos-sao-colaboradores-do-hospital-do-cancer-de-franca\/","url":"https:\/\/verdadeon.com.br\/portal\/2022\/03\/30\/campeoes-paralimpicos-sao-colaboradores-do-hospital-do-cancer-de-franca\/","name":"Campe\u00f5es paral\u00edmpicos s\u00e3o colaboradores do Hospital do C\u00e2ncer de Franca - VerdadeOn","isPartOf":{"@id":"https:\/\/verdadeon.com.br\/portal\/#website"},"primaryImageOfPage":{"@id":"https:\/\/verdadeon.com.br\/portal\/2022\/03\/30\/campeoes-paralimpicos-sao-colaboradores-do-hospital-do-cancer-de-franca\/#primaryimage"},"image":{"@id":"https:\/\/verdadeon.com.br\/portal\/2022\/03\/30\/campeoes-paralimpicos-sao-colaboradores-do-hospital-do-cancer-de-franca\/#primaryimage"},"thumbnailUrl":"https:\/\/i0.wp.com\/verdadeon.com.br\/portal\/wp-content\/uploads\/2022\/03\/Selecao_materia.jpg?fit=1000%2C670&ssl=1","datePublished":"2022-03-30T14:17:20+00:00","author":{"@id":"https:\/\/verdadeon.com.br\/portal\/#\/schema\/person\/8994718f49ee62ba5610471e29ca1f62"},"breadcrumb":{"@id":"https:\/\/verdadeon.com.br\/portal\/2022\/03\/30\/campeoes-paralimpicos-sao-colaboradores-do-hospital-do-cancer-de-franca\/#breadcrumb"},"inLanguage":"pt-BR","potentialAction":[{"@type":"ReadAction","target":["https:\/\/verdadeon.com.br\/portal\/2022\/03\/30\/campeoes-paralimpicos-sao-colaboradores-do-hospital-do-cancer-de-franca\/"]}]},{"@type":"ImageObject","inLanguage":"pt-BR","@id":"https:\/\/verdadeon.com.br\/portal\/2022\/03\/30\/campeoes-paralimpicos-sao-colaboradores-do-hospital-do-cancer-de-franca\/#primaryimage","url":"https:\/\/i0.wp.com\/verdadeon.com.br\/portal\/wp-content\/uploads\/2022\/03\/Selecao_materia.jpg?fit=1000%2C670&ssl=1","contentUrl":"https:\/\/i0.wp.com\/verdadeon.com.br\/portal\/wp-content\/uploads\/2022\/03\/Selecao_materia.jpg?fit=1000%2C670&ssl=1","width":1000,"height":670,"caption":"Os atletas Rodrigo e Michael: campe\u00f5es ol\u00edmpicos"},{"@type":"BreadcrumbList","@id":"https:\/\/verdadeon.com.br\/portal\/2022\/03\/30\/campeoes-paralimpicos-sao-colaboradores-do-hospital-do-cancer-de-franca\/#breadcrumb","itemListElement":[{"@type":"ListItem","position":1,"name":"In\u00edcio","item":"https:\/\/verdadeon.com.br\/portal\/"},{"@type":"ListItem","position":2,"name":"Campe\u00f5es paral\u00edmpicos s\u00e3o colaboradores do Hospital do C\u00e2ncer de Franca"}]},{"@type":"WebSite","@id":"https:\/\/verdadeon.com.br\/portal\/#website","url":"https:\/\/verdadeon.com.br\/portal\/","name":"VerdadeOn","description":"Not\u00edcias di\u00e1rias sobre Franca, Regi\u00e3o, Esporte, Cultura, Cotidiano, Colunas. Cobertura nos principais eventos da cidade \u00e9 aqui - Verdadeon Franca","potentialAction":[{"@type":"SearchAction","target":{"@type":"EntryPoint","urlTemplate":"https:\/\/verdadeon.com.br\/portal\/?s={search_term_string}"},"query-input":{"@type":"PropertyValueSpecification","valueRequired":true,"valueName":"search_term_string"}}],"inLanguage":"pt-BR"},{"@type":"Person","@id":"https:\/\/verdadeon.com.br\/portal\/#\/schema\/person\/8994718f49ee62ba5610471e29ca1f62","name":"Fernando Calixto","image":{"@type":"ImageObject","inLanguage":"pt-BR","@id":"https:\/\/verdadeon.com.br\/portal\/#\/schema\/person\/image\/","url":"https:\/\/secure.gravatar.com\/avatar\/7578910c24966c0316c340f9dbd601e93ee9f9212e1033968b367af9306bd9fb?s=96&d=mm&r=g","contentUrl":"https:\/\/secure.gravatar.com\/avatar\/7578910c24966c0316c340f9dbd601e93ee9f9212e1033968b367af9306bd9fb?s=96&d=mm&r=g","caption":"Fernando Calixto"},"url":"https:\/\/verdadeon.com.br\/portal\/author\/fernando-calixto\/"}]}},"jetpack_publicize_connections":[],"jetpack_featured_media_url":"https:\/\/i0.wp.com\/verdadeon.com.br\/portal\/wp-content\/uploads\/2022\/03\/Selecao_materia.jpg?fit=1000%2C670&ssl=1","jetpack_sharing_enabled":true,"_links":{"self":[{"href":"https:\/\/verdadeon.com.br\/portal\/wp-json\/wp\/v2\/posts\/24091","targetHints":{"allow":["GET"]}}],"collection":[{"href":"https:\/\/verdadeon.com.br\/portal\/wp-json\/wp\/v2\/posts"}],"about":[{"href":"https:\/\/verdadeon.com.br\/portal\/wp-json\/wp\/v2\/types\/post"}],"author":[{"embeddable":true,"href":"https:\/\/verdadeon.com.br\/portal\/wp-json\/wp\/v2\/users\/4"}],"replies":[{"embeddable":true,"href":"https:\/\/verdadeon.com.br\/portal\/wp-json\/wp\/v2\/comments?post=24091"}],"version-history":[{"count":1,"href":"https:\/\/verdadeon.com.br\/portal\/wp-json\/wp\/v2\/posts\/24091\/revisions"}],"predecessor-version":[{"id":24095,"href":"https:\/\/verdadeon.com.br\/portal\/wp-json\/wp\/v2\/posts\/24091\/revisions\/24095"}],"wp:featuredmedia":[{"embeddable":true,"href":"https:\/\/verdadeon.com.br\/portal\/wp-json\/wp\/v2\/media\/24092"}],"wp:attachment":[{"href":"https:\/\/verdadeon.com.br\/portal\/wp-json\/wp\/v2\/media?parent=24091"}],"wp:term":[{"taxonomy":"category","embeddable":true,"href":"https:\/\/verdadeon.com.br\/portal\/wp-json\/wp\/v2\/categories?post=24091"},{"taxonomy":"post_tag","embeddable":true,"href":"https:\/\/verdadeon.com.br\/portal\/wp-json\/wp\/v2\/tags?post=24091"}],"curies":[{"name":"wp","href":"https:\/\/api.w.org\/{rel}","templated":true}]}}