{"id":24038,"date":"2022-03-28T19:33:06","date_gmt":"2022-03-28T22:33:06","guid":{"rendered":"https:\/\/verdadeon.com.br\/portal\/?p=24038"},"modified":"2022-03-28T19:33:06","modified_gmt":"2022-03-28T22:33:06","slug":"evento-que-reune-solidariedade-e-diversao-atrai-milhares-de-pessoas-ao-fernando-costa","status":"publish","type":"post","link":"https:\/\/verdadeon.com.br\/portal\/2022\/03\/28\/evento-que-reune-solidariedade-e-diversao-atrai-milhares-de-pessoas-ao-fernando-costa\/","title":{"rendered":"Evento que re\u00fane solidariedade e divers\u00e3o atrai milhares de pessoas ao &#8216;Fernando Costa&#8217;"},"content":{"rendered":"<h2>Com dezenas de personagens para recepcionar p\u00fablico, a\u00e7\u00e3o arrecadou alimentos para doar a entidades assistenciais<\/h2>\n<p>&nbsp;<\/p>\n<p><span style=\"font-weight: 400;\">A 6\u00aa \u201cViagem ao Mundo M\u00e1gico\u201d movimentou bastante o Parque \u201cFernando Costa\u201d na manh\u00e3 de domingo (27). Um grande p\u00fablico, que reuniu fam\u00edlias inteiras, prestigiou o evento, que pela primeira vez foi no formato presencial &#8211; as demais edi\u00e7\u00f5es foram no sistema drive thru por causa da pandemia.<\/span><\/p>\n<p><span style=\"font-weight: 400;\">As crian\u00e7as e adultos puderam interagir com dezenas de personagens, como Shrek, Patrulha Canina, Mickey, Peppa Pig, Mario Bros e Luigi, Sonic e Toy Story. O p\u00fablico formou filas para tirar fotos com os \u00eddolos.<\/span><\/p>\n<p><span style=\"font-weight: 400;\">O evento \u00e9 realizado pela Super Liga Produ\u00e7\u00f5es, com apoio de mais de 70 volunt\u00e1rios e da Prefeitura. Nesta edi\u00e7\u00e3o, houve a participa\u00e7\u00e3o dos Desbravadores, da Igreja Adventista do S\u00e9timo Dia.\u00a0<\/span><\/p>\n<p><span style=\"font-weight: 400;\">O objetivo \u00e9 proporcionar momentos de divers\u00e3o, op\u00e7\u00e3o de lazer para os pais levarem os filhos e ao mesmo tempo exercer a solidariedade. A entrada \u00e9 um quilo de alimento n\u00e3o perec\u00edvel e os donativos ser\u00e3o doados para dez entidades assistenciais. A 6\u00aa \u201cViagem ao Mundo M\u00e1gico\u201d surpreendeu os organizadores e a estimativa \u00e9 ter arrecadado mais de duas toneladas. O balan\u00e7o oficial deve ser divulgado no final desta semana, porque as doa\u00e7\u00f5es ainda est\u00e3o sendo contabilizadas.<\/span><\/p>\n<p><span style=\"font-weight: 400;\">A princ\u00edpio, dez entidades assistenciais ser\u00e3o beneficiadas: Iansa (<\/span><span style=\"font-weight: 400;\">Institui\u00e7\u00e3o de Apoio Nossa Senhora Aparecida<\/span><span style=\"font-weight: 400;\">), Casa da Sopa de Restinga, Igreja Assembl\u00e9ia de Deus do Brasil\u00e2ndia, For\u00e7a Jovem Universal, Casa da Sopa Maria de Nazar\u00e9, Centro Esp\u00edrita Maria de Nazar\u00e9, Grupo Esp\u00edrita Meimei, Associa\u00e7\u00e3o Arco \u00cdris, Igreja Quadrangular e Casa da Ora\u00e7\u00e3o. A entrega est\u00e1 prevista para ser feita na pr\u00f3xima semana.<\/span><\/p>\n<h4>Novo evento<\/h4>\n<p><span style=\"font-weight: 400;\">Al\u00e9m da \u201cViagem ao Mundo M\u00e1gico\u201d, os volunt\u00e1rios organizam o evento \u201cViagem ao Mundo dos Super Her\u00f3is\u201d para os pr\u00f3ximos meses. A ideia \u00e9 levar ao Parque Fernando Costa v\u00e1rios personagens de filmes para recepcionar as fam\u00edlias e arrecadar alimentos para entidades assistenciais. J\u00e1 foram feitas tr\u00eas edi\u00e7\u00f5es desse evento, tamb\u00e9m no modelo drive thru, mas a pr\u00f3xima deve ser presencial, considerando a desacelera\u00e7\u00e3o da pandemia da Covid-19.<\/span><\/p>\n<p><span style=\"font-weight: 400;\">O objetivo dos organizadores \u00e9 promover a \u201cViagem ao Mundo M\u00e1gico\u201d sempre no primeiro semestre e a \u201cViagem ao Mundo dos Super Her\u00f3is\u201d, no segundo per\u00edodo do ano.<\/span><\/p>\n<p>&nbsp;<\/p>\n<p><img data-recalc-dims=\"1\" loading=\"lazy\" decoding=\"async\" class=\"alignnone wp-image-24043 size-full\" src=\"https:\/\/i0.wp.com\/verdadeon.com.br\/portal\/wp-content\/uploads\/2022\/03\/VIAGEM-AO-MUNDO-MAGICO-LEVA-PERSONAGENS-AO-FERNANDO-COSTA-E-ARRECADA-ALIMENTOS-FOTO-JORNAL-VERDADE-5.jpeg?resize=1220%2C593&#038;ssl=1\" alt=\"\" width=\"1220\" height=\"593\" srcset=\"https:\/\/i0.wp.com\/verdadeon.com.br\/portal\/wp-content\/uploads\/2022\/03\/VIAGEM-AO-MUNDO-MAGICO-LEVA-PERSONAGENS-AO-FERNANDO-COSTA-E-ARRECADA-ALIMENTOS-FOTO-JORNAL-VERDADE-5.jpeg?w=1280&amp;ssl=1 1280w, https:\/\/i0.wp.com\/verdadeon.com.br\/portal\/wp-content\/uploads\/2022\/03\/VIAGEM-AO-MUNDO-MAGICO-LEVA-PERSONAGENS-AO-FERNANDO-COSTA-E-ARRECADA-ALIMENTOS-FOTO-JORNAL-VERDADE-5.jpeg?resize=300%2C146&amp;ssl=1 300w, https:\/\/i0.wp.com\/verdadeon.com.br\/portal\/wp-content\/uploads\/2022\/03\/VIAGEM-AO-MUNDO-MAGICO-LEVA-PERSONAGENS-AO-FERNANDO-COSTA-E-ARRECADA-ALIMENTOS-FOTO-JORNAL-VERDADE-5.jpeg?resize=1024%2C498&amp;ssl=1 1024w, https:\/\/i0.wp.com\/verdadeon.com.br\/portal\/wp-content\/uploads\/2022\/03\/VIAGEM-AO-MUNDO-MAGICO-LEVA-PERSONAGENS-AO-FERNANDO-COSTA-E-ARRECADA-ALIMENTOS-FOTO-JORNAL-VERDADE-5.jpeg?resize=768%2C373&amp;ssl=1 768w, https:\/\/i0.wp.com\/verdadeon.com.br\/portal\/wp-content\/uploads\/2022\/03\/VIAGEM-AO-MUNDO-MAGICO-LEVA-PERSONAGENS-AO-FERNANDO-COSTA-E-ARRECADA-ALIMENTOS-FOTO-JORNAL-VERDADE-5.jpeg?resize=260%2C126&amp;ssl=1 260w, https:\/\/i0.wp.com\/verdadeon.com.br\/portal\/wp-content\/uploads\/2022\/03\/VIAGEM-AO-MUNDO-MAGICO-LEVA-PERSONAGENS-AO-FERNANDO-COSTA-E-ARRECADA-ALIMENTOS-FOTO-JORNAL-VERDADE-5.jpeg?resize=50%2C24&amp;ssl=1 50w, https:\/\/i0.wp.com\/verdadeon.com.br\/portal\/wp-content\/uploads\/2022\/03\/VIAGEM-AO-MUNDO-MAGICO-LEVA-PERSONAGENS-AO-FERNANDO-COSTA-E-ARRECADA-ALIMENTOS-FOTO-JORNAL-VERDADE-5.jpeg?resize=150%2C73&amp;ssl=1 150w\" sizes=\"auto, (max-width: 1220px) 100vw, 1220px\" \/> <img data-recalc-dims=\"1\" loading=\"lazy\" decoding=\"async\" class=\"alignnone wp-image-24042 size-full\" src=\"https:\/\/i0.wp.com\/verdadeon.com.br\/portal\/wp-content\/uploads\/2022\/03\/VIAGEM-AO-MUNDO-MAGICO-LEVA-PERSONAGENS-AO-FERNANDO-COSTA-E-ARRECADA-ALIMENTOS-FOTO-JORNAL-VERDADE-4.jpeg?resize=1220%2C593&#038;ssl=1\" alt=\"\" width=\"1220\" height=\"593\" srcset=\"https:\/\/i0.wp.com\/verdadeon.com.br\/portal\/wp-content\/uploads\/2022\/03\/VIAGEM-AO-MUNDO-MAGICO-LEVA-PERSONAGENS-AO-FERNANDO-COSTA-E-ARRECADA-ALIMENTOS-FOTO-JORNAL-VERDADE-4.jpeg?w=1280&amp;ssl=1 1280w, https:\/\/i0.wp.com\/verdadeon.com.br\/portal\/wp-content\/uploads\/2022\/03\/VIAGEM-AO-MUNDO-MAGICO-LEVA-PERSONAGENS-AO-FERNANDO-COSTA-E-ARRECADA-ALIMENTOS-FOTO-JORNAL-VERDADE-4.jpeg?resize=300%2C146&amp;ssl=1 300w, https:\/\/i0.wp.com\/verdadeon.com.br\/portal\/wp-content\/uploads\/2022\/03\/VIAGEM-AO-MUNDO-MAGICO-LEVA-PERSONAGENS-AO-FERNANDO-COSTA-E-ARRECADA-ALIMENTOS-FOTO-JORNAL-VERDADE-4.jpeg?resize=1024%2C498&amp;ssl=1 1024w, https:\/\/i0.wp.com\/verdadeon.com.br\/portal\/wp-content\/uploads\/2022\/03\/VIAGEM-AO-MUNDO-MAGICO-LEVA-PERSONAGENS-AO-FERNANDO-COSTA-E-ARRECADA-ALIMENTOS-FOTO-JORNAL-VERDADE-4.jpeg?resize=768%2C373&amp;ssl=1 768w, https:\/\/i0.wp.com\/verdadeon.com.br\/portal\/wp-content\/uploads\/2022\/03\/VIAGEM-AO-MUNDO-MAGICO-LEVA-PERSONAGENS-AO-FERNANDO-COSTA-E-ARRECADA-ALIMENTOS-FOTO-JORNAL-VERDADE-4.jpeg?resize=260%2C126&amp;ssl=1 260w, https:\/\/i0.wp.com\/verdadeon.com.br\/portal\/wp-content\/uploads\/2022\/03\/VIAGEM-AO-MUNDO-MAGICO-LEVA-PERSONAGENS-AO-FERNANDO-COSTA-E-ARRECADA-ALIMENTOS-FOTO-JORNAL-VERDADE-4.jpeg?resize=50%2C24&amp;ssl=1 50w, https:\/\/i0.wp.com\/verdadeon.com.br\/portal\/wp-content\/uploads\/2022\/03\/VIAGEM-AO-MUNDO-MAGICO-LEVA-PERSONAGENS-AO-FERNANDO-COSTA-E-ARRECADA-ALIMENTOS-FOTO-JORNAL-VERDADE-4.jpeg?resize=150%2C73&amp;ssl=1 150w\" sizes=\"auto, (max-width: 1220px) 100vw, 1220px\" \/> <img data-recalc-dims=\"1\" loading=\"lazy\" decoding=\"async\" class=\"alignnone wp-image-24039 size-full\" src=\"https:\/\/i0.wp.com\/verdadeon.com.br\/portal\/wp-content\/uploads\/2022\/03\/VIAGEM-AO-MUNDO-MAGICO-LEVA-PERSONAGENS-AO-FERNANDO-COSTA-E-ARRECADA-ALIMENTOS-FOTO-JORNAL-VERDADE-3.jpeg?resize=1220%2C593&#038;ssl=1\" alt=\"\" width=\"1220\" height=\"593\" srcset=\"https:\/\/i0.wp.com\/verdadeon.com.br\/portal\/wp-content\/uploads\/2022\/03\/VIAGEM-AO-MUNDO-MAGICO-LEVA-PERSONAGENS-AO-FERNANDO-COSTA-E-ARRECADA-ALIMENTOS-FOTO-JORNAL-VERDADE-3.jpeg?w=1280&amp;ssl=1 1280w, https:\/\/i0.wp.com\/verdadeon.com.br\/portal\/wp-content\/uploads\/2022\/03\/VIAGEM-AO-MUNDO-MAGICO-LEVA-PERSONAGENS-AO-FERNANDO-COSTA-E-ARRECADA-ALIMENTOS-FOTO-JORNAL-VERDADE-3.jpeg?resize=300%2C146&amp;ssl=1 300w, https:\/\/i0.wp.com\/verdadeon.com.br\/portal\/wp-content\/uploads\/2022\/03\/VIAGEM-AO-MUNDO-MAGICO-LEVA-PERSONAGENS-AO-FERNANDO-COSTA-E-ARRECADA-ALIMENTOS-FOTO-JORNAL-VERDADE-3.jpeg?resize=1024%2C498&amp;ssl=1 1024w, https:\/\/i0.wp.com\/verdadeon.com.br\/portal\/wp-content\/uploads\/2022\/03\/VIAGEM-AO-MUNDO-MAGICO-LEVA-PERSONAGENS-AO-FERNANDO-COSTA-E-ARRECADA-ALIMENTOS-FOTO-JORNAL-VERDADE-3.jpeg?resize=768%2C373&amp;ssl=1 768w, https:\/\/i0.wp.com\/verdadeon.com.br\/portal\/wp-content\/uploads\/2022\/03\/VIAGEM-AO-MUNDO-MAGICO-LEVA-PERSONAGENS-AO-FERNANDO-COSTA-E-ARRECADA-ALIMENTOS-FOTO-JORNAL-VERDADE-3.jpeg?resize=260%2C126&amp;ssl=1 260w, https:\/\/i0.wp.com\/verdadeon.com.br\/portal\/wp-content\/uploads\/2022\/03\/VIAGEM-AO-MUNDO-MAGICO-LEVA-PERSONAGENS-AO-FERNANDO-COSTA-E-ARRECADA-ALIMENTOS-FOTO-JORNAL-VERDADE-3.jpeg?resize=50%2C24&amp;ssl=1 50w, https:\/\/i0.wp.com\/verdadeon.com.br\/portal\/wp-content\/uploads\/2022\/03\/VIAGEM-AO-MUNDO-MAGICO-LEVA-PERSONAGENS-AO-FERNANDO-COSTA-E-ARRECADA-ALIMENTOS-FOTO-JORNAL-VERDADE-3.jpeg?resize=150%2C73&amp;ssl=1 150w\" sizes=\"auto, (max-width: 1220px) 100vw, 1220px\" \/> <img data-recalc-dims=\"1\" loading=\"lazy\" decoding=\"async\" class=\"alignnone wp-image-24044 size-full\" src=\"https:\/\/i0.wp.com\/verdadeon.com.br\/portal\/wp-content\/uploads\/2022\/03\/VIAGEM-AO-MUNDO-MAGICO-LEVA-PERSONAGENS-AO-FERNANDO-COSTA-E-ARRECADA-ALIMENTOS-FOTO-JORNAL-VERDADE-6.jpeg?resize=622%2C1280&#038;ssl=1\" alt=\"\" width=\"622\" height=\"1280\" srcset=\"https:\/\/i0.wp.com\/verdadeon.com.br\/portal\/wp-content\/uploads\/2022\/03\/VIAGEM-AO-MUNDO-MAGICO-LEVA-PERSONAGENS-AO-FERNANDO-COSTA-E-ARRECADA-ALIMENTOS-FOTO-JORNAL-VERDADE-6.jpeg?w=622&amp;ssl=1 622w, https:\/\/i0.wp.com\/verdadeon.com.br\/portal\/wp-content\/uploads\/2022\/03\/VIAGEM-AO-MUNDO-MAGICO-LEVA-PERSONAGENS-AO-FERNANDO-COSTA-E-ARRECADA-ALIMENTOS-FOTO-JORNAL-VERDADE-6.jpeg?resize=146%2C300&amp;ssl=1 146w, https:\/\/i0.wp.com\/verdadeon.com.br\/portal\/wp-content\/uploads\/2022\/03\/VIAGEM-AO-MUNDO-MAGICO-LEVA-PERSONAGENS-AO-FERNANDO-COSTA-E-ARRECADA-ALIMENTOS-FOTO-JORNAL-VERDADE-6.jpeg?resize=498%2C1024&amp;ssl=1 498w, https:\/\/i0.wp.com\/verdadeon.com.br\/portal\/wp-content\/uploads\/2022\/03\/VIAGEM-AO-MUNDO-MAGICO-LEVA-PERSONAGENS-AO-FERNANDO-COSTA-E-ARRECADA-ALIMENTOS-FOTO-JORNAL-VERDADE-6.jpeg?resize=71%2C146&amp;ssl=1 71w, https:\/\/i0.wp.com\/verdadeon.com.br\/portal\/wp-content\/uploads\/2022\/03\/VIAGEM-AO-MUNDO-MAGICO-LEVA-PERSONAGENS-AO-FERNANDO-COSTA-E-ARRECADA-ALIMENTOS-FOTO-JORNAL-VERDADE-6.jpeg?resize=24%2C50&amp;ssl=1 24w, https:\/\/i0.wp.com\/verdadeon.com.br\/portal\/wp-content\/uploads\/2022\/03\/VIAGEM-AO-MUNDO-MAGICO-LEVA-PERSONAGENS-AO-FERNANDO-COSTA-E-ARRECADA-ALIMENTOS-FOTO-JORNAL-VERDADE-6.jpeg?resize=36%2C75&amp;ssl=1 36w\" sizes=\"auto, (max-width: 622px) 100vw, 622px\" \/><\/p>\n","protected":false},"excerpt":{"rendered":"<p>Com dezenas de personagens para recepcionar p\u00fablico, a\u00e7\u00e3o arrecadou alimentos para doar a entidades assistenciais &nbsp; A 6\u00aa \u201cViagem ao Mundo M\u00e1gico\u201d movimentou bastante o Parque<span class=\"excerpt-hellip\"> [\u2026]<\/span><\/p>\n","protected":false},"author":12,"featured_media":24046,"comment_status":"open","ping_status":"open","sticky":false,"template":"","format":"standard","meta":{"_jetpack_memberships_contains_paid_content":false,"footnotes":"","jetpack_publicize_message":"","jetpack_publicize_feature_enabled":true,"jetpack_social_post_already_shared":false,"jetpack_social_options":{"image_generator_settings":{"template":"highway","default_image_id":0,"enabled":false},"version":2}},"categories":[28,81],"tags":[],"class_list":["post-24038","post","type-post","status-publish","format-standard","has-post-thumbnail","hentry","category-cotidiano","category-manchete"],"yoast_head":"<!-- This site is optimized with the Yoast SEO plugin v25.6 - https:\/\/yoast.com\/wordpress\/plugins\/seo\/ -->\n<title>Evento que re\u00fane solidariedade e divers\u00e3o atrai milhares de pessoas ao &#039;Fernando Costa&#039; - VerdadeOn<\/title>\n<meta name=\"robots\" content=\"index, follow, max-snippet:-1, max-image-preview:large, max-video-preview:-1\" \/>\n<link rel=\"canonical\" href=\"https:\/\/verdadeon.com.br\/portal\/2022\/03\/28\/evento-que-reune-solidariedade-e-diversao-atrai-milhares-de-pessoas-ao-fernando-costa\/\" \/>\n<meta property=\"og:locale\" content=\"pt_BR\" \/>\n<meta property=\"og:type\" content=\"article\" \/>\n<meta property=\"og:title\" content=\"Evento que re\u00fane solidariedade e divers\u00e3o atrai milhares de pessoas ao &#039;Fernando Costa&#039; - VerdadeOn\" \/>\n<meta property=\"og:description\" content=\"Com dezenas de personagens para recepcionar p\u00fablico, a\u00e7\u00e3o arrecadou alimentos para doar a entidades assistenciais &nbsp; A 6\u00aa \u201cViagem ao Mundo M\u00e1gico\u201d movimentou bastante o Parque [\u2026]\" \/>\n<meta property=\"og:url\" content=\"https:\/\/verdadeon.com.br\/portal\/2022\/03\/28\/evento-que-reune-solidariedade-e-diversao-atrai-milhares-de-pessoas-ao-fernando-costa\/\" \/>\n<meta property=\"og:site_name\" content=\"VerdadeOn\" \/>\n<meta property=\"article:published_time\" content=\"2022-03-28T22:33:06+00:00\" \/>\n<meta property=\"og:image\" content=\"https:\/\/verdadeon.com.br\/portal\/wp-content\/uploads\/2022\/03\/Viagem-ao-Mundo-Magico-Solidario.jpeg\" \/>\n\t<meta property=\"og:image:width\" content=\"1000\" \/>\n\t<meta property=\"og:image:height\" content=\"670\" \/>\n\t<meta property=\"og:image:type\" content=\"image\/jpeg\" \/>\n<meta name=\"author\" content=\"Nelise Luques\" \/>\n<meta name=\"twitter:card\" content=\"summary_large_image\" \/>\n<meta name=\"twitter:label1\" content=\"Escrito por\" \/>\n\t<meta name=\"twitter:data1\" content=\"Nelise Luques\" \/>\n\t<meta name=\"twitter:label2\" content=\"Est. tempo de leitura\" \/>\n\t<meta name=\"twitter:data2\" content=\"3 minutos\" \/>\n<script type=\"application\/ld+json\" class=\"yoast-schema-graph\">{\"@context\":\"https:\/\/schema.org\",\"@graph\":[{\"@type\":\"WebPage\",\"@id\":\"https:\/\/verdadeon.com.br\/portal\/2022\/03\/28\/evento-que-reune-solidariedade-e-diversao-atrai-milhares-de-pessoas-ao-fernando-costa\/\",\"url\":\"https:\/\/verdadeon.com.br\/portal\/2022\/03\/28\/evento-que-reune-solidariedade-e-diversao-atrai-milhares-de-pessoas-ao-fernando-costa\/\",\"name\":\"Evento que re\u00fane solidariedade e divers\u00e3o atrai milhares de pessoas ao 'Fernando Costa' - VerdadeOn\",\"isPartOf\":{\"@id\":\"https:\/\/verdadeon.com.br\/portal\/#website\"},\"primaryImageOfPage\":{\"@id\":\"https:\/\/verdadeon.com.br\/portal\/2022\/03\/28\/evento-que-reune-solidariedade-e-diversao-atrai-milhares-de-pessoas-ao-fernando-costa\/#primaryimage\"},\"image\":{\"@id\":\"https:\/\/verdadeon.com.br\/portal\/2022\/03\/28\/evento-que-reune-solidariedade-e-diversao-atrai-milhares-de-pessoas-ao-fernando-costa\/#primaryimage\"},\"thumbnailUrl\":\"https:\/\/i0.wp.com\/verdadeon.com.br\/portal\/wp-content\/uploads\/2022\/03\/Viagem-ao-Mundo-Magico-Solidario.jpeg?fit=1000%2C670&ssl=1\",\"datePublished\":\"2022-03-28T22:33:06+00:00\",\"author\":{\"@id\":\"https:\/\/verdadeon.com.br\/portal\/#\/schema\/person\/8248726d36015c1916636fabb175d972\"},\"breadcrumb\":{\"@id\":\"https:\/\/verdadeon.com.br\/portal\/2022\/03\/28\/evento-que-reune-solidariedade-e-diversao-atrai-milhares-de-pessoas-ao-fernando-costa\/#breadcrumb\"},\"inLanguage\":\"pt-BR\",\"potentialAction\":[{\"@type\":\"ReadAction\",\"target\":[\"https:\/\/verdadeon.com.br\/portal\/2022\/03\/28\/evento-que-reune-solidariedade-e-diversao-atrai-milhares-de-pessoas-ao-fernando-costa\/\"]}]},{\"@type\":\"ImageObject\",\"inLanguage\":\"pt-BR\",\"@id\":\"https:\/\/verdadeon.com.br\/portal\/2022\/03\/28\/evento-que-reune-solidariedade-e-diversao-atrai-milhares-de-pessoas-ao-fernando-costa\/#primaryimage\",\"url\":\"https:\/\/i0.wp.com\/verdadeon.com.br\/portal\/wp-content\/uploads\/2022\/03\/Viagem-ao-Mundo-Magico-Solidario.jpeg?fit=1000%2C670&ssl=1\",\"contentUrl\":\"https:\/\/i0.wp.com\/verdadeon.com.br\/portal\/wp-content\/uploads\/2022\/03\/Viagem-ao-Mundo-Magico-Solidario.jpeg?fit=1000%2C670&ssl=1\",\"width\":1000,\"height\":670,\"caption\":\"Fam\u00edlias aguardam para tirar fotos com o Sonic, um dos personagens que estiveram no Parque \\\"Fernando Costa\\\" durante o evento \\\"Viagem ao Mundo M\u00e1gico\\\" | Foto: Jornal Verdade\"},{\"@type\":\"BreadcrumbList\",\"@id\":\"https:\/\/verdadeon.com.br\/portal\/2022\/03\/28\/evento-que-reune-solidariedade-e-diversao-atrai-milhares-de-pessoas-ao-fernando-costa\/#breadcrumb\",\"itemListElement\":[{\"@type\":\"ListItem\",\"position\":1,\"name\":\"In\u00edcio\",\"item\":\"https:\/\/verdadeon.com.br\/portal\/\"},{\"@type\":\"ListItem\",\"position\":2,\"name\":\"Evento que re\u00fane solidariedade e divers\u00e3o atrai milhares de pessoas ao &#8216;Fernando Costa&#8217;\"}]},{\"@type\":\"WebSite\",\"@id\":\"https:\/\/verdadeon.com.br\/portal\/#website\",\"url\":\"https:\/\/verdadeon.com.br\/portal\/\",\"name\":\"VerdadeOn\",\"description\":\"Not\u00edcias di\u00e1rias sobre Franca, Regi\u00e3o, Esporte, Cultura, Cotidiano, Colunas. Cobertura nos principais eventos da cidade \u00e9 aqui - Verdadeon Franca\",\"potentialAction\":[{\"@type\":\"SearchAction\",\"target\":{\"@type\":\"EntryPoint\",\"urlTemplate\":\"https:\/\/verdadeon.com.br\/portal\/?s={search_term_string}\"},\"query-input\":{\"@type\":\"PropertyValueSpecification\",\"valueRequired\":true,\"valueName\":\"search_term_string\"}}],\"inLanguage\":\"pt-BR\"},{\"@type\":\"Person\",\"@id\":\"https:\/\/verdadeon.com.br\/portal\/#\/schema\/person\/8248726d36015c1916636fabb175d972\",\"name\":\"Nelise Luques\",\"image\":{\"@type\":\"ImageObject\",\"inLanguage\":\"pt-BR\",\"@id\":\"https:\/\/verdadeon.com.br\/portal\/#\/schema\/person\/image\/\",\"url\":\"https:\/\/secure.gravatar.com\/avatar\/29b2a17f5bcadeb827411b66f48ac13c3e0ecaf5906c0f5745ecc5d41c24eada?s=96&d=mm&r=g\",\"contentUrl\":\"https:\/\/secure.gravatar.com\/avatar\/29b2a17f5bcadeb827411b66f48ac13c3e0ecaf5906c0f5745ecc5d41c24eada?s=96&d=mm&r=g\",\"caption\":\"Nelise Luques\"},\"url\":\"https:\/\/verdadeon.com.br\/portal\/author\/verdade\/\"}]}<\/script>\n<!-- \/ Yoast SEO plugin. -->","yoast_head_json":{"title":"Evento que re\u00fane solidariedade e divers\u00e3o atrai milhares de pessoas ao 'Fernando Costa' - VerdadeOn","robots":{"index":"index","follow":"follow","max-snippet":"max-snippet:-1","max-image-preview":"max-image-preview:large","max-video-preview":"max-video-preview:-1"},"canonical":"https:\/\/verdadeon.com.br\/portal\/2022\/03\/28\/evento-que-reune-solidariedade-e-diversao-atrai-milhares-de-pessoas-ao-fernando-costa\/","og_locale":"pt_BR","og_type":"article","og_title":"Evento que re\u00fane solidariedade e divers\u00e3o atrai milhares de pessoas ao 'Fernando Costa' - VerdadeOn","og_description":"Com dezenas de personagens para recepcionar p\u00fablico, a\u00e7\u00e3o arrecadou alimentos para doar a entidades assistenciais &nbsp; A 6\u00aa \u201cViagem ao Mundo M\u00e1gico\u201d movimentou bastante o Parque [\u2026]","og_url":"https:\/\/verdadeon.com.br\/portal\/2022\/03\/28\/evento-que-reune-solidariedade-e-diversao-atrai-milhares-de-pessoas-ao-fernando-costa\/","og_site_name":"VerdadeOn","article_published_time":"2022-03-28T22:33:06+00:00","og_image":[{"width":1000,"height":670,"url":"https:\/\/verdadeon.com.br\/portal\/wp-content\/uploads\/2022\/03\/Viagem-ao-Mundo-Magico-Solidario.jpeg","type":"image\/jpeg"}],"author":"Nelise Luques","twitter_card":"summary_large_image","twitter_misc":{"Escrito por":"Nelise Luques","Est. tempo de leitura":"3 minutos"},"schema":{"@context":"https:\/\/schema.org","@graph":[{"@type":"WebPage","@id":"https:\/\/verdadeon.com.br\/portal\/2022\/03\/28\/evento-que-reune-solidariedade-e-diversao-atrai-milhares-de-pessoas-ao-fernando-costa\/","url":"https:\/\/verdadeon.com.br\/portal\/2022\/03\/28\/evento-que-reune-solidariedade-e-diversao-atrai-milhares-de-pessoas-ao-fernando-costa\/","name":"Evento que re\u00fane solidariedade e divers\u00e3o atrai milhares de pessoas ao 'Fernando Costa' - VerdadeOn","isPartOf":{"@id":"https:\/\/verdadeon.com.br\/portal\/#website"},"primaryImageOfPage":{"@id":"https:\/\/verdadeon.com.br\/portal\/2022\/03\/28\/evento-que-reune-solidariedade-e-diversao-atrai-milhares-de-pessoas-ao-fernando-costa\/#primaryimage"},"image":{"@id":"https:\/\/verdadeon.com.br\/portal\/2022\/03\/28\/evento-que-reune-solidariedade-e-diversao-atrai-milhares-de-pessoas-ao-fernando-costa\/#primaryimage"},"thumbnailUrl":"https:\/\/i0.wp.com\/verdadeon.com.br\/portal\/wp-content\/uploads\/2022\/03\/Viagem-ao-Mundo-Magico-Solidario.jpeg?fit=1000%2C670&ssl=1","datePublished":"2022-03-28T22:33:06+00:00","author":{"@id":"https:\/\/verdadeon.com.br\/portal\/#\/schema\/person\/8248726d36015c1916636fabb175d972"},"breadcrumb":{"@id":"https:\/\/verdadeon.com.br\/portal\/2022\/03\/28\/evento-que-reune-solidariedade-e-diversao-atrai-milhares-de-pessoas-ao-fernando-costa\/#breadcrumb"},"inLanguage":"pt-BR","potentialAction":[{"@type":"ReadAction","target":["https:\/\/verdadeon.com.br\/portal\/2022\/03\/28\/evento-que-reune-solidariedade-e-diversao-atrai-milhares-de-pessoas-ao-fernando-costa\/"]}]},{"@type":"ImageObject","inLanguage":"pt-BR","@id":"https:\/\/verdadeon.com.br\/portal\/2022\/03\/28\/evento-que-reune-solidariedade-e-diversao-atrai-milhares-de-pessoas-ao-fernando-costa\/#primaryimage","url":"https:\/\/i0.wp.com\/verdadeon.com.br\/portal\/wp-content\/uploads\/2022\/03\/Viagem-ao-Mundo-Magico-Solidario.jpeg?fit=1000%2C670&ssl=1","contentUrl":"https:\/\/i0.wp.com\/verdadeon.com.br\/portal\/wp-content\/uploads\/2022\/03\/Viagem-ao-Mundo-Magico-Solidario.jpeg?fit=1000%2C670&ssl=1","width":1000,"height":670,"caption":"Fam\u00edlias aguardam para tirar fotos com o Sonic, um dos personagens que estiveram no Parque \"Fernando Costa\" durante o evento \"Viagem ao Mundo M\u00e1gico\" | Foto: Jornal Verdade"},{"@type":"BreadcrumbList","@id":"https:\/\/verdadeon.com.br\/portal\/2022\/03\/28\/evento-que-reune-solidariedade-e-diversao-atrai-milhares-de-pessoas-ao-fernando-costa\/#breadcrumb","itemListElement":[{"@type":"ListItem","position":1,"name":"In\u00edcio","item":"https:\/\/verdadeon.com.br\/portal\/"},{"@type":"ListItem","position":2,"name":"Evento que re\u00fane solidariedade e divers\u00e3o atrai milhares de pessoas ao &#8216;Fernando Costa&#8217;"}]},{"@type":"WebSite","@id":"https:\/\/verdadeon.com.br\/portal\/#website","url":"https:\/\/verdadeon.com.br\/portal\/","name":"VerdadeOn","description":"Not\u00edcias di\u00e1rias sobre Franca, Regi\u00e3o, Esporte, Cultura, Cotidiano, Colunas. Cobertura nos principais eventos da cidade \u00e9 aqui - Verdadeon Franca","potentialAction":[{"@type":"SearchAction","target":{"@type":"EntryPoint","urlTemplate":"https:\/\/verdadeon.com.br\/portal\/?s={search_term_string}"},"query-input":{"@type":"PropertyValueSpecification","valueRequired":true,"valueName":"search_term_string"}}],"inLanguage":"pt-BR"},{"@type":"Person","@id":"https:\/\/verdadeon.com.br\/portal\/#\/schema\/person\/8248726d36015c1916636fabb175d972","name":"Nelise Luques","image":{"@type":"ImageObject","inLanguage":"pt-BR","@id":"https:\/\/verdadeon.com.br\/portal\/#\/schema\/person\/image\/","url":"https:\/\/secure.gravatar.com\/avatar\/29b2a17f5bcadeb827411b66f48ac13c3e0ecaf5906c0f5745ecc5d41c24eada?s=96&d=mm&r=g","contentUrl":"https:\/\/secure.gravatar.com\/avatar\/29b2a17f5bcadeb827411b66f48ac13c3e0ecaf5906c0f5745ecc5d41c24eada?s=96&d=mm&r=g","caption":"Nelise Luques"},"url":"https:\/\/verdadeon.com.br\/portal\/author\/verdade\/"}]}},"jetpack_publicize_connections":[],"jetpack_featured_media_url":"https:\/\/i0.wp.com\/verdadeon.com.br\/portal\/wp-content\/uploads\/2022\/03\/Viagem-ao-Mundo-Magico-Solidario.jpeg?fit=1000%2C670&ssl=1","jetpack_sharing_enabled":true,"_links":{"self":[{"href":"https:\/\/verdadeon.com.br\/portal\/wp-json\/wp\/v2\/posts\/24038","targetHints":{"allow":["GET"]}}],"collection":[{"href":"https:\/\/verdadeon.com.br\/portal\/wp-json\/wp\/v2\/posts"}],"about":[{"href":"https:\/\/verdadeon.com.br\/portal\/wp-json\/wp\/v2\/types\/post"}],"author":[{"embeddable":true,"href":"https:\/\/verdadeon.com.br\/portal\/wp-json\/wp\/v2\/users\/12"}],"replies":[{"embeddable":true,"href":"https:\/\/verdadeon.com.br\/portal\/wp-json\/wp\/v2\/comments?post=24038"}],"version-history":[{"count":1,"href":"https:\/\/verdadeon.com.br\/portal\/wp-json\/wp\/v2\/posts\/24038\/revisions"}],"predecessor-version":[{"id":24047,"href":"https:\/\/verdadeon.com.br\/portal\/wp-json\/wp\/v2\/posts\/24038\/revisions\/24047"}],"wp:featuredmedia":[{"embeddable":true,"href":"https:\/\/verdadeon.com.br\/portal\/wp-json\/wp\/v2\/media\/24046"}],"wp:attachment":[{"href":"https:\/\/verdadeon.com.br\/portal\/wp-json\/wp\/v2\/media?parent=24038"}],"wp:term":[{"taxonomy":"category","embeddable":true,"href":"https:\/\/verdadeon.com.br\/portal\/wp-json\/wp\/v2\/categories?post=24038"},{"taxonomy":"post_tag","embeddable":true,"href":"https:\/\/verdadeon.com.br\/portal\/wp-json\/wp\/v2\/tags?post=24038"}],"curies":[{"name":"wp","href":"https:\/\/api.w.org\/{rel}","templated":true}]}}