{"id":23986,"date":"2022-03-26T14:30:27","date_gmt":"2022-03-26T17:30:27","guid":{"rendered":"https:\/\/verdadeon.com.br\/portal\/?p=23986"},"modified":"2022-03-26T10:40:37","modified_gmt":"2022-03-26T13:40:37","slug":"canil-prepara-nova-feira-de-adocao-na-praca-central","status":"publish","type":"post","link":"https:\/\/verdadeon.com.br\/portal\/2022\/03\/26\/canil-prepara-nova-feira-de-adocao-na-praca-central\/","title":{"rendered":"Canil prepara nova Feira de Ado\u00e7\u00e3o na pra\u00e7a central"},"content":{"rendered":"<h2>12 cachorros abrigados no local ser\u00e3o levados para a popula\u00e7\u00e3o poder adotar; evento acontecer\u00e1 no dia 9 de abril<\/h2>\n<p><span style=\"font-weight: 400;\">A Pra\u00e7a Nossa Senhora da Concei\u00e7\u00e3o, no Centro, vai receber a 2\u00aa Feira de Ado\u00e7\u00e3o de animais que est\u00e3o abrigados no Canil Municipal de Franca. A doa\u00e7\u00e3o dos cachorros ser\u00e1 feita no dia 9 de abril, um s\u00e1bado, das 9h \u00e0s 13h.<\/span><\/p>\n<p><span style=\"font-weight: 400;\">A primeira Feira de Ado\u00e7\u00e3o na pra\u00e7a central foi realizada no dia 19 de fevereiro deste ano e, dos dez c\u00e3es disponibilizados para a popula\u00e7\u00e3o, tr\u00eas ganharam um novo lar. Na pr\u00f3xima edi\u00e7\u00e3o, 12 animais, todos castrados e vacinados contra a raiva, poder\u00e3o ser adotados pelos mun\u00edcipes, sem custo algum.<\/span><\/p>\n<p><span style=\"font-weight: 400;\">Para adotar um dos bichinhos, a pessoa interessada dever\u00e1 apresentar c\u00f3pias do CPF, RG e comprovante de resid\u00eancia.<\/span><\/p>\n<p><span style=\"font-weight: 400;\">Mais informa\u00e7\u00f5es sobre ado\u00e7\u00e3o de animais recolhidos no Canil Municipal s\u00e3o obtidas diretamente no local, na Rua Jos\u00e9 Gianesella, 415, no Bairro City Petr\u00f3polis, ou pelo telefone (16) 3703-9389.<\/span><\/p>\n","protected":false},"excerpt":{"rendered":"<p>12 cachorros abrigados no local ser\u00e3o levados para a popula\u00e7\u00e3o poder adotar; evento acontecer\u00e1 no dia 9 de abril A Pra\u00e7a Nossa Senhora da Concei\u00e7\u00e3o, no<span class=\"excerpt-hellip\"> [\u2026]<\/span><\/p>\n","protected":false},"author":12,"featured_media":0,"comment_status":"open","ping_status":"open","sticky":false,"template":"","format":"standard","meta":{"_jetpack_memberships_contains_paid_content":false,"footnotes":"","jetpack_publicize_message":"","jetpack_publicize_feature_enabled":true,"jetpack_social_post_already_shared":false,"jetpack_social_options":{"image_generator_settings":{"template":"highway","default_image_id":0,"enabled":false},"version":2}},"categories":[28,44],"tags":[],"class_list":["post-23986","post","type-post","status-publish","format-standard","hentry","category-cotidiano","category-noticias"],"yoast_head":"<!-- This site is optimized with the Yoast SEO plugin v25.6 - https:\/\/yoast.com\/wordpress\/plugins\/seo\/ -->\n<title>Canil prepara nova Feira de Ado\u00e7\u00e3o na pra\u00e7a central - VerdadeOn<\/title>\n<meta name=\"robots\" content=\"index, follow, max-snippet:-1, max-image-preview:large, max-video-preview:-1\" \/>\n<link rel=\"canonical\" href=\"https:\/\/verdadeon.com.br\/portal\/2022\/03\/26\/canil-prepara-nova-feira-de-adocao-na-praca-central\/\" \/>\n<meta property=\"og:locale\" content=\"pt_BR\" \/>\n<meta property=\"og:type\" content=\"article\" \/>\n<meta property=\"og:title\" content=\"Canil prepara nova Feira de Ado\u00e7\u00e3o na pra\u00e7a central - VerdadeOn\" \/>\n<meta property=\"og:description\" content=\"12 cachorros abrigados no local ser\u00e3o levados para a popula\u00e7\u00e3o poder adotar; evento acontecer\u00e1 no dia 9 de abril A Pra\u00e7a Nossa Senhora da Concei\u00e7\u00e3o, no [\u2026]\" \/>\n<meta property=\"og:url\" content=\"https:\/\/verdadeon.com.br\/portal\/2022\/03\/26\/canil-prepara-nova-feira-de-adocao-na-praca-central\/\" \/>\n<meta property=\"og:site_name\" content=\"VerdadeOn\" \/>\n<meta property=\"article:published_time\" content=\"2022-03-26T17:30:27+00:00\" \/>\n<meta property=\"og:image\" content=\"https:\/\/verdadeon.com.br\/portal\/wp-content\/uploads\/2022\/02\/WhatsApp-Image-2022-02-14-at-16.39.25.jpeg\" \/>\n\t<meta property=\"og:image:width\" content=\"1000\" \/>\n\t<meta property=\"og:image:height\" content=\"670\" \/>\n\t<meta property=\"og:image:type\" content=\"image\/jpeg\" \/>\n<meta name=\"author\" content=\"Nelise Luques\" \/>\n<meta name=\"twitter:card\" content=\"summary_large_image\" \/>\n<meta name=\"twitter:label1\" content=\"Escrito por\" \/>\n\t<meta name=\"twitter:data1\" content=\"Nelise Luques\" \/>\n\t<meta name=\"twitter:label2\" content=\"Est. tempo de leitura\" \/>\n\t<meta name=\"twitter:data2\" content=\"1 minuto\" \/>\n<script type=\"application\/ld+json\" class=\"yoast-schema-graph\">{\"@context\":\"https:\/\/schema.org\",\"@graph\":[{\"@type\":\"WebPage\",\"@id\":\"https:\/\/verdadeon.com.br\/portal\/2022\/03\/26\/canil-prepara-nova-feira-de-adocao-na-praca-central\/\",\"url\":\"https:\/\/verdadeon.com.br\/portal\/2022\/03\/26\/canil-prepara-nova-feira-de-adocao-na-praca-central\/\",\"name\":\"Canil prepara nova Feira de Ado\u00e7\u00e3o na pra\u00e7a central - VerdadeOn\",\"isPartOf\":{\"@id\":\"https:\/\/verdadeon.com.br\/portal\/#website\"},\"datePublished\":\"2022-03-26T17:30:27+00:00\",\"author\":{\"@id\":\"https:\/\/verdadeon.com.br\/portal\/#\/schema\/person\/8248726d36015c1916636fabb175d972\"},\"breadcrumb\":{\"@id\":\"https:\/\/verdadeon.com.br\/portal\/2022\/03\/26\/canil-prepara-nova-feira-de-adocao-na-praca-central\/#breadcrumb\"},\"inLanguage\":\"pt-BR\",\"potentialAction\":[{\"@type\":\"ReadAction\",\"target\":[\"https:\/\/verdadeon.com.br\/portal\/2022\/03\/26\/canil-prepara-nova-feira-de-adocao-na-praca-central\/\"]}]},{\"@type\":\"BreadcrumbList\",\"@id\":\"https:\/\/verdadeon.com.br\/portal\/2022\/03\/26\/canil-prepara-nova-feira-de-adocao-na-praca-central\/#breadcrumb\",\"itemListElement\":[{\"@type\":\"ListItem\",\"position\":1,\"name\":\"In\u00edcio\",\"item\":\"https:\/\/verdadeon.com.br\/portal\/\"},{\"@type\":\"ListItem\",\"position\":2,\"name\":\"Canil prepara nova Feira de Ado\u00e7\u00e3o na pra\u00e7a central\"}]},{\"@type\":\"WebSite\",\"@id\":\"https:\/\/verdadeon.com.br\/portal\/#website\",\"url\":\"https:\/\/verdadeon.com.br\/portal\/\",\"name\":\"VerdadeOn\",\"description\":\"Not\u00edcias di\u00e1rias sobre Franca, Regi\u00e3o, Esporte, Cultura, Cotidiano, Colunas. Cobertura nos principais eventos da cidade \u00e9 aqui - Verdadeon Franca\",\"potentialAction\":[{\"@type\":\"SearchAction\",\"target\":{\"@type\":\"EntryPoint\",\"urlTemplate\":\"https:\/\/verdadeon.com.br\/portal\/?s={search_term_string}\"},\"query-input\":{\"@type\":\"PropertyValueSpecification\",\"valueRequired\":true,\"valueName\":\"search_term_string\"}}],\"inLanguage\":\"pt-BR\"},{\"@type\":\"Person\",\"@id\":\"https:\/\/verdadeon.com.br\/portal\/#\/schema\/person\/8248726d36015c1916636fabb175d972\",\"name\":\"Nelise Luques\",\"image\":{\"@type\":\"ImageObject\",\"inLanguage\":\"pt-BR\",\"@id\":\"https:\/\/verdadeon.com.br\/portal\/#\/schema\/person\/image\/\",\"url\":\"https:\/\/secure.gravatar.com\/avatar\/29b2a17f5bcadeb827411b66f48ac13c3e0ecaf5906c0f5745ecc5d41c24eada?s=96&d=mm&r=g\",\"contentUrl\":\"https:\/\/secure.gravatar.com\/avatar\/29b2a17f5bcadeb827411b66f48ac13c3e0ecaf5906c0f5745ecc5d41c24eada?s=96&d=mm&r=g\",\"caption\":\"Nelise Luques\"},\"url\":\"https:\/\/verdadeon.com.br\/portal\/author\/verdade\/\"}]}<\/script>\n<!-- \/ Yoast SEO plugin. -->","yoast_head_json":{"title":"Canil prepara nova Feira de Ado\u00e7\u00e3o na pra\u00e7a central - VerdadeOn","robots":{"index":"index","follow":"follow","max-snippet":"max-snippet:-1","max-image-preview":"max-image-preview:large","max-video-preview":"max-video-preview:-1"},"canonical":"https:\/\/verdadeon.com.br\/portal\/2022\/03\/26\/canil-prepara-nova-feira-de-adocao-na-praca-central\/","og_locale":"pt_BR","og_type":"article","og_title":"Canil prepara nova Feira de Ado\u00e7\u00e3o na pra\u00e7a central - VerdadeOn","og_description":"12 cachorros abrigados no local ser\u00e3o levados para a popula\u00e7\u00e3o poder adotar; evento acontecer\u00e1 no dia 9 de abril A Pra\u00e7a Nossa Senhora da Concei\u00e7\u00e3o, no [\u2026]","og_url":"https:\/\/verdadeon.com.br\/portal\/2022\/03\/26\/canil-prepara-nova-feira-de-adocao-na-praca-central\/","og_site_name":"VerdadeOn","article_published_time":"2022-03-26T17:30:27+00:00","og_image":[{"width":1000,"height":670,"url":"https:\/\/verdadeon.com.br\/portal\/wp-content\/uploads\/2022\/02\/WhatsApp-Image-2022-02-14-at-16.39.25.jpeg","type":"image\/jpeg"}],"author":"Nelise Luques","twitter_card":"summary_large_image","twitter_misc":{"Escrito por":"Nelise Luques","Est. tempo de leitura":"1 minuto"},"schema":{"@context":"https:\/\/schema.org","@graph":[{"@type":"WebPage","@id":"https:\/\/verdadeon.com.br\/portal\/2022\/03\/26\/canil-prepara-nova-feira-de-adocao-na-praca-central\/","url":"https:\/\/verdadeon.com.br\/portal\/2022\/03\/26\/canil-prepara-nova-feira-de-adocao-na-praca-central\/","name":"Canil prepara nova Feira de Ado\u00e7\u00e3o na pra\u00e7a central - VerdadeOn","isPartOf":{"@id":"https:\/\/verdadeon.com.br\/portal\/#website"},"datePublished":"2022-03-26T17:30:27+00:00","author":{"@id":"https:\/\/verdadeon.com.br\/portal\/#\/schema\/person\/8248726d36015c1916636fabb175d972"},"breadcrumb":{"@id":"https:\/\/verdadeon.com.br\/portal\/2022\/03\/26\/canil-prepara-nova-feira-de-adocao-na-praca-central\/#breadcrumb"},"inLanguage":"pt-BR","potentialAction":[{"@type":"ReadAction","target":["https:\/\/verdadeon.com.br\/portal\/2022\/03\/26\/canil-prepara-nova-feira-de-adocao-na-praca-central\/"]}]},{"@type":"BreadcrumbList","@id":"https:\/\/verdadeon.com.br\/portal\/2022\/03\/26\/canil-prepara-nova-feira-de-adocao-na-praca-central\/#breadcrumb","itemListElement":[{"@type":"ListItem","position":1,"name":"In\u00edcio","item":"https:\/\/verdadeon.com.br\/portal\/"},{"@type":"ListItem","position":2,"name":"Canil prepara nova Feira de Ado\u00e7\u00e3o na pra\u00e7a central"}]},{"@type":"WebSite","@id":"https:\/\/verdadeon.com.br\/portal\/#website","url":"https:\/\/verdadeon.com.br\/portal\/","name":"VerdadeOn","description":"Not\u00edcias di\u00e1rias sobre Franca, Regi\u00e3o, Esporte, Cultura, Cotidiano, Colunas. Cobertura nos principais eventos da cidade \u00e9 aqui - Verdadeon Franca","potentialAction":[{"@type":"SearchAction","target":{"@type":"EntryPoint","urlTemplate":"https:\/\/verdadeon.com.br\/portal\/?s={search_term_string}"},"query-input":{"@type":"PropertyValueSpecification","valueRequired":true,"valueName":"search_term_string"}}],"inLanguage":"pt-BR"},{"@type":"Person","@id":"https:\/\/verdadeon.com.br\/portal\/#\/schema\/person\/8248726d36015c1916636fabb175d972","name":"Nelise Luques","image":{"@type":"ImageObject","inLanguage":"pt-BR","@id":"https:\/\/verdadeon.com.br\/portal\/#\/schema\/person\/image\/","url":"https:\/\/secure.gravatar.com\/avatar\/29b2a17f5bcadeb827411b66f48ac13c3e0ecaf5906c0f5745ecc5d41c24eada?s=96&d=mm&r=g","contentUrl":"https:\/\/secure.gravatar.com\/avatar\/29b2a17f5bcadeb827411b66f48ac13c3e0ecaf5906c0f5745ecc5d41c24eada?s=96&d=mm&r=g","caption":"Nelise Luques"},"url":"https:\/\/verdadeon.com.br\/portal\/author\/verdade\/"}]}},"jetpack_publicize_connections":[],"jetpack_featured_media_url":"","jetpack_sharing_enabled":true,"_links":{"self":[{"href":"https:\/\/verdadeon.com.br\/portal\/wp-json\/wp\/v2\/posts\/23986","targetHints":{"allow":["GET"]}}],"collection":[{"href":"https:\/\/verdadeon.com.br\/portal\/wp-json\/wp\/v2\/posts"}],"about":[{"href":"https:\/\/verdadeon.com.br\/portal\/wp-json\/wp\/v2\/types\/post"}],"author":[{"embeddable":true,"href":"https:\/\/verdadeon.com.br\/portal\/wp-json\/wp\/v2\/users\/12"}],"replies":[{"embeddable":true,"href":"https:\/\/verdadeon.com.br\/portal\/wp-json\/wp\/v2\/comments?post=23986"}],"version-history":[{"count":3,"href":"https:\/\/verdadeon.com.br\/portal\/wp-json\/wp\/v2\/posts\/23986\/revisions"}],"predecessor-version":[{"id":24003,"href":"https:\/\/verdadeon.com.br\/portal\/wp-json\/wp\/v2\/posts\/23986\/revisions\/24003"}],"wp:attachment":[{"href":"https:\/\/verdadeon.com.br\/portal\/wp-json\/wp\/v2\/media?parent=23986"}],"wp:term":[{"taxonomy":"category","embeddable":true,"href":"https:\/\/verdadeon.com.br\/portal\/wp-json\/wp\/v2\/categories?post=23986"},{"taxonomy":"post_tag","embeddable":true,"href":"https:\/\/verdadeon.com.br\/portal\/wp-json\/wp\/v2\/tags?post=23986"}],"curies":[{"name":"wp","href":"https:\/\/api.w.org\/{rel}","templated":true}]}}