{"id":23976,"date":"2022-03-25T17:30:58","date_gmt":"2022-03-25T20:30:58","guid":{"rendered":"https:\/\/verdadeon.com.br\/portal\/?p=23976"},"modified":"2022-03-25T17:40:17","modified_gmt":"2022-03-25T20:40:17","slug":"sem-apoio-allan-kardec-fecha-122-leitos-psiquiatricos","status":"publish","type":"post","link":"https:\/\/verdadeon.com.br\/portal\/2022\/03\/25\/sem-apoio-allan-kardec-fecha-122-leitos-psiquiatricos\/","title":{"rendered":"Sem apoio, Allan Kardec fecha 122 leitos psiqui\u00e1tricos"},"content":{"rendered":"<h2>Decis\u00e3o veio ap\u00f3s recomenda\u00e7\u00e3o do Minist\u00e9rio P\u00fablico, d\u00e9ficit da institui\u00e7\u00e3o deve ultrapassar R$2,5 milh\u00f5es em 2022<\/h2>\n<p>A Funda\u00e7\u00e3o Allan Kardec anunciou na manh\u00e3 desta sexta-feira (25), que vai fechar 122 leitos psiqui\u00e1tricos, o principal motivo \u00e9 o valor repassado pelo Sistema \u00danico de Sa\u00fade (SUS), que est\u00e1 defasado h\u00e1 quase sete anos. O presidente da institui\u00e7\u00e3o, M\u00e1rio Arias Martinez, explicou que atualmente, cada leito com paciente custa cerca R$ 233, o poder p\u00fablico repassa R$103, valor que \u00e9 dividido pelo Munic\u00edpio, Estado e Uni\u00e3o, o restante o pr\u00f3prio hospital arca.<\/p>\n<p>&#8220;Isso foi criando um d\u00e9ficit que aumenta a cada ano, para este foi deve ser de cerca de R$ 2,7 milh\u00f5es, montante que passaria para R$ 5,7 milh\u00f5es em 2023&#8221;, explicou.<\/p>\n<p>O poder p\u00fablico foi avisado oficialmente da decis\u00e3o nesta sexta-feira, a partir de agora ser\u00e3o 90 dias para que as interna\u00e7\u00f5es parem. Depois deste per\u00edodo, o hospital dar\u00e1 ainda mais 30 dias para que o poder p\u00fablico destine os pacientes que moram na institui\u00e7\u00e3o, cerca de 40, para outro local. &#8220;A prefeitura se comprometeu a criar mais cinco resid\u00eancias terap\u00eauticas para estes moradores&#8221;.<\/p>\n<p>Ap\u00f3s o per\u00edodo de 90 dias, quem precisar de atendimento em leito psiqui\u00e1trico, ser\u00e1 levado para um hospital geral, provavelmente em Franca, ser\u00e1 a Santa Casa.<\/p>\n<p>\u201cO objetivo deste movimento, que de certa forma \u00e9 traum\u00e1tico, \u00e9 preservar o patrim\u00f4nio e a integridade financeira da Funda\u00e7\u00e3o Esp\u00edrita Allan Kardec\u201d, observou o vice-presidente da entidade, Fernando Palermo, refor\u00e7ando que a institui\u00e7\u00e3o n\u00e3o deixar\u00e1 o trabalho de filantropia em rela\u00e7\u00e3o \u00e0 sa\u00fade mental. Ao contr\u00e1rio, o objetivo \u00e9 aumentar o n\u00famero de pessoas com transtornos mentais atendidas pela Funda\u00e7\u00e3o.<\/p>\n<p>A entidade atende hoje 30 pacientes de sa\u00fade mental no Hospital Dia SUS e outras 60 pessoas no programa de Desenvolvimento Humano, que s\u00e3o as Oficinas Inspira\u00e7\u00e3o &#8211; um projeto de gera\u00e7\u00e3o de trabalho e renda destinada a pacientes egressos de outros servi\u00e7os de sa\u00fade mental.<\/p>\n<p>A Funda\u00e7\u00e3o Allan Kardec administra os dois CAPSs (Centros de Aten\u00e7\u00e3o Psicossocial) de Franca, respons\u00e1veis por 300 atendimentos di\u00e1rios, em m\u00e9dia, e 7,6 mil procedimentos por m\u00eas.<\/p>\n<p>Al\u00e9m de manter os atendimentos j\u00e1 oferecidos, ampliando o n\u00famero de pessoas assistidas, a Funda\u00e7\u00e3o pretende assumir novos servi\u00e7os, como Ambulat\u00f3rio de Sa\u00fade Mental, Unidade de Urg\u00eancia\/Emerg\u00eancia Psiqui\u00e1trica, CAPS e Hospital Dia, em Franca e cidades da regi\u00e3o. Tudo isso mediante viabilidade t\u00e9cnica e econ\u00f4mica.<\/p>\n<h4>O Governo do Estado enviou uma nota sobre o assunto. Confira:<\/h4>\n<p>\u201cO Minist\u00e9rio da Sa\u00fade \u00e9 respons\u00e1vel pela autoriza\u00e7\u00e3o\/habilita\u00e7\u00e3o de leitos. Por\u00e9m, o Estado tamb\u00e9m segue custeando leitos de psiquiatria, garantindo a assist\u00eancia \u00e0 popula\u00e7\u00e3o. O Departamento Regional de Sa\u00fade (DRS) de Franca informa que j\u00e1 auxilia o Hospital Psiqui\u00e1trico Allan Kardec com repasses mensais no valor de R$ 119 mil atrav\u00e9s de conv\u00eanio.<\/p>\n<p>Al\u00e9m disso, a unidade tamb\u00e9m faz parte do Programa Mais Santas Casas, o maior da hist\u00f3ria do SUS do Estado de S\u00e3o Paulo, para aux\u00edlio financeiro a Santas Casas e hospitais filantr\u00f3picos. O hospital poder\u00e1 receber o apoio financeiro de mais de R$ 360 mil ao ano.<\/p>\n<p>Vale lembrar que o Estado segue acompanhando o cen\u00e1rio e mant\u00e9m di\u00e1logo com gestores regionais para an\u00e1lises t\u00e9cnicas e defini\u00e7\u00e3o das estrat\u00e9gias assistenciais e refor\u00e7a que, durante o monitoramento permanente que realiza, pode haver amplia\u00e7\u00e3o de leitos\u201d.<\/p>\n","protected":false},"excerpt":{"rendered":"<p>Decis\u00e3o veio ap\u00f3s recomenda\u00e7\u00e3o do Minist\u00e9rio P\u00fablico, d\u00e9ficit da institui\u00e7\u00e3o deve ultrapassar R$2,5 milh\u00f5es em 2022 A Funda\u00e7\u00e3o Allan Kardec anunciou na manh\u00e3 desta sexta-feira (25),<span class=\"excerpt-hellip\"> [\u2026]<\/span><\/p>\n","protected":false},"author":7,"featured_media":23983,"comment_status":"open","ping_status":"open","sticky":false,"template":"","format":"standard","meta":{"_jetpack_memberships_contains_paid_content":false,"footnotes":"","jetpack_publicize_message":"","jetpack_publicize_feature_enabled":true,"jetpack_social_post_already_shared":false,"jetpack_social_options":{"image_generator_settings":{"template":"highway","default_image_id":0,"enabled":false},"version":2}},"categories":[28,81],"tags":[],"class_list":["post-23976","post","type-post","status-publish","format-standard","has-post-thumbnail","hentry","category-cotidiano","category-manchete"],"yoast_head":"<!-- This site is optimized with the Yoast SEO plugin v25.6 - https:\/\/yoast.com\/wordpress\/plugins\/seo\/ -->\n<title>Sem apoio, Allan Kardec fecha 122 leitos psiqui\u00e1tricos - VerdadeOn<\/title>\n<meta name=\"robots\" content=\"index, follow, max-snippet:-1, max-image-preview:large, max-video-preview:-1\" \/>\n<link rel=\"canonical\" href=\"https:\/\/verdadeon.com.br\/portal\/2022\/03\/25\/sem-apoio-allan-kardec-fecha-122-leitos-psiquiatricos\/\" \/>\n<meta property=\"og:locale\" content=\"pt_BR\" \/>\n<meta property=\"og:type\" content=\"article\" \/>\n<meta property=\"og:title\" content=\"Sem apoio, Allan Kardec fecha 122 leitos psiqui\u00e1tricos - VerdadeOn\" \/>\n<meta property=\"og:description\" content=\"Decis\u00e3o veio ap\u00f3s recomenda\u00e7\u00e3o do Minist\u00e9rio P\u00fablico, d\u00e9ficit da institui\u00e7\u00e3o deve ultrapassar R$2,5 milh\u00f5es em 2022 A Funda\u00e7\u00e3o Allan Kardec anunciou na manh\u00e3 desta sexta-feira (25), [\u2026]\" \/>\n<meta property=\"og:url\" content=\"https:\/\/verdadeon.com.br\/portal\/2022\/03\/25\/sem-apoio-allan-kardec-fecha-122-leitos-psiquiatricos\/\" \/>\n<meta property=\"og:site_name\" content=\"VerdadeOn\" \/>\n<meta property=\"article:published_time\" content=\"2022-03-25T20:30:58+00:00\" \/>\n<meta property=\"article:modified_time\" content=\"2022-03-25T20:40:17+00:00\" \/>\n<meta property=\"og:image\" content=\"https:\/\/verdadeon.com.br\/portal\/wp-content\/uploads\/2022\/03\/WhatsApp-Image-2022-03-25-at-16.28.13-e1648236549993.jpeg\" \/>\n\t<meta property=\"og:image:width\" content=\"1000\" \/>\n\t<meta property=\"og:image:height\" content=\"672\" \/>\n\t<meta property=\"og:image:type\" content=\"image\/jpeg\" \/>\n<meta name=\"author\" content=\"Fernando Lima\" \/>\n<meta name=\"twitter:card\" content=\"summary_large_image\" \/>\n<meta name=\"twitter:label1\" content=\"Escrito por\" \/>\n\t<meta name=\"twitter:data1\" content=\"Fernando Lima\" \/>\n\t<meta name=\"twitter:label2\" content=\"Est. tempo de leitura\" \/>\n\t<meta name=\"twitter:data2\" content=\"3 minutos\" \/>\n<script type=\"application\/ld+json\" class=\"yoast-schema-graph\">{\"@context\":\"https:\/\/schema.org\",\"@graph\":[{\"@type\":\"WebPage\",\"@id\":\"https:\/\/verdadeon.com.br\/portal\/2022\/03\/25\/sem-apoio-allan-kardec-fecha-122-leitos-psiquiatricos\/\",\"url\":\"https:\/\/verdadeon.com.br\/portal\/2022\/03\/25\/sem-apoio-allan-kardec-fecha-122-leitos-psiquiatricos\/\",\"name\":\"Sem apoio, Allan Kardec fecha 122 leitos psiqui\u00e1tricos - VerdadeOn\",\"isPartOf\":{\"@id\":\"https:\/\/verdadeon.com.br\/portal\/#website\"},\"primaryImageOfPage\":{\"@id\":\"https:\/\/verdadeon.com.br\/portal\/2022\/03\/25\/sem-apoio-allan-kardec-fecha-122-leitos-psiquiatricos\/#primaryimage\"},\"image\":{\"@id\":\"https:\/\/verdadeon.com.br\/portal\/2022\/03\/25\/sem-apoio-allan-kardec-fecha-122-leitos-psiquiatricos\/#primaryimage\"},\"thumbnailUrl\":\"https:\/\/i0.wp.com\/verdadeon.com.br\/portal\/wp-content\/uploads\/2022\/03\/WhatsApp-Image-2022-03-25-at-16.28.13-e1648236549993.jpeg?fit=1000%2C672&ssl=1\",\"datePublished\":\"2022-03-25T20:30:58+00:00\",\"dateModified\":\"2022-03-25T20:40:17+00:00\",\"author\":{\"@id\":\"https:\/\/verdadeon.com.br\/portal\/#\/schema\/person\/cc32be22b8e8599387c480bc83e1d11a\"},\"breadcrumb\":{\"@id\":\"https:\/\/verdadeon.com.br\/portal\/2022\/03\/25\/sem-apoio-allan-kardec-fecha-122-leitos-psiquiatricos\/#breadcrumb\"},\"inLanguage\":\"pt-BR\",\"potentialAction\":[{\"@type\":\"ReadAction\",\"target\":[\"https:\/\/verdadeon.com.br\/portal\/2022\/03\/25\/sem-apoio-allan-kardec-fecha-122-leitos-psiquiatricos\/\"]}]},{\"@type\":\"ImageObject\",\"inLanguage\":\"pt-BR\",\"@id\":\"https:\/\/verdadeon.com.br\/portal\/2022\/03\/25\/sem-apoio-allan-kardec-fecha-122-leitos-psiquiatricos\/#primaryimage\",\"url\":\"https:\/\/i0.wp.com\/verdadeon.com.br\/portal\/wp-content\/uploads\/2022\/03\/WhatsApp-Image-2022-03-25-at-16.28.13-e1648236549993.jpeg?fit=1000%2C672&ssl=1\",\"contentUrl\":\"https:\/\/i0.wp.com\/verdadeon.com.br\/portal\/wp-content\/uploads\/2022\/03\/WhatsApp-Image-2022-03-25-at-16.28.13-e1648236549993.jpeg?fit=1000%2C672&ssl=1\",\"width\":1000,\"height\":672,\"caption\":\"Funda\u00e7\u00e3o ainda vai atender pacientes em leitos por mais 90 dias, ap\u00f3s este per\u00edodo eles ser\u00e3o realocados para outras unidades | Foto: Fernando Calixto\"},{\"@type\":\"BreadcrumbList\",\"@id\":\"https:\/\/verdadeon.com.br\/portal\/2022\/03\/25\/sem-apoio-allan-kardec-fecha-122-leitos-psiquiatricos\/#breadcrumb\",\"itemListElement\":[{\"@type\":\"ListItem\",\"position\":1,\"name\":\"In\u00edcio\",\"item\":\"https:\/\/verdadeon.com.br\/portal\/\"},{\"@type\":\"ListItem\",\"position\":2,\"name\":\"Sem apoio, Allan Kardec fecha 122 leitos psiqui\u00e1tricos\"}]},{\"@type\":\"WebSite\",\"@id\":\"https:\/\/verdadeon.com.br\/portal\/#website\",\"url\":\"https:\/\/verdadeon.com.br\/portal\/\",\"name\":\"VerdadeOn\",\"description\":\"Not\u00edcias di\u00e1rias sobre Franca, Regi\u00e3o, Esporte, Cultura, Cotidiano, Colunas. Cobertura nos principais eventos da cidade \u00e9 aqui - Verdadeon Franca\",\"potentialAction\":[{\"@type\":\"SearchAction\",\"target\":{\"@type\":\"EntryPoint\",\"urlTemplate\":\"https:\/\/verdadeon.com.br\/portal\/?s={search_term_string}\"},\"query-input\":{\"@type\":\"PropertyValueSpecification\",\"valueRequired\":true,\"valueName\":\"search_term_string\"}}],\"inLanguage\":\"pt-BR\"},{\"@type\":\"Person\",\"@id\":\"https:\/\/verdadeon.com.br\/portal\/#\/schema\/person\/cc32be22b8e8599387c480bc83e1d11a\",\"name\":\"Fernando Lima\",\"image\":{\"@type\":\"ImageObject\",\"inLanguage\":\"pt-BR\",\"@id\":\"https:\/\/verdadeon.com.br\/portal\/#\/schema\/person\/image\/\",\"url\":\"https:\/\/secure.gravatar.com\/avatar\/df4c8e132080d2b3a4841d5d232045464e0eed11a1d6e43115ca0843d48768d3?s=96&d=mm&r=g\",\"contentUrl\":\"https:\/\/secure.gravatar.com\/avatar\/df4c8e132080d2b3a4841d5d232045464e0eed11a1d6e43115ca0843d48768d3?s=96&d=mm&r=g\",\"caption\":\"Fernando Lima\"},\"sameAs\":[\"http:\/\/verdadeon.com.br\/\"],\"url\":\"https:\/\/verdadeon.com.br\/portal\/author\/fernando-lima\/\"}]}<\/script>\n<!-- \/ Yoast SEO plugin. -->","yoast_head_json":{"title":"Sem apoio, Allan Kardec fecha 122 leitos psiqui\u00e1tricos - VerdadeOn","robots":{"index":"index","follow":"follow","max-snippet":"max-snippet:-1","max-image-preview":"max-image-preview:large","max-video-preview":"max-video-preview:-1"},"canonical":"https:\/\/verdadeon.com.br\/portal\/2022\/03\/25\/sem-apoio-allan-kardec-fecha-122-leitos-psiquiatricos\/","og_locale":"pt_BR","og_type":"article","og_title":"Sem apoio, Allan Kardec fecha 122 leitos psiqui\u00e1tricos - VerdadeOn","og_description":"Decis\u00e3o veio ap\u00f3s recomenda\u00e7\u00e3o do Minist\u00e9rio P\u00fablico, d\u00e9ficit da institui\u00e7\u00e3o deve ultrapassar R$2,5 milh\u00f5es em 2022 A Funda\u00e7\u00e3o Allan Kardec anunciou na manh\u00e3 desta sexta-feira (25), [\u2026]","og_url":"https:\/\/verdadeon.com.br\/portal\/2022\/03\/25\/sem-apoio-allan-kardec-fecha-122-leitos-psiquiatricos\/","og_site_name":"VerdadeOn","article_published_time":"2022-03-25T20:30:58+00:00","article_modified_time":"2022-03-25T20:40:17+00:00","og_image":[{"width":1000,"height":672,"url":"https:\/\/verdadeon.com.br\/portal\/wp-content\/uploads\/2022\/03\/WhatsApp-Image-2022-03-25-at-16.28.13-e1648236549993.jpeg","type":"image\/jpeg"}],"author":"Fernando Lima","twitter_card":"summary_large_image","twitter_misc":{"Escrito por":"Fernando Lima","Est. tempo de leitura":"3 minutos"},"schema":{"@context":"https:\/\/schema.org","@graph":[{"@type":"WebPage","@id":"https:\/\/verdadeon.com.br\/portal\/2022\/03\/25\/sem-apoio-allan-kardec-fecha-122-leitos-psiquiatricos\/","url":"https:\/\/verdadeon.com.br\/portal\/2022\/03\/25\/sem-apoio-allan-kardec-fecha-122-leitos-psiquiatricos\/","name":"Sem apoio, Allan Kardec fecha 122 leitos psiqui\u00e1tricos - VerdadeOn","isPartOf":{"@id":"https:\/\/verdadeon.com.br\/portal\/#website"},"primaryImageOfPage":{"@id":"https:\/\/verdadeon.com.br\/portal\/2022\/03\/25\/sem-apoio-allan-kardec-fecha-122-leitos-psiquiatricos\/#primaryimage"},"image":{"@id":"https:\/\/verdadeon.com.br\/portal\/2022\/03\/25\/sem-apoio-allan-kardec-fecha-122-leitos-psiquiatricos\/#primaryimage"},"thumbnailUrl":"https:\/\/i0.wp.com\/verdadeon.com.br\/portal\/wp-content\/uploads\/2022\/03\/WhatsApp-Image-2022-03-25-at-16.28.13-e1648236549993.jpeg?fit=1000%2C672&ssl=1","datePublished":"2022-03-25T20:30:58+00:00","dateModified":"2022-03-25T20:40:17+00:00","author":{"@id":"https:\/\/verdadeon.com.br\/portal\/#\/schema\/person\/cc32be22b8e8599387c480bc83e1d11a"},"breadcrumb":{"@id":"https:\/\/verdadeon.com.br\/portal\/2022\/03\/25\/sem-apoio-allan-kardec-fecha-122-leitos-psiquiatricos\/#breadcrumb"},"inLanguage":"pt-BR","potentialAction":[{"@type":"ReadAction","target":["https:\/\/verdadeon.com.br\/portal\/2022\/03\/25\/sem-apoio-allan-kardec-fecha-122-leitos-psiquiatricos\/"]}]},{"@type":"ImageObject","inLanguage":"pt-BR","@id":"https:\/\/verdadeon.com.br\/portal\/2022\/03\/25\/sem-apoio-allan-kardec-fecha-122-leitos-psiquiatricos\/#primaryimage","url":"https:\/\/i0.wp.com\/verdadeon.com.br\/portal\/wp-content\/uploads\/2022\/03\/WhatsApp-Image-2022-03-25-at-16.28.13-e1648236549993.jpeg?fit=1000%2C672&ssl=1","contentUrl":"https:\/\/i0.wp.com\/verdadeon.com.br\/portal\/wp-content\/uploads\/2022\/03\/WhatsApp-Image-2022-03-25-at-16.28.13-e1648236549993.jpeg?fit=1000%2C672&ssl=1","width":1000,"height":672,"caption":"Funda\u00e7\u00e3o ainda vai atender pacientes em leitos por mais 90 dias, ap\u00f3s este per\u00edodo eles ser\u00e3o realocados para outras unidades | Foto: Fernando Calixto"},{"@type":"BreadcrumbList","@id":"https:\/\/verdadeon.com.br\/portal\/2022\/03\/25\/sem-apoio-allan-kardec-fecha-122-leitos-psiquiatricos\/#breadcrumb","itemListElement":[{"@type":"ListItem","position":1,"name":"In\u00edcio","item":"https:\/\/verdadeon.com.br\/portal\/"},{"@type":"ListItem","position":2,"name":"Sem apoio, Allan Kardec fecha 122 leitos psiqui\u00e1tricos"}]},{"@type":"WebSite","@id":"https:\/\/verdadeon.com.br\/portal\/#website","url":"https:\/\/verdadeon.com.br\/portal\/","name":"VerdadeOn","description":"Not\u00edcias di\u00e1rias sobre Franca, Regi\u00e3o, Esporte, Cultura, Cotidiano, Colunas. Cobertura nos principais eventos da cidade \u00e9 aqui - Verdadeon Franca","potentialAction":[{"@type":"SearchAction","target":{"@type":"EntryPoint","urlTemplate":"https:\/\/verdadeon.com.br\/portal\/?s={search_term_string}"},"query-input":{"@type":"PropertyValueSpecification","valueRequired":true,"valueName":"search_term_string"}}],"inLanguage":"pt-BR"},{"@type":"Person","@id":"https:\/\/verdadeon.com.br\/portal\/#\/schema\/person\/cc32be22b8e8599387c480bc83e1d11a","name":"Fernando Lima","image":{"@type":"ImageObject","inLanguage":"pt-BR","@id":"https:\/\/verdadeon.com.br\/portal\/#\/schema\/person\/image\/","url":"https:\/\/secure.gravatar.com\/avatar\/df4c8e132080d2b3a4841d5d232045464e0eed11a1d6e43115ca0843d48768d3?s=96&d=mm&r=g","contentUrl":"https:\/\/secure.gravatar.com\/avatar\/df4c8e132080d2b3a4841d5d232045464e0eed11a1d6e43115ca0843d48768d3?s=96&d=mm&r=g","caption":"Fernando Lima"},"sameAs":["http:\/\/verdadeon.com.br\/"],"url":"https:\/\/verdadeon.com.br\/portal\/author\/fernando-lima\/"}]}},"jetpack_publicize_connections":[],"jetpack_featured_media_url":"https:\/\/i0.wp.com\/verdadeon.com.br\/portal\/wp-content\/uploads\/2022\/03\/WhatsApp-Image-2022-03-25-at-16.28.13-e1648236549993.jpeg?fit=1000%2C672&ssl=1","jetpack_sharing_enabled":true,"_links":{"self":[{"href":"https:\/\/verdadeon.com.br\/portal\/wp-json\/wp\/v2\/posts\/23976","targetHints":{"allow":["GET"]}}],"collection":[{"href":"https:\/\/verdadeon.com.br\/portal\/wp-json\/wp\/v2\/posts"}],"about":[{"href":"https:\/\/verdadeon.com.br\/portal\/wp-json\/wp\/v2\/types\/post"}],"author":[{"embeddable":true,"href":"https:\/\/verdadeon.com.br\/portal\/wp-json\/wp\/v2\/users\/7"}],"replies":[{"embeddable":true,"href":"https:\/\/verdadeon.com.br\/portal\/wp-json\/wp\/v2\/comments?post=23976"}],"version-history":[{"count":1,"href":"https:\/\/verdadeon.com.br\/portal\/wp-json\/wp\/v2\/posts\/23976\/revisions"}],"predecessor-version":[{"id":23984,"href":"https:\/\/verdadeon.com.br\/portal\/wp-json\/wp\/v2\/posts\/23976\/revisions\/23984"}],"wp:featuredmedia":[{"embeddable":true,"href":"https:\/\/verdadeon.com.br\/portal\/wp-json\/wp\/v2\/media\/23983"}],"wp:attachment":[{"href":"https:\/\/verdadeon.com.br\/portal\/wp-json\/wp\/v2\/media?parent=23976"}],"wp:term":[{"taxonomy":"category","embeddable":true,"href":"https:\/\/verdadeon.com.br\/portal\/wp-json\/wp\/v2\/categories?post=23976"},{"taxonomy":"post_tag","embeddable":true,"href":"https:\/\/verdadeon.com.br\/portal\/wp-json\/wp\/v2\/tags?post=23976"}],"curies":[{"name":"wp","href":"https:\/\/api.w.org\/{rel}","templated":true}]}}