{"id":23923,"date":"2022-03-23T16:50:28","date_gmt":"2022-03-23T19:50:28","guid":{"rendered":"https:\/\/verdadeon.com.br\/portal\/?p=23923"},"modified":"2022-03-23T16:56:58","modified_gmt":"2022-03-23T19:56:58","slug":"policia-ambiental-divulga-balanco-da-operacao-dia-mundial-da-agua","status":"publish","type":"post","link":"https:\/\/verdadeon.com.br\/portal\/2022\/03\/23\/policia-ambiental-divulga-balanco-da-operacao-dia-mundial-da-agua\/","title":{"rendered":"Pol\u00edcia Ambiental divulga balan\u00e7o da &#8216;Opera\u00e7\u00e3o Dia Mundial da \u00c1gua&#8217;"},"content":{"rendered":"<h2>Foram dois dias de atividades da corpora\u00e7\u00e3o, em Franca, Barretos e Ituverava<\/h2>\n<p>Foi divulgado pela Pol\u00edcia Militar Ambiental, o balan\u00e7o da Opera\u00e7\u00e3o Dia Mundial da \u00c1gua. Segundo o \u00f3rg\u00e3o, foram elaborados 13 Termos de Vistoria Ambiental, 12 Boletins de Ocorr\u00eancia Ambientais, 21 Autos de Infra\u00e7\u00e3o Ambiental, tudo isso gerou multas de quase R$ 160 mil, que foram aplicadas durante as fiscaliza\u00e7\u00f5es.<\/p>\n<p>Durante a opera\u00e7\u00e3o, um total de 27,376 Hectares de \u00e1rea foram fiscalizadas, al\u00e9m de 7h da realiza\u00e7\u00e3o de Policiamento N\u00e1utico com a fiscaliza\u00e7\u00e3o de nove barcos, sendo um barco apreendido juntamente com 54,75 Kg de pescado.<\/p>\n<p>A Opera\u00e7\u00e3o Dia Mundial da \u00c1gua, foi realizada entre os dias 22 e 23 de mar\u00e7o, nos Munic\u00edpios de Franca\/SP, Barretos\/SP e Ituverava\/SP. Foram realizadas tamb\u00e9m atividades de Educa\u00e7\u00e3o Ambiental com plantio de 256 mudas de arvores nativas e 19 visitas em propriedades rurais.<br \/>\n&#8220;A Policia Militar Ambiental refor\u00e7a seu compromisso com defesa do meio ambiente ecologicamente preservado e segue com suas fiscaliza\u00e7\u00f5es di\u00e1rias pelos munic\u00edpios do estado de S\u00e3o Paulo&#8221;, finalizou.<\/p>\n<h4>Tr\u00e1fico<\/h4>\n<p>Um homem de 29 anos foi preso por tr\u00e1fico de drogas na cidade de Cristais Paulista, na regi\u00e3o de Franca pela Delegacia de Investiga\u00e7\u00f5es Sobre Entorpecentes (DISE). Na mesma cidade, um jovem de 22 anos foi detido e vai responder por processo criminal.<\/p>\n<p>Segundo o delegado Alan Bazalha Lopes, os investigadores receberam den\u00fancias an\u00f4nimas dando conta que dois rapazes estariam vendendo e guardando drogas em suas casas localizadas na cidade de Cristais Paulista.<\/p>\n<p>As equipes da DISE fizeram campanas e monitoramentos e observaram atitudes suspeitas nos dois im\u00f3veis.Foi solicitado mandado de busca domiciliar para as duas casas dos indiv\u00edduos.Os pedidos de busca domiciliar foram autorizados pelo poder judici\u00e1rio, e a\u00a0DISE foi at\u00e9 a casa dos dois investigados, dando cumprimento as duas ordens judiciais de busca domiciliar.<\/p>\n<p>No primeiro im\u00f3vel vistoriado, foram encontradas drogas dos tipos coca\u00edna e maconha. O investigado que j\u00e1 possu\u00eda passagens criminais por tr\u00e1fico de drogas foi preso em flagrante e se encontra recolhido no sistema prisional \u00e0 disposi\u00e7\u00e3o da justi\u00e7a.<\/p>\n<p>No segundo im\u00f3vel vistoriado, foram encontradas drogas do tipo coca\u00edna e maconha, mas apenas a esposa e a cunhada do investigado estavam na resid\u00eancia e por tal motivo ele n\u00e3o foi preso em flagrante, mas responder\u00e1 a processo criminal sobre os fatos.<\/p>\n<p>\u201cImportante frisar que as den\u00fancias podem ser feitas pelo WhatsApp 16-9 91 12 61 62. O sigilo \u00e9 absoluto\u201d, informou a DISE.<\/p>\n","protected":false},"excerpt":{"rendered":"<p>Foram dois dias de atividades da corpora\u00e7\u00e3o, em Franca, Barretos e Ituverava Foi divulgado pela Pol\u00edcia Militar Ambiental, o balan\u00e7o da Opera\u00e7\u00e3o Dia Mundial da \u00c1gua.<span class=\"excerpt-hellip\"> [\u2026]<\/span><\/p>\n","protected":false},"author":7,"featured_media":23925,"comment_status":"open","ping_status":"open","sticky":false,"template":"","format":"standard","meta":{"_jetpack_memberships_contains_paid_content":false,"footnotes":"","jetpack_publicize_message":"","jetpack_publicize_feature_enabled":true,"jetpack_social_post_already_shared":false,"jetpack_social_options":{"image_generator_settings":{"template":"highway","default_image_id":0,"enabled":false},"version":2}},"categories":[28,81],"tags":[],"class_list":["post-23923","post","type-post","status-publish","format-standard","has-post-thumbnail","hentry","category-cotidiano","category-manchete"],"yoast_head":"<!-- This site is optimized with the Yoast SEO plugin v25.6 - https:\/\/yoast.com\/wordpress\/plugins\/seo\/ -->\n<title>Pol\u00edcia Ambiental divulga balan\u00e7o da &#039;Opera\u00e7\u00e3o Dia Mundial da \u00c1gua&#039; - VerdadeOn<\/title>\n<meta name=\"robots\" content=\"index, follow, max-snippet:-1, max-image-preview:large, max-video-preview:-1\" \/>\n<link rel=\"canonical\" href=\"https:\/\/verdadeon.com.br\/portal\/2022\/03\/23\/policia-ambiental-divulga-balanco-da-operacao-dia-mundial-da-agua\/\" \/>\n<meta property=\"og:locale\" content=\"pt_BR\" \/>\n<meta property=\"og:type\" content=\"article\" \/>\n<meta property=\"og:title\" content=\"Pol\u00edcia Ambiental divulga balan\u00e7o da &#039;Opera\u00e7\u00e3o Dia Mundial da \u00c1gua&#039; - VerdadeOn\" \/>\n<meta property=\"og:description\" content=\"Foram dois dias de atividades da corpora\u00e7\u00e3o, em Franca, Barretos e Ituverava Foi divulgado pela Pol\u00edcia Militar Ambiental, o balan\u00e7o da Opera\u00e7\u00e3o Dia Mundial da \u00c1gua. [\u2026]\" \/>\n<meta property=\"og:url\" content=\"https:\/\/verdadeon.com.br\/portal\/2022\/03\/23\/policia-ambiental-divulga-balanco-da-operacao-dia-mundial-da-agua\/\" \/>\n<meta property=\"og:site_name\" content=\"VerdadeOn\" \/>\n<meta property=\"article:published_time\" content=\"2022-03-23T19:50:28+00:00\" \/>\n<meta property=\"article:modified_time\" content=\"2022-03-23T19:56:58+00:00\" \/>\n<meta property=\"og:image\" content=\"https:\/\/verdadeon.com.br\/portal\/wp-content\/uploads\/2022\/03\/WhatsApp-Image-2022-03-23-at-16.13.45.jpeg\" \/>\n\t<meta property=\"og:image:width\" content=\"1600\" \/>\n\t<meta property=\"og:image:height\" content=\"1201\" \/>\n\t<meta property=\"og:image:type\" content=\"image\/jpeg\" \/>\n<meta name=\"author\" content=\"Fernando Lima\" \/>\n<meta name=\"twitter:card\" content=\"summary_large_image\" \/>\n<meta name=\"twitter:label1\" content=\"Escrito por\" \/>\n\t<meta name=\"twitter:data1\" content=\"Fernando Lima\" \/>\n\t<meta name=\"twitter:label2\" content=\"Est. tempo de leitura\" \/>\n\t<meta name=\"twitter:data2\" content=\"3 minutos\" \/>\n<script type=\"application\/ld+json\" class=\"yoast-schema-graph\">{\"@context\":\"https:\/\/schema.org\",\"@graph\":[{\"@type\":\"WebPage\",\"@id\":\"https:\/\/verdadeon.com.br\/portal\/2022\/03\/23\/policia-ambiental-divulga-balanco-da-operacao-dia-mundial-da-agua\/\",\"url\":\"https:\/\/verdadeon.com.br\/portal\/2022\/03\/23\/policia-ambiental-divulga-balanco-da-operacao-dia-mundial-da-agua\/\",\"name\":\"Pol\u00edcia Ambiental divulga balan\u00e7o da 'Opera\u00e7\u00e3o Dia Mundial da \u00c1gua' - VerdadeOn\",\"isPartOf\":{\"@id\":\"https:\/\/verdadeon.com.br\/portal\/#website\"},\"primaryImageOfPage\":{\"@id\":\"https:\/\/verdadeon.com.br\/portal\/2022\/03\/23\/policia-ambiental-divulga-balanco-da-operacao-dia-mundial-da-agua\/#primaryimage\"},\"image\":{\"@id\":\"https:\/\/verdadeon.com.br\/portal\/2022\/03\/23\/policia-ambiental-divulga-balanco-da-operacao-dia-mundial-da-agua\/#primaryimage\"},\"thumbnailUrl\":\"https:\/\/i0.wp.com\/verdadeon.com.br\/portal\/wp-content\/uploads\/2022\/03\/WhatsApp-Image-2022-03-23-at-16.13.45.jpeg?fit=1600%2C1201&ssl=1\",\"datePublished\":\"2022-03-23T19:50:28+00:00\",\"dateModified\":\"2022-03-23T19:56:58+00:00\",\"author\":{\"@id\":\"https:\/\/verdadeon.com.br\/portal\/#\/schema\/person\/cc32be22b8e8599387c480bc83e1d11a\"},\"breadcrumb\":{\"@id\":\"https:\/\/verdadeon.com.br\/portal\/2022\/03\/23\/policia-ambiental-divulga-balanco-da-operacao-dia-mundial-da-agua\/#breadcrumb\"},\"inLanguage\":\"pt-BR\",\"potentialAction\":[{\"@type\":\"ReadAction\",\"target\":[\"https:\/\/verdadeon.com.br\/portal\/2022\/03\/23\/policia-ambiental-divulga-balanco-da-operacao-dia-mundial-da-agua\/\"]}]},{\"@type\":\"ImageObject\",\"inLanguage\":\"pt-BR\",\"@id\":\"https:\/\/verdadeon.com.br\/portal\/2022\/03\/23\/policia-ambiental-divulga-balanco-da-operacao-dia-mundial-da-agua\/#primaryimage\",\"url\":\"https:\/\/i0.wp.com\/verdadeon.com.br\/portal\/wp-content\/uploads\/2022\/03\/WhatsApp-Image-2022-03-23-at-16.13.45.jpeg?fit=1600%2C1201&ssl=1\",\"contentUrl\":\"https:\/\/i0.wp.com\/verdadeon.com.br\/portal\/wp-content\/uploads\/2022\/03\/WhatsApp-Image-2022-03-23-at-16.13.45.jpeg?fit=1600%2C1201&ssl=1\",\"width\":1600,\"height\":1201,\"caption\":\"Foram realizadas tamb\u00e9m atividades de Educa\u00e7\u00e3o Ambiental com plantio de 256 mudas de arvores nativas e 19 visitas em propriedades rurais | Foto: Divulga\u00e7\u00e3o\"},{\"@type\":\"BreadcrumbList\",\"@id\":\"https:\/\/verdadeon.com.br\/portal\/2022\/03\/23\/policia-ambiental-divulga-balanco-da-operacao-dia-mundial-da-agua\/#breadcrumb\",\"itemListElement\":[{\"@type\":\"ListItem\",\"position\":1,\"name\":\"In\u00edcio\",\"item\":\"https:\/\/verdadeon.com.br\/portal\/\"},{\"@type\":\"ListItem\",\"position\":2,\"name\":\"Pol\u00edcia Ambiental divulga balan\u00e7o da &#8216;Opera\u00e7\u00e3o Dia Mundial da \u00c1gua&#8217;\"}]},{\"@type\":\"WebSite\",\"@id\":\"https:\/\/verdadeon.com.br\/portal\/#website\",\"url\":\"https:\/\/verdadeon.com.br\/portal\/\",\"name\":\"VerdadeOn\",\"description\":\"Not\u00edcias di\u00e1rias sobre Franca, Regi\u00e3o, Esporte, Cultura, Cotidiano, Colunas. Cobertura nos principais eventos da cidade \u00e9 aqui - Verdadeon Franca\",\"potentialAction\":[{\"@type\":\"SearchAction\",\"target\":{\"@type\":\"EntryPoint\",\"urlTemplate\":\"https:\/\/verdadeon.com.br\/portal\/?s={search_term_string}\"},\"query-input\":{\"@type\":\"PropertyValueSpecification\",\"valueRequired\":true,\"valueName\":\"search_term_string\"}}],\"inLanguage\":\"pt-BR\"},{\"@type\":\"Person\",\"@id\":\"https:\/\/verdadeon.com.br\/portal\/#\/schema\/person\/cc32be22b8e8599387c480bc83e1d11a\",\"name\":\"Fernando Lima\",\"image\":{\"@type\":\"ImageObject\",\"inLanguage\":\"pt-BR\",\"@id\":\"https:\/\/verdadeon.com.br\/portal\/#\/schema\/person\/image\/\",\"url\":\"https:\/\/secure.gravatar.com\/avatar\/df4c8e132080d2b3a4841d5d232045464e0eed11a1d6e43115ca0843d48768d3?s=96&d=mm&r=g\",\"contentUrl\":\"https:\/\/secure.gravatar.com\/avatar\/df4c8e132080d2b3a4841d5d232045464e0eed11a1d6e43115ca0843d48768d3?s=96&d=mm&r=g\",\"caption\":\"Fernando Lima\"},\"sameAs\":[\"http:\/\/verdadeon.com.br\/\"],\"url\":\"https:\/\/verdadeon.com.br\/portal\/author\/fernando-lima\/\"}]}<\/script>\n<!-- \/ Yoast SEO plugin. -->","yoast_head_json":{"title":"Pol\u00edcia Ambiental divulga balan\u00e7o da 'Opera\u00e7\u00e3o Dia Mundial da \u00c1gua' - VerdadeOn","robots":{"index":"index","follow":"follow","max-snippet":"max-snippet:-1","max-image-preview":"max-image-preview:large","max-video-preview":"max-video-preview:-1"},"canonical":"https:\/\/verdadeon.com.br\/portal\/2022\/03\/23\/policia-ambiental-divulga-balanco-da-operacao-dia-mundial-da-agua\/","og_locale":"pt_BR","og_type":"article","og_title":"Pol\u00edcia Ambiental divulga balan\u00e7o da 'Opera\u00e7\u00e3o Dia Mundial da \u00c1gua' - VerdadeOn","og_description":"Foram dois dias de atividades da corpora\u00e7\u00e3o, em Franca, Barretos e Ituverava Foi divulgado pela Pol\u00edcia Militar Ambiental, o balan\u00e7o da Opera\u00e7\u00e3o Dia Mundial da \u00c1gua. [\u2026]","og_url":"https:\/\/verdadeon.com.br\/portal\/2022\/03\/23\/policia-ambiental-divulga-balanco-da-operacao-dia-mundial-da-agua\/","og_site_name":"VerdadeOn","article_published_time":"2022-03-23T19:50:28+00:00","article_modified_time":"2022-03-23T19:56:58+00:00","og_image":[{"width":1600,"height":1201,"url":"https:\/\/verdadeon.com.br\/portal\/wp-content\/uploads\/2022\/03\/WhatsApp-Image-2022-03-23-at-16.13.45.jpeg","type":"image\/jpeg"}],"author":"Fernando Lima","twitter_card":"summary_large_image","twitter_misc":{"Escrito por":"Fernando Lima","Est. tempo de leitura":"3 minutos"},"schema":{"@context":"https:\/\/schema.org","@graph":[{"@type":"WebPage","@id":"https:\/\/verdadeon.com.br\/portal\/2022\/03\/23\/policia-ambiental-divulga-balanco-da-operacao-dia-mundial-da-agua\/","url":"https:\/\/verdadeon.com.br\/portal\/2022\/03\/23\/policia-ambiental-divulga-balanco-da-operacao-dia-mundial-da-agua\/","name":"Pol\u00edcia Ambiental divulga balan\u00e7o da 'Opera\u00e7\u00e3o Dia Mundial da \u00c1gua' - VerdadeOn","isPartOf":{"@id":"https:\/\/verdadeon.com.br\/portal\/#website"},"primaryImageOfPage":{"@id":"https:\/\/verdadeon.com.br\/portal\/2022\/03\/23\/policia-ambiental-divulga-balanco-da-operacao-dia-mundial-da-agua\/#primaryimage"},"image":{"@id":"https:\/\/verdadeon.com.br\/portal\/2022\/03\/23\/policia-ambiental-divulga-balanco-da-operacao-dia-mundial-da-agua\/#primaryimage"},"thumbnailUrl":"https:\/\/i0.wp.com\/verdadeon.com.br\/portal\/wp-content\/uploads\/2022\/03\/WhatsApp-Image-2022-03-23-at-16.13.45.jpeg?fit=1600%2C1201&ssl=1","datePublished":"2022-03-23T19:50:28+00:00","dateModified":"2022-03-23T19:56:58+00:00","author":{"@id":"https:\/\/verdadeon.com.br\/portal\/#\/schema\/person\/cc32be22b8e8599387c480bc83e1d11a"},"breadcrumb":{"@id":"https:\/\/verdadeon.com.br\/portal\/2022\/03\/23\/policia-ambiental-divulga-balanco-da-operacao-dia-mundial-da-agua\/#breadcrumb"},"inLanguage":"pt-BR","potentialAction":[{"@type":"ReadAction","target":["https:\/\/verdadeon.com.br\/portal\/2022\/03\/23\/policia-ambiental-divulga-balanco-da-operacao-dia-mundial-da-agua\/"]}]},{"@type":"ImageObject","inLanguage":"pt-BR","@id":"https:\/\/verdadeon.com.br\/portal\/2022\/03\/23\/policia-ambiental-divulga-balanco-da-operacao-dia-mundial-da-agua\/#primaryimage","url":"https:\/\/i0.wp.com\/verdadeon.com.br\/portal\/wp-content\/uploads\/2022\/03\/WhatsApp-Image-2022-03-23-at-16.13.45.jpeg?fit=1600%2C1201&ssl=1","contentUrl":"https:\/\/i0.wp.com\/verdadeon.com.br\/portal\/wp-content\/uploads\/2022\/03\/WhatsApp-Image-2022-03-23-at-16.13.45.jpeg?fit=1600%2C1201&ssl=1","width":1600,"height":1201,"caption":"Foram realizadas tamb\u00e9m atividades de Educa\u00e7\u00e3o Ambiental com plantio de 256 mudas de arvores nativas e 19 visitas em propriedades rurais | Foto: Divulga\u00e7\u00e3o"},{"@type":"BreadcrumbList","@id":"https:\/\/verdadeon.com.br\/portal\/2022\/03\/23\/policia-ambiental-divulga-balanco-da-operacao-dia-mundial-da-agua\/#breadcrumb","itemListElement":[{"@type":"ListItem","position":1,"name":"In\u00edcio","item":"https:\/\/verdadeon.com.br\/portal\/"},{"@type":"ListItem","position":2,"name":"Pol\u00edcia Ambiental divulga balan\u00e7o da &#8216;Opera\u00e7\u00e3o Dia Mundial da \u00c1gua&#8217;"}]},{"@type":"WebSite","@id":"https:\/\/verdadeon.com.br\/portal\/#website","url":"https:\/\/verdadeon.com.br\/portal\/","name":"VerdadeOn","description":"Not\u00edcias di\u00e1rias sobre Franca, Regi\u00e3o, Esporte, Cultura, Cotidiano, Colunas. Cobertura nos principais eventos da cidade \u00e9 aqui - Verdadeon Franca","potentialAction":[{"@type":"SearchAction","target":{"@type":"EntryPoint","urlTemplate":"https:\/\/verdadeon.com.br\/portal\/?s={search_term_string}"},"query-input":{"@type":"PropertyValueSpecification","valueRequired":true,"valueName":"search_term_string"}}],"inLanguage":"pt-BR"},{"@type":"Person","@id":"https:\/\/verdadeon.com.br\/portal\/#\/schema\/person\/cc32be22b8e8599387c480bc83e1d11a","name":"Fernando Lima","image":{"@type":"ImageObject","inLanguage":"pt-BR","@id":"https:\/\/verdadeon.com.br\/portal\/#\/schema\/person\/image\/","url":"https:\/\/secure.gravatar.com\/avatar\/df4c8e132080d2b3a4841d5d232045464e0eed11a1d6e43115ca0843d48768d3?s=96&d=mm&r=g","contentUrl":"https:\/\/secure.gravatar.com\/avatar\/df4c8e132080d2b3a4841d5d232045464e0eed11a1d6e43115ca0843d48768d3?s=96&d=mm&r=g","caption":"Fernando Lima"},"sameAs":["http:\/\/verdadeon.com.br\/"],"url":"https:\/\/verdadeon.com.br\/portal\/author\/fernando-lima\/"}]}},"jetpack_publicize_connections":[],"jetpack_featured_media_url":"https:\/\/i0.wp.com\/verdadeon.com.br\/portal\/wp-content\/uploads\/2022\/03\/WhatsApp-Image-2022-03-23-at-16.13.45.jpeg?fit=1600%2C1201&ssl=1","jetpack_sharing_enabled":true,"_links":{"self":[{"href":"https:\/\/verdadeon.com.br\/portal\/wp-json\/wp\/v2\/posts\/23923","targetHints":{"allow":["GET"]}}],"collection":[{"href":"https:\/\/verdadeon.com.br\/portal\/wp-json\/wp\/v2\/posts"}],"about":[{"href":"https:\/\/verdadeon.com.br\/portal\/wp-json\/wp\/v2\/types\/post"}],"author":[{"embeddable":true,"href":"https:\/\/verdadeon.com.br\/portal\/wp-json\/wp\/v2\/users\/7"}],"replies":[{"embeddable":true,"href":"https:\/\/verdadeon.com.br\/portal\/wp-json\/wp\/v2\/comments?post=23923"}],"version-history":[{"count":2,"href":"https:\/\/verdadeon.com.br\/portal\/wp-json\/wp\/v2\/posts\/23923\/revisions"}],"predecessor-version":[{"id":23928,"href":"https:\/\/verdadeon.com.br\/portal\/wp-json\/wp\/v2\/posts\/23923\/revisions\/23928"}],"wp:featuredmedia":[{"embeddable":true,"href":"https:\/\/verdadeon.com.br\/portal\/wp-json\/wp\/v2\/media\/23925"}],"wp:attachment":[{"href":"https:\/\/verdadeon.com.br\/portal\/wp-json\/wp\/v2\/media?parent=23923"}],"wp:term":[{"taxonomy":"category","embeddable":true,"href":"https:\/\/verdadeon.com.br\/portal\/wp-json\/wp\/v2\/categories?post=23923"},{"taxonomy":"post_tag","embeddable":true,"href":"https:\/\/verdadeon.com.br\/portal\/wp-json\/wp\/v2\/tags?post=23923"}],"curies":[{"name":"wp","href":"https:\/\/api.w.org\/{rel}","templated":true}]}}