{"id":23920,"date":"2022-03-23T15:19:02","date_gmt":"2022-03-23T18:19:02","guid":{"rendered":"https:\/\/verdadeon.com.br\/portal\/?p=23920"},"modified":"2022-03-23T15:19:02","modified_gmt":"2022-03-23T18:19:02","slug":"remarcada-data-de-aposentadoria-da-camisa-de-helio-rubens","status":"publish","type":"post","link":"https:\/\/verdadeon.com.br\/portal\/2022\/03\/23\/remarcada-data-de-aposentadoria-da-camisa-de-helio-rubens\/","title":{"rendered":"Remarcada data de aposentadoria da camisa de H\u00e9lio Rubens"},"content":{"rendered":"<h2>Homenagem ser\u00e1 feita no dia 5 de abril, durante intervalo de partida v\u00e1lida pelo NBB<\/h2>\n<p>A data da homenagem do Sesi Franca Basquete, para H\u00e9lio Rubens Garcia, j\u00e1 tem uma nova data, o dia 5 de abril. A solenidade seria realizada em janeiro, mas foi desmarcada por conta dos \u00edndices da pandemia que assustavam na oportunidade, com os \u00edndices menores o evento est\u00e1 autorizado.<\/p>\n<p>A homenagem acontecer\u00e1 no intervalo da partida diante do Unifacisa, no Gin\u00e1sio Pedroc\u00e3o, com transmiss\u00e3o ao vivo pela TV.<\/p>\n<p>\u201c\u00c9 uma alegria muito grande ter a minha camisa eternizada. Fico honrado pelo reconhecimento que o clube tem pelo meu trabalho\u201d, disse H\u00e9lio Rubens.<\/p>\n<p>H\u00e9lio estar\u00e1 no Templo do Basquete e receber\u00e1 uma r\u00e9plica do uniforme utilizado na d\u00e9cada de 1970, quando o time francano conquistou importantes t\u00edtulos como vice-campeonato mundial (1975), sul-americano (1974, 1975, 1877), brasileiro (1971, 1974, 1975) e paulista (1973, 1975, 1976, 1977).<\/p>\n<p>\u201cPela longevidade, pelo n\u00famero de t\u00edtulos e pela quantidade de jogadores e treinadores formados atrav\u00e9s do trabalho de H\u00e9lio Rubens Garcia, essa homenagem \u00e9 mais do que merecida. Eu me sinto honrado em ter sido atleta dele. Como filho, sou um privilegiado. Estou muito feliz por mais esse marco na hist\u00f3ria do meu pai\u201d, afirmou o t\u00e9cnico Helinho Garcia.<\/p>\n<p>Ap\u00f3s o adiamento da data devido a pandemia do COVID-19, o clube est\u00e1 preparando uma grande festa para celebrar o evento. Ser\u00e1 um dia marcante para a torcida francana e para todos os f\u00e3s de basquete.<\/p>\n<p>\u201c\u00c9 um momento de muito orgulho e de muita alegria para o clube. Eternizar a camisa 8 \u00e9 reconhecer o atleta, o treinador e a refer\u00eancia que o H\u00e9lio Rubens foi e continuar\u00e1 sempre sendo para o esporte, em especial para o basquete\u201d, finalizou Munir Buchalla Filho, presidente do Sesi Franca Basquete.<\/p>\n","protected":false},"excerpt":{"rendered":"<p>Homenagem ser\u00e1 feita no dia 5 de abril, durante intervalo de partida v\u00e1lida pelo NBB A data da homenagem do Sesi Franca Basquete, para H\u00e9lio Rubens<span class=\"excerpt-hellip\"> [\u2026]<\/span><\/p>\n","protected":false},"author":7,"featured_media":23921,"comment_status":"open","ping_status":"open","sticky":false,"template":"","format":"standard","meta":{"_jetpack_memberships_contains_paid_content":false,"footnotes":"","jetpack_publicize_message":"","jetpack_publicize_feature_enabled":true,"jetpack_social_post_already_shared":false,"jetpack_social_options":{"image_generator_settings":{"template":"highway","default_image_id":0,"enabled":false},"version":2}},"categories":[28,81],"tags":[],"class_list":["post-23920","post","type-post","status-publish","format-standard","has-post-thumbnail","hentry","category-cotidiano","category-manchete"],"yoast_head":"<!-- This site is optimized with the Yoast SEO plugin v25.6 - https:\/\/yoast.com\/wordpress\/plugins\/seo\/ -->\n<title>Remarcada data de aposentadoria da camisa de H\u00e9lio Rubens - VerdadeOn<\/title>\n<meta name=\"robots\" content=\"index, follow, max-snippet:-1, max-image-preview:large, max-video-preview:-1\" \/>\n<link rel=\"canonical\" href=\"https:\/\/verdadeon.com.br\/portal\/2022\/03\/23\/remarcada-data-de-aposentadoria-da-camisa-de-helio-rubens\/\" \/>\n<meta property=\"og:locale\" content=\"pt_BR\" \/>\n<meta property=\"og:type\" content=\"article\" \/>\n<meta property=\"og:title\" content=\"Remarcada data de aposentadoria da camisa de H\u00e9lio Rubens - VerdadeOn\" \/>\n<meta property=\"og:description\" content=\"Homenagem ser\u00e1 feita no dia 5 de abril, durante intervalo de partida v\u00e1lida pelo NBB A data da homenagem do Sesi Franca Basquete, para H\u00e9lio Rubens [\u2026]\" \/>\n<meta property=\"og:url\" content=\"https:\/\/verdadeon.com.br\/portal\/2022\/03\/23\/remarcada-data-de-aposentadoria-da-camisa-de-helio-rubens\/\" \/>\n<meta property=\"og:site_name\" content=\"VerdadeOn\" \/>\n<meta property=\"article:published_time\" content=\"2022-03-23T18:19:02+00:00\" \/>\n<meta property=\"og:image\" content=\"https:\/\/verdadeon.com.br\/portal\/wp-content\/uploads\/2022\/03\/WhatsApp-Image-2022-03-23-at-12.03.27.jpeg\" \/>\n\t<meta property=\"og:image:width\" content=\"1280\" \/>\n\t<meta property=\"og:image:height\" content=\"904\" \/>\n\t<meta property=\"og:image:type\" content=\"image\/jpeg\" \/>\n<meta name=\"author\" content=\"Fernando Lima\" \/>\n<meta name=\"twitter:card\" content=\"summary_large_image\" \/>\n<meta name=\"twitter:label1\" content=\"Escrito por\" \/>\n\t<meta name=\"twitter:data1\" content=\"Fernando Lima\" \/>\n\t<meta name=\"twitter:label2\" content=\"Est. tempo de leitura\" \/>\n\t<meta name=\"twitter:data2\" content=\"2 minutos\" \/>\n<script type=\"application\/ld+json\" class=\"yoast-schema-graph\">{\"@context\":\"https:\/\/schema.org\",\"@graph\":[{\"@type\":\"WebPage\",\"@id\":\"https:\/\/verdadeon.com.br\/portal\/2022\/03\/23\/remarcada-data-de-aposentadoria-da-camisa-de-helio-rubens\/\",\"url\":\"https:\/\/verdadeon.com.br\/portal\/2022\/03\/23\/remarcada-data-de-aposentadoria-da-camisa-de-helio-rubens\/\",\"name\":\"Remarcada data de aposentadoria da camisa de H\u00e9lio Rubens - VerdadeOn\",\"isPartOf\":{\"@id\":\"https:\/\/verdadeon.com.br\/portal\/#website\"},\"primaryImageOfPage\":{\"@id\":\"https:\/\/verdadeon.com.br\/portal\/2022\/03\/23\/remarcada-data-de-aposentadoria-da-camisa-de-helio-rubens\/#primaryimage\"},\"image\":{\"@id\":\"https:\/\/verdadeon.com.br\/portal\/2022\/03\/23\/remarcada-data-de-aposentadoria-da-camisa-de-helio-rubens\/#primaryimage\"},\"thumbnailUrl\":\"https:\/\/i0.wp.com\/verdadeon.com.br\/portal\/wp-content\/uploads\/2022\/03\/WhatsApp-Image-2022-03-23-at-12.03.27.jpeg?fit=1280%2C904&ssl=1\",\"datePublished\":\"2022-03-23T18:19:02+00:00\",\"author\":{\"@id\":\"https:\/\/verdadeon.com.br\/portal\/#\/schema\/person\/cc32be22b8e8599387c480bc83e1d11a\"},\"breadcrumb\":{\"@id\":\"https:\/\/verdadeon.com.br\/portal\/2022\/03\/23\/remarcada-data-de-aposentadoria-da-camisa-de-helio-rubens\/#breadcrumb\"},\"inLanguage\":\"pt-BR\",\"potentialAction\":[{\"@type\":\"ReadAction\",\"target\":[\"https:\/\/verdadeon.com.br\/portal\/2022\/03\/23\/remarcada-data-de-aposentadoria-da-camisa-de-helio-rubens\/\"]}]},{\"@type\":\"ImageObject\",\"inLanguage\":\"pt-BR\",\"@id\":\"https:\/\/verdadeon.com.br\/portal\/2022\/03\/23\/remarcada-data-de-aposentadoria-da-camisa-de-helio-rubens\/#primaryimage\",\"url\":\"https:\/\/i0.wp.com\/verdadeon.com.br\/portal\/wp-content\/uploads\/2022\/03\/WhatsApp-Image-2022-03-23-at-12.03.27.jpeg?fit=1280%2C904&ssl=1\",\"contentUrl\":\"https:\/\/i0.wp.com\/verdadeon.com.br\/portal\/wp-content\/uploads\/2022\/03\/WhatsApp-Image-2022-03-23-at-12.03.27.jpeg?fit=1280%2C904&ssl=1\",\"width\":1280,\"height\":904,\"caption\":\"Homenagem ser\u00e1 realizada no pr\u00f3ximo dia 5 de abril, durante intervalo de partida v\u00e1lida pelo Novo Basquete Brasil (NBB) | Foto: Reprodu\u00e7\u00e3o\"},{\"@type\":\"BreadcrumbList\",\"@id\":\"https:\/\/verdadeon.com.br\/portal\/2022\/03\/23\/remarcada-data-de-aposentadoria-da-camisa-de-helio-rubens\/#breadcrumb\",\"itemListElement\":[{\"@type\":\"ListItem\",\"position\":1,\"name\":\"In\u00edcio\",\"item\":\"https:\/\/verdadeon.com.br\/portal\/\"},{\"@type\":\"ListItem\",\"position\":2,\"name\":\"Remarcada data de aposentadoria da camisa de H\u00e9lio Rubens\"}]},{\"@type\":\"WebSite\",\"@id\":\"https:\/\/verdadeon.com.br\/portal\/#website\",\"url\":\"https:\/\/verdadeon.com.br\/portal\/\",\"name\":\"VerdadeOn\",\"description\":\"Not\u00edcias di\u00e1rias sobre Franca, Regi\u00e3o, Esporte, Cultura, Cotidiano, Colunas. Cobertura nos principais eventos da cidade \u00e9 aqui - Verdadeon Franca\",\"potentialAction\":[{\"@type\":\"SearchAction\",\"target\":{\"@type\":\"EntryPoint\",\"urlTemplate\":\"https:\/\/verdadeon.com.br\/portal\/?s={search_term_string}\"},\"query-input\":{\"@type\":\"PropertyValueSpecification\",\"valueRequired\":true,\"valueName\":\"search_term_string\"}}],\"inLanguage\":\"pt-BR\"},{\"@type\":\"Person\",\"@id\":\"https:\/\/verdadeon.com.br\/portal\/#\/schema\/person\/cc32be22b8e8599387c480bc83e1d11a\",\"name\":\"Fernando Lima\",\"image\":{\"@type\":\"ImageObject\",\"inLanguage\":\"pt-BR\",\"@id\":\"https:\/\/verdadeon.com.br\/portal\/#\/schema\/person\/image\/\",\"url\":\"https:\/\/secure.gravatar.com\/avatar\/df4c8e132080d2b3a4841d5d232045464e0eed11a1d6e43115ca0843d48768d3?s=96&d=mm&r=g\",\"contentUrl\":\"https:\/\/secure.gravatar.com\/avatar\/df4c8e132080d2b3a4841d5d232045464e0eed11a1d6e43115ca0843d48768d3?s=96&d=mm&r=g\",\"caption\":\"Fernando Lima\"},\"sameAs\":[\"http:\/\/verdadeon.com.br\/\"],\"url\":\"https:\/\/verdadeon.com.br\/portal\/author\/fernando-lima\/\"}]}<\/script>\n<!-- \/ Yoast SEO plugin. -->","yoast_head_json":{"title":"Remarcada data de aposentadoria da camisa de H\u00e9lio Rubens - VerdadeOn","robots":{"index":"index","follow":"follow","max-snippet":"max-snippet:-1","max-image-preview":"max-image-preview:large","max-video-preview":"max-video-preview:-1"},"canonical":"https:\/\/verdadeon.com.br\/portal\/2022\/03\/23\/remarcada-data-de-aposentadoria-da-camisa-de-helio-rubens\/","og_locale":"pt_BR","og_type":"article","og_title":"Remarcada data de aposentadoria da camisa de H\u00e9lio Rubens - VerdadeOn","og_description":"Homenagem ser\u00e1 feita no dia 5 de abril, durante intervalo de partida v\u00e1lida pelo NBB A data da homenagem do Sesi Franca Basquete, para H\u00e9lio Rubens [\u2026]","og_url":"https:\/\/verdadeon.com.br\/portal\/2022\/03\/23\/remarcada-data-de-aposentadoria-da-camisa-de-helio-rubens\/","og_site_name":"VerdadeOn","article_published_time":"2022-03-23T18:19:02+00:00","og_image":[{"width":1280,"height":904,"url":"https:\/\/verdadeon.com.br\/portal\/wp-content\/uploads\/2022\/03\/WhatsApp-Image-2022-03-23-at-12.03.27.jpeg","type":"image\/jpeg"}],"author":"Fernando Lima","twitter_card":"summary_large_image","twitter_misc":{"Escrito por":"Fernando Lima","Est. tempo de leitura":"2 minutos"},"schema":{"@context":"https:\/\/schema.org","@graph":[{"@type":"WebPage","@id":"https:\/\/verdadeon.com.br\/portal\/2022\/03\/23\/remarcada-data-de-aposentadoria-da-camisa-de-helio-rubens\/","url":"https:\/\/verdadeon.com.br\/portal\/2022\/03\/23\/remarcada-data-de-aposentadoria-da-camisa-de-helio-rubens\/","name":"Remarcada data de aposentadoria da camisa de H\u00e9lio Rubens - VerdadeOn","isPartOf":{"@id":"https:\/\/verdadeon.com.br\/portal\/#website"},"primaryImageOfPage":{"@id":"https:\/\/verdadeon.com.br\/portal\/2022\/03\/23\/remarcada-data-de-aposentadoria-da-camisa-de-helio-rubens\/#primaryimage"},"image":{"@id":"https:\/\/verdadeon.com.br\/portal\/2022\/03\/23\/remarcada-data-de-aposentadoria-da-camisa-de-helio-rubens\/#primaryimage"},"thumbnailUrl":"https:\/\/i0.wp.com\/verdadeon.com.br\/portal\/wp-content\/uploads\/2022\/03\/WhatsApp-Image-2022-03-23-at-12.03.27.jpeg?fit=1280%2C904&ssl=1","datePublished":"2022-03-23T18:19:02+00:00","author":{"@id":"https:\/\/verdadeon.com.br\/portal\/#\/schema\/person\/cc32be22b8e8599387c480bc83e1d11a"},"breadcrumb":{"@id":"https:\/\/verdadeon.com.br\/portal\/2022\/03\/23\/remarcada-data-de-aposentadoria-da-camisa-de-helio-rubens\/#breadcrumb"},"inLanguage":"pt-BR","potentialAction":[{"@type":"ReadAction","target":["https:\/\/verdadeon.com.br\/portal\/2022\/03\/23\/remarcada-data-de-aposentadoria-da-camisa-de-helio-rubens\/"]}]},{"@type":"ImageObject","inLanguage":"pt-BR","@id":"https:\/\/verdadeon.com.br\/portal\/2022\/03\/23\/remarcada-data-de-aposentadoria-da-camisa-de-helio-rubens\/#primaryimage","url":"https:\/\/i0.wp.com\/verdadeon.com.br\/portal\/wp-content\/uploads\/2022\/03\/WhatsApp-Image-2022-03-23-at-12.03.27.jpeg?fit=1280%2C904&ssl=1","contentUrl":"https:\/\/i0.wp.com\/verdadeon.com.br\/portal\/wp-content\/uploads\/2022\/03\/WhatsApp-Image-2022-03-23-at-12.03.27.jpeg?fit=1280%2C904&ssl=1","width":1280,"height":904,"caption":"Homenagem ser\u00e1 realizada no pr\u00f3ximo dia 5 de abril, durante intervalo de partida v\u00e1lida pelo Novo Basquete Brasil (NBB) | Foto: Reprodu\u00e7\u00e3o"},{"@type":"BreadcrumbList","@id":"https:\/\/verdadeon.com.br\/portal\/2022\/03\/23\/remarcada-data-de-aposentadoria-da-camisa-de-helio-rubens\/#breadcrumb","itemListElement":[{"@type":"ListItem","position":1,"name":"In\u00edcio","item":"https:\/\/verdadeon.com.br\/portal\/"},{"@type":"ListItem","position":2,"name":"Remarcada data de aposentadoria da camisa de H\u00e9lio Rubens"}]},{"@type":"WebSite","@id":"https:\/\/verdadeon.com.br\/portal\/#website","url":"https:\/\/verdadeon.com.br\/portal\/","name":"VerdadeOn","description":"Not\u00edcias di\u00e1rias sobre Franca, Regi\u00e3o, Esporte, Cultura, Cotidiano, Colunas. Cobertura nos principais eventos da cidade \u00e9 aqui - Verdadeon Franca","potentialAction":[{"@type":"SearchAction","target":{"@type":"EntryPoint","urlTemplate":"https:\/\/verdadeon.com.br\/portal\/?s={search_term_string}"},"query-input":{"@type":"PropertyValueSpecification","valueRequired":true,"valueName":"search_term_string"}}],"inLanguage":"pt-BR"},{"@type":"Person","@id":"https:\/\/verdadeon.com.br\/portal\/#\/schema\/person\/cc32be22b8e8599387c480bc83e1d11a","name":"Fernando Lima","image":{"@type":"ImageObject","inLanguage":"pt-BR","@id":"https:\/\/verdadeon.com.br\/portal\/#\/schema\/person\/image\/","url":"https:\/\/secure.gravatar.com\/avatar\/df4c8e132080d2b3a4841d5d232045464e0eed11a1d6e43115ca0843d48768d3?s=96&d=mm&r=g","contentUrl":"https:\/\/secure.gravatar.com\/avatar\/df4c8e132080d2b3a4841d5d232045464e0eed11a1d6e43115ca0843d48768d3?s=96&d=mm&r=g","caption":"Fernando Lima"},"sameAs":["http:\/\/verdadeon.com.br\/"],"url":"https:\/\/verdadeon.com.br\/portal\/author\/fernando-lima\/"}]}},"jetpack_publicize_connections":[],"jetpack_featured_media_url":"https:\/\/i0.wp.com\/verdadeon.com.br\/portal\/wp-content\/uploads\/2022\/03\/WhatsApp-Image-2022-03-23-at-12.03.27.jpeg?fit=1280%2C904&ssl=1","jetpack_sharing_enabled":true,"_links":{"self":[{"href":"https:\/\/verdadeon.com.br\/portal\/wp-json\/wp\/v2\/posts\/23920","targetHints":{"allow":["GET"]}}],"collection":[{"href":"https:\/\/verdadeon.com.br\/portal\/wp-json\/wp\/v2\/posts"}],"about":[{"href":"https:\/\/verdadeon.com.br\/portal\/wp-json\/wp\/v2\/types\/post"}],"author":[{"embeddable":true,"href":"https:\/\/verdadeon.com.br\/portal\/wp-json\/wp\/v2\/users\/7"}],"replies":[{"embeddable":true,"href":"https:\/\/verdadeon.com.br\/portal\/wp-json\/wp\/v2\/comments?post=23920"}],"version-history":[{"count":1,"href":"https:\/\/verdadeon.com.br\/portal\/wp-json\/wp\/v2\/posts\/23920\/revisions"}],"predecessor-version":[{"id":23922,"href":"https:\/\/verdadeon.com.br\/portal\/wp-json\/wp\/v2\/posts\/23920\/revisions\/23922"}],"wp:featuredmedia":[{"embeddable":true,"href":"https:\/\/verdadeon.com.br\/portal\/wp-json\/wp\/v2\/media\/23921"}],"wp:attachment":[{"href":"https:\/\/verdadeon.com.br\/portal\/wp-json\/wp\/v2\/media?parent=23920"}],"wp:term":[{"taxonomy":"category","embeddable":true,"href":"https:\/\/verdadeon.com.br\/portal\/wp-json\/wp\/v2\/categories?post=23920"},{"taxonomy":"post_tag","embeddable":true,"href":"https:\/\/verdadeon.com.br\/portal\/wp-json\/wp\/v2\/tags?post=23920"}],"curies":[{"name":"wp","href":"https:\/\/api.w.org\/{rel}","templated":true}]}}