{"id":23890,"date":"2022-03-22T16:44:02","date_gmt":"2022-03-22T19:44:02","guid":{"rendered":"https:\/\/verdadeon.com.br\/portal\/?p=23890"},"modified":"2022-03-22T18:20:53","modified_gmt":"2022-03-22T21:20:53","slug":"casos-de-dengue-disparam-e-franca-registra-619-casos-em-tres-meses","status":"publish","type":"post","link":"https:\/\/verdadeon.com.br\/portal\/2022\/03\/22\/casos-de-dengue-disparam-e-franca-registra-619-casos-em-tres-meses\/","title":{"rendered":"Dengue dispara e Franca registra 619 casos em tr\u00eas meses"},"content":{"rendered":"<h2>Total da doen\u00e7a confirmado neste ano j\u00e1 supera quantidade de casos positivos registrados ao longo de 2021 inteiro<\/h2>\n<p>&nbsp;<\/p>\n<p>&nbsp;<\/p>\n<p><span style=\"font-weight: 400;\">Franca confirmou 619 casos de dengue entre janeiro e mar\u00e7o deste ano. O n\u00famero apresenta um aumento brutal em rela\u00e7\u00e3o ao mesmo per\u00edodo do ano passado; quando a cidade registrou 34 casos positivos.\u00a0<\/span><span style=\"font-weight: 400;\">As confirma\u00e7\u00f5es da doen\u00e7a causada pelo mosquito <\/span><i><span style=\"font-weight: 400;\">Aedes aegypti<\/span><\/i><span style=\"font-weight: 400;\"> j\u00e1 ultrapassam o total registrado ao longo de todo ano de 2021; quando o munic\u00edpio teve 221 contamina\u00e7\u00f5es por dengue. Na tarde desta ter\u00e7a-feira (22), a Vigil\u00e2ncia Epidemiol\u00f3gica recebeu notifica\u00e7\u00e3o sobre a morte por dengue de uma mulher de 37 anos. O caso ser\u00e1 avaliado pelo m\u00e9dico da unidade para conclus\u00e3o do laudo.<\/span><\/p>\n<p><span style=\"font-weight: 400;\">Caio Carvalho, diretor da Vigil\u00e2ncia em Sa\u00fade do munic\u00edpio, afirmou que a escalada da doen\u00e7a se deve ao alto \u00edndice de subnotifica\u00e7\u00f5es ocorridas no ano anterior. \u201cInfelizmente, em 2021 o foco continuou na Covid e grande parte dos casos ficou subnotificada. Como os sintomas do coronav\u00edrus e da dengue s\u00e3o parecidos, tudo foi investigado como Covid. Neste ano, orientamos os m\u00e9dicos a se atentarem \u00e0s suspeitas de dengue e solicitarem exames de sorologia\u201d.<\/span><\/p>\n<p><span style=\"font-weight: 400;\">Outro fator que colabora para a \u201cexplos\u00e3o\u201d da dengue em 2022 \u00e9 a quest\u00e3o clim\u00e1tica. Diferente do primeiro trimestre em 2021, entre janeiro e mar\u00e7o deste ano choveu acima da m\u00e9dia em Franca e tiveram dias com temperaturas elevadas. A combina\u00e7\u00e3o de chuva e calor favorece muito a prolifera\u00e7\u00e3o do mosquito <\/span><i><span style=\"font-weight: 400;\">Aedes aegypti<\/span><\/i><span style=\"font-weight: 400;\">, que procria em \u00e1gua parada. \u201cA f\u00eamea bota os ovos e ap\u00f3s tr\u00eas dias hidratados, viram larvas e depois de mais quatro dias ficam alados e podem picar, ent\u00e3o a chuva exacerbada e calor intenso favorecem a reprodu\u00e7\u00e3o do mosquito\u201d, explicou Caio.<\/span><\/p>\n<h4><span style=\"font-weight: 400;\">Preven\u00e7\u00e3o<\/span><\/h4>\n<p><span style=\"font-weight: 400;\">Diante da alta incid\u00eancia de dengue em Franca, a Prefeitura convoca a popula\u00e7\u00e3o para ajudar na guerra contra o mosquito transmissor da doen\u00e7a e impedir que se prolifere. O primeiro passo, orienta Caio Carvalho, \u00e9 se autofiscalizar e reservar alguns minutos do dia para verificar \u00e1gua acumulada em recipientes expostos ao tempo em quintais, garagens e dentro dos im\u00f3veis.<\/span><\/p>\n<p><span style=\"font-weight: 400;\">Outra a\u00e7\u00e3o importante nesse combate \u00e9 autorizar o trabalho dos agentes da Secretaria de Sa\u00fade feito diariamente nas resid\u00eancias. \u201cA recusa ainda \u00e9 muito alta, cerca de 45% das pessoas n\u00e3o permitem a entrada dos agentes em suas casas. Mas eles orientam a evitar a forma\u00e7\u00e3o de criadouros e auxiliam na elimina\u00e7\u00e3o dos mesmos. Eles sempre se apresentam uniformizados e com crach\u00e1s de identifica\u00e7\u00e3o\u201d, afirmou Caio.<\/span><\/p>\n<h4><span style=\"font-weight: 400;\">Atente-se aos sintomas<\/span><\/h4>\n<p><span style=\"font-weight: 400;\">\u00c9 importante se atentar aos sintomas mais comuns da dengue cl\u00e1ssica: febre alta, dor de cabe\u00e7a, dor atr\u00e1s dos olhos, perda de paladar e apetite, manchas e erup\u00e7\u00f5es na pele especialmente no t\u00f3rax e membros superiores, v\u00f4mito e cansa\u00e7o extremo. Na dengue hemorr\u00e1gica, o quadro se agrava rapidamente, a<\/span><span style=\"font-weight: 400;\">presentando sinais de insufici\u00eancia circulat\u00f3ria e choque, podendo levar a pessoa \u00e0 morte em at\u00e9 24 horas.<\/span><\/p>\n<p>&nbsp;<\/p>\n","protected":false},"excerpt":{"rendered":"<p>Total da doen\u00e7a confirmado neste ano j\u00e1 supera quantidade de casos positivos registrados ao longo de 2021 inteiro &nbsp; &nbsp; Franca confirmou 619 casos de dengue<span class=\"excerpt-hellip\"> [\u2026]<\/span><\/p>\n","protected":false},"author":12,"featured_media":23899,"comment_status":"open","ping_status":"open","sticky":false,"template":"","format":"standard","meta":{"_jetpack_memberships_contains_paid_content":false,"footnotes":"","jetpack_publicize_message":"","jetpack_publicize_feature_enabled":true,"jetpack_social_post_already_shared":false,"jetpack_social_options":{"image_generator_settings":{"template":"highway","default_image_id":0,"enabled":false},"version":2}},"categories":[28,81],"tags":[],"class_list":["post-23890","post","type-post","status-publish","format-standard","has-post-thumbnail","hentry","category-cotidiano","category-manchete"],"yoast_head":"<!-- This site is optimized with the Yoast SEO plugin v25.6 - https:\/\/yoast.com\/wordpress\/plugins\/seo\/ -->\n<title>Dengue dispara e Franca registra 619 casos em tr\u00eas meses - VerdadeOn<\/title>\n<meta name=\"robots\" content=\"index, follow, max-snippet:-1, max-image-preview:large, max-video-preview:-1\" \/>\n<link rel=\"canonical\" href=\"https:\/\/verdadeon.com.br\/portal\/2022\/03\/22\/casos-de-dengue-disparam-e-franca-registra-619-casos-em-tres-meses\/\" \/>\n<meta property=\"og:locale\" content=\"pt_BR\" \/>\n<meta property=\"og:type\" content=\"article\" \/>\n<meta property=\"og:title\" content=\"Dengue dispara e Franca registra 619 casos em tr\u00eas meses - VerdadeOn\" \/>\n<meta property=\"og:description\" content=\"Total da doen\u00e7a confirmado neste ano j\u00e1 supera quantidade de casos positivos registrados ao longo de 2021 inteiro &nbsp; &nbsp; Franca confirmou 619 casos de dengue [\u2026]\" \/>\n<meta property=\"og:url\" content=\"https:\/\/verdadeon.com.br\/portal\/2022\/03\/22\/casos-de-dengue-disparam-e-franca-registra-619-casos-em-tres-meses\/\" \/>\n<meta property=\"og:site_name\" content=\"VerdadeOn\" \/>\n<meta property=\"article:published_time\" content=\"2022-03-22T19:44:02+00:00\" \/>\n<meta property=\"article:modified_time\" content=\"2022-03-22T21:20:53+00:00\" \/>\n<meta property=\"og:image\" content=\"https:\/\/verdadeon.com.br\/portal\/wp-content\/uploads\/2022\/03\/Dengue.jpeg\" \/>\n\t<meta property=\"og:image:width\" content=\"1000\" \/>\n\t<meta property=\"og:image:height\" content=\"670\" \/>\n\t<meta property=\"og:image:type\" content=\"image\/jpeg\" \/>\n<meta name=\"author\" content=\"Nelise Luques\" \/>\n<meta name=\"twitter:card\" content=\"summary_large_image\" \/>\n<meta name=\"twitter:label1\" content=\"Escrito por\" \/>\n\t<meta name=\"twitter:data1\" content=\"Nelise Luques\" \/>\n\t<meta name=\"twitter:label2\" content=\"Est. tempo de leitura\" \/>\n\t<meta name=\"twitter:data2\" content=\"3 minutos\" \/>\n<script type=\"application\/ld+json\" class=\"yoast-schema-graph\">{\"@context\":\"https:\/\/schema.org\",\"@graph\":[{\"@type\":\"WebPage\",\"@id\":\"https:\/\/verdadeon.com.br\/portal\/2022\/03\/22\/casos-de-dengue-disparam-e-franca-registra-619-casos-em-tres-meses\/\",\"url\":\"https:\/\/verdadeon.com.br\/portal\/2022\/03\/22\/casos-de-dengue-disparam-e-franca-registra-619-casos-em-tres-meses\/\",\"name\":\"Dengue dispara e Franca registra 619 casos em tr\u00eas meses - VerdadeOn\",\"isPartOf\":{\"@id\":\"https:\/\/verdadeon.com.br\/portal\/#website\"},\"primaryImageOfPage\":{\"@id\":\"https:\/\/verdadeon.com.br\/portal\/2022\/03\/22\/casos-de-dengue-disparam-e-franca-registra-619-casos-em-tres-meses\/#primaryimage\"},\"image\":{\"@id\":\"https:\/\/verdadeon.com.br\/portal\/2022\/03\/22\/casos-de-dengue-disparam-e-franca-registra-619-casos-em-tres-meses\/#primaryimage\"},\"thumbnailUrl\":\"https:\/\/i0.wp.com\/verdadeon.com.br\/portal\/wp-content\/uploads\/2022\/03\/Dengue.jpeg?fit=1000%2C670&ssl=1\",\"datePublished\":\"2022-03-22T19:44:02+00:00\",\"dateModified\":\"2022-03-22T21:20:53+00:00\",\"author\":{\"@id\":\"https:\/\/verdadeon.com.br\/portal\/#\/schema\/person\/8248726d36015c1916636fabb175d972\"},\"breadcrumb\":{\"@id\":\"https:\/\/verdadeon.com.br\/portal\/2022\/03\/22\/casos-de-dengue-disparam-e-franca-registra-619-casos-em-tres-meses\/#breadcrumb\"},\"inLanguage\":\"pt-BR\",\"potentialAction\":[{\"@type\":\"ReadAction\",\"target\":[\"https:\/\/verdadeon.com.br\/portal\/2022\/03\/22\/casos-de-dengue-disparam-e-franca-registra-619-casos-em-tres-meses\/\"]}]},{\"@type\":\"ImageObject\",\"inLanguage\":\"pt-BR\",\"@id\":\"https:\/\/verdadeon.com.br\/portal\/2022\/03\/22\/casos-de-dengue-disparam-e-franca-registra-619-casos-em-tres-meses\/#primaryimage\",\"url\":\"https:\/\/i0.wp.com\/verdadeon.com.br\/portal\/wp-content\/uploads\/2022\/03\/Dengue.jpeg?fit=1000%2C670&ssl=1\",\"contentUrl\":\"https:\/\/i0.wp.com\/verdadeon.com.br\/portal\/wp-content\/uploads\/2022\/03\/Dengue.jpeg?fit=1000%2C670&ssl=1\",\"width\":1000,\"height\":670,\"caption\":\"Agentes da Secretaria de Sa\u00fade de Franca mant\u00eam o trabalho de orienta\u00e7\u00e3o casa a casa e elimina\u00e7\u00e3o de potenciais criadouros do mosquito da dengue | Foto: Divulga\u00e7\u00e3o\"},{\"@type\":\"BreadcrumbList\",\"@id\":\"https:\/\/verdadeon.com.br\/portal\/2022\/03\/22\/casos-de-dengue-disparam-e-franca-registra-619-casos-em-tres-meses\/#breadcrumb\",\"itemListElement\":[{\"@type\":\"ListItem\",\"position\":1,\"name\":\"In\u00edcio\",\"item\":\"https:\/\/verdadeon.com.br\/portal\/\"},{\"@type\":\"ListItem\",\"position\":2,\"name\":\"Dengue dispara e Franca registra 619 casos em tr\u00eas meses\"}]},{\"@type\":\"WebSite\",\"@id\":\"https:\/\/verdadeon.com.br\/portal\/#website\",\"url\":\"https:\/\/verdadeon.com.br\/portal\/\",\"name\":\"VerdadeOn\",\"description\":\"Not\u00edcias di\u00e1rias sobre Franca, Regi\u00e3o, Esporte, Cultura, Cotidiano, Colunas. Cobertura nos principais eventos da cidade \u00e9 aqui - Verdadeon Franca\",\"potentialAction\":[{\"@type\":\"SearchAction\",\"target\":{\"@type\":\"EntryPoint\",\"urlTemplate\":\"https:\/\/verdadeon.com.br\/portal\/?s={search_term_string}\"},\"query-input\":{\"@type\":\"PropertyValueSpecification\",\"valueRequired\":true,\"valueName\":\"search_term_string\"}}],\"inLanguage\":\"pt-BR\"},{\"@type\":\"Person\",\"@id\":\"https:\/\/verdadeon.com.br\/portal\/#\/schema\/person\/8248726d36015c1916636fabb175d972\",\"name\":\"Nelise Luques\",\"image\":{\"@type\":\"ImageObject\",\"inLanguage\":\"pt-BR\",\"@id\":\"https:\/\/verdadeon.com.br\/portal\/#\/schema\/person\/image\/\",\"url\":\"https:\/\/secure.gravatar.com\/avatar\/29b2a17f5bcadeb827411b66f48ac13c3e0ecaf5906c0f5745ecc5d41c24eada?s=96&d=mm&r=g\",\"contentUrl\":\"https:\/\/secure.gravatar.com\/avatar\/29b2a17f5bcadeb827411b66f48ac13c3e0ecaf5906c0f5745ecc5d41c24eada?s=96&d=mm&r=g\",\"caption\":\"Nelise Luques\"},\"url\":\"https:\/\/verdadeon.com.br\/portal\/author\/verdade\/\"}]}<\/script>\n<!-- \/ Yoast SEO plugin. -->","yoast_head_json":{"title":"Dengue dispara e Franca registra 619 casos em tr\u00eas meses - VerdadeOn","robots":{"index":"index","follow":"follow","max-snippet":"max-snippet:-1","max-image-preview":"max-image-preview:large","max-video-preview":"max-video-preview:-1"},"canonical":"https:\/\/verdadeon.com.br\/portal\/2022\/03\/22\/casos-de-dengue-disparam-e-franca-registra-619-casos-em-tres-meses\/","og_locale":"pt_BR","og_type":"article","og_title":"Dengue dispara e Franca registra 619 casos em tr\u00eas meses - VerdadeOn","og_description":"Total da doen\u00e7a confirmado neste ano j\u00e1 supera quantidade de casos positivos registrados ao longo de 2021 inteiro &nbsp; &nbsp; Franca confirmou 619 casos de dengue [\u2026]","og_url":"https:\/\/verdadeon.com.br\/portal\/2022\/03\/22\/casos-de-dengue-disparam-e-franca-registra-619-casos-em-tres-meses\/","og_site_name":"VerdadeOn","article_published_time":"2022-03-22T19:44:02+00:00","article_modified_time":"2022-03-22T21:20:53+00:00","og_image":[{"width":1000,"height":670,"url":"https:\/\/verdadeon.com.br\/portal\/wp-content\/uploads\/2022\/03\/Dengue.jpeg","type":"image\/jpeg"}],"author":"Nelise Luques","twitter_card":"summary_large_image","twitter_misc":{"Escrito por":"Nelise Luques","Est. tempo de leitura":"3 minutos"},"schema":{"@context":"https:\/\/schema.org","@graph":[{"@type":"WebPage","@id":"https:\/\/verdadeon.com.br\/portal\/2022\/03\/22\/casos-de-dengue-disparam-e-franca-registra-619-casos-em-tres-meses\/","url":"https:\/\/verdadeon.com.br\/portal\/2022\/03\/22\/casos-de-dengue-disparam-e-franca-registra-619-casos-em-tres-meses\/","name":"Dengue dispara e Franca registra 619 casos em tr\u00eas meses - VerdadeOn","isPartOf":{"@id":"https:\/\/verdadeon.com.br\/portal\/#website"},"primaryImageOfPage":{"@id":"https:\/\/verdadeon.com.br\/portal\/2022\/03\/22\/casos-de-dengue-disparam-e-franca-registra-619-casos-em-tres-meses\/#primaryimage"},"image":{"@id":"https:\/\/verdadeon.com.br\/portal\/2022\/03\/22\/casos-de-dengue-disparam-e-franca-registra-619-casos-em-tres-meses\/#primaryimage"},"thumbnailUrl":"https:\/\/i0.wp.com\/verdadeon.com.br\/portal\/wp-content\/uploads\/2022\/03\/Dengue.jpeg?fit=1000%2C670&ssl=1","datePublished":"2022-03-22T19:44:02+00:00","dateModified":"2022-03-22T21:20:53+00:00","author":{"@id":"https:\/\/verdadeon.com.br\/portal\/#\/schema\/person\/8248726d36015c1916636fabb175d972"},"breadcrumb":{"@id":"https:\/\/verdadeon.com.br\/portal\/2022\/03\/22\/casos-de-dengue-disparam-e-franca-registra-619-casos-em-tres-meses\/#breadcrumb"},"inLanguage":"pt-BR","potentialAction":[{"@type":"ReadAction","target":["https:\/\/verdadeon.com.br\/portal\/2022\/03\/22\/casos-de-dengue-disparam-e-franca-registra-619-casos-em-tres-meses\/"]}]},{"@type":"ImageObject","inLanguage":"pt-BR","@id":"https:\/\/verdadeon.com.br\/portal\/2022\/03\/22\/casos-de-dengue-disparam-e-franca-registra-619-casos-em-tres-meses\/#primaryimage","url":"https:\/\/i0.wp.com\/verdadeon.com.br\/portal\/wp-content\/uploads\/2022\/03\/Dengue.jpeg?fit=1000%2C670&ssl=1","contentUrl":"https:\/\/i0.wp.com\/verdadeon.com.br\/portal\/wp-content\/uploads\/2022\/03\/Dengue.jpeg?fit=1000%2C670&ssl=1","width":1000,"height":670,"caption":"Agentes da Secretaria de Sa\u00fade de Franca mant\u00eam o trabalho de orienta\u00e7\u00e3o casa a casa e elimina\u00e7\u00e3o de potenciais criadouros do mosquito da dengue | Foto: Divulga\u00e7\u00e3o"},{"@type":"BreadcrumbList","@id":"https:\/\/verdadeon.com.br\/portal\/2022\/03\/22\/casos-de-dengue-disparam-e-franca-registra-619-casos-em-tres-meses\/#breadcrumb","itemListElement":[{"@type":"ListItem","position":1,"name":"In\u00edcio","item":"https:\/\/verdadeon.com.br\/portal\/"},{"@type":"ListItem","position":2,"name":"Dengue dispara e Franca registra 619 casos em tr\u00eas meses"}]},{"@type":"WebSite","@id":"https:\/\/verdadeon.com.br\/portal\/#website","url":"https:\/\/verdadeon.com.br\/portal\/","name":"VerdadeOn","description":"Not\u00edcias di\u00e1rias sobre Franca, Regi\u00e3o, Esporte, Cultura, Cotidiano, Colunas. Cobertura nos principais eventos da cidade \u00e9 aqui - Verdadeon Franca","potentialAction":[{"@type":"SearchAction","target":{"@type":"EntryPoint","urlTemplate":"https:\/\/verdadeon.com.br\/portal\/?s={search_term_string}"},"query-input":{"@type":"PropertyValueSpecification","valueRequired":true,"valueName":"search_term_string"}}],"inLanguage":"pt-BR"},{"@type":"Person","@id":"https:\/\/verdadeon.com.br\/portal\/#\/schema\/person\/8248726d36015c1916636fabb175d972","name":"Nelise Luques","image":{"@type":"ImageObject","inLanguage":"pt-BR","@id":"https:\/\/verdadeon.com.br\/portal\/#\/schema\/person\/image\/","url":"https:\/\/secure.gravatar.com\/avatar\/29b2a17f5bcadeb827411b66f48ac13c3e0ecaf5906c0f5745ecc5d41c24eada?s=96&d=mm&r=g","contentUrl":"https:\/\/secure.gravatar.com\/avatar\/29b2a17f5bcadeb827411b66f48ac13c3e0ecaf5906c0f5745ecc5d41c24eada?s=96&d=mm&r=g","caption":"Nelise Luques"},"url":"https:\/\/verdadeon.com.br\/portal\/author\/verdade\/"}]}},"jetpack_publicize_connections":[],"jetpack_featured_media_url":"https:\/\/i0.wp.com\/verdadeon.com.br\/portal\/wp-content\/uploads\/2022\/03\/Dengue.jpeg?fit=1000%2C670&ssl=1","jetpack_sharing_enabled":true,"_links":{"self":[{"href":"https:\/\/verdadeon.com.br\/portal\/wp-json\/wp\/v2\/posts\/23890","targetHints":{"allow":["GET"]}}],"collection":[{"href":"https:\/\/verdadeon.com.br\/portal\/wp-json\/wp\/v2\/posts"}],"about":[{"href":"https:\/\/verdadeon.com.br\/portal\/wp-json\/wp\/v2\/types\/post"}],"author":[{"embeddable":true,"href":"https:\/\/verdadeon.com.br\/portal\/wp-json\/wp\/v2\/users\/12"}],"replies":[{"embeddable":true,"href":"https:\/\/verdadeon.com.br\/portal\/wp-json\/wp\/v2\/comments?post=23890"}],"version-history":[{"count":5,"href":"https:\/\/verdadeon.com.br\/portal\/wp-json\/wp\/v2\/posts\/23890\/revisions"}],"predecessor-version":[{"id":23913,"href":"https:\/\/verdadeon.com.br\/portal\/wp-json\/wp\/v2\/posts\/23890\/revisions\/23913"}],"wp:featuredmedia":[{"embeddable":true,"href":"https:\/\/verdadeon.com.br\/portal\/wp-json\/wp\/v2\/media\/23899"}],"wp:attachment":[{"href":"https:\/\/verdadeon.com.br\/portal\/wp-json\/wp\/v2\/media?parent=23890"}],"wp:term":[{"taxonomy":"category","embeddable":true,"href":"https:\/\/verdadeon.com.br\/portal\/wp-json\/wp\/v2\/categories?post=23890"},{"taxonomy":"post_tag","embeddable":true,"href":"https:\/\/verdadeon.com.br\/portal\/wp-json\/wp\/v2\/tags?post=23890"}],"curies":[{"name":"wp","href":"https:\/\/api.w.org\/{rel}","templated":true}]}}