{"id":23889,"date":"2022-03-22T14:57:37","date_gmt":"2022-03-22T17:57:37","guid":{"rendered":"https:\/\/verdadeon.com.br\/portal\/?p=23889"},"modified":"2022-03-22T14:57:37","modified_gmt":"2022-03-22T17:57:37","slug":"assista-ciclista-morre-apos-ser-atropelado-por-carro-que-fazia-ultrapassagem-proibida","status":"publish","type":"post","link":"https:\/\/verdadeon.com.br\/portal\/2022\/03\/22\/assista-ciclista-morre-apos-ser-atropelado-por-carro-que-fazia-ultrapassagem-proibida\/","title":{"rendered":"Assista: Ciclista morre ap\u00f3s ser atropelado por carro que fazia ultrapassagem proibida"},"content":{"rendered":"<h2>Acidente foi registrado na rodovia Jo\u00e3o Traficante, que liga a Ibiraci (MG). Condutor foi ouvido e liberado<\/h2>\n<p>Um ciclista de 25 anos morreu ap\u00f3s ser atropelado por um ve\u00edculo no acostamento da rodovia Jo\u00e3o Traficante, que liga Franca a Ibiraci (MG). C\u00e2meras de seguran\u00e7a de uma empresa flagraram o momento em que Aislan Moura, \u00e9 violentamente atingido pelo carro, que invadiu o acostamento onde ele estava.<\/p>\n<p>Aislan foi arremessado por v\u00e1rios metros e sofreu diversos ferimentos. Ele foi socorrido pelos bombeiros at\u00e9 a Santa Casa de Franca, onde passou por atendimento m\u00e9dico, mas horas depois n\u00e3o resistiu e faleceu.<\/p>\n<p>O condutor do carro, de 22 anos, parou para prestar socorro. Para a Pol\u00edcia Militar ele disse que o ve\u00edculo que seguia a frente, acionou o freio de forma brusca, ele n\u00e3o teve tempo de frear e por isso teve que ultrapassar mesmo em local proibido. Ao fazer a ultrapassagem ele perdeu o controle e invadiu o local onde a v\u00edtima estava.<\/p>\n<p>O condutor inclusive n\u00e3o se negou a realizar o teste do baf\u00f4metro, que n\u00e3o apontou ingest\u00e3o de \u00e1lcool. Ele foi ouvido e ap\u00f3s liberado.<\/p>\n<p>O corpo de Aislan, ser\u00e1 levado para a cidade de S\u00e3o Miguel da Baixa Grande, no Piau\u00ed, de onde ele era natural.<\/p>\n<p>O caso foi registrado e ser\u00e1 investigado.<\/p>\n<p>Assista:<\/p>\n<div style=\"width: 640px;\" class=\"wp-video\"><!--[if lt IE 9]><script>document.createElement('video');<\/script><![endif]-->\n<video class=\"wp-video-shortcode\" id=\"video-23889-1\" width=\"640\" height=\"352\" preload=\"metadata\" controls=\"controls\"><source type=\"video\/mp4\" src=\"https:\/\/verdadeon.com.br\/portal\/wp-content\/uploads\/2022\/03\/WhatsApp-Video-2022-03-22-at-13.32.27.mp4?_=1\" \/><a href=\"https:\/\/verdadeon.com.br\/portal\/wp-content\/uploads\/2022\/03\/WhatsApp-Video-2022-03-22-at-13.32.27.mp4\">https:\/\/verdadeon.com.br\/portal\/wp-content\/uploads\/2022\/03\/WhatsApp-Video-2022-03-22-at-13.32.27.mp4<\/a><\/video><\/div>\n","protected":false},"excerpt":{"rendered":"<p>Acidente foi registrado na rodovia Jo\u00e3o Traficante, que liga a Ibiraci (MG). Condutor foi ouvido e liberado Um ciclista de 25 anos morreu ap\u00f3s ser atropelado<span class=\"excerpt-hellip\"> [\u2026]<\/span><\/p>\n","protected":false},"author":7,"featured_media":23892,"comment_status":"open","ping_status":"open","sticky":false,"template":"","format":"standard","meta":{"_jetpack_memberships_contains_paid_content":false,"footnotes":"","jetpack_publicize_message":"","jetpack_publicize_feature_enabled":true,"jetpack_social_post_already_shared":false,"jetpack_social_options":{"image_generator_settings":{"template":"highway","default_image_id":0,"enabled":false},"version":2}},"categories":[28,81],"tags":[],"class_list":["post-23889","post","type-post","status-publish","format-standard","has-post-thumbnail","hentry","category-cotidiano","category-manchete"],"yoast_head":"<!-- This site is optimized with the Yoast SEO plugin v25.6 - https:\/\/yoast.com\/wordpress\/plugins\/seo\/ -->\n<title>Assista: Ciclista morre ap\u00f3s ser atropelado por carro que fazia ultrapassagem proibida - VerdadeOn<\/title>\n<meta name=\"robots\" content=\"index, follow, max-snippet:-1, max-image-preview:large, max-video-preview:-1\" \/>\n<link rel=\"canonical\" href=\"https:\/\/verdadeon.com.br\/portal\/2022\/03\/22\/assista-ciclista-morre-apos-ser-atropelado-por-carro-que-fazia-ultrapassagem-proibida\/\" \/>\n<meta property=\"og:locale\" content=\"pt_BR\" \/>\n<meta property=\"og:type\" content=\"article\" \/>\n<meta property=\"og:title\" content=\"Assista: Ciclista morre ap\u00f3s ser atropelado por carro que fazia ultrapassagem proibida - VerdadeOn\" \/>\n<meta property=\"og:description\" content=\"Acidente foi registrado na rodovia Jo\u00e3o Traficante, que liga a Ibiraci (MG). Condutor foi ouvido e liberado Um ciclista de 25 anos morreu ap\u00f3s ser atropelado [\u2026]\" \/>\n<meta property=\"og:url\" content=\"https:\/\/verdadeon.com.br\/portal\/2022\/03\/22\/assista-ciclista-morre-apos-ser-atropelado-por-carro-que-fazia-ultrapassagem-proibida\/\" \/>\n<meta property=\"og:site_name\" content=\"VerdadeOn\" \/>\n<meta property=\"article:published_time\" content=\"2022-03-22T17:57:37+00:00\" \/>\n<meta property=\"og:image\" content=\"https:\/\/verdadeon.com.br\/portal\/wp-content\/uploads\/2022\/03\/acidente-e1647971513862.png\" \/>\n\t<meta property=\"og:image:width\" content=\"999\" \/>\n\t<meta property=\"og:image:height\" content=\"669\" \/>\n\t<meta property=\"og:image:type\" content=\"image\/png\" \/>\n<meta name=\"author\" content=\"Fernando Lima\" \/>\n<meta name=\"twitter:card\" content=\"summary_large_image\" \/>\n<meta name=\"twitter:label1\" content=\"Escrito por\" \/>\n\t<meta name=\"twitter:data1\" content=\"Fernando Lima\" \/>\n\t<meta name=\"twitter:label2\" content=\"Est. tempo de leitura\" \/>\n\t<meta name=\"twitter:data2\" content=\"2 minutos\" \/>\n<script type=\"application\/ld+json\" class=\"yoast-schema-graph\">{\"@context\":\"https:\/\/schema.org\",\"@graph\":[{\"@type\":\"WebPage\",\"@id\":\"https:\/\/verdadeon.com.br\/portal\/2022\/03\/22\/assista-ciclista-morre-apos-ser-atropelado-por-carro-que-fazia-ultrapassagem-proibida\/\",\"url\":\"https:\/\/verdadeon.com.br\/portal\/2022\/03\/22\/assista-ciclista-morre-apos-ser-atropelado-por-carro-que-fazia-ultrapassagem-proibida\/\",\"name\":\"Assista: Ciclista morre ap\u00f3s ser atropelado por carro que fazia ultrapassagem proibida - VerdadeOn\",\"isPartOf\":{\"@id\":\"https:\/\/verdadeon.com.br\/portal\/#website\"},\"primaryImageOfPage\":{\"@id\":\"https:\/\/verdadeon.com.br\/portal\/2022\/03\/22\/assista-ciclista-morre-apos-ser-atropelado-por-carro-que-fazia-ultrapassagem-proibida\/#primaryimage\"},\"image\":{\"@id\":\"https:\/\/verdadeon.com.br\/portal\/2022\/03\/22\/assista-ciclista-morre-apos-ser-atropelado-por-carro-que-fazia-ultrapassagem-proibida\/#primaryimage\"},\"thumbnailUrl\":\"https:\/\/i0.wp.com\/verdadeon.com.br\/portal\/wp-content\/uploads\/2022\/03\/acidente-e1647971513862.png?fit=999%2C669&ssl=1\",\"datePublished\":\"2022-03-22T17:57:37+00:00\",\"author\":{\"@id\":\"https:\/\/verdadeon.com.br\/portal\/#\/schema\/person\/cc32be22b8e8599387c480bc83e1d11a\"},\"breadcrumb\":{\"@id\":\"https:\/\/verdadeon.com.br\/portal\/2022\/03\/22\/assista-ciclista-morre-apos-ser-atropelado-por-carro-que-fazia-ultrapassagem-proibida\/#breadcrumb\"},\"inLanguage\":\"pt-BR\",\"potentialAction\":[{\"@type\":\"ReadAction\",\"target\":[\"https:\/\/verdadeon.com.br\/portal\/2022\/03\/22\/assista-ciclista-morre-apos-ser-atropelado-por-carro-que-fazia-ultrapassagem-proibida\/\"]}]},{\"@type\":\"ImageObject\",\"inLanguage\":\"pt-BR\",\"@id\":\"https:\/\/verdadeon.com.br\/portal\/2022\/03\/22\/assista-ciclista-morre-apos-ser-atropelado-por-carro-que-fazia-ultrapassagem-proibida\/#primaryimage\",\"url\":\"https:\/\/i0.wp.com\/verdadeon.com.br\/portal\/wp-content\/uploads\/2022\/03\/acidente-e1647971513862.png?fit=999%2C669&ssl=1\",\"contentUrl\":\"https:\/\/i0.wp.com\/verdadeon.com.br\/portal\/wp-content\/uploads\/2022\/03\/acidente-e1647971513862.png?fit=999%2C669&ssl=1\",\"width\":999,\"height\":669,\"caption\":\"C\u00e2mera flagrou o momento em que carro invade o acostamento e atinge ciclista, que chegou a ser socorrido, mas n\u00e3o resistiu | Foto: Reprodu\u00e7\u00e3o\"},{\"@type\":\"BreadcrumbList\",\"@id\":\"https:\/\/verdadeon.com.br\/portal\/2022\/03\/22\/assista-ciclista-morre-apos-ser-atropelado-por-carro-que-fazia-ultrapassagem-proibida\/#breadcrumb\",\"itemListElement\":[{\"@type\":\"ListItem\",\"position\":1,\"name\":\"In\u00edcio\",\"item\":\"https:\/\/verdadeon.com.br\/portal\/\"},{\"@type\":\"ListItem\",\"position\":2,\"name\":\"Assista: Ciclista morre ap\u00f3s ser atropelado por carro que fazia ultrapassagem proibida\"}]},{\"@type\":\"WebSite\",\"@id\":\"https:\/\/verdadeon.com.br\/portal\/#website\",\"url\":\"https:\/\/verdadeon.com.br\/portal\/\",\"name\":\"VerdadeOn\",\"description\":\"Not\u00edcias di\u00e1rias sobre Franca, Regi\u00e3o, Esporte, Cultura, Cotidiano, Colunas. Cobertura nos principais eventos da cidade \u00e9 aqui - Verdadeon Franca\",\"potentialAction\":[{\"@type\":\"SearchAction\",\"target\":{\"@type\":\"EntryPoint\",\"urlTemplate\":\"https:\/\/verdadeon.com.br\/portal\/?s={search_term_string}\"},\"query-input\":{\"@type\":\"PropertyValueSpecification\",\"valueRequired\":true,\"valueName\":\"search_term_string\"}}],\"inLanguage\":\"pt-BR\"},{\"@type\":\"Person\",\"@id\":\"https:\/\/verdadeon.com.br\/portal\/#\/schema\/person\/cc32be22b8e8599387c480bc83e1d11a\",\"name\":\"Fernando Lima\",\"image\":{\"@type\":\"ImageObject\",\"inLanguage\":\"pt-BR\",\"@id\":\"https:\/\/verdadeon.com.br\/portal\/#\/schema\/person\/image\/\",\"url\":\"https:\/\/secure.gravatar.com\/avatar\/df4c8e132080d2b3a4841d5d232045464e0eed11a1d6e43115ca0843d48768d3?s=96&d=mm&r=g\",\"contentUrl\":\"https:\/\/secure.gravatar.com\/avatar\/df4c8e132080d2b3a4841d5d232045464e0eed11a1d6e43115ca0843d48768d3?s=96&d=mm&r=g\",\"caption\":\"Fernando Lima\"},\"sameAs\":[\"http:\/\/verdadeon.com.br\/\"],\"url\":\"https:\/\/verdadeon.com.br\/portal\/author\/fernando-lima\/\"}]}<\/script>\n<!-- \/ Yoast SEO plugin. -->","yoast_head_json":{"title":"Assista: Ciclista morre ap\u00f3s ser atropelado por carro que fazia ultrapassagem proibida - VerdadeOn","robots":{"index":"index","follow":"follow","max-snippet":"max-snippet:-1","max-image-preview":"max-image-preview:large","max-video-preview":"max-video-preview:-1"},"canonical":"https:\/\/verdadeon.com.br\/portal\/2022\/03\/22\/assista-ciclista-morre-apos-ser-atropelado-por-carro-que-fazia-ultrapassagem-proibida\/","og_locale":"pt_BR","og_type":"article","og_title":"Assista: Ciclista morre ap\u00f3s ser atropelado por carro que fazia ultrapassagem proibida - VerdadeOn","og_description":"Acidente foi registrado na rodovia Jo\u00e3o Traficante, que liga a Ibiraci (MG). Condutor foi ouvido e liberado Um ciclista de 25 anos morreu ap\u00f3s ser atropelado [\u2026]","og_url":"https:\/\/verdadeon.com.br\/portal\/2022\/03\/22\/assista-ciclista-morre-apos-ser-atropelado-por-carro-que-fazia-ultrapassagem-proibida\/","og_site_name":"VerdadeOn","article_published_time":"2022-03-22T17:57:37+00:00","og_image":[{"width":999,"height":669,"url":"https:\/\/verdadeon.com.br\/portal\/wp-content\/uploads\/2022\/03\/acidente-e1647971513862.png","type":"image\/png"}],"author":"Fernando Lima","twitter_card":"summary_large_image","twitter_misc":{"Escrito por":"Fernando Lima","Est. tempo de leitura":"2 minutos"},"schema":{"@context":"https:\/\/schema.org","@graph":[{"@type":"WebPage","@id":"https:\/\/verdadeon.com.br\/portal\/2022\/03\/22\/assista-ciclista-morre-apos-ser-atropelado-por-carro-que-fazia-ultrapassagem-proibida\/","url":"https:\/\/verdadeon.com.br\/portal\/2022\/03\/22\/assista-ciclista-morre-apos-ser-atropelado-por-carro-que-fazia-ultrapassagem-proibida\/","name":"Assista: Ciclista morre ap\u00f3s ser atropelado por carro que fazia ultrapassagem proibida - VerdadeOn","isPartOf":{"@id":"https:\/\/verdadeon.com.br\/portal\/#website"},"primaryImageOfPage":{"@id":"https:\/\/verdadeon.com.br\/portal\/2022\/03\/22\/assista-ciclista-morre-apos-ser-atropelado-por-carro-que-fazia-ultrapassagem-proibida\/#primaryimage"},"image":{"@id":"https:\/\/verdadeon.com.br\/portal\/2022\/03\/22\/assista-ciclista-morre-apos-ser-atropelado-por-carro-que-fazia-ultrapassagem-proibida\/#primaryimage"},"thumbnailUrl":"https:\/\/i0.wp.com\/verdadeon.com.br\/portal\/wp-content\/uploads\/2022\/03\/acidente-e1647971513862.png?fit=999%2C669&ssl=1","datePublished":"2022-03-22T17:57:37+00:00","author":{"@id":"https:\/\/verdadeon.com.br\/portal\/#\/schema\/person\/cc32be22b8e8599387c480bc83e1d11a"},"breadcrumb":{"@id":"https:\/\/verdadeon.com.br\/portal\/2022\/03\/22\/assista-ciclista-morre-apos-ser-atropelado-por-carro-que-fazia-ultrapassagem-proibida\/#breadcrumb"},"inLanguage":"pt-BR","potentialAction":[{"@type":"ReadAction","target":["https:\/\/verdadeon.com.br\/portal\/2022\/03\/22\/assista-ciclista-morre-apos-ser-atropelado-por-carro-que-fazia-ultrapassagem-proibida\/"]}]},{"@type":"ImageObject","inLanguage":"pt-BR","@id":"https:\/\/verdadeon.com.br\/portal\/2022\/03\/22\/assista-ciclista-morre-apos-ser-atropelado-por-carro-que-fazia-ultrapassagem-proibida\/#primaryimage","url":"https:\/\/i0.wp.com\/verdadeon.com.br\/portal\/wp-content\/uploads\/2022\/03\/acidente-e1647971513862.png?fit=999%2C669&ssl=1","contentUrl":"https:\/\/i0.wp.com\/verdadeon.com.br\/portal\/wp-content\/uploads\/2022\/03\/acidente-e1647971513862.png?fit=999%2C669&ssl=1","width":999,"height":669,"caption":"C\u00e2mera flagrou o momento em que carro invade o acostamento e atinge ciclista, que chegou a ser socorrido, mas n\u00e3o resistiu | Foto: Reprodu\u00e7\u00e3o"},{"@type":"BreadcrumbList","@id":"https:\/\/verdadeon.com.br\/portal\/2022\/03\/22\/assista-ciclista-morre-apos-ser-atropelado-por-carro-que-fazia-ultrapassagem-proibida\/#breadcrumb","itemListElement":[{"@type":"ListItem","position":1,"name":"In\u00edcio","item":"https:\/\/verdadeon.com.br\/portal\/"},{"@type":"ListItem","position":2,"name":"Assista: Ciclista morre ap\u00f3s ser atropelado por carro que fazia ultrapassagem proibida"}]},{"@type":"WebSite","@id":"https:\/\/verdadeon.com.br\/portal\/#website","url":"https:\/\/verdadeon.com.br\/portal\/","name":"VerdadeOn","description":"Not\u00edcias di\u00e1rias sobre Franca, Regi\u00e3o, Esporte, Cultura, Cotidiano, Colunas. Cobertura nos principais eventos da cidade \u00e9 aqui - Verdadeon Franca","potentialAction":[{"@type":"SearchAction","target":{"@type":"EntryPoint","urlTemplate":"https:\/\/verdadeon.com.br\/portal\/?s={search_term_string}"},"query-input":{"@type":"PropertyValueSpecification","valueRequired":true,"valueName":"search_term_string"}}],"inLanguage":"pt-BR"},{"@type":"Person","@id":"https:\/\/verdadeon.com.br\/portal\/#\/schema\/person\/cc32be22b8e8599387c480bc83e1d11a","name":"Fernando Lima","image":{"@type":"ImageObject","inLanguage":"pt-BR","@id":"https:\/\/verdadeon.com.br\/portal\/#\/schema\/person\/image\/","url":"https:\/\/secure.gravatar.com\/avatar\/df4c8e132080d2b3a4841d5d232045464e0eed11a1d6e43115ca0843d48768d3?s=96&d=mm&r=g","contentUrl":"https:\/\/secure.gravatar.com\/avatar\/df4c8e132080d2b3a4841d5d232045464e0eed11a1d6e43115ca0843d48768d3?s=96&d=mm&r=g","caption":"Fernando Lima"},"sameAs":["http:\/\/verdadeon.com.br\/"],"url":"https:\/\/verdadeon.com.br\/portal\/author\/fernando-lima\/"}]}},"jetpack_publicize_connections":[],"jetpack_featured_media_url":"https:\/\/i0.wp.com\/verdadeon.com.br\/portal\/wp-content\/uploads\/2022\/03\/acidente-e1647971513862.png?fit=999%2C669&ssl=1","jetpack_sharing_enabled":true,"_links":{"self":[{"href":"https:\/\/verdadeon.com.br\/portal\/wp-json\/wp\/v2\/posts\/23889","targetHints":{"allow":["GET"]}}],"collection":[{"href":"https:\/\/verdadeon.com.br\/portal\/wp-json\/wp\/v2\/posts"}],"about":[{"href":"https:\/\/verdadeon.com.br\/portal\/wp-json\/wp\/v2\/types\/post"}],"author":[{"embeddable":true,"href":"https:\/\/verdadeon.com.br\/portal\/wp-json\/wp\/v2\/users\/7"}],"replies":[{"embeddable":true,"href":"https:\/\/verdadeon.com.br\/portal\/wp-json\/wp\/v2\/comments?post=23889"}],"version-history":[{"count":2,"href":"https:\/\/verdadeon.com.br\/portal\/wp-json\/wp\/v2\/posts\/23889\/revisions"}],"predecessor-version":[{"id":23894,"href":"https:\/\/verdadeon.com.br\/portal\/wp-json\/wp\/v2\/posts\/23889\/revisions\/23894"}],"wp:featuredmedia":[{"embeddable":true,"href":"https:\/\/verdadeon.com.br\/portal\/wp-json\/wp\/v2\/media\/23892"}],"wp:attachment":[{"href":"https:\/\/verdadeon.com.br\/portal\/wp-json\/wp\/v2\/media?parent=23889"}],"wp:term":[{"taxonomy":"category","embeddable":true,"href":"https:\/\/verdadeon.com.br\/portal\/wp-json\/wp\/v2\/categories?post=23889"},{"taxonomy":"post_tag","embeddable":true,"href":"https:\/\/verdadeon.com.br\/portal\/wp-json\/wp\/v2\/tags?post=23889"}],"curies":[{"name":"wp","href":"https:\/\/api.w.org\/{rel}","templated":true}]}}