{"id":23864,"date":"2022-03-21T15:45:17","date_gmt":"2022-03-21T18:45:17","guid":{"rendered":"https:\/\/verdadeon.com.br\/portal\/?p=23864"},"modified":"2022-03-21T15:45:17","modified_gmt":"2022-03-21T18:45:17","slug":"justica-condena-prefeitura-de-restinga-por-caso-de-professora-que-colocava-alunos-em-sacos","status":"publish","type":"post","link":"https:\/\/verdadeon.com.br\/portal\/2022\/03\/21\/justica-condena-prefeitura-de-restinga-por-caso-de-professora-que-colocava-alunos-em-sacos\/","title":{"rendered":"Justi\u00e7a condena Prefeitura de Restinga, por caso de professora que colocava alunos em sacos"},"content":{"rendered":"<h2>Na \u00e9poca crian\u00e7as tinham quatro anos e frequentavam creche da rede p\u00fablica de Restinga<\/h2>\n<p>A Prefeitura de Restinga foi condenada a pagar R$ 150 mil em indeniza\u00e7\u00e3o \u00e0 duas fam\u00edlias de crian\u00e7as, que eram colocadas em sacos de lixo. O caso foi registrado em 2017.<\/p>\n<p>Na decis\u00e3o a Comarca de Franca acatou o pedido da defesa das fam\u00edlias, de que houve danos morais para as crian\u00e7as e familiares. \u201cFato extremamente grave, jamais se esperava de uma professora tratar crian\u00e7as de t\u00e3o pouca idade da forma com que eram tratadas. O munic\u00edpio vai ter que pagar R$ 150 mil, que vai ser dividido entre as duas fam\u00edlias. A terceira fam\u00edlia de outra crian\u00e7a, preferiu n\u00e3o integrar com a a\u00e7\u00e3o\u201d, explicou Fernando Goulart, advogado das fam\u00edlias.<\/p>\n<p>O representante destacou ainda que desde o fato, as crian\u00e7as ficaram estigmatizadas na cidade, o que causou grande constrangimento n\u00e3o s\u00f3 neles, mas nas fam\u00edlias.<\/p>\n<p>\u201c\u00c9 um trauma, elas ficaram com muito medo de voltarem para a escola, de serem tratados novamente do jeito que foram. Inclusive um laudo de um psic\u00f3logo mostrou que houve sequelas, medo, inseguran\u00e7a, entre outras. A fam\u00edlia tamb\u00e9m sofre demais, especialmente os pais que carregaram o sentimento de culpa por terem deixado os filhos no lugar. Hoje eles est\u00e3o com oito anos, na \u00e9poca tinham quatro, j\u00e1 frequentam a rede p\u00fablica de ensino de Restinga, mas foi todo um trabalho feito para que isso fosse poss\u00edvel\u201d, explicou Goulart.<\/p>\n<h4>Prefeitura<\/h4>\n<p>O advogado de defesa da Prefeitura de Restinga, Alex Baldu\u00edno, informou que vai se inteirar da decis\u00e3o da Justi\u00e7a, mas confirmou que o Munic\u00edpio vai recorrer da condena\u00e7\u00e3o.<\/p>\n<p>J\u00e1 o advogado de defesa da professora, Den\u00edlson Carvalho, reiterou que ela \u00e9 inocente, e que a cliente n\u00e3o foi alvo deste processo. Destacou ainda que ela responde criminalmente, por\u00e9m o processo que ainda n\u00e3o tem condena\u00e7\u00f5es, segue em segredo de Justi\u00e7a.<\/p>\n<h4>O caso<\/h4>\n<p>Foi em 2017 que c\u00e2meras de seguran\u00e7a em sala de aula, flagraram uma professora e estagi\u00e1rias de uma creche de Restinga, colocando alunos em sacos de lixo.<\/p>\n<p>As imagens repercutiram em todo o pa\u00eds, os pais na \u00e9poca registraram um boletim de ocorr\u00eancia por maus tratos, enquanto que a Prefeitura abriu uma sindic\u00e2ncia para apurar o caso.<\/p>\n<p>Ao final, a professora foi demitida por justa causa.<\/p>\n","protected":false},"excerpt":{"rendered":"<p>Na \u00e9poca crian\u00e7as tinham quatro anos e frequentavam creche da rede p\u00fablica de Restinga A Prefeitura de Restinga foi condenada a pagar R$ 150 mil em<span class=\"excerpt-hellip\"> [\u2026]<\/span><\/p>\n","protected":false},"author":7,"featured_media":23867,"comment_status":"open","ping_status":"open","sticky":false,"template":"","format":"standard","meta":{"_jetpack_memberships_contains_paid_content":false,"footnotes":"","jetpack_publicize_message":"","jetpack_publicize_feature_enabled":true,"jetpack_social_post_already_shared":false,"jetpack_social_options":{"image_generator_settings":{"template":"highway","default_image_id":0,"enabled":false},"version":2}},"categories":[28,81],"tags":[],"class_list":["post-23864","post","type-post","status-publish","format-standard","has-post-thumbnail","hentry","category-cotidiano","category-manchete"],"yoast_head":"<!-- This site is optimized with the Yoast SEO plugin v25.6 - https:\/\/yoast.com\/wordpress\/plugins\/seo\/ -->\n<title>Justi\u00e7a condena Prefeitura de Restinga, por caso de professora que colocava alunos em sacos - VerdadeOn<\/title>\n<meta name=\"robots\" content=\"index, follow, max-snippet:-1, max-image-preview:large, max-video-preview:-1\" \/>\n<link rel=\"canonical\" href=\"https:\/\/verdadeon.com.br\/portal\/2022\/03\/21\/justica-condena-prefeitura-de-restinga-por-caso-de-professora-que-colocava-alunos-em-sacos\/\" \/>\n<meta property=\"og:locale\" content=\"pt_BR\" \/>\n<meta property=\"og:type\" content=\"article\" \/>\n<meta property=\"og:title\" content=\"Justi\u00e7a condena Prefeitura de Restinga, por caso de professora que colocava alunos em sacos - VerdadeOn\" \/>\n<meta property=\"og:description\" content=\"Na \u00e9poca crian\u00e7as tinham quatro anos e frequentavam creche da rede p\u00fablica de Restinga A Prefeitura de Restinga foi condenada a pagar R$ 150 mil em [\u2026]\" \/>\n<meta property=\"og:url\" content=\"https:\/\/verdadeon.com.br\/portal\/2022\/03\/21\/justica-condena-prefeitura-de-restinga-por-caso-de-professora-que-colocava-alunos-em-sacos\/\" \/>\n<meta property=\"og:site_name\" content=\"VerdadeOn\" \/>\n<meta property=\"article:published_time\" content=\"2022-03-21T18:45:17+00:00\" \/>\n<meta property=\"og:image\" content=\"https:\/\/verdadeon.com.br\/portal\/wp-content\/uploads\/2022\/03\/PROFESSORA.png\" \/>\n\t<meta property=\"og:image:width\" content=\"1362\" \/>\n\t<meta property=\"og:image:height\" content=\"768\" \/>\n\t<meta property=\"og:image:type\" content=\"image\/png\" \/>\n<meta name=\"author\" content=\"Fernando Lima\" \/>\n<meta name=\"twitter:card\" content=\"summary_large_image\" \/>\n<meta name=\"twitter:label1\" content=\"Escrito por\" \/>\n\t<meta name=\"twitter:data1\" content=\"Fernando Lima\" \/>\n\t<meta name=\"twitter:label2\" content=\"Est. tempo de leitura\" \/>\n\t<meta name=\"twitter:data2\" content=\"3 minutos\" \/>\n<script type=\"application\/ld+json\" class=\"yoast-schema-graph\">{\"@context\":\"https:\/\/schema.org\",\"@graph\":[{\"@type\":\"WebPage\",\"@id\":\"https:\/\/verdadeon.com.br\/portal\/2022\/03\/21\/justica-condena-prefeitura-de-restinga-por-caso-de-professora-que-colocava-alunos-em-sacos\/\",\"url\":\"https:\/\/verdadeon.com.br\/portal\/2022\/03\/21\/justica-condena-prefeitura-de-restinga-por-caso-de-professora-que-colocava-alunos-em-sacos\/\",\"name\":\"Justi\u00e7a condena Prefeitura de Restinga, por caso de professora que colocava alunos em sacos - VerdadeOn\",\"isPartOf\":{\"@id\":\"https:\/\/verdadeon.com.br\/portal\/#website\"},\"primaryImageOfPage\":{\"@id\":\"https:\/\/verdadeon.com.br\/portal\/2022\/03\/21\/justica-condena-prefeitura-de-restinga-por-caso-de-professora-que-colocava-alunos-em-sacos\/#primaryimage\"},\"image\":{\"@id\":\"https:\/\/verdadeon.com.br\/portal\/2022\/03\/21\/justica-condena-prefeitura-de-restinga-por-caso-de-professora-que-colocava-alunos-em-sacos\/#primaryimage\"},\"thumbnailUrl\":\"https:\/\/i0.wp.com\/verdadeon.com.br\/portal\/wp-content\/uploads\/2022\/03\/PROFESSORA.png?fit=1362%2C768&ssl=1\",\"datePublished\":\"2022-03-21T18:45:17+00:00\",\"author\":{\"@id\":\"https:\/\/verdadeon.com.br\/portal\/#\/schema\/person\/cc32be22b8e8599387c480bc83e1d11a\"},\"breadcrumb\":{\"@id\":\"https:\/\/verdadeon.com.br\/portal\/2022\/03\/21\/justica-condena-prefeitura-de-restinga-por-caso-de-professora-que-colocava-alunos-em-sacos\/#breadcrumb\"},\"inLanguage\":\"pt-BR\",\"potentialAction\":[{\"@type\":\"ReadAction\",\"target\":[\"https:\/\/verdadeon.com.br\/portal\/2022\/03\/21\/justica-condena-prefeitura-de-restinga-por-caso-de-professora-que-colocava-alunos-em-sacos\/\"]}]},{\"@type\":\"ImageObject\",\"inLanguage\":\"pt-BR\",\"@id\":\"https:\/\/verdadeon.com.br\/portal\/2022\/03\/21\/justica-condena-prefeitura-de-restinga-por-caso-de-professora-que-colocava-alunos-em-sacos\/#primaryimage\",\"url\":\"https:\/\/i0.wp.com\/verdadeon.com.br\/portal\/wp-content\/uploads\/2022\/03\/PROFESSORA.png?fit=1362%2C768&ssl=1\",\"contentUrl\":\"https:\/\/i0.wp.com\/verdadeon.com.br\/portal\/wp-content\/uploads\/2022\/03\/PROFESSORA.png?fit=1362%2C768&ssl=1\",\"width\":1362,\"height\":768,\"caption\":\"C\u00e2meras de seguran\u00e7a cedidas pela Pol\u00edcia Civil mostraram a a\u00e7\u00e3o da professora dentro da sala de aula | Foto: Reprodu\u00e7\u00e3o\"},{\"@type\":\"BreadcrumbList\",\"@id\":\"https:\/\/verdadeon.com.br\/portal\/2022\/03\/21\/justica-condena-prefeitura-de-restinga-por-caso-de-professora-que-colocava-alunos-em-sacos\/#breadcrumb\",\"itemListElement\":[{\"@type\":\"ListItem\",\"position\":1,\"name\":\"In\u00edcio\",\"item\":\"https:\/\/verdadeon.com.br\/portal\/\"},{\"@type\":\"ListItem\",\"position\":2,\"name\":\"Justi\u00e7a condena Prefeitura de Restinga, por caso de professora que colocava alunos em sacos\"}]},{\"@type\":\"WebSite\",\"@id\":\"https:\/\/verdadeon.com.br\/portal\/#website\",\"url\":\"https:\/\/verdadeon.com.br\/portal\/\",\"name\":\"VerdadeOn\",\"description\":\"Not\u00edcias di\u00e1rias sobre Franca, Regi\u00e3o, Esporte, Cultura, Cotidiano, Colunas. Cobertura nos principais eventos da cidade \u00e9 aqui - Verdadeon Franca\",\"potentialAction\":[{\"@type\":\"SearchAction\",\"target\":{\"@type\":\"EntryPoint\",\"urlTemplate\":\"https:\/\/verdadeon.com.br\/portal\/?s={search_term_string}\"},\"query-input\":{\"@type\":\"PropertyValueSpecification\",\"valueRequired\":true,\"valueName\":\"search_term_string\"}}],\"inLanguage\":\"pt-BR\"},{\"@type\":\"Person\",\"@id\":\"https:\/\/verdadeon.com.br\/portal\/#\/schema\/person\/cc32be22b8e8599387c480bc83e1d11a\",\"name\":\"Fernando Lima\",\"image\":{\"@type\":\"ImageObject\",\"inLanguage\":\"pt-BR\",\"@id\":\"https:\/\/verdadeon.com.br\/portal\/#\/schema\/person\/image\/\",\"url\":\"https:\/\/secure.gravatar.com\/avatar\/df4c8e132080d2b3a4841d5d232045464e0eed11a1d6e43115ca0843d48768d3?s=96&d=mm&r=g\",\"contentUrl\":\"https:\/\/secure.gravatar.com\/avatar\/df4c8e132080d2b3a4841d5d232045464e0eed11a1d6e43115ca0843d48768d3?s=96&d=mm&r=g\",\"caption\":\"Fernando Lima\"},\"sameAs\":[\"http:\/\/verdadeon.com.br\/\"],\"url\":\"https:\/\/verdadeon.com.br\/portal\/author\/fernando-lima\/\"}]}<\/script>\n<!-- \/ Yoast SEO plugin. -->","yoast_head_json":{"title":"Justi\u00e7a condena Prefeitura de Restinga, por caso de professora que colocava alunos em sacos - VerdadeOn","robots":{"index":"index","follow":"follow","max-snippet":"max-snippet:-1","max-image-preview":"max-image-preview:large","max-video-preview":"max-video-preview:-1"},"canonical":"https:\/\/verdadeon.com.br\/portal\/2022\/03\/21\/justica-condena-prefeitura-de-restinga-por-caso-de-professora-que-colocava-alunos-em-sacos\/","og_locale":"pt_BR","og_type":"article","og_title":"Justi\u00e7a condena Prefeitura de Restinga, por caso de professora que colocava alunos em sacos - VerdadeOn","og_description":"Na \u00e9poca crian\u00e7as tinham quatro anos e frequentavam creche da rede p\u00fablica de Restinga A Prefeitura de Restinga foi condenada a pagar R$ 150 mil em [\u2026]","og_url":"https:\/\/verdadeon.com.br\/portal\/2022\/03\/21\/justica-condena-prefeitura-de-restinga-por-caso-de-professora-que-colocava-alunos-em-sacos\/","og_site_name":"VerdadeOn","article_published_time":"2022-03-21T18:45:17+00:00","og_image":[{"width":1362,"height":768,"url":"https:\/\/verdadeon.com.br\/portal\/wp-content\/uploads\/2022\/03\/PROFESSORA.png","type":"image\/png"}],"author":"Fernando Lima","twitter_card":"summary_large_image","twitter_misc":{"Escrito por":"Fernando Lima","Est. tempo de leitura":"3 minutos"},"schema":{"@context":"https:\/\/schema.org","@graph":[{"@type":"WebPage","@id":"https:\/\/verdadeon.com.br\/portal\/2022\/03\/21\/justica-condena-prefeitura-de-restinga-por-caso-de-professora-que-colocava-alunos-em-sacos\/","url":"https:\/\/verdadeon.com.br\/portal\/2022\/03\/21\/justica-condena-prefeitura-de-restinga-por-caso-de-professora-que-colocava-alunos-em-sacos\/","name":"Justi\u00e7a condena Prefeitura de Restinga, por caso de professora que colocava alunos em sacos - VerdadeOn","isPartOf":{"@id":"https:\/\/verdadeon.com.br\/portal\/#website"},"primaryImageOfPage":{"@id":"https:\/\/verdadeon.com.br\/portal\/2022\/03\/21\/justica-condena-prefeitura-de-restinga-por-caso-de-professora-que-colocava-alunos-em-sacos\/#primaryimage"},"image":{"@id":"https:\/\/verdadeon.com.br\/portal\/2022\/03\/21\/justica-condena-prefeitura-de-restinga-por-caso-de-professora-que-colocava-alunos-em-sacos\/#primaryimage"},"thumbnailUrl":"https:\/\/i0.wp.com\/verdadeon.com.br\/portal\/wp-content\/uploads\/2022\/03\/PROFESSORA.png?fit=1362%2C768&ssl=1","datePublished":"2022-03-21T18:45:17+00:00","author":{"@id":"https:\/\/verdadeon.com.br\/portal\/#\/schema\/person\/cc32be22b8e8599387c480bc83e1d11a"},"breadcrumb":{"@id":"https:\/\/verdadeon.com.br\/portal\/2022\/03\/21\/justica-condena-prefeitura-de-restinga-por-caso-de-professora-que-colocava-alunos-em-sacos\/#breadcrumb"},"inLanguage":"pt-BR","potentialAction":[{"@type":"ReadAction","target":["https:\/\/verdadeon.com.br\/portal\/2022\/03\/21\/justica-condena-prefeitura-de-restinga-por-caso-de-professora-que-colocava-alunos-em-sacos\/"]}]},{"@type":"ImageObject","inLanguage":"pt-BR","@id":"https:\/\/verdadeon.com.br\/portal\/2022\/03\/21\/justica-condena-prefeitura-de-restinga-por-caso-de-professora-que-colocava-alunos-em-sacos\/#primaryimage","url":"https:\/\/i0.wp.com\/verdadeon.com.br\/portal\/wp-content\/uploads\/2022\/03\/PROFESSORA.png?fit=1362%2C768&ssl=1","contentUrl":"https:\/\/i0.wp.com\/verdadeon.com.br\/portal\/wp-content\/uploads\/2022\/03\/PROFESSORA.png?fit=1362%2C768&ssl=1","width":1362,"height":768,"caption":"C\u00e2meras de seguran\u00e7a cedidas pela Pol\u00edcia Civil mostraram a a\u00e7\u00e3o da professora dentro da sala de aula | Foto: Reprodu\u00e7\u00e3o"},{"@type":"BreadcrumbList","@id":"https:\/\/verdadeon.com.br\/portal\/2022\/03\/21\/justica-condena-prefeitura-de-restinga-por-caso-de-professora-que-colocava-alunos-em-sacos\/#breadcrumb","itemListElement":[{"@type":"ListItem","position":1,"name":"In\u00edcio","item":"https:\/\/verdadeon.com.br\/portal\/"},{"@type":"ListItem","position":2,"name":"Justi\u00e7a condena Prefeitura de Restinga, por caso de professora que colocava alunos em sacos"}]},{"@type":"WebSite","@id":"https:\/\/verdadeon.com.br\/portal\/#website","url":"https:\/\/verdadeon.com.br\/portal\/","name":"VerdadeOn","description":"Not\u00edcias di\u00e1rias sobre Franca, Regi\u00e3o, Esporte, Cultura, Cotidiano, Colunas. Cobertura nos principais eventos da cidade \u00e9 aqui - Verdadeon Franca","potentialAction":[{"@type":"SearchAction","target":{"@type":"EntryPoint","urlTemplate":"https:\/\/verdadeon.com.br\/portal\/?s={search_term_string}"},"query-input":{"@type":"PropertyValueSpecification","valueRequired":true,"valueName":"search_term_string"}}],"inLanguage":"pt-BR"},{"@type":"Person","@id":"https:\/\/verdadeon.com.br\/portal\/#\/schema\/person\/cc32be22b8e8599387c480bc83e1d11a","name":"Fernando Lima","image":{"@type":"ImageObject","inLanguage":"pt-BR","@id":"https:\/\/verdadeon.com.br\/portal\/#\/schema\/person\/image\/","url":"https:\/\/secure.gravatar.com\/avatar\/df4c8e132080d2b3a4841d5d232045464e0eed11a1d6e43115ca0843d48768d3?s=96&d=mm&r=g","contentUrl":"https:\/\/secure.gravatar.com\/avatar\/df4c8e132080d2b3a4841d5d232045464e0eed11a1d6e43115ca0843d48768d3?s=96&d=mm&r=g","caption":"Fernando Lima"},"sameAs":["http:\/\/verdadeon.com.br\/"],"url":"https:\/\/verdadeon.com.br\/portal\/author\/fernando-lima\/"}]}},"jetpack_publicize_connections":[],"jetpack_featured_media_url":"https:\/\/i0.wp.com\/verdadeon.com.br\/portal\/wp-content\/uploads\/2022\/03\/PROFESSORA.png?fit=1362%2C768&ssl=1","jetpack_sharing_enabled":true,"_links":{"self":[{"href":"https:\/\/verdadeon.com.br\/portal\/wp-json\/wp\/v2\/posts\/23864","targetHints":{"allow":["GET"]}}],"collection":[{"href":"https:\/\/verdadeon.com.br\/portal\/wp-json\/wp\/v2\/posts"}],"about":[{"href":"https:\/\/verdadeon.com.br\/portal\/wp-json\/wp\/v2\/types\/post"}],"author":[{"embeddable":true,"href":"https:\/\/verdadeon.com.br\/portal\/wp-json\/wp\/v2\/users\/7"}],"replies":[{"embeddable":true,"href":"https:\/\/verdadeon.com.br\/portal\/wp-json\/wp\/v2\/comments?post=23864"}],"version-history":[{"count":1,"href":"https:\/\/verdadeon.com.br\/portal\/wp-json\/wp\/v2\/posts\/23864\/revisions"}],"predecessor-version":[{"id":23868,"href":"https:\/\/verdadeon.com.br\/portal\/wp-json\/wp\/v2\/posts\/23864\/revisions\/23868"}],"wp:featuredmedia":[{"embeddable":true,"href":"https:\/\/verdadeon.com.br\/portal\/wp-json\/wp\/v2\/media\/23867"}],"wp:attachment":[{"href":"https:\/\/verdadeon.com.br\/portal\/wp-json\/wp\/v2\/media?parent=23864"}],"wp:term":[{"taxonomy":"category","embeddable":true,"href":"https:\/\/verdadeon.com.br\/portal\/wp-json\/wp\/v2\/categories?post=23864"},{"taxonomy":"post_tag","embeddable":true,"href":"https:\/\/verdadeon.com.br\/portal\/wp-json\/wp\/v2\/tags?post=23864"}],"curies":[{"name":"wp","href":"https:\/\/api.w.org\/{rel}","templated":true}]}}