{"id":23791,"date":"2022-03-17T17:50:21","date_gmt":"2022-03-17T20:50:21","guid":{"rendered":"https:\/\/verdadeon.com.br\/portal\/?p=23791"},"modified":"2022-03-17T17:49:02","modified_gmt":"2022-03-17T20:49:02","slug":"verticalizacao-impulsiona-setor-da-construcao-civil-em-franca","status":"publish","type":"post","link":"https:\/\/verdadeon.com.br\/portal\/2022\/03\/17\/verticalizacao-impulsiona-setor-da-construcao-civil-em-franca\/","title":{"rendered":"Verticaliza\u00e7\u00e3o impulsiona setor da constru\u00e7\u00e3o civil em Franca"},"content":{"rendered":"<h2><span style=\"font-weight: 400;\">O setor foi o que mais cresceu em contrata\u00e7\u00f5es em 2021, proporcionalmente na cidade, criando 739 novas vagas.<\/span><\/h2>\n<p><span style=\"font-weight: 400;\">\u00a0<\/span><\/p>\n<p><span style=\"font-weight: 400;\">Os n\u00fameros e a mudan\u00e7a na paisagem urbana comprovam. Franca vive um crescimento na constru\u00e7\u00e3o civil e a verticaliza\u00e7\u00e3o \u00e9 cada vez mais notada na paisagem e uma das respons\u00e1veis por essa alta. Segundo o Cadastro Geral de Empregados e Desempregados (Novo Caged), a constru\u00e7\u00e3o civil foi o setor que mais cresceu em contrata\u00e7\u00f5es em 2021, proporcionalmente na cidade (31,6%), criando 739 novas vagas.<\/span><\/p>\n<p><span style=\"font-weight: 400;\">Nem mesmo o per\u00edodo cr\u00edtico da pandemia de Covid-19 e de casos de Influenza no in\u00edcio deste ano enfraqueceram o setor. Em janeiro, o saldo de contrata\u00e7\u00f5es da constru\u00e7\u00e3o civil foi de 131 vagas, maior que o registrado no mesmo per\u00edodo de 2020, antes da pandemia (83).<\/span><\/p>\n<p><span style=\"font-weight: 400;\">O cen\u00e1rio favor\u00e1vel encontrado em Franca segue a tend\u00eancia nacional. De acordo com a CBIC (C\u00e2mara Brasileira da Ind\u00fastria da Constru\u00e7\u00e3o), h\u00e1 dez meses consecutivos a constru\u00e7\u00e3o civil apresenta resultados positivos em seu mercado de trabalho formal.<\/span><\/p>\n<p><span style=\"font-weight: 400;\">Para a entidade, o incremento de lan\u00e7amentos e de vendas no mercado imobili\u00e1rio tem contribu\u00eddo para esse panorama. Em Franca, frequentemente, novos empreendimentos, principalmente de luxo, t\u00eam sido lan\u00e7ados, todos com alta taxa de aceita\u00e7\u00e3o.<\/span><\/p>\n<p><span style=\"font-weight: 400;\">Com quatro edif\u00edcios j\u00e1 entregues na cidade, a Ascen Empreendimentos \u00e9 uma das construtoras que corroboram com esse mercado. \u201cDesde que come\u00e7amos nossa hist\u00f3ria em Franca, j\u00e1 lan\u00e7amos R$ 300 milh\u00f5es em VGV, que \u00e9 o Valor Geral de Vendas, um par\u00e2metro importante para mostrar a relev\u00e2ncia e o potencial do mercado francano\u201d, diz o diretor comercial da Ascen, Ricardo Pagano Junior.<\/span><\/p>\n<p><span style=\"font-weight: 400;\">H\u00e1 dez anos atuando na cidade, a empresa est\u00e1 atualmente com o edif\u00edcio comercial High Business em constru\u00e7\u00e3o e acaba de lan\u00e7ar, no Parque dos Lima, a poucos metros da avenida Paulo VI, o Edif\u00edcio das Artes. O empreendimento, de alto padr\u00e3o, ter\u00e1 torre \u00fanica de 25 andares e ir\u00e1 oferecer duas unidades por pavimento com apartamentos que variam de 262 a 313 metros quadrados de \u00e1rea \u00fatil altamente customiz\u00e1veis. \u201cO High Business est\u00e1 com obras adiantadas e emprega 200 trabalhadores. J\u00e1 o Edif\u00edcio das Artes, no Parque dos Lima, em fase de lan\u00e7amento, representa mais uma evolu\u00e7\u00e3o para o mercado imobili\u00e1rio local com o emprego de tecnologia aliada \u00e0 sustentabilidade\u201d, revela Pagano.<\/span><\/p>\n<p><span style=\"font-weight: 400;\">Al\u00e9m dos empreendimentos citados, a Ascen foi respons\u00e1vel pela execu\u00e7\u00e3o dos edif\u00edcios residenciais Grand Palladium e Modernit\u00e1, tidos como sucessos imobili\u00e1rios. \u201cNos primeiros anos da empresa, por uma oportunidade de mercado, fizemos um primeiro empreendimento em Franca que foi muito bem aceito. Isso refor\u00e7ou nossa vis\u00e3o sobre o potencial do mercado de alto padr\u00e3o da cidade\u201d, destacou o executivo. \u201cComo temos por princ\u00edpio manter uma opera\u00e7\u00e3o s\u00f3lida, a op\u00e7\u00e3o foi primeiro consolidar a Ascen junto ao mercado de Franca, crescendo e estabelecendo uma marca forte e reconhecida. E conseguimos isso, aplicando nosso conceito de incorpora\u00e7\u00e3o boutique, que oferece empreendimentos \u00fanicos, customiz\u00e1veis e uma rela\u00e7\u00e3o muito pr\u00f3xima com cada cliente\u201d, completou.<\/span><\/p>\n<p><span style=\"font-weight: 400;\">No Edif\u00edcio das Artes, por exemplo, os apartamentos possuem quatro diferentes metragens dispon\u00edveis, todas com quatro su\u00edtes e uma generosa varanda gourmet de 34 metros quadrados que em diversas plantas se soma a 15 metros quadrados de um envolvente jardim, al\u00e9m de hall social privativo e dois elevadores de servi\u00e7o. Entre as comodidades do projeto tamb\u00e9m est\u00e3o espa\u00e7o <\/span><i><span style=\"font-weight: 400;\">pet<\/span><\/i><span style=\"font-weight: 400;\">, piscina adulto, infantil e com raia, sal\u00e3o de festas e \u00e1rea gourmet com espa\u00e7os internos e externos, espa\u00e7o fitness, academia ao ar livre, quadra esportiva, brinquedoteca, playground e espa\u00e7o <\/span><i><span style=\"font-weight: 400;\">work<\/span><\/i><span style=\"font-weight: 400;\">.\u00a0 Todas as \u00e1reas de uso comum ser\u00e3o entregues equipadas e decoradas.<\/span><\/p>\n<p><span style=\"font-weight: 400;\">A previs\u00e3o \u00e9 que as obras do novo empreendimento durem 42 meses e gerem 120 empregos diretos. Contrata\u00e7\u00f5es essas que ajudar\u00e3o a manter aquecido o setor da constru\u00e7\u00e3o civil em Franca.<\/span><\/p>\n<p><span style=\"font-weight: 400;\">\u00a0<\/span><\/p>\n<p><span style=\"font-weight: 400;\">\u00a0<\/span><\/p>\n<p><span style=\"font-weight: 400;\">\u00a0<\/span><\/p>\n<p><span style=\"font-weight: 400;\">\u00a0<\/span><\/p>\n<p><span style=\"font-weight: 400;\">\u00a0<\/span><\/p>\n<p><span style=\"font-weight: 400;\">\u00a0<\/span><\/p>\n<p><span style=\"font-weight: 400;\">\u00a0<\/span><\/p>\n<p>&nbsp;<\/p>\n","protected":false},"excerpt":{"rendered":"<p>O setor foi o que mais cresceu em contrata\u00e7\u00f5es em 2021, proporcionalmente na cidade, criando 739 novas vagas. \u00a0 Os n\u00fameros e a mudan\u00e7a na paisagem<span class=\"excerpt-hellip\"> [\u2026]<\/span><\/p>\n","protected":false},"author":10,"featured_media":23792,"comment_status":"open","ping_status":"open","sticky":false,"template":"","format":"standard","meta":{"_jetpack_memberships_contains_paid_content":false,"footnotes":"","jetpack_publicize_message":"","jetpack_publicize_feature_enabled":true,"jetpack_social_post_already_shared":false,"jetpack_social_options":{"image_generator_settings":{"template":"highway","default_image_id":0,"enabled":false},"version":2}},"categories":[28,44],"tags":[],"class_list":["post-23791","post","type-post","status-publish","format-standard","has-post-thumbnail","hentry","category-cotidiano","category-noticias"],"yoast_head":"<!-- This site is optimized with the Yoast SEO plugin v25.6 - https:\/\/yoast.com\/wordpress\/plugins\/seo\/ -->\n<title>Verticaliza\u00e7\u00e3o impulsiona setor da constru\u00e7\u00e3o civil em Franca - VerdadeOn<\/title>\n<meta name=\"robots\" content=\"index, follow, max-snippet:-1, max-image-preview:large, max-video-preview:-1\" \/>\n<link rel=\"canonical\" href=\"https:\/\/verdadeon.com.br\/portal\/2022\/03\/17\/verticalizacao-impulsiona-setor-da-construcao-civil-em-franca\/\" \/>\n<meta property=\"og:locale\" content=\"pt_BR\" \/>\n<meta property=\"og:type\" content=\"article\" \/>\n<meta property=\"og:title\" content=\"Verticaliza\u00e7\u00e3o impulsiona setor da constru\u00e7\u00e3o civil em Franca - VerdadeOn\" \/>\n<meta property=\"og:description\" content=\"O setor foi o que mais cresceu em contrata\u00e7\u00f5es em 2021, proporcionalmente na cidade, criando 739 novas vagas. \u00a0 Os n\u00fameros e a mudan\u00e7a na paisagem [\u2026]\" \/>\n<meta property=\"og:url\" content=\"https:\/\/verdadeon.com.br\/portal\/2022\/03\/17\/verticalizacao-impulsiona-setor-da-construcao-civil-em-franca\/\" \/>\n<meta property=\"og:site_name\" content=\"VerdadeOn\" \/>\n<meta property=\"article:published_time\" content=\"2022-03-17T20:50:21+00:00\" \/>\n<meta property=\"og:image\" content=\"https:\/\/verdadeon.com.br\/portal\/wp-content\/uploads\/2022\/03\/WhatsApp-Image-2022-03-17-at-15.27.58-e1647550087225.jpeg\" \/>\n\t<meta property=\"og:image:width\" content=\"1001\" \/>\n\t<meta property=\"og:image:height\" content=\"668\" \/>\n\t<meta property=\"og:image:type\" content=\"image\/jpeg\" \/>\n<meta name=\"author\" content=\"Redacao VerdadeOn\" \/>\n<meta name=\"twitter:card\" content=\"summary_large_image\" \/>\n<meta name=\"twitter:label1\" content=\"Escrito por\" \/>\n\t<meta name=\"twitter:data1\" content=\"Redacao VerdadeOn\" \/>\n\t<meta name=\"twitter:label2\" content=\"Est. tempo de leitura\" \/>\n\t<meta name=\"twitter:data2\" content=\"4 minutos\" \/>\n<script type=\"application\/ld+json\" class=\"yoast-schema-graph\">{\"@context\":\"https:\/\/schema.org\",\"@graph\":[{\"@type\":\"WebPage\",\"@id\":\"https:\/\/verdadeon.com.br\/portal\/2022\/03\/17\/verticalizacao-impulsiona-setor-da-construcao-civil-em-franca\/\",\"url\":\"https:\/\/verdadeon.com.br\/portal\/2022\/03\/17\/verticalizacao-impulsiona-setor-da-construcao-civil-em-franca\/\",\"name\":\"Verticaliza\u00e7\u00e3o impulsiona setor da constru\u00e7\u00e3o civil em Franca - VerdadeOn\",\"isPartOf\":{\"@id\":\"https:\/\/verdadeon.com.br\/portal\/#website\"},\"primaryImageOfPage\":{\"@id\":\"https:\/\/verdadeon.com.br\/portal\/2022\/03\/17\/verticalizacao-impulsiona-setor-da-construcao-civil-em-franca\/#primaryimage\"},\"image\":{\"@id\":\"https:\/\/verdadeon.com.br\/portal\/2022\/03\/17\/verticalizacao-impulsiona-setor-da-construcao-civil-em-franca\/#primaryimage\"},\"thumbnailUrl\":\"https:\/\/i0.wp.com\/verdadeon.com.br\/portal\/wp-content\/uploads\/2022\/03\/WhatsApp-Image-2022-03-17-at-15.27.58-e1647550087225.jpeg?fit=1001%2C668&ssl=1\",\"datePublished\":\"2022-03-17T20:50:21+00:00\",\"author\":{\"@id\":\"https:\/\/verdadeon.com.br\/portal\/#\/schema\/person\/a5060ad1e9ea3df545188fc93ce43d2f\"},\"breadcrumb\":{\"@id\":\"https:\/\/verdadeon.com.br\/portal\/2022\/03\/17\/verticalizacao-impulsiona-setor-da-construcao-civil-em-franca\/#breadcrumb\"},\"inLanguage\":\"pt-BR\",\"potentialAction\":[{\"@type\":\"ReadAction\",\"target\":[\"https:\/\/verdadeon.com.br\/portal\/2022\/03\/17\/verticalizacao-impulsiona-setor-da-construcao-civil-em-franca\/\"]}]},{\"@type\":\"ImageObject\",\"inLanguage\":\"pt-BR\",\"@id\":\"https:\/\/verdadeon.com.br\/portal\/2022\/03\/17\/verticalizacao-impulsiona-setor-da-construcao-civil-em-franca\/#primaryimage\",\"url\":\"https:\/\/i0.wp.com\/verdadeon.com.br\/portal\/wp-content\/uploads\/2022\/03\/WhatsApp-Image-2022-03-17-at-15.27.58-e1647550087225.jpeg?fit=1001%2C668&ssl=1\",\"contentUrl\":\"https:\/\/i0.wp.com\/verdadeon.com.br\/portal\/wp-content\/uploads\/2022\/03\/WhatsApp-Image-2022-03-17-at-15.27.58-e1647550087225.jpeg?fit=1001%2C668&ssl=1\",\"width\":1001,\"height\":668,\"caption\":\"Perspectiva ilustrada do Edif\u00edcio das Artes, no Parque dos Lima, empreendimento lan\u00e7ado recentemente em Franca | Imagem: Divulga\u00e7\u00e3o\"},{\"@type\":\"BreadcrumbList\",\"@id\":\"https:\/\/verdadeon.com.br\/portal\/2022\/03\/17\/verticalizacao-impulsiona-setor-da-construcao-civil-em-franca\/#breadcrumb\",\"itemListElement\":[{\"@type\":\"ListItem\",\"position\":1,\"name\":\"In\u00edcio\",\"item\":\"https:\/\/verdadeon.com.br\/portal\/\"},{\"@type\":\"ListItem\",\"position\":2,\"name\":\"Verticaliza\u00e7\u00e3o impulsiona setor da constru\u00e7\u00e3o civil em Franca\"}]},{\"@type\":\"WebSite\",\"@id\":\"https:\/\/verdadeon.com.br\/portal\/#website\",\"url\":\"https:\/\/verdadeon.com.br\/portal\/\",\"name\":\"VerdadeOn\",\"description\":\"Not\u00edcias di\u00e1rias sobre Franca, Regi\u00e3o, Esporte, Cultura, Cotidiano, Colunas. Cobertura nos principais eventos da cidade \u00e9 aqui - Verdadeon Franca\",\"potentialAction\":[{\"@type\":\"SearchAction\",\"target\":{\"@type\":\"EntryPoint\",\"urlTemplate\":\"https:\/\/verdadeon.com.br\/portal\/?s={search_term_string}\"},\"query-input\":{\"@type\":\"PropertyValueSpecification\",\"valueRequired\":true,\"valueName\":\"search_term_string\"}}],\"inLanguage\":\"pt-BR\"},{\"@type\":\"Person\",\"@id\":\"https:\/\/verdadeon.com.br\/portal\/#\/schema\/person\/a5060ad1e9ea3df545188fc93ce43d2f\",\"name\":\"Redacao VerdadeOn\",\"image\":{\"@type\":\"ImageObject\",\"inLanguage\":\"pt-BR\",\"@id\":\"https:\/\/verdadeon.com.br\/portal\/#\/schema\/person\/image\/\",\"url\":\"https:\/\/secure.gravatar.com\/avatar\/459a9613caaaf07f582c3d0841eea68bdd66f533e465e6ba8b9cb45619572cf4?s=96&d=mm&r=g\",\"contentUrl\":\"https:\/\/secure.gravatar.com\/avatar\/459a9613caaaf07f582c3d0841eea68bdd66f533e465e6ba8b9cb45619572cf4?s=96&d=mm&r=g\",\"caption\":\"Redacao VerdadeOn\"},\"url\":\"https:\/\/verdadeon.com.br\/portal\/author\/redacao\/\"}]}<\/script>\n<!-- \/ Yoast SEO plugin. -->","yoast_head_json":{"title":"Verticaliza\u00e7\u00e3o impulsiona setor da constru\u00e7\u00e3o civil em Franca - VerdadeOn","robots":{"index":"index","follow":"follow","max-snippet":"max-snippet:-1","max-image-preview":"max-image-preview:large","max-video-preview":"max-video-preview:-1"},"canonical":"https:\/\/verdadeon.com.br\/portal\/2022\/03\/17\/verticalizacao-impulsiona-setor-da-construcao-civil-em-franca\/","og_locale":"pt_BR","og_type":"article","og_title":"Verticaliza\u00e7\u00e3o impulsiona setor da constru\u00e7\u00e3o civil em Franca - VerdadeOn","og_description":"O setor foi o que mais cresceu em contrata\u00e7\u00f5es em 2021, proporcionalmente na cidade, criando 739 novas vagas. \u00a0 Os n\u00fameros e a mudan\u00e7a na paisagem [\u2026]","og_url":"https:\/\/verdadeon.com.br\/portal\/2022\/03\/17\/verticalizacao-impulsiona-setor-da-construcao-civil-em-franca\/","og_site_name":"VerdadeOn","article_published_time":"2022-03-17T20:50:21+00:00","og_image":[{"width":1001,"height":668,"url":"https:\/\/verdadeon.com.br\/portal\/wp-content\/uploads\/2022\/03\/WhatsApp-Image-2022-03-17-at-15.27.58-e1647550087225.jpeg","type":"image\/jpeg"}],"author":"Redacao VerdadeOn","twitter_card":"summary_large_image","twitter_misc":{"Escrito por":"Redacao VerdadeOn","Est. tempo de leitura":"4 minutos"},"schema":{"@context":"https:\/\/schema.org","@graph":[{"@type":"WebPage","@id":"https:\/\/verdadeon.com.br\/portal\/2022\/03\/17\/verticalizacao-impulsiona-setor-da-construcao-civil-em-franca\/","url":"https:\/\/verdadeon.com.br\/portal\/2022\/03\/17\/verticalizacao-impulsiona-setor-da-construcao-civil-em-franca\/","name":"Verticaliza\u00e7\u00e3o impulsiona setor da constru\u00e7\u00e3o civil em Franca - VerdadeOn","isPartOf":{"@id":"https:\/\/verdadeon.com.br\/portal\/#website"},"primaryImageOfPage":{"@id":"https:\/\/verdadeon.com.br\/portal\/2022\/03\/17\/verticalizacao-impulsiona-setor-da-construcao-civil-em-franca\/#primaryimage"},"image":{"@id":"https:\/\/verdadeon.com.br\/portal\/2022\/03\/17\/verticalizacao-impulsiona-setor-da-construcao-civil-em-franca\/#primaryimage"},"thumbnailUrl":"https:\/\/i0.wp.com\/verdadeon.com.br\/portal\/wp-content\/uploads\/2022\/03\/WhatsApp-Image-2022-03-17-at-15.27.58-e1647550087225.jpeg?fit=1001%2C668&ssl=1","datePublished":"2022-03-17T20:50:21+00:00","author":{"@id":"https:\/\/verdadeon.com.br\/portal\/#\/schema\/person\/a5060ad1e9ea3df545188fc93ce43d2f"},"breadcrumb":{"@id":"https:\/\/verdadeon.com.br\/portal\/2022\/03\/17\/verticalizacao-impulsiona-setor-da-construcao-civil-em-franca\/#breadcrumb"},"inLanguage":"pt-BR","potentialAction":[{"@type":"ReadAction","target":["https:\/\/verdadeon.com.br\/portal\/2022\/03\/17\/verticalizacao-impulsiona-setor-da-construcao-civil-em-franca\/"]}]},{"@type":"ImageObject","inLanguage":"pt-BR","@id":"https:\/\/verdadeon.com.br\/portal\/2022\/03\/17\/verticalizacao-impulsiona-setor-da-construcao-civil-em-franca\/#primaryimage","url":"https:\/\/i0.wp.com\/verdadeon.com.br\/portal\/wp-content\/uploads\/2022\/03\/WhatsApp-Image-2022-03-17-at-15.27.58-e1647550087225.jpeg?fit=1001%2C668&ssl=1","contentUrl":"https:\/\/i0.wp.com\/verdadeon.com.br\/portal\/wp-content\/uploads\/2022\/03\/WhatsApp-Image-2022-03-17-at-15.27.58-e1647550087225.jpeg?fit=1001%2C668&ssl=1","width":1001,"height":668,"caption":"Perspectiva ilustrada do Edif\u00edcio das Artes, no Parque dos Lima, empreendimento lan\u00e7ado recentemente em Franca | Imagem: Divulga\u00e7\u00e3o"},{"@type":"BreadcrumbList","@id":"https:\/\/verdadeon.com.br\/portal\/2022\/03\/17\/verticalizacao-impulsiona-setor-da-construcao-civil-em-franca\/#breadcrumb","itemListElement":[{"@type":"ListItem","position":1,"name":"In\u00edcio","item":"https:\/\/verdadeon.com.br\/portal\/"},{"@type":"ListItem","position":2,"name":"Verticaliza\u00e7\u00e3o impulsiona setor da constru\u00e7\u00e3o civil em Franca"}]},{"@type":"WebSite","@id":"https:\/\/verdadeon.com.br\/portal\/#website","url":"https:\/\/verdadeon.com.br\/portal\/","name":"VerdadeOn","description":"Not\u00edcias di\u00e1rias sobre Franca, Regi\u00e3o, Esporte, Cultura, Cotidiano, Colunas. Cobertura nos principais eventos da cidade \u00e9 aqui - Verdadeon Franca","potentialAction":[{"@type":"SearchAction","target":{"@type":"EntryPoint","urlTemplate":"https:\/\/verdadeon.com.br\/portal\/?s={search_term_string}"},"query-input":{"@type":"PropertyValueSpecification","valueRequired":true,"valueName":"search_term_string"}}],"inLanguage":"pt-BR"},{"@type":"Person","@id":"https:\/\/verdadeon.com.br\/portal\/#\/schema\/person\/a5060ad1e9ea3df545188fc93ce43d2f","name":"Redacao VerdadeOn","image":{"@type":"ImageObject","inLanguage":"pt-BR","@id":"https:\/\/verdadeon.com.br\/portal\/#\/schema\/person\/image\/","url":"https:\/\/secure.gravatar.com\/avatar\/459a9613caaaf07f582c3d0841eea68bdd66f533e465e6ba8b9cb45619572cf4?s=96&d=mm&r=g","contentUrl":"https:\/\/secure.gravatar.com\/avatar\/459a9613caaaf07f582c3d0841eea68bdd66f533e465e6ba8b9cb45619572cf4?s=96&d=mm&r=g","caption":"Redacao VerdadeOn"},"url":"https:\/\/verdadeon.com.br\/portal\/author\/redacao\/"}]}},"jetpack_publicize_connections":[],"jetpack_featured_media_url":"https:\/\/i0.wp.com\/verdadeon.com.br\/portal\/wp-content\/uploads\/2022\/03\/WhatsApp-Image-2022-03-17-at-15.27.58-e1647550087225.jpeg?fit=1001%2C668&ssl=1","jetpack_sharing_enabled":true,"_links":{"self":[{"href":"https:\/\/verdadeon.com.br\/portal\/wp-json\/wp\/v2\/posts\/23791","targetHints":{"allow":["GET"]}}],"collection":[{"href":"https:\/\/verdadeon.com.br\/portal\/wp-json\/wp\/v2\/posts"}],"about":[{"href":"https:\/\/verdadeon.com.br\/portal\/wp-json\/wp\/v2\/types\/post"}],"author":[{"embeddable":true,"href":"https:\/\/verdadeon.com.br\/portal\/wp-json\/wp\/v2\/users\/10"}],"replies":[{"embeddable":true,"href":"https:\/\/verdadeon.com.br\/portal\/wp-json\/wp\/v2\/comments?post=23791"}],"version-history":[{"count":1,"href":"https:\/\/verdadeon.com.br\/portal\/wp-json\/wp\/v2\/posts\/23791\/revisions"}],"predecessor-version":[{"id":23793,"href":"https:\/\/verdadeon.com.br\/portal\/wp-json\/wp\/v2\/posts\/23791\/revisions\/23793"}],"wp:featuredmedia":[{"embeddable":true,"href":"https:\/\/verdadeon.com.br\/portal\/wp-json\/wp\/v2\/media\/23792"}],"wp:attachment":[{"href":"https:\/\/verdadeon.com.br\/portal\/wp-json\/wp\/v2\/media?parent=23791"}],"wp:term":[{"taxonomy":"category","embeddable":true,"href":"https:\/\/verdadeon.com.br\/portal\/wp-json\/wp\/v2\/categories?post=23791"},{"taxonomy":"post_tag","embeddable":true,"href":"https:\/\/verdadeon.com.br\/portal\/wp-json\/wp\/v2\/tags?post=23791"}],"curies":[{"name":"wp","href":"https:\/\/api.w.org\/{rel}","templated":true}]}}