{"id":23759,"date":"2022-03-16T17:45:28","date_gmt":"2022-03-16T20:45:28","guid":{"rendered":"https:\/\/verdadeon.com.br\/portal\/?p=23759"},"modified":"2022-03-16T17:48:18","modified_gmt":"2022-03-16T20:48:18","slug":"sabesp-realiza-cavalgada-ecologica-com-percurso-de-12-km-no-proximo-sabado","status":"publish","type":"post","link":"https:\/\/verdadeon.com.br\/portal\/2022\/03\/16\/sabesp-realiza-cavalgada-ecologica-com-percurso-de-12-km-no-proximo-sabado\/","title":{"rendered":"Sabesp realiza cavalgada ecol\u00f3gica com percurso de 12 km no pr\u00f3ximo s\u00e1bado"},"content":{"rendered":"<h2><span style=\"font-weight: 400;\">Ap\u00f3s dois anos suspensa, Companhia e ONG Amigos do Rio Canoas promovem Cavalgada para comemorar o Dia da \u00c1gua<\/span><\/h2>\n<p>&nbsp;<\/p>\n<p><span style=\"font-weight: 400;\">Ap\u00f3s dois anos suspensa por conta da pandemia da Covid-19, a tradicional Cavalgada Ecol\u00f3gica das \u00c1guas do Rio Canoas ser\u00e1 realizada neste s\u00e1bado (19), para celebrar o Dia Mundial da \u00c1gua, comemorado em 22 de mar\u00e7o. Essa ser\u00e1 a 19\u00aa edi\u00e7\u00e3o do evento, que re\u00fane crian\u00e7as, jovens, idosos e fam\u00edlias inteiras, proporcionando momentos de lazer e conscientiza\u00e7\u00e3o.<\/span><\/p>\n<p><span style=\"font-weight: 400;\">O percurso ser\u00e1 de 12 km, com sa\u00edda \u00e0s 9h do Pesque Pague Bicho da Mata, no Paiolzinho, e retorno ao mesmo local para almo\u00e7o. O evento \u00e9 realizado pela Sabesp em parceria com a Associa\u00e7\u00e3o Educacional e Ecol\u00f3gica do Rio Canoas, criada por funcion\u00e1rios da pr\u00f3pria companhia com o intuito de promover a\u00e7\u00f5es para incentivar a preserva\u00e7\u00e3o do meio ambiente e da \u00e1gua.<\/span><\/p>\n<p><span style=\"font-weight: 400;\">A Cavalgada acontece desde 2002 e \u00e9 considerada um dos principais eventos ambientais de incentivo \u00e0 preserva\u00e7\u00e3o e recomposi\u00e7\u00e3o da mata ciliar do Rio Canoas, principal manancial que abastece Franca. \u201cS\u00e3o esperadas mais de 200 pessoas para o evento, entre cavaleiros e familiares. A cavalgada \u00e9 muito familiar, re\u00fane muitas crian\u00e7as, e \u00e9 importante porque conseguimos falar de conscientiza\u00e7\u00e3o em um momento de lazer. Vamos falar sobre a import\u00e2ncia do Rio Canoas, principal respons\u00e1vel pelo abastecimento em Franca\u201d, afirmou Rui Engracia, que participa desde a primeira edi\u00e7\u00e3o.\u00a0<\/span><\/p>\n<p><span style=\"font-weight: 400;\">Antes de iniciar o percurso, os participantes far\u00e3o o plantio simb\u00f3lico de uma \u00e1rvore.<\/span><\/p>\n<h4><span style=\"font-weight: 400;\">Apoio<\/span><\/h4>\n<p><span style=\"font-weight: 400;\">Os cavaleiros far\u00e3o um percurso programado e ter\u00e3o a companhia de funcion\u00e1rios da Sabesp, entre eles o superintendente Gilson Santos de Mendon\u00e7a, o gerente distrital Alex Henrique Veronez e os coordenadores e idealizadores da Associa\u00e7\u00e3o Amigos do Rios Canoas: Ricardo Faleiros de Sousa e Rui Engr\u00e1cia.<\/span><\/p>\n<p><span style=\"font-weight: 400;\">O superintendente da Sabesp Gilson Santos de Mendon\u00e7a acredita que as cavalgadas<\/span><\/p>\n<p><span style=\"font-weight: 400;\">possibilitam que a comunidade fortale\u00e7a os v\u00ednculos com o manancial respons\u00e1vel por 80% do abastecimento de Franca e estabele\u00e7a um compromisso de preserva\u00e7\u00e3o e cuidado com o Canoas. \u201cO trabalho de conscientiza\u00e7\u00e3o e preserva\u00e7\u00e3o do meio ambiente \u00e9 permanente na Sabesp e a comunidade sempre foi nossa grande parceira\u201d, disse o superintendente.<\/span><\/p>\n<p><span style=\"font-weight: 400;\">Para Alex Veronez, gerente distrital da companhia em Franca, o evento tem conseguido atingir o seu objetivo, que \u00e9 principalmente a conscientiza\u00e7\u00e3o. \u201cA comunidade j\u00e1 sabe sobre a import\u00e2ncia do Rio Canoas e sempre demonstrou comprometimento e boa\u00a0 vontade\u00a0 em preservar o meio ambiente em busca de mais qualidade de vida para as pessoas\u201d, explicou Veronez.<\/span><\/p>\n<h4><span style=\"font-weight: 400;\">Protocolos sanit\u00e1rios<\/span><\/h4>\n<p><span style=\"font-weight: 400;\">A 19\u00aa edi\u00e7\u00e3o do evento cumprir\u00e1 todos os protocolos de seguran\u00e7a e est\u00e1 sendo organizada por uma equipe com anos de experi\u00eancia em projetos ambientais.<\/span><\/p>\n<p><span style=\"font-weight: 400;\">Al\u00e9m da Sabesp e a ONG Amigos do Rio Canoas, a AESABESP (Associa\u00e7\u00e3o dos Engenheiros da Sabesp), a ABES (Associa\u00e7\u00e3o Brasileira de Engenharia Sanit\u00e1ria e Ambiental) e o SEESP (Sindicato dos Engenheiros do Estado de S\u00e3o Paulo)\u00a0 apoiam a cavalgada. Mais informa\u00e7\u00f5es podem ser obtidas pelos telefones (16) 99999-7558 e 3712-2053.<\/span><\/p>\n<p><b>Servi\u00e7o:<\/b><\/p>\n<p><b>Cavalgada Ecol\u00f3gica das \u00c1guas do Rio Canoas<\/b><\/p>\n<p><span style=\"font-weight: 400;\">Data: 19\/03\/2022 &#8211; S\u00e1bado<\/span><\/p>\n<p><span style=\"font-weight: 400;\">Hor\u00e1rio: 9h<\/span><\/p>\n<p><span style=\"font-weight: 400;\">Partida: Pesque Pague Bicho da Mata, no Paiolzinho<\/span><\/p>\n<p><img data-recalc-dims=\"1\" loading=\"lazy\" decoding=\"async\" class=\"alignnone wp-image-23765 size-full\" src=\"https:\/\/i0.wp.com\/verdadeon.com.br\/portal\/wp-content\/uploads\/2022\/03\/WhatsApp-Image-2022-03-16-at-16.03.16-1-1.jpeg?resize=1220%2C686&#038;ssl=1\" alt=\"\" width=\"1220\" height=\"686\" srcset=\"https:\/\/i0.wp.com\/verdadeon.com.br\/portal\/wp-content\/uploads\/2022\/03\/WhatsApp-Image-2022-03-16-at-16.03.16-1-1.jpeg?w=1280&amp;ssl=1 1280w, https:\/\/i0.wp.com\/verdadeon.com.br\/portal\/wp-content\/uploads\/2022\/03\/WhatsApp-Image-2022-03-16-at-16.03.16-1-1.jpeg?resize=300%2C169&amp;ssl=1 300w, https:\/\/i0.wp.com\/verdadeon.com.br\/portal\/wp-content\/uploads\/2022\/03\/WhatsApp-Image-2022-03-16-at-16.03.16-1-1.jpeg?resize=1024%2C576&amp;ssl=1 1024w, https:\/\/i0.wp.com\/verdadeon.com.br\/portal\/wp-content\/uploads\/2022\/03\/WhatsApp-Image-2022-03-16-at-16.03.16-1-1.jpeg?resize=768%2C432&amp;ssl=1 768w, https:\/\/i0.wp.com\/verdadeon.com.br\/portal\/wp-content\/uploads\/2022\/03\/WhatsApp-Image-2022-03-16-at-16.03.16-1-1.jpeg?resize=260%2C146&amp;ssl=1 260w, https:\/\/i0.wp.com\/verdadeon.com.br\/portal\/wp-content\/uploads\/2022\/03\/WhatsApp-Image-2022-03-16-at-16.03.16-1-1.jpeg?resize=50%2C28&amp;ssl=1 50w, https:\/\/i0.wp.com\/verdadeon.com.br\/portal\/wp-content\/uploads\/2022\/03\/WhatsApp-Image-2022-03-16-at-16.03.16-1-1.jpeg?resize=133%2C75&amp;ssl=1 133w\" sizes=\"auto, (max-width: 1220px) 100vw, 1220px\" \/><\/p>\n<p><img data-recalc-dims=\"1\" loading=\"lazy\" decoding=\"async\" class=\"alignnone wp-image-23764 size-full\" src=\"https:\/\/i0.wp.com\/verdadeon.com.br\/portal\/wp-content\/uploads\/2022\/03\/WhatsApp-Image-2022-03-15-at-12.03.23.jpeg?resize=905%2C1280&#038;ssl=1\" alt=\"\" width=\"905\" height=\"1280\" srcset=\"https:\/\/i0.wp.com\/verdadeon.com.br\/portal\/wp-content\/uploads\/2022\/03\/WhatsApp-Image-2022-03-15-at-12.03.23.jpeg?w=905&amp;ssl=1 905w, https:\/\/i0.wp.com\/verdadeon.com.br\/portal\/wp-content\/uploads\/2022\/03\/WhatsApp-Image-2022-03-15-at-12.03.23.jpeg?resize=212%2C300&amp;ssl=1 212w, https:\/\/i0.wp.com\/verdadeon.com.br\/portal\/wp-content\/uploads\/2022\/03\/WhatsApp-Image-2022-03-15-at-12.03.23.jpeg?resize=724%2C1024&amp;ssl=1 724w, https:\/\/i0.wp.com\/verdadeon.com.br\/portal\/wp-content\/uploads\/2022\/03\/WhatsApp-Image-2022-03-15-at-12.03.23.jpeg?resize=768%2C1086&amp;ssl=1 768w, https:\/\/i0.wp.com\/verdadeon.com.br\/portal\/wp-content\/uploads\/2022\/03\/WhatsApp-Image-2022-03-15-at-12.03.23.jpeg?resize=103%2C146&amp;ssl=1 103w, https:\/\/i0.wp.com\/verdadeon.com.br\/portal\/wp-content\/uploads\/2022\/03\/WhatsApp-Image-2022-03-15-at-12.03.23.jpeg?resize=35%2C50&amp;ssl=1 35w, https:\/\/i0.wp.com\/verdadeon.com.br\/portal\/wp-content\/uploads\/2022\/03\/WhatsApp-Image-2022-03-15-at-12.03.23.jpeg?resize=53%2C75&amp;ssl=1 53w\" sizes=\"auto, (max-width: 905px) 100vw, 905px\" \/><\/p>\n<p>&nbsp;<\/p>\n","protected":false},"excerpt":{"rendered":"<p>Ap\u00f3s dois anos suspensa, Companhia e ONG Amigos do Rio Canoas promovem Cavalgada para comemorar o Dia da \u00c1gua &nbsp; Ap\u00f3s dois anos suspensa por conta<span class=\"excerpt-hellip\"> [\u2026]<\/span><\/p>\n","protected":false},"author":12,"featured_media":23760,"comment_status":"open","ping_status":"open","sticky":false,"template":"","format":"standard","meta":{"_jetpack_memberships_contains_paid_content":false,"footnotes":"","jetpack_publicize_message":"","jetpack_publicize_feature_enabled":true,"jetpack_social_post_already_shared":false,"jetpack_social_options":{"image_generator_settings":{"template":"highway","default_image_id":0,"enabled":false},"version":2}},"categories":[28,44],"tags":[],"class_list":["post-23759","post","type-post","status-publish","format-standard","has-post-thumbnail","hentry","category-cotidiano","category-noticias"],"yoast_head":"<!-- This site is optimized with the Yoast SEO plugin v25.6 - https:\/\/yoast.com\/wordpress\/plugins\/seo\/ -->\n<title>Sabesp realiza cavalgada ecol\u00f3gica com percurso de 12 km no pr\u00f3ximo s\u00e1bado - VerdadeOn<\/title>\n<meta name=\"robots\" content=\"index, follow, max-snippet:-1, max-image-preview:large, max-video-preview:-1\" \/>\n<link rel=\"canonical\" href=\"https:\/\/verdadeon.com.br\/portal\/2022\/03\/16\/sabesp-realiza-cavalgada-ecologica-com-percurso-de-12-km-no-proximo-sabado\/\" \/>\n<meta property=\"og:locale\" content=\"pt_BR\" \/>\n<meta property=\"og:type\" content=\"article\" \/>\n<meta property=\"og:title\" content=\"Sabesp realiza cavalgada ecol\u00f3gica com percurso de 12 km no pr\u00f3ximo s\u00e1bado - VerdadeOn\" \/>\n<meta property=\"og:description\" content=\"Ap\u00f3s dois anos suspensa, Companhia e ONG Amigos do Rio Canoas promovem Cavalgada para comemorar o Dia da \u00c1gua &nbsp; Ap\u00f3s dois anos suspensa por conta [\u2026]\" \/>\n<meta property=\"og:url\" content=\"https:\/\/verdadeon.com.br\/portal\/2022\/03\/16\/sabesp-realiza-cavalgada-ecologica-com-percurso-de-12-km-no-proximo-sabado\/\" \/>\n<meta property=\"og:site_name\" content=\"VerdadeOn\" \/>\n<meta property=\"article:published_time\" content=\"2022-03-16T20:45:28+00:00\" \/>\n<meta property=\"article:modified_time\" content=\"2022-03-16T20:48:18+00:00\" \/>\n<meta property=\"og:image\" content=\"https:\/\/verdadeon.com.br\/portal\/wp-content\/uploads\/2022\/03\/WhatsApp-Image-2022-03-16-at-16.03.16.jpeg\" \/>\n\t<meta property=\"og:image:width\" content=\"1280\" \/>\n\t<meta property=\"og:image:height\" content=\"853\" \/>\n\t<meta property=\"og:image:type\" content=\"image\/jpeg\" \/>\n<meta name=\"author\" content=\"Nelise Luques\" \/>\n<meta name=\"twitter:card\" content=\"summary_large_image\" \/>\n<meta name=\"twitter:label1\" content=\"Escrito por\" \/>\n\t<meta name=\"twitter:data1\" content=\"Nelise Luques\" \/>\n\t<meta name=\"twitter:label2\" content=\"Est. tempo de leitura\" \/>\n\t<meta name=\"twitter:data2\" content=\"4 minutos\" \/>\n<script type=\"application\/ld+json\" class=\"yoast-schema-graph\">{\"@context\":\"https:\/\/schema.org\",\"@graph\":[{\"@type\":\"WebPage\",\"@id\":\"https:\/\/verdadeon.com.br\/portal\/2022\/03\/16\/sabesp-realiza-cavalgada-ecologica-com-percurso-de-12-km-no-proximo-sabado\/\",\"url\":\"https:\/\/verdadeon.com.br\/portal\/2022\/03\/16\/sabesp-realiza-cavalgada-ecologica-com-percurso-de-12-km-no-proximo-sabado\/\",\"name\":\"Sabesp realiza cavalgada ecol\u00f3gica com percurso de 12 km no pr\u00f3ximo s\u00e1bado - VerdadeOn\",\"isPartOf\":{\"@id\":\"https:\/\/verdadeon.com.br\/portal\/#website\"},\"primaryImageOfPage\":{\"@id\":\"https:\/\/verdadeon.com.br\/portal\/2022\/03\/16\/sabesp-realiza-cavalgada-ecologica-com-percurso-de-12-km-no-proximo-sabado\/#primaryimage\"},\"image\":{\"@id\":\"https:\/\/verdadeon.com.br\/portal\/2022\/03\/16\/sabesp-realiza-cavalgada-ecologica-com-percurso-de-12-km-no-proximo-sabado\/#primaryimage\"},\"thumbnailUrl\":\"https:\/\/i0.wp.com\/verdadeon.com.br\/portal\/wp-content\/uploads\/2022\/03\/WhatsApp-Image-2022-03-16-at-16.03.16.jpeg?fit=1280%2C853&ssl=1\",\"datePublished\":\"2022-03-16T20:45:28+00:00\",\"dateModified\":\"2022-03-16T20:48:18+00:00\",\"author\":{\"@id\":\"https:\/\/verdadeon.com.br\/portal\/#\/schema\/person\/8248726d36015c1916636fabb175d972\"},\"breadcrumb\":{\"@id\":\"https:\/\/verdadeon.com.br\/portal\/2022\/03\/16\/sabesp-realiza-cavalgada-ecologica-com-percurso-de-12-km-no-proximo-sabado\/#breadcrumb\"},\"inLanguage\":\"pt-BR\",\"potentialAction\":[{\"@type\":\"ReadAction\",\"target\":[\"https:\/\/verdadeon.com.br\/portal\/2022\/03\/16\/sabesp-realiza-cavalgada-ecologica-com-percurso-de-12-km-no-proximo-sabado\/\"]}]},{\"@type\":\"ImageObject\",\"inLanguage\":\"pt-BR\",\"@id\":\"https:\/\/verdadeon.com.br\/portal\/2022\/03\/16\/sabesp-realiza-cavalgada-ecologica-com-percurso-de-12-km-no-proximo-sabado\/#primaryimage\",\"url\":\"https:\/\/i0.wp.com\/verdadeon.com.br\/portal\/wp-content\/uploads\/2022\/03\/WhatsApp-Image-2022-03-16-at-16.03.16.jpeg?fit=1280%2C853&ssl=1\",\"contentUrl\":\"https:\/\/i0.wp.com\/verdadeon.com.br\/portal\/wp-content\/uploads\/2022\/03\/WhatsApp-Image-2022-03-16-at-16.03.16.jpeg?fit=1280%2C853&ssl=1\",\"width\":1280,\"height\":853,\"caption\":\"A 19\u00aa Cavalgada das \u00c1guas do Rio Canoas ser\u00e1 no dia 19, pr\u00f3ximo s\u00e1bado, a partir das 9h, e espera reunir 200 pessoas | Foto: Divulga\u00e7\u00e3o\"},{\"@type\":\"BreadcrumbList\",\"@id\":\"https:\/\/verdadeon.com.br\/portal\/2022\/03\/16\/sabesp-realiza-cavalgada-ecologica-com-percurso-de-12-km-no-proximo-sabado\/#breadcrumb\",\"itemListElement\":[{\"@type\":\"ListItem\",\"position\":1,\"name\":\"In\u00edcio\",\"item\":\"https:\/\/verdadeon.com.br\/portal\/\"},{\"@type\":\"ListItem\",\"position\":2,\"name\":\"Sabesp realiza cavalgada ecol\u00f3gica com percurso de 12 km no pr\u00f3ximo s\u00e1bado\"}]},{\"@type\":\"WebSite\",\"@id\":\"https:\/\/verdadeon.com.br\/portal\/#website\",\"url\":\"https:\/\/verdadeon.com.br\/portal\/\",\"name\":\"VerdadeOn\",\"description\":\"Not\u00edcias di\u00e1rias sobre Franca, Regi\u00e3o, Esporte, Cultura, Cotidiano, Colunas. Cobertura nos principais eventos da cidade \u00e9 aqui - Verdadeon Franca\",\"potentialAction\":[{\"@type\":\"SearchAction\",\"target\":{\"@type\":\"EntryPoint\",\"urlTemplate\":\"https:\/\/verdadeon.com.br\/portal\/?s={search_term_string}\"},\"query-input\":{\"@type\":\"PropertyValueSpecification\",\"valueRequired\":true,\"valueName\":\"search_term_string\"}}],\"inLanguage\":\"pt-BR\"},{\"@type\":\"Person\",\"@id\":\"https:\/\/verdadeon.com.br\/portal\/#\/schema\/person\/8248726d36015c1916636fabb175d972\",\"name\":\"Nelise Luques\",\"image\":{\"@type\":\"ImageObject\",\"inLanguage\":\"pt-BR\",\"@id\":\"https:\/\/verdadeon.com.br\/portal\/#\/schema\/person\/image\/\",\"url\":\"https:\/\/secure.gravatar.com\/avatar\/29b2a17f5bcadeb827411b66f48ac13c3e0ecaf5906c0f5745ecc5d41c24eada?s=96&d=mm&r=g\",\"contentUrl\":\"https:\/\/secure.gravatar.com\/avatar\/29b2a17f5bcadeb827411b66f48ac13c3e0ecaf5906c0f5745ecc5d41c24eada?s=96&d=mm&r=g\",\"caption\":\"Nelise Luques\"},\"url\":\"https:\/\/verdadeon.com.br\/portal\/author\/verdade\/\"}]}<\/script>\n<!-- \/ Yoast SEO plugin. -->","yoast_head_json":{"title":"Sabesp realiza cavalgada ecol\u00f3gica com percurso de 12 km no pr\u00f3ximo s\u00e1bado - VerdadeOn","robots":{"index":"index","follow":"follow","max-snippet":"max-snippet:-1","max-image-preview":"max-image-preview:large","max-video-preview":"max-video-preview:-1"},"canonical":"https:\/\/verdadeon.com.br\/portal\/2022\/03\/16\/sabesp-realiza-cavalgada-ecologica-com-percurso-de-12-km-no-proximo-sabado\/","og_locale":"pt_BR","og_type":"article","og_title":"Sabesp realiza cavalgada ecol\u00f3gica com percurso de 12 km no pr\u00f3ximo s\u00e1bado - VerdadeOn","og_description":"Ap\u00f3s dois anos suspensa, Companhia e ONG Amigos do Rio Canoas promovem Cavalgada para comemorar o Dia da \u00c1gua &nbsp; Ap\u00f3s dois anos suspensa por conta [\u2026]","og_url":"https:\/\/verdadeon.com.br\/portal\/2022\/03\/16\/sabesp-realiza-cavalgada-ecologica-com-percurso-de-12-km-no-proximo-sabado\/","og_site_name":"VerdadeOn","article_published_time":"2022-03-16T20:45:28+00:00","article_modified_time":"2022-03-16T20:48:18+00:00","og_image":[{"width":1280,"height":853,"url":"https:\/\/verdadeon.com.br\/portal\/wp-content\/uploads\/2022\/03\/WhatsApp-Image-2022-03-16-at-16.03.16.jpeg","type":"image\/jpeg"}],"author":"Nelise Luques","twitter_card":"summary_large_image","twitter_misc":{"Escrito por":"Nelise Luques","Est. tempo de leitura":"4 minutos"},"schema":{"@context":"https:\/\/schema.org","@graph":[{"@type":"WebPage","@id":"https:\/\/verdadeon.com.br\/portal\/2022\/03\/16\/sabesp-realiza-cavalgada-ecologica-com-percurso-de-12-km-no-proximo-sabado\/","url":"https:\/\/verdadeon.com.br\/portal\/2022\/03\/16\/sabesp-realiza-cavalgada-ecologica-com-percurso-de-12-km-no-proximo-sabado\/","name":"Sabesp realiza cavalgada ecol\u00f3gica com percurso de 12 km no pr\u00f3ximo s\u00e1bado - VerdadeOn","isPartOf":{"@id":"https:\/\/verdadeon.com.br\/portal\/#website"},"primaryImageOfPage":{"@id":"https:\/\/verdadeon.com.br\/portal\/2022\/03\/16\/sabesp-realiza-cavalgada-ecologica-com-percurso-de-12-km-no-proximo-sabado\/#primaryimage"},"image":{"@id":"https:\/\/verdadeon.com.br\/portal\/2022\/03\/16\/sabesp-realiza-cavalgada-ecologica-com-percurso-de-12-km-no-proximo-sabado\/#primaryimage"},"thumbnailUrl":"https:\/\/i0.wp.com\/verdadeon.com.br\/portal\/wp-content\/uploads\/2022\/03\/WhatsApp-Image-2022-03-16-at-16.03.16.jpeg?fit=1280%2C853&ssl=1","datePublished":"2022-03-16T20:45:28+00:00","dateModified":"2022-03-16T20:48:18+00:00","author":{"@id":"https:\/\/verdadeon.com.br\/portal\/#\/schema\/person\/8248726d36015c1916636fabb175d972"},"breadcrumb":{"@id":"https:\/\/verdadeon.com.br\/portal\/2022\/03\/16\/sabesp-realiza-cavalgada-ecologica-com-percurso-de-12-km-no-proximo-sabado\/#breadcrumb"},"inLanguage":"pt-BR","potentialAction":[{"@type":"ReadAction","target":["https:\/\/verdadeon.com.br\/portal\/2022\/03\/16\/sabesp-realiza-cavalgada-ecologica-com-percurso-de-12-km-no-proximo-sabado\/"]}]},{"@type":"ImageObject","inLanguage":"pt-BR","@id":"https:\/\/verdadeon.com.br\/portal\/2022\/03\/16\/sabesp-realiza-cavalgada-ecologica-com-percurso-de-12-km-no-proximo-sabado\/#primaryimage","url":"https:\/\/i0.wp.com\/verdadeon.com.br\/portal\/wp-content\/uploads\/2022\/03\/WhatsApp-Image-2022-03-16-at-16.03.16.jpeg?fit=1280%2C853&ssl=1","contentUrl":"https:\/\/i0.wp.com\/verdadeon.com.br\/portal\/wp-content\/uploads\/2022\/03\/WhatsApp-Image-2022-03-16-at-16.03.16.jpeg?fit=1280%2C853&ssl=1","width":1280,"height":853,"caption":"A 19\u00aa Cavalgada das \u00c1guas do Rio Canoas ser\u00e1 no dia 19, pr\u00f3ximo s\u00e1bado, a partir das 9h, e espera reunir 200 pessoas | Foto: Divulga\u00e7\u00e3o"},{"@type":"BreadcrumbList","@id":"https:\/\/verdadeon.com.br\/portal\/2022\/03\/16\/sabesp-realiza-cavalgada-ecologica-com-percurso-de-12-km-no-proximo-sabado\/#breadcrumb","itemListElement":[{"@type":"ListItem","position":1,"name":"In\u00edcio","item":"https:\/\/verdadeon.com.br\/portal\/"},{"@type":"ListItem","position":2,"name":"Sabesp realiza cavalgada ecol\u00f3gica com percurso de 12 km no pr\u00f3ximo s\u00e1bado"}]},{"@type":"WebSite","@id":"https:\/\/verdadeon.com.br\/portal\/#website","url":"https:\/\/verdadeon.com.br\/portal\/","name":"VerdadeOn","description":"Not\u00edcias di\u00e1rias sobre Franca, Regi\u00e3o, Esporte, Cultura, Cotidiano, Colunas. Cobertura nos principais eventos da cidade \u00e9 aqui - Verdadeon Franca","potentialAction":[{"@type":"SearchAction","target":{"@type":"EntryPoint","urlTemplate":"https:\/\/verdadeon.com.br\/portal\/?s={search_term_string}"},"query-input":{"@type":"PropertyValueSpecification","valueRequired":true,"valueName":"search_term_string"}}],"inLanguage":"pt-BR"},{"@type":"Person","@id":"https:\/\/verdadeon.com.br\/portal\/#\/schema\/person\/8248726d36015c1916636fabb175d972","name":"Nelise Luques","image":{"@type":"ImageObject","inLanguage":"pt-BR","@id":"https:\/\/verdadeon.com.br\/portal\/#\/schema\/person\/image\/","url":"https:\/\/secure.gravatar.com\/avatar\/29b2a17f5bcadeb827411b66f48ac13c3e0ecaf5906c0f5745ecc5d41c24eada?s=96&d=mm&r=g","contentUrl":"https:\/\/secure.gravatar.com\/avatar\/29b2a17f5bcadeb827411b66f48ac13c3e0ecaf5906c0f5745ecc5d41c24eada?s=96&d=mm&r=g","caption":"Nelise Luques"},"url":"https:\/\/verdadeon.com.br\/portal\/author\/verdade\/"}]}},"jetpack_publicize_connections":[],"jetpack_featured_media_url":"https:\/\/i0.wp.com\/verdadeon.com.br\/portal\/wp-content\/uploads\/2022\/03\/WhatsApp-Image-2022-03-16-at-16.03.16.jpeg?fit=1280%2C853&ssl=1","jetpack_sharing_enabled":true,"_links":{"self":[{"href":"https:\/\/verdadeon.com.br\/portal\/wp-json\/wp\/v2\/posts\/23759","targetHints":{"allow":["GET"]}}],"collection":[{"href":"https:\/\/verdadeon.com.br\/portal\/wp-json\/wp\/v2\/posts"}],"about":[{"href":"https:\/\/verdadeon.com.br\/portal\/wp-json\/wp\/v2\/types\/post"}],"author":[{"embeddable":true,"href":"https:\/\/verdadeon.com.br\/portal\/wp-json\/wp\/v2\/users\/12"}],"replies":[{"embeddable":true,"href":"https:\/\/verdadeon.com.br\/portal\/wp-json\/wp\/v2\/comments?post=23759"}],"version-history":[{"count":3,"href":"https:\/\/verdadeon.com.br\/portal\/wp-json\/wp\/v2\/posts\/23759\/revisions"}],"predecessor-version":[{"id":23766,"href":"https:\/\/verdadeon.com.br\/portal\/wp-json\/wp\/v2\/posts\/23759\/revisions\/23766"}],"wp:featuredmedia":[{"embeddable":true,"href":"https:\/\/verdadeon.com.br\/portal\/wp-json\/wp\/v2\/media\/23760"}],"wp:attachment":[{"href":"https:\/\/verdadeon.com.br\/portal\/wp-json\/wp\/v2\/media?parent=23759"}],"wp:term":[{"taxonomy":"category","embeddable":true,"href":"https:\/\/verdadeon.com.br\/portal\/wp-json\/wp\/v2\/categories?post=23759"},{"taxonomy":"post_tag","embeddable":true,"href":"https:\/\/verdadeon.com.br\/portal\/wp-json\/wp\/v2\/tags?post=23759"}],"curies":[{"name":"wp","href":"https:\/\/api.w.org\/{rel}","templated":true}]}}