{"id":23758,"date":"2022-03-16T18:11:17","date_gmt":"2022-03-16T21:11:17","guid":{"rendered":"https:\/\/verdadeon.com.br\/portal\/?p=23758"},"modified":"2022-03-16T18:11:17","modified_gmt":"2022-03-16T21:11:17","slug":"retorno-da-expoagro-acende-expectativa-de-aquecimento-da-economia","status":"publish","type":"post","link":"https:\/\/verdadeon.com.br\/portal\/2022\/03\/16\/retorno-da-expoagro-acende-expectativa-de-aquecimento-da-economia\/","title":{"rendered":"Retorno da Expoagro acende expectativa de aquecimento da economia"},"content":{"rendered":"<h2>Festa vai acontecer entre os dias 19 e 29 de maio, calend\u00e1rio de shows j\u00e1 foi divulgado<\/h2>\n<p>Fernando Lima<\/p>\n<p>O an\u00fancio do retorno da Expoagro, que vai acontecer em maio, j\u00e1 gera uma grande expectativa para o setor econ\u00f4mico de Franca. Al\u00e9m de restaurantes, bares, lanchonetes, setor hoteleiro, entre outros, as noites de shows devem movimentar outros setores, como vendedores que atuam nas imedia\u00e7\u00f5es do Parque Fernando Costa.<\/p>\n<p>&#8220;\u00c9 algo muito importante para a gente, tem uma movimenta\u00e7\u00e3o melhor por conta das festas e vem em uma hora muito boa,\u00a0 justamente neste per\u00edodo de fim de pandemia, que foi a \u00e9poca mais dif\u00edcil que j\u00e1 enfrentei at\u00e9 hoje&#8221;, relatou o empres\u00e1rio Alexandre Pereira, que tem um restaurante praticamente em frente ao Fernando Costa.<\/p>\n<p>Pereira destacou ainda que por conta da pandemia estava trabalhando apenas por delivery e com hor\u00e1rio reduzido, mas agora com o aumento nas vendas vai voltar a atender no per\u00edodo noturno. &#8220;Vamos contratar quatro pessoas para dar conta da demanda, que deve crescer pelo menos 30% nos pr\u00f3ximos meses. Esse per\u00edodo de festa \u00e9 muito bom para gente, como o Hallel, outras festas que acontecem aqui. Vai ser uma retomada que gera uma expectativa muito grande mesmo&#8221;, finalizou.<\/p>\n<p>A tamb\u00e9m empres\u00e1ria do ramo de alimenta\u00e7\u00e3o, Rita Zago, comemorou a volta da festa. Moradora tradicional da regi\u00e3o do parque Fernando Costa, ela ressalta que a movimenta\u00e7\u00e3o no bairro mexe com a economia. &#8220;Eu moro h\u00e1 50 anos aqui nessa regi\u00e3o, a Expoagro \u00e9 parte da vida da gente, meus filhos cresceram vendo as vaquinhas, participei durante todos os anos da movimenta\u00e7\u00e3o, desde eles montando tudo l\u00e1 dentro, os shows, \u00e9 uma expectativa grande, claro pelos artistas, mas tamb\u00e9m pelos grandes pecuaristas que movimentam a economia&#8221;, disse.<\/p>\n<p>&#8220;O retorno econ\u00f4mico \u00e9 vis\u00edvel em Franca e a Expoagro \u00e9 mais uma \u00f3tima not\u00edcia para a cidade. N\u00f3s estamos vivendo uma retomada muito grande, a feira movimenta muito a rede hoteleira. N\u00e3o conseguimos mensurar agora de quanto deve ser esse crescimento no movimento, mas \u00e9 certo que ele vem\u201d, relatou o empres\u00e1rio Riad Salloum, propriet\u00e1rio de um dos principais hot\u00e9is na \u00e1rea central de Franca.<\/p>\n<p>O empres\u00e1rio disse ainda que sente falta da for\u00e7a da feira agropecu\u00e1ria, que tamb\u00e9m \u00e9 respons\u00e1vel por trazer grandes produtores para a cidade que se hospedam nos hot\u00e9is. \u201cFalta hoje a for\u00e7a do gado leiteiro, a for\u00e7a do cabalo \u00e1rabe, entre outros. A feira em si \u00e9 muito importante para a cidade, quando ela se torna forte, mostra que Franca \u00e9 um dos principais pontos comerciais de S\u00e3o Paulo\u201d, finalizou.<\/p>\n<h4>Avalia\u00e7\u00e3o<\/h4>\n<p>O economista Adnan Jebailey, contou que a retomada da festa \u00e9 um grande marco para a economia da cidade, que se recupera aos poucos ap\u00f3s pandemia.<\/p>\n<p>&#8220;De fato a Expoagro \u00e9 importante para o munic\u00edpio, ela tem uma grande import\u00e2ncia econ\u00f4mica. Principalmente o setor de hotelaria que sofreu muito durante a pandemia, durante as restri\u00e7\u00f5es sanit\u00e1rias que foram registradas. \u00c9 um g\u00e1s bastante importante tamb\u00e9m para o setor de turismo de neg\u00f3cios, que acaba gerando ainda bastante movimento da popula\u00e7\u00e3o francana, que vai at\u00e9 a Expoagro. Esse quadro \u00e9 tamb\u00e9m um setor muito importante, n\u00e3o s\u00f3 economicamente mas tamb\u00e9m pra cidade. \u00c9 um tipo de lazer que a popula\u00e7\u00e3o francana j\u00e1 se acostumou de d\u00e9cadas de ir, participar, ver os shows e tudo mais&#8221;, avaliou.<\/p>\n","protected":false},"excerpt":{"rendered":"<p>Festa vai acontecer entre os dias 19 e 29 de maio, calend\u00e1rio de shows j\u00e1 foi divulgado Fernando Lima O an\u00fancio do retorno da Expoagro, que<span class=\"excerpt-hellip\"> [\u2026]<\/span><\/p>\n","protected":false},"author":7,"featured_media":23769,"comment_status":"open","ping_status":"open","sticky":false,"template":"","format":"standard","meta":{"_jetpack_memberships_contains_paid_content":false,"footnotes":"","jetpack_publicize_message":"","jetpack_publicize_feature_enabled":true,"jetpack_social_post_already_shared":false,"jetpack_social_options":{"image_generator_settings":{"template":"highway","default_image_id":0,"enabled":false},"version":2}},"categories":[28,81],"tags":[],"class_list":["post-23758","post","type-post","status-publish","format-standard","has-post-thumbnail","hentry","category-cotidiano","category-manchete"],"yoast_head":"<!-- This site is optimized with the Yoast SEO plugin v25.6 - https:\/\/yoast.com\/wordpress\/plugins\/seo\/ -->\n<title>Retorno da Expoagro acende expectativa de aquecimento da economia - VerdadeOn<\/title>\n<meta name=\"robots\" content=\"index, follow, max-snippet:-1, max-image-preview:large, max-video-preview:-1\" \/>\n<link rel=\"canonical\" href=\"https:\/\/verdadeon.com.br\/portal\/2022\/03\/16\/retorno-da-expoagro-acende-expectativa-de-aquecimento-da-economia\/\" \/>\n<meta property=\"og:locale\" content=\"pt_BR\" \/>\n<meta property=\"og:type\" content=\"article\" \/>\n<meta property=\"og:title\" content=\"Retorno da Expoagro acende expectativa de aquecimento da economia - VerdadeOn\" \/>\n<meta property=\"og:description\" content=\"Festa vai acontecer entre os dias 19 e 29 de maio, calend\u00e1rio de shows j\u00e1 foi divulgado Fernando Lima O an\u00fancio do retorno da Expoagro, que [\u2026]\" \/>\n<meta property=\"og:url\" content=\"https:\/\/verdadeon.com.br\/portal\/2022\/03\/16\/retorno-da-expoagro-acende-expectativa-de-aquecimento-da-economia\/\" \/>\n<meta property=\"og:site_name\" content=\"VerdadeOn\" \/>\n<meta property=\"article:published_time\" content=\"2022-03-16T21:11:17+00:00\" \/>\n<meta property=\"og:image\" content=\"https:\/\/verdadeon.com.br\/portal\/wp-content\/uploads\/2022\/03\/WhatsApp-Image-2022-03-16-at-18.09.50.jpeg\" \/>\n\t<meta property=\"og:image:width\" content=\"1000\" \/>\n\t<meta property=\"og:image:height\" content=\"670\" \/>\n\t<meta property=\"og:image:type\" content=\"image\/jpeg\" \/>\n<meta name=\"author\" content=\"Fernando Lima\" \/>\n<meta name=\"twitter:card\" content=\"summary_large_image\" \/>\n<meta name=\"twitter:label1\" content=\"Escrito por\" \/>\n\t<meta name=\"twitter:data1\" content=\"Fernando Lima\" \/>\n\t<meta name=\"twitter:label2\" content=\"Est. tempo de leitura\" \/>\n\t<meta name=\"twitter:data2\" content=\"4 minutos\" \/>\n<script type=\"application\/ld+json\" class=\"yoast-schema-graph\">{\"@context\":\"https:\/\/schema.org\",\"@graph\":[{\"@type\":\"WebPage\",\"@id\":\"https:\/\/verdadeon.com.br\/portal\/2022\/03\/16\/retorno-da-expoagro-acende-expectativa-de-aquecimento-da-economia\/\",\"url\":\"https:\/\/verdadeon.com.br\/portal\/2022\/03\/16\/retorno-da-expoagro-acende-expectativa-de-aquecimento-da-economia\/\",\"name\":\"Retorno da Expoagro acende expectativa de aquecimento da economia - VerdadeOn\",\"isPartOf\":{\"@id\":\"https:\/\/verdadeon.com.br\/portal\/#website\"},\"primaryImageOfPage\":{\"@id\":\"https:\/\/verdadeon.com.br\/portal\/2022\/03\/16\/retorno-da-expoagro-acende-expectativa-de-aquecimento-da-economia\/#primaryimage\"},\"image\":{\"@id\":\"https:\/\/verdadeon.com.br\/portal\/2022\/03\/16\/retorno-da-expoagro-acende-expectativa-de-aquecimento-da-economia\/#primaryimage\"},\"thumbnailUrl\":\"https:\/\/i0.wp.com\/verdadeon.com.br\/portal\/wp-content\/uploads\/2022\/03\/WhatsApp-Image-2022-03-16-at-18.09.50.jpeg?fit=1000%2C670&ssl=1\",\"datePublished\":\"2022-03-16T21:11:17+00:00\",\"author\":{\"@id\":\"https:\/\/verdadeon.com.br\/portal\/#\/schema\/person\/cc32be22b8e8599387c480bc83e1d11a\"},\"breadcrumb\":{\"@id\":\"https:\/\/verdadeon.com.br\/portal\/2022\/03\/16\/retorno-da-expoagro-acende-expectativa-de-aquecimento-da-economia\/#breadcrumb\"},\"inLanguage\":\"pt-BR\",\"potentialAction\":[{\"@type\":\"ReadAction\",\"target\":[\"https:\/\/verdadeon.com.br\/portal\/2022\/03\/16\/retorno-da-expoagro-acende-expectativa-de-aquecimento-da-economia\/\"]}]},{\"@type\":\"ImageObject\",\"inLanguage\":\"pt-BR\",\"@id\":\"https:\/\/verdadeon.com.br\/portal\/2022\/03\/16\/retorno-da-expoagro-acende-expectativa-de-aquecimento-da-economia\/#primaryimage\",\"url\":\"https:\/\/i0.wp.com\/verdadeon.com.br\/portal\/wp-content\/uploads\/2022\/03\/WhatsApp-Image-2022-03-16-at-18.09.50.jpeg?fit=1000%2C670&ssl=1\",\"contentUrl\":\"https:\/\/i0.wp.com\/verdadeon.com.br\/portal\/wp-content\/uploads\/2022\/03\/WhatsApp-Image-2022-03-16-at-18.09.50.jpeg?fit=1000%2C670&ssl=1\",\"width\":1000,\"height\":670,\"caption\":\"Parte t\u00e9cnica da exposi\u00e7\u00e3o iniciar\u00e1 no dia 8 de maio.\"},{\"@type\":\"BreadcrumbList\",\"@id\":\"https:\/\/verdadeon.com.br\/portal\/2022\/03\/16\/retorno-da-expoagro-acende-expectativa-de-aquecimento-da-economia\/#breadcrumb\",\"itemListElement\":[{\"@type\":\"ListItem\",\"position\":1,\"name\":\"In\u00edcio\",\"item\":\"https:\/\/verdadeon.com.br\/portal\/\"},{\"@type\":\"ListItem\",\"position\":2,\"name\":\"Retorno da Expoagro acende expectativa de aquecimento da economia\"}]},{\"@type\":\"WebSite\",\"@id\":\"https:\/\/verdadeon.com.br\/portal\/#website\",\"url\":\"https:\/\/verdadeon.com.br\/portal\/\",\"name\":\"VerdadeOn\",\"description\":\"Not\u00edcias di\u00e1rias sobre Franca, Regi\u00e3o, Esporte, Cultura, Cotidiano, Colunas. Cobertura nos principais eventos da cidade \u00e9 aqui - Verdadeon Franca\",\"potentialAction\":[{\"@type\":\"SearchAction\",\"target\":{\"@type\":\"EntryPoint\",\"urlTemplate\":\"https:\/\/verdadeon.com.br\/portal\/?s={search_term_string}\"},\"query-input\":{\"@type\":\"PropertyValueSpecification\",\"valueRequired\":true,\"valueName\":\"search_term_string\"}}],\"inLanguage\":\"pt-BR\"},{\"@type\":\"Person\",\"@id\":\"https:\/\/verdadeon.com.br\/portal\/#\/schema\/person\/cc32be22b8e8599387c480bc83e1d11a\",\"name\":\"Fernando Lima\",\"image\":{\"@type\":\"ImageObject\",\"inLanguage\":\"pt-BR\",\"@id\":\"https:\/\/verdadeon.com.br\/portal\/#\/schema\/person\/image\/\",\"url\":\"https:\/\/secure.gravatar.com\/avatar\/df4c8e132080d2b3a4841d5d232045464e0eed11a1d6e43115ca0843d48768d3?s=96&d=mm&r=g\",\"contentUrl\":\"https:\/\/secure.gravatar.com\/avatar\/df4c8e132080d2b3a4841d5d232045464e0eed11a1d6e43115ca0843d48768d3?s=96&d=mm&r=g\",\"caption\":\"Fernando Lima\"},\"sameAs\":[\"http:\/\/verdadeon.com.br\/\"],\"url\":\"https:\/\/verdadeon.com.br\/portal\/author\/fernando-lima\/\"}]}<\/script>\n<!-- \/ Yoast SEO plugin. -->","yoast_head_json":{"title":"Retorno da Expoagro acende expectativa de aquecimento da economia - VerdadeOn","robots":{"index":"index","follow":"follow","max-snippet":"max-snippet:-1","max-image-preview":"max-image-preview:large","max-video-preview":"max-video-preview:-1"},"canonical":"https:\/\/verdadeon.com.br\/portal\/2022\/03\/16\/retorno-da-expoagro-acende-expectativa-de-aquecimento-da-economia\/","og_locale":"pt_BR","og_type":"article","og_title":"Retorno da Expoagro acende expectativa de aquecimento da economia - VerdadeOn","og_description":"Festa vai acontecer entre os dias 19 e 29 de maio, calend\u00e1rio de shows j\u00e1 foi divulgado Fernando Lima O an\u00fancio do retorno da Expoagro, que [\u2026]","og_url":"https:\/\/verdadeon.com.br\/portal\/2022\/03\/16\/retorno-da-expoagro-acende-expectativa-de-aquecimento-da-economia\/","og_site_name":"VerdadeOn","article_published_time":"2022-03-16T21:11:17+00:00","og_image":[{"width":1000,"height":670,"url":"https:\/\/verdadeon.com.br\/portal\/wp-content\/uploads\/2022\/03\/WhatsApp-Image-2022-03-16-at-18.09.50.jpeg","type":"image\/jpeg"}],"author":"Fernando Lima","twitter_card":"summary_large_image","twitter_misc":{"Escrito por":"Fernando Lima","Est. tempo de leitura":"4 minutos"},"schema":{"@context":"https:\/\/schema.org","@graph":[{"@type":"WebPage","@id":"https:\/\/verdadeon.com.br\/portal\/2022\/03\/16\/retorno-da-expoagro-acende-expectativa-de-aquecimento-da-economia\/","url":"https:\/\/verdadeon.com.br\/portal\/2022\/03\/16\/retorno-da-expoagro-acende-expectativa-de-aquecimento-da-economia\/","name":"Retorno da Expoagro acende expectativa de aquecimento da economia - VerdadeOn","isPartOf":{"@id":"https:\/\/verdadeon.com.br\/portal\/#website"},"primaryImageOfPage":{"@id":"https:\/\/verdadeon.com.br\/portal\/2022\/03\/16\/retorno-da-expoagro-acende-expectativa-de-aquecimento-da-economia\/#primaryimage"},"image":{"@id":"https:\/\/verdadeon.com.br\/portal\/2022\/03\/16\/retorno-da-expoagro-acende-expectativa-de-aquecimento-da-economia\/#primaryimage"},"thumbnailUrl":"https:\/\/i0.wp.com\/verdadeon.com.br\/portal\/wp-content\/uploads\/2022\/03\/WhatsApp-Image-2022-03-16-at-18.09.50.jpeg?fit=1000%2C670&ssl=1","datePublished":"2022-03-16T21:11:17+00:00","author":{"@id":"https:\/\/verdadeon.com.br\/portal\/#\/schema\/person\/cc32be22b8e8599387c480bc83e1d11a"},"breadcrumb":{"@id":"https:\/\/verdadeon.com.br\/portal\/2022\/03\/16\/retorno-da-expoagro-acende-expectativa-de-aquecimento-da-economia\/#breadcrumb"},"inLanguage":"pt-BR","potentialAction":[{"@type":"ReadAction","target":["https:\/\/verdadeon.com.br\/portal\/2022\/03\/16\/retorno-da-expoagro-acende-expectativa-de-aquecimento-da-economia\/"]}]},{"@type":"ImageObject","inLanguage":"pt-BR","@id":"https:\/\/verdadeon.com.br\/portal\/2022\/03\/16\/retorno-da-expoagro-acende-expectativa-de-aquecimento-da-economia\/#primaryimage","url":"https:\/\/i0.wp.com\/verdadeon.com.br\/portal\/wp-content\/uploads\/2022\/03\/WhatsApp-Image-2022-03-16-at-18.09.50.jpeg?fit=1000%2C670&ssl=1","contentUrl":"https:\/\/i0.wp.com\/verdadeon.com.br\/portal\/wp-content\/uploads\/2022\/03\/WhatsApp-Image-2022-03-16-at-18.09.50.jpeg?fit=1000%2C670&ssl=1","width":1000,"height":670,"caption":"Parte t\u00e9cnica da exposi\u00e7\u00e3o iniciar\u00e1 no dia 8 de maio."},{"@type":"BreadcrumbList","@id":"https:\/\/verdadeon.com.br\/portal\/2022\/03\/16\/retorno-da-expoagro-acende-expectativa-de-aquecimento-da-economia\/#breadcrumb","itemListElement":[{"@type":"ListItem","position":1,"name":"In\u00edcio","item":"https:\/\/verdadeon.com.br\/portal\/"},{"@type":"ListItem","position":2,"name":"Retorno da Expoagro acende expectativa de aquecimento da economia"}]},{"@type":"WebSite","@id":"https:\/\/verdadeon.com.br\/portal\/#website","url":"https:\/\/verdadeon.com.br\/portal\/","name":"VerdadeOn","description":"Not\u00edcias di\u00e1rias sobre Franca, Regi\u00e3o, Esporte, Cultura, Cotidiano, Colunas. Cobertura nos principais eventos da cidade \u00e9 aqui - Verdadeon Franca","potentialAction":[{"@type":"SearchAction","target":{"@type":"EntryPoint","urlTemplate":"https:\/\/verdadeon.com.br\/portal\/?s={search_term_string}"},"query-input":{"@type":"PropertyValueSpecification","valueRequired":true,"valueName":"search_term_string"}}],"inLanguage":"pt-BR"},{"@type":"Person","@id":"https:\/\/verdadeon.com.br\/portal\/#\/schema\/person\/cc32be22b8e8599387c480bc83e1d11a","name":"Fernando Lima","image":{"@type":"ImageObject","inLanguage":"pt-BR","@id":"https:\/\/verdadeon.com.br\/portal\/#\/schema\/person\/image\/","url":"https:\/\/secure.gravatar.com\/avatar\/df4c8e132080d2b3a4841d5d232045464e0eed11a1d6e43115ca0843d48768d3?s=96&d=mm&r=g","contentUrl":"https:\/\/secure.gravatar.com\/avatar\/df4c8e132080d2b3a4841d5d232045464e0eed11a1d6e43115ca0843d48768d3?s=96&d=mm&r=g","caption":"Fernando Lima"},"sameAs":["http:\/\/verdadeon.com.br\/"],"url":"https:\/\/verdadeon.com.br\/portal\/author\/fernando-lima\/"}]}},"jetpack_publicize_connections":[],"jetpack_featured_media_url":"https:\/\/i0.wp.com\/verdadeon.com.br\/portal\/wp-content\/uploads\/2022\/03\/WhatsApp-Image-2022-03-16-at-18.09.50.jpeg?fit=1000%2C670&ssl=1","jetpack_sharing_enabled":true,"_links":{"self":[{"href":"https:\/\/verdadeon.com.br\/portal\/wp-json\/wp\/v2\/posts\/23758","targetHints":{"allow":["GET"]}}],"collection":[{"href":"https:\/\/verdadeon.com.br\/portal\/wp-json\/wp\/v2\/posts"}],"about":[{"href":"https:\/\/verdadeon.com.br\/portal\/wp-json\/wp\/v2\/types\/post"}],"author":[{"embeddable":true,"href":"https:\/\/verdadeon.com.br\/portal\/wp-json\/wp\/v2\/users\/7"}],"replies":[{"embeddable":true,"href":"https:\/\/verdadeon.com.br\/portal\/wp-json\/wp\/v2\/comments?post=23758"}],"version-history":[{"count":1,"href":"https:\/\/verdadeon.com.br\/portal\/wp-json\/wp\/v2\/posts\/23758\/revisions"}],"predecessor-version":[{"id":23770,"href":"https:\/\/verdadeon.com.br\/portal\/wp-json\/wp\/v2\/posts\/23758\/revisions\/23770"}],"wp:featuredmedia":[{"embeddable":true,"href":"https:\/\/verdadeon.com.br\/portal\/wp-json\/wp\/v2\/media\/23769"}],"wp:attachment":[{"href":"https:\/\/verdadeon.com.br\/portal\/wp-json\/wp\/v2\/media?parent=23758"}],"wp:term":[{"taxonomy":"category","embeddable":true,"href":"https:\/\/verdadeon.com.br\/portal\/wp-json\/wp\/v2\/categories?post=23758"},{"taxonomy":"post_tag","embeddable":true,"href":"https:\/\/verdadeon.com.br\/portal\/wp-json\/wp\/v2\/tags?post=23758"}],"curies":[{"name":"wp","href":"https:\/\/api.w.org\/{rel}","templated":true}]}}