{"id":23738,"date":"2022-03-15T19:03:01","date_gmt":"2022-03-15T22:03:01","guid":{"rendered":"https:\/\/verdadeon.com.br\/portal\/?p=23738"},"modified":"2022-03-15T19:03:01","modified_gmt":"2022-03-15T22:03:01","slug":"leilao-coloca-18-animais-de-grande-porte-a-venda-no-canil-no-dia-18","status":"publish","type":"post","link":"https:\/\/verdadeon.com.br\/portal\/2022\/03\/15\/leilao-coloca-18-animais-de-grande-porte-a-venda-no-canil-no-dia-18\/","title":{"rendered":"Leil\u00e3o coloca 18 animais de grande porte \u00e0 venda no Canil no dia 18"},"content":{"rendered":"<h2>Segundo leil\u00e3o deste ano ter\u00e1 14 equinos e 4 muares, com lances a partir de R$ 100<\/h2>\n<p>&nbsp;<\/p>\n<p><span style=\"font-weight: 400;\">O Canil Municipal de Franca realizar\u00e1 mais um Leil\u00e3o de animais de grande porte, com 14 equinos e 4 muares \u00e0 venda, na pr\u00f3xima sexta-feira, dia 18 de mar\u00e7o, \u00e0s 9h30. Essa \u00e9 a segunda edi\u00e7\u00e3o deste ano.<\/span><\/p>\n<p><span style=\"font-weight: 400;\">Os interessados poder\u00e3o dar lances a partir de R$ 100; o valor final dos animais arrematados varia, mas, segundo Eduardo Garcia, diretor do Canil Municipal, foram vendidos em m\u00e9dia por R$ 500 cada. Os valores arrecadados s\u00e3o revertidos aos cofres municipais.<\/span><\/p>\n<p><span style=\"font-weight: 400;\">Os animais que ser\u00e3o leiloados foram apreendidos em vias p\u00fablicas, \u00e1reas de preserva\u00e7\u00e3o ambiental ou v\u00edtimas de maus tratos.<\/span><\/p>\n<p><span style=\"font-weight: 400;\">O Canil Municipal fica na Rua Jos\u00e9 Gianesella, 415, Bairro City Petr\u00f3polis. Mais informa\u00e7\u00f5es podem ser obtidas pelo telefone (16) 3703-9389.<\/span><\/p>\n<p>&nbsp;<\/p>\n","protected":false},"excerpt":{"rendered":"<p>Segundo leil\u00e3o deste ano ter\u00e1 14 equinos e 4 muares, com lances a partir de R$ 100 &nbsp; O Canil Municipal de Franca realizar\u00e1 mais um<span class=\"excerpt-hellip\"> [\u2026]<\/span><\/p>\n","protected":false},"author":12,"featured_media":23741,"comment_status":"open","ping_status":"open","sticky":false,"template":"","format":"standard","meta":{"_jetpack_memberships_contains_paid_content":false,"footnotes":"","jetpack_publicize_message":"","jetpack_publicize_feature_enabled":true,"jetpack_social_post_already_shared":false,"jetpack_social_options":{"image_generator_settings":{"template":"highway","default_image_id":0,"enabled":false},"version":2}},"categories":[28,44],"tags":[],"class_list":["post-23738","post","type-post","status-publish","format-standard","has-post-thumbnail","hentry","category-cotidiano","category-noticias"],"yoast_head":"<!-- This site is optimized with the Yoast SEO plugin v25.6 - https:\/\/yoast.com\/wordpress\/plugins\/seo\/ -->\n<title>Leil\u00e3o coloca 18 animais de grande porte \u00e0 venda no Canil no dia 18 - VerdadeOn<\/title>\n<meta name=\"robots\" content=\"index, follow, max-snippet:-1, max-image-preview:large, max-video-preview:-1\" \/>\n<link rel=\"canonical\" href=\"https:\/\/verdadeon.com.br\/portal\/2022\/03\/15\/leilao-coloca-18-animais-de-grande-porte-a-venda-no-canil-no-dia-18\/\" \/>\n<meta property=\"og:locale\" content=\"pt_BR\" \/>\n<meta property=\"og:type\" content=\"article\" \/>\n<meta property=\"og:title\" content=\"Leil\u00e3o coloca 18 animais de grande porte \u00e0 venda no Canil no dia 18 - VerdadeOn\" \/>\n<meta property=\"og:description\" content=\"Segundo leil\u00e3o deste ano ter\u00e1 14 equinos e 4 muares, com lances a partir de R$ 100 &nbsp; O Canil Municipal de Franca realizar\u00e1 mais um [\u2026]\" \/>\n<meta property=\"og:url\" content=\"https:\/\/verdadeon.com.br\/portal\/2022\/03\/15\/leilao-coloca-18-animais-de-grande-porte-a-venda-no-canil-no-dia-18\/\" \/>\n<meta property=\"og:site_name\" content=\"VerdadeOn\" \/>\n<meta property=\"article:published_time\" content=\"2022-03-15T22:03:01+00:00\" \/>\n<meta property=\"og:image\" content=\"https:\/\/verdadeon.com.br\/portal\/wp-content\/uploads\/2022\/03\/WhatsApp-Image-2022-03-15-at-18.58.41.jpeg\" \/>\n\t<meta property=\"og:image:width\" content=\"1000\" \/>\n\t<meta property=\"og:image:height\" content=\"670\" \/>\n\t<meta property=\"og:image:type\" content=\"image\/jpeg\" \/>\n<meta name=\"author\" content=\"Nelise Luques\" \/>\n<meta name=\"twitter:card\" content=\"summary_large_image\" \/>\n<meta name=\"twitter:label1\" content=\"Escrito por\" \/>\n\t<meta name=\"twitter:data1\" content=\"Nelise Luques\" \/>\n\t<meta name=\"twitter:label2\" content=\"Est. tempo de leitura\" \/>\n\t<meta name=\"twitter:data2\" content=\"1 minuto\" \/>\n<script type=\"application\/ld+json\" class=\"yoast-schema-graph\">{\"@context\":\"https:\/\/schema.org\",\"@graph\":[{\"@type\":\"WebPage\",\"@id\":\"https:\/\/verdadeon.com.br\/portal\/2022\/03\/15\/leilao-coloca-18-animais-de-grande-porte-a-venda-no-canil-no-dia-18\/\",\"url\":\"https:\/\/verdadeon.com.br\/portal\/2022\/03\/15\/leilao-coloca-18-animais-de-grande-porte-a-venda-no-canil-no-dia-18\/\",\"name\":\"Leil\u00e3o coloca 18 animais de grande porte \u00e0 venda no Canil no dia 18 - VerdadeOn\",\"isPartOf\":{\"@id\":\"https:\/\/verdadeon.com.br\/portal\/#website\"},\"primaryImageOfPage\":{\"@id\":\"https:\/\/verdadeon.com.br\/portal\/2022\/03\/15\/leilao-coloca-18-animais-de-grande-porte-a-venda-no-canil-no-dia-18\/#primaryimage\"},\"image\":{\"@id\":\"https:\/\/verdadeon.com.br\/portal\/2022\/03\/15\/leilao-coloca-18-animais-de-grande-porte-a-venda-no-canil-no-dia-18\/#primaryimage\"},\"thumbnailUrl\":\"https:\/\/i0.wp.com\/verdadeon.com.br\/portal\/wp-content\/uploads\/2022\/03\/WhatsApp-Image-2022-03-15-at-18.58.41.jpeg?fit=1000%2C670&ssl=1\",\"datePublished\":\"2022-03-15T22:03:01+00:00\",\"author\":{\"@id\":\"https:\/\/verdadeon.com.br\/portal\/#\/schema\/person\/8248726d36015c1916636fabb175d972\"},\"breadcrumb\":{\"@id\":\"https:\/\/verdadeon.com.br\/portal\/2022\/03\/15\/leilao-coloca-18-animais-de-grande-porte-a-venda-no-canil-no-dia-18\/#breadcrumb\"},\"inLanguage\":\"pt-BR\",\"potentialAction\":[{\"@type\":\"ReadAction\",\"target\":[\"https:\/\/verdadeon.com.br\/portal\/2022\/03\/15\/leilao-coloca-18-animais-de-grande-porte-a-venda-no-canil-no-dia-18\/\"]}]},{\"@type\":\"ImageObject\",\"inLanguage\":\"pt-BR\",\"@id\":\"https:\/\/verdadeon.com.br\/portal\/2022\/03\/15\/leilao-coloca-18-animais-de-grande-porte-a-venda-no-canil-no-dia-18\/#primaryimage\",\"url\":\"https:\/\/i0.wp.com\/verdadeon.com.br\/portal\/wp-content\/uploads\/2022\/03\/WhatsApp-Image-2022-03-15-at-18.58.41.jpeg?fit=1000%2C670&ssl=1\",\"contentUrl\":\"https:\/\/i0.wp.com\/verdadeon.com.br\/portal\/wp-content\/uploads\/2022\/03\/WhatsApp-Image-2022-03-15-at-18.58.41.jpeg?fit=1000%2C670&ssl=1\",\"width\":1000,\"height\":670,\"caption\":\"Imagem de arquivo mostra animais que j\u00e1 foram leiloados neste ano pelo Canil Municipal de Franca | Foto: Divulga\u00e7\u00e3o\"},{\"@type\":\"BreadcrumbList\",\"@id\":\"https:\/\/verdadeon.com.br\/portal\/2022\/03\/15\/leilao-coloca-18-animais-de-grande-porte-a-venda-no-canil-no-dia-18\/#breadcrumb\",\"itemListElement\":[{\"@type\":\"ListItem\",\"position\":1,\"name\":\"In\u00edcio\",\"item\":\"https:\/\/verdadeon.com.br\/portal\/\"},{\"@type\":\"ListItem\",\"position\":2,\"name\":\"Leil\u00e3o coloca 18 animais de grande porte \u00e0 venda no Canil no dia 18\"}]},{\"@type\":\"WebSite\",\"@id\":\"https:\/\/verdadeon.com.br\/portal\/#website\",\"url\":\"https:\/\/verdadeon.com.br\/portal\/\",\"name\":\"VerdadeOn\",\"description\":\"Not\u00edcias di\u00e1rias sobre Franca, Regi\u00e3o, Esporte, Cultura, Cotidiano, Colunas. Cobertura nos principais eventos da cidade \u00e9 aqui - Verdadeon Franca\",\"potentialAction\":[{\"@type\":\"SearchAction\",\"target\":{\"@type\":\"EntryPoint\",\"urlTemplate\":\"https:\/\/verdadeon.com.br\/portal\/?s={search_term_string}\"},\"query-input\":{\"@type\":\"PropertyValueSpecification\",\"valueRequired\":true,\"valueName\":\"search_term_string\"}}],\"inLanguage\":\"pt-BR\"},{\"@type\":\"Person\",\"@id\":\"https:\/\/verdadeon.com.br\/portal\/#\/schema\/person\/8248726d36015c1916636fabb175d972\",\"name\":\"Nelise Luques\",\"image\":{\"@type\":\"ImageObject\",\"inLanguage\":\"pt-BR\",\"@id\":\"https:\/\/verdadeon.com.br\/portal\/#\/schema\/person\/image\/\",\"url\":\"https:\/\/secure.gravatar.com\/avatar\/29b2a17f5bcadeb827411b66f48ac13c3e0ecaf5906c0f5745ecc5d41c24eada?s=96&d=mm&r=g\",\"contentUrl\":\"https:\/\/secure.gravatar.com\/avatar\/29b2a17f5bcadeb827411b66f48ac13c3e0ecaf5906c0f5745ecc5d41c24eada?s=96&d=mm&r=g\",\"caption\":\"Nelise Luques\"},\"url\":\"https:\/\/verdadeon.com.br\/portal\/author\/verdade\/\"}]}<\/script>\n<!-- \/ Yoast SEO plugin. -->","yoast_head_json":{"title":"Leil\u00e3o coloca 18 animais de grande porte \u00e0 venda no Canil no dia 18 - VerdadeOn","robots":{"index":"index","follow":"follow","max-snippet":"max-snippet:-1","max-image-preview":"max-image-preview:large","max-video-preview":"max-video-preview:-1"},"canonical":"https:\/\/verdadeon.com.br\/portal\/2022\/03\/15\/leilao-coloca-18-animais-de-grande-porte-a-venda-no-canil-no-dia-18\/","og_locale":"pt_BR","og_type":"article","og_title":"Leil\u00e3o coloca 18 animais de grande porte \u00e0 venda no Canil no dia 18 - VerdadeOn","og_description":"Segundo leil\u00e3o deste ano ter\u00e1 14 equinos e 4 muares, com lances a partir de R$ 100 &nbsp; O Canil Municipal de Franca realizar\u00e1 mais um [\u2026]","og_url":"https:\/\/verdadeon.com.br\/portal\/2022\/03\/15\/leilao-coloca-18-animais-de-grande-porte-a-venda-no-canil-no-dia-18\/","og_site_name":"VerdadeOn","article_published_time":"2022-03-15T22:03:01+00:00","og_image":[{"width":1000,"height":670,"url":"https:\/\/verdadeon.com.br\/portal\/wp-content\/uploads\/2022\/03\/WhatsApp-Image-2022-03-15-at-18.58.41.jpeg","type":"image\/jpeg"}],"author":"Nelise Luques","twitter_card":"summary_large_image","twitter_misc":{"Escrito por":"Nelise Luques","Est. tempo de leitura":"1 minuto"},"schema":{"@context":"https:\/\/schema.org","@graph":[{"@type":"WebPage","@id":"https:\/\/verdadeon.com.br\/portal\/2022\/03\/15\/leilao-coloca-18-animais-de-grande-porte-a-venda-no-canil-no-dia-18\/","url":"https:\/\/verdadeon.com.br\/portal\/2022\/03\/15\/leilao-coloca-18-animais-de-grande-porte-a-venda-no-canil-no-dia-18\/","name":"Leil\u00e3o coloca 18 animais de grande porte \u00e0 venda no Canil no dia 18 - VerdadeOn","isPartOf":{"@id":"https:\/\/verdadeon.com.br\/portal\/#website"},"primaryImageOfPage":{"@id":"https:\/\/verdadeon.com.br\/portal\/2022\/03\/15\/leilao-coloca-18-animais-de-grande-porte-a-venda-no-canil-no-dia-18\/#primaryimage"},"image":{"@id":"https:\/\/verdadeon.com.br\/portal\/2022\/03\/15\/leilao-coloca-18-animais-de-grande-porte-a-venda-no-canil-no-dia-18\/#primaryimage"},"thumbnailUrl":"https:\/\/i0.wp.com\/verdadeon.com.br\/portal\/wp-content\/uploads\/2022\/03\/WhatsApp-Image-2022-03-15-at-18.58.41.jpeg?fit=1000%2C670&ssl=1","datePublished":"2022-03-15T22:03:01+00:00","author":{"@id":"https:\/\/verdadeon.com.br\/portal\/#\/schema\/person\/8248726d36015c1916636fabb175d972"},"breadcrumb":{"@id":"https:\/\/verdadeon.com.br\/portal\/2022\/03\/15\/leilao-coloca-18-animais-de-grande-porte-a-venda-no-canil-no-dia-18\/#breadcrumb"},"inLanguage":"pt-BR","potentialAction":[{"@type":"ReadAction","target":["https:\/\/verdadeon.com.br\/portal\/2022\/03\/15\/leilao-coloca-18-animais-de-grande-porte-a-venda-no-canil-no-dia-18\/"]}]},{"@type":"ImageObject","inLanguage":"pt-BR","@id":"https:\/\/verdadeon.com.br\/portal\/2022\/03\/15\/leilao-coloca-18-animais-de-grande-porte-a-venda-no-canil-no-dia-18\/#primaryimage","url":"https:\/\/i0.wp.com\/verdadeon.com.br\/portal\/wp-content\/uploads\/2022\/03\/WhatsApp-Image-2022-03-15-at-18.58.41.jpeg?fit=1000%2C670&ssl=1","contentUrl":"https:\/\/i0.wp.com\/verdadeon.com.br\/portal\/wp-content\/uploads\/2022\/03\/WhatsApp-Image-2022-03-15-at-18.58.41.jpeg?fit=1000%2C670&ssl=1","width":1000,"height":670,"caption":"Imagem de arquivo mostra animais que j\u00e1 foram leiloados neste ano pelo Canil Municipal de Franca | Foto: Divulga\u00e7\u00e3o"},{"@type":"BreadcrumbList","@id":"https:\/\/verdadeon.com.br\/portal\/2022\/03\/15\/leilao-coloca-18-animais-de-grande-porte-a-venda-no-canil-no-dia-18\/#breadcrumb","itemListElement":[{"@type":"ListItem","position":1,"name":"In\u00edcio","item":"https:\/\/verdadeon.com.br\/portal\/"},{"@type":"ListItem","position":2,"name":"Leil\u00e3o coloca 18 animais de grande porte \u00e0 venda no Canil no dia 18"}]},{"@type":"WebSite","@id":"https:\/\/verdadeon.com.br\/portal\/#website","url":"https:\/\/verdadeon.com.br\/portal\/","name":"VerdadeOn","description":"Not\u00edcias di\u00e1rias sobre Franca, Regi\u00e3o, Esporte, Cultura, Cotidiano, Colunas. Cobertura nos principais eventos da cidade \u00e9 aqui - Verdadeon Franca","potentialAction":[{"@type":"SearchAction","target":{"@type":"EntryPoint","urlTemplate":"https:\/\/verdadeon.com.br\/portal\/?s={search_term_string}"},"query-input":{"@type":"PropertyValueSpecification","valueRequired":true,"valueName":"search_term_string"}}],"inLanguage":"pt-BR"},{"@type":"Person","@id":"https:\/\/verdadeon.com.br\/portal\/#\/schema\/person\/8248726d36015c1916636fabb175d972","name":"Nelise Luques","image":{"@type":"ImageObject","inLanguage":"pt-BR","@id":"https:\/\/verdadeon.com.br\/portal\/#\/schema\/person\/image\/","url":"https:\/\/secure.gravatar.com\/avatar\/29b2a17f5bcadeb827411b66f48ac13c3e0ecaf5906c0f5745ecc5d41c24eada?s=96&d=mm&r=g","contentUrl":"https:\/\/secure.gravatar.com\/avatar\/29b2a17f5bcadeb827411b66f48ac13c3e0ecaf5906c0f5745ecc5d41c24eada?s=96&d=mm&r=g","caption":"Nelise Luques"},"url":"https:\/\/verdadeon.com.br\/portal\/author\/verdade\/"}]}},"jetpack_publicize_connections":[],"jetpack_featured_media_url":"https:\/\/i0.wp.com\/verdadeon.com.br\/portal\/wp-content\/uploads\/2022\/03\/WhatsApp-Image-2022-03-15-at-18.58.41.jpeg?fit=1000%2C670&ssl=1","jetpack_sharing_enabled":true,"_links":{"self":[{"href":"https:\/\/verdadeon.com.br\/portal\/wp-json\/wp\/v2\/posts\/23738","targetHints":{"allow":["GET"]}}],"collection":[{"href":"https:\/\/verdadeon.com.br\/portal\/wp-json\/wp\/v2\/posts"}],"about":[{"href":"https:\/\/verdadeon.com.br\/portal\/wp-json\/wp\/v2\/types\/post"}],"author":[{"embeddable":true,"href":"https:\/\/verdadeon.com.br\/portal\/wp-json\/wp\/v2\/users\/12"}],"replies":[{"embeddable":true,"href":"https:\/\/verdadeon.com.br\/portal\/wp-json\/wp\/v2\/comments?post=23738"}],"version-history":[{"count":1,"href":"https:\/\/verdadeon.com.br\/portal\/wp-json\/wp\/v2\/posts\/23738\/revisions"}],"predecessor-version":[{"id":23742,"href":"https:\/\/verdadeon.com.br\/portal\/wp-json\/wp\/v2\/posts\/23738\/revisions\/23742"}],"wp:featuredmedia":[{"embeddable":true,"href":"https:\/\/verdadeon.com.br\/portal\/wp-json\/wp\/v2\/media\/23741"}],"wp:attachment":[{"href":"https:\/\/verdadeon.com.br\/portal\/wp-json\/wp\/v2\/media?parent=23738"}],"wp:term":[{"taxonomy":"category","embeddable":true,"href":"https:\/\/verdadeon.com.br\/portal\/wp-json\/wp\/v2\/categories?post=23738"},{"taxonomy":"post_tag","embeddable":true,"href":"https:\/\/verdadeon.com.br\/portal\/wp-json\/wp\/v2\/tags?post=23738"}],"curies":[{"name":"wp","href":"https:\/\/api.w.org\/{rel}","templated":true}]}}