{"id":23737,"date":"2022-03-15T18:51:33","date_gmt":"2022-03-15T21:51:33","guid":{"rendered":"https:\/\/verdadeon.com.br\/portal\/?p=23737"},"modified":"2022-03-15T18:51:33","modified_gmt":"2022-03-15T21:51:33","slug":"secretaria-de-seguranca-abre-12-vagas-para-taxistas-em-franca","status":"publish","type":"post","link":"https:\/\/verdadeon.com.br\/portal\/2022\/03\/15\/secretaria-de-seguranca-abre-12-vagas-para-taxistas-em-franca\/","title":{"rendered":"Secretaria de Seguran\u00e7a abre 12 vagas para taxistas em Franca"},"content":{"rendered":"<h2>Orienta\u00e7\u00e3o \u00e9 para as pessoas compare\u00e7am na secretaria de Seguran\u00e7a at\u00e9 1\u00b0 de abril com a documenta\u00e7\u00e3o necess\u00e1ria<\/h2>\n<div>A Secretaria de Seguran\u00e7a de Franca informou que est\u00e1 com 12 vagas dispon\u00edveis para taxistas, que est\u00e3o sendo chamados desde o ano passado, depois de uma pausa sem convoca\u00e7\u00f5es nos quatro anos anteriores. O edital publicado no \u00faltimo s\u00e1bado (12), no Di\u00e1rio Oficial, cont\u00e9m a rela\u00e7\u00e3o de 59 candidatos, dos quais 5 vagas para pessoas com defici\u00eancia.<\/div>\n<div>A orienta\u00e7\u00e3o \u00e9 para que essas pessoas, cuja rela\u00e7\u00e3o pode ser consultada na publica\u00e7\u00e3o (<a href=\"https:\/\/www.franca.sp.gov.br\/arquivos\/diario-oficial\/documentos\/1995-12032022.pdf\" target=\"_blank\" rel=\"noopener\" data-saferedirecturl=\"https:\/\/www.google.com\/url?q=https:\/\/www.franca.sp.gov.br\/arquivos\/diario-oficial\/documentos\/1995-12032022.pdf&amp;source=gmail&amp;ust=1647465163808000&amp;usg=AOvVaw04U32ROSoTVHZ6Bn2_pOY0\">https:\/\/www.franca.sp.gov.br\/<wbr \/>arquivos\/diario-oficial\/<wbr \/>documentos\/1995-12032022.pdf<\/a>), compare\u00e7am at\u00e9 o dia 1\u00ba de abril, na Secretaria de Seguran\u00e7a, para receberem a concess\u00e3o para a execu\u00e7\u00e3o do servi\u00e7o de t\u00e1xi. O endere\u00e7o \u00e9 Alameda Vicente Leporace, 4655, Parque dos Pinhais e o hor\u00e1rio de atendimento \u00e9 de segunda a sexta-feira, das 8h \u00e0s 16h.<\/div>\n<div>A Secretaria de Seguran\u00e7a alerta que os candidatos que deixarem de comparecer no prazo estabelecido, automaticamente, perder\u00e3o o direito a vaga e ser\u00e3o chamados os pr\u00f3ximos nomes que constarem da lista de espera. Pelos levantamentos realizados, existem em torno de 300 pessoas na lista aguardando. As 12 vagas dispon\u00edveis est\u00e3o situadas em pontos estrat\u00e9gicos da cidade, que demandam maior fluxo de p\u00fablico.<\/div>\n<h4>Documentos e provid\u00eancias<\/h4>\n<div>Com base o que diz a Lei 8.149\/2014, at\u00e9 o dia 1\u00ba de abril, os candidatos convocados devem providenciar e apresentar: inscri\u00e7\u00e3o junto \u00e0 Prefeitura; RG; CPF; CNH, com EAR (Exerce Atividade Remunerada); Antecedentes criminais (TJSP); Quita\u00e7\u00e3o eleitoral;\u00a0 Atestado m\u00e9dico; Laudo m\u00e9dico atestando defici\u00eancia para Taxista PCD (Pessoa com defici\u00eancia); Comprovante de endere\u00e7o; Ve\u00edculo com at\u00e9 12 anos de uso.<\/div>\n<div>Mais informa\u00e7\u00f5es poder\u00e3o ser obtidas atrav\u00e9s do e-mail\u00a0<a href=\"mailto:transportealternativo@franca.sp.gov.br\" target=\"_blank\" rel=\"noopener\">transportealternativo@franca.<wbr \/>sp.gov.br<\/a>\u00a0e telefone (16) 3711-9509.<\/div>\n","protected":false},"excerpt":{"rendered":"<p>Orienta\u00e7\u00e3o \u00e9 para as pessoas compare\u00e7am na secretaria de Seguran\u00e7a at\u00e9 1\u00b0 de abril com a documenta\u00e7\u00e3o necess\u00e1ria A Secretaria de Seguran\u00e7a de Franca informou que<span class=\"excerpt-hellip\"> [\u2026]<\/span><\/p>\n","protected":false},"author":7,"featured_media":19326,"comment_status":"open","ping_status":"open","sticky":false,"template":"","format":"standard","meta":{"_jetpack_memberships_contains_paid_content":false,"footnotes":"","jetpack_publicize_message":"","jetpack_publicize_feature_enabled":true,"jetpack_social_post_already_shared":false,"jetpack_social_options":{"image_generator_settings":{"template":"highway","default_image_id":0,"enabled":false},"version":2}},"categories":[28,44],"tags":[],"class_list":["post-23737","post","type-post","status-publish","format-standard","has-post-thumbnail","hentry","category-cotidiano","category-noticias"],"yoast_head":"<!-- This site is optimized with the Yoast SEO plugin v25.6 - https:\/\/yoast.com\/wordpress\/plugins\/seo\/ -->\n<title>Secretaria de Seguran\u00e7a abre 12 vagas para taxistas em Franca - VerdadeOn<\/title>\n<meta name=\"robots\" content=\"index, follow, max-snippet:-1, max-image-preview:large, max-video-preview:-1\" \/>\n<link rel=\"canonical\" href=\"https:\/\/verdadeon.com.br\/portal\/2022\/03\/15\/secretaria-de-seguranca-abre-12-vagas-para-taxistas-em-franca\/\" \/>\n<meta property=\"og:locale\" content=\"pt_BR\" \/>\n<meta property=\"og:type\" content=\"article\" \/>\n<meta property=\"og:title\" content=\"Secretaria de Seguran\u00e7a abre 12 vagas para taxistas em Franca - VerdadeOn\" \/>\n<meta property=\"og:description\" content=\"Orienta\u00e7\u00e3o \u00e9 para as pessoas compare\u00e7am na secretaria de Seguran\u00e7a at\u00e9 1\u00b0 de abril com a documenta\u00e7\u00e3o necess\u00e1ria A Secretaria de Seguran\u00e7a de Franca informou que [\u2026]\" \/>\n<meta property=\"og:url\" content=\"https:\/\/verdadeon.com.br\/portal\/2022\/03\/15\/secretaria-de-seguranca-abre-12-vagas-para-taxistas-em-franca\/\" \/>\n<meta property=\"og:site_name\" content=\"VerdadeOn\" \/>\n<meta property=\"article:published_time\" content=\"2022-03-15T21:51:33+00:00\" \/>\n<meta property=\"og:image\" content=\"https:\/\/verdadeon.com.br\/portal\/wp-content\/uploads\/2021\/09\/WhatsApp-Image-2021-09-03-at-16.28.11.jpeg\" \/>\n\t<meta property=\"og:image:width\" content=\"1600\" \/>\n\t<meta property=\"og:image:height\" content=\"800\" \/>\n\t<meta property=\"og:image:type\" content=\"image\/jpeg\" \/>\n<meta name=\"author\" content=\"Fernando Lima\" \/>\n<meta name=\"twitter:card\" content=\"summary_large_image\" \/>\n<meta name=\"twitter:label1\" content=\"Escrito por\" \/>\n\t<meta name=\"twitter:data1\" content=\"Fernando Lima\" \/>\n\t<meta name=\"twitter:label2\" content=\"Est. tempo de leitura\" \/>\n\t<meta name=\"twitter:data2\" content=\"2 minutos\" \/>\n<script type=\"application\/ld+json\" class=\"yoast-schema-graph\">{\"@context\":\"https:\/\/schema.org\",\"@graph\":[{\"@type\":\"WebPage\",\"@id\":\"https:\/\/verdadeon.com.br\/portal\/2022\/03\/15\/secretaria-de-seguranca-abre-12-vagas-para-taxistas-em-franca\/\",\"url\":\"https:\/\/verdadeon.com.br\/portal\/2022\/03\/15\/secretaria-de-seguranca-abre-12-vagas-para-taxistas-em-franca\/\",\"name\":\"Secretaria de Seguran\u00e7a abre 12 vagas para taxistas em Franca - VerdadeOn\",\"isPartOf\":{\"@id\":\"https:\/\/verdadeon.com.br\/portal\/#website\"},\"primaryImageOfPage\":{\"@id\":\"https:\/\/verdadeon.com.br\/portal\/2022\/03\/15\/secretaria-de-seguranca-abre-12-vagas-para-taxistas-em-franca\/#primaryimage\"},\"image\":{\"@id\":\"https:\/\/verdadeon.com.br\/portal\/2022\/03\/15\/secretaria-de-seguranca-abre-12-vagas-para-taxistas-em-franca\/#primaryimage\"},\"thumbnailUrl\":\"https:\/\/i0.wp.com\/verdadeon.com.br\/portal\/wp-content\/uploads\/2021\/09\/WhatsApp-Image-2021-09-03-at-16.28.11.jpeg?fit=1600%2C800&ssl=1\",\"datePublished\":\"2022-03-15T21:51:33+00:00\",\"author\":{\"@id\":\"https:\/\/verdadeon.com.br\/portal\/#\/schema\/person\/cc32be22b8e8599387c480bc83e1d11a\"},\"breadcrumb\":{\"@id\":\"https:\/\/verdadeon.com.br\/portal\/2022\/03\/15\/secretaria-de-seguranca-abre-12-vagas-para-taxistas-em-franca\/#breadcrumb\"},\"inLanguage\":\"pt-BR\",\"potentialAction\":[{\"@type\":\"ReadAction\",\"target\":[\"https:\/\/verdadeon.com.br\/portal\/2022\/03\/15\/secretaria-de-seguranca-abre-12-vagas-para-taxistas-em-franca\/\"]}]},{\"@type\":\"ImageObject\",\"inLanguage\":\"pt-BR\",\"@id\":\"https:\/\/verdadeon.com.br\/portal\/2022\/03\/15\/secretaria-de-seguranca-abre-12-vagas-para-taxistas-em-franca\/#primaryimage\",\"url\":\"https:\/\/i0.wp.com\/verdadeon.com.br\/portal\/wp-content\/uploads\/2021\/09\/WhatsApp-Image-2021-09-03-at-16.28.11.jpeg?fit=1600%2C800&ssl=1\",\"contentUrl\":\"https:\/\/i0.wp.com\/verdadeon.com.br\/portal\/wp-content\/uploads\/2021\/09\/WhatsApp-Image-2021-09-03-at-16.28.11.jpeg?fit=1600%2C800&ssl=1\",\"width\":1600,\"height\":800,\"caption\":\"Movimento maior deve ser registrado a partir desta quarta-feira, na rodovi\u00e1ria de Franca | Foto: Fernando Lima \/ Jornal Verdade\"},{\"@type\":\"BreadcrumbList\",\"@id\":\"https:\/\/verdadeon.com.br\/portal\/2022\/03\/15\/secretaria-de-seguranca-abre-12-vagas-para-taxistas-em-franca\/#breadcrumb\",\"itemListElement\":[{\"@type\":\"ListItem\",\"position\":1,\"name\":\"In\u00edcio\",\"item\":\"https:\/\/verdadeon.com.br\/portal\/\"},{\"@type\":\"ListItem\",\"position\":2,\"name\":\"Secretaria de Seguran\u00e7a abre 12 vagas para taxistas em Franca\"}]},{\"@type\":\"WebSite\",\"@id\":\"https:\/\/verdadeon.com.br\/portal\/#website\",\"url\":\"https:\/\/verdadeon.com.br\/portal\/\",\"name\":\"VerdadeOn\",\"description\":\"Not\u00edcias di\u00e1rias sobre Franca, Regi\u00e3o, Esporte, Cultura, Cotidiano, Colunas. Cobertura nos principais eventos da cidade \u00e9 aqui - Verdadeon Franca\",\"potentialAction\":[{\"@type\":\"SearchAction\",\"target\":{\"@type\":\"EntryPoint\",\"urlTemplate\":\"https:\/\/verdadeon.com.br\/portal\/?s={search_term_string}\"},\"query-input\":{\"@type\":\"PropertyValueSpecification\",\"valueRequired\":true,\"valueName\":\"search_term_string\"}}],\"inLanguage\":\"pt-BR\"},{\"@type\":\"Person\",\"@id\":\"https:\/\/verdadeon.com.br\/portal\/#\/schema\/person\/cc32be22b8e8599387c480bc83e1d11a\",\"name\":\"Fernando Lima\",\"image\":{\"@type\":\"ImageObject\",\"inLanguage\":\"pt-BR\",\"@id\":\"https:\/\/verdadeon.com.br\/portal\/#\/schema\/person\/image\/\",\"url\":\"https:\/\/secure.gravatar.com\/avatar\/df4c8e132080d2b3a4841d5d232045464e0eed11a1d6e43115ca0843d48768d3?s=96&d=mm&r=g\",\"contentUrl\":\"https:\/\/secure.gravatar.com\/avatar\/df4c8e132080d2b3a4841d5d232045464e0eed11a1d6e43115ca0843d48768d3?s=96&d=mm&r=g\",\"caption\":\"Fernando Lima\"},\"sameAs\":[\"http:\/\/verdadeon.com.br\/\"],\"url\":\"https:\/\/verdadeon.com.br\/portal\/author\/fernando-lima\/\"}]}<\/script>\n<!-- \/ Yoast SEO plugin. -->","yoast_head_json":{"title":"Secretaria de Seguran\u00e7a abre 12 vagas para taxistas em Franca - VerdadeOn","robots":{"index":"index","follow":"follow","max-snippet":"max-snippet:-1","max-image-preview":"max-image-preview:large","max-video-preview":"max-video-preview:-1"},"canonical":"https:\/\/verdadeon.com.br\/portal\/2022\/03\/15\/secretaria-de-seguranca-abre-12-vagas-para-taxistas-em-franca\/","og_locale":"pt_BR","og_type":"article","og_title":"Secretaria de Seguran\u00e7a abre 12 vagas para taxistas em Franca - VerdadeOn","og_description":"Orienta\u00e7\u00e3o \u00e9 para as pessoas compare\u00e7am na secretaria de Seguran\u00e7a at\u00e9 1\u00b0 de abril com a documenta\u00e7\u00e3o necess\u00e1ria A Secretaria de Seguran\u00e7a de Franca informou que [\u2026]","og_url":"https:\/\/verdadeon.com.br\/portal\/2022\/03\/15\/secretaria-de-seguranca-abre-12-vagas-para-taxistas-em-franca\/","og_site_name":"VerdadeOn","article_published_time":"2022-03-15T21:51:33+00:00","og_image":[{"width":1600,"height":800,"url":"https:\/\/verdadeon.com.br\/portal\/wp-content\/uploads\/2021\/09\/WhatsApp-Image-2021-09-03-at-16.28.11.jpeg","type":"image\/jpeg"}],"author":"Fernando Lima","twitter_card":"summary_large_image","twitter_misc":{"Escrito por":"Fernando Lima","Est. tempo de leitura":"2 minutos"},"schema":{"@context":"https:\/\/schema.org","@graph":[{"@type":"WebPage","@id":"https:\/\/verdadeon.com.br\/portal\/2022\/03\/15\/secretaria-de-seguranca-abre-12-vagas-para-taxistas-em-franca\/","url":"https:\/\/verdadeon.com.br\/portal\/2022\/03\/15\/secretaria-de-seguranca-abre-12-vagas-para-taxistas-em-franca\/","name":"Secretaria de Seguran\u00e7a abre 12 vagas para taxistas em Franca - VerdadeOn","isPartOf":{"@id":"https:\/\/verdadeon.com.br\/portal\/#website"},"primaryImageOfPage":{"@id":"https:\/\/verdadeon.com.br\/portal\/2022\/03\/15\/secretaria-de-seguranca-abre-12-vagas-para-taxistas-em-franca\/#primaryimage"},"image":{"@id":"https:\/\/verdadeon.com.br\/portal\/2022\/03\/15\/secretaria-de-seguranca-abre-12-vagas-para-taxistas-em-franca\/#primaryimage"},"thumbnailUrl":"https:\/\/i0.wp.com\/verdadeon.com.br\/portal\/wp-content\/uploads\/2021\/09\/WhatsApp-Image-2021-09-03-at-16.28.11.jpeg?fit=1600%2C800&ssl=1","datePublished":"2022-03-15T21:51:33+00:00","author":{"@id":"https:\/\/verdadeon.com.br\/portal\/#\/schema\/person\/cc32be22b8e8599387c480bc83e1d11a"},"breadcrumb":{"@id":"https:\/\/verdadeon.com.br\/portal\/2022\/03\/15\/secretaria-de-seguranca-abre-12-vagas-para-taxistas-em-franca\/#breadcrumb"},"inLanguage":"pt-BR","potentialAction":[{"@type":"ReadAction","target":["https:\/\/verdadeon.com.br\/portal\/2022\/03\/15\/secretaria-de-seguranca-abre-12-vagas-para-taxistas-em-franca\/"]}]},{"@type":"ImageObject","inLanguage":"pt-BR","@id":"https:\/\/verdadeon.com.br\/portal\/2022\/03\/15\/secretaria-de-seguranca-abre-12-vagas-para-taxistas-em-franca\/#primaryimage","url":"https:\/\/i0.wp.com\/verdadeon.com.br\/portal\/wp-content\/uploads\/2021\/09\/WhatsApp-Image-2021-09-03-at-16.28.11.jpeg?fit=1600%2C800&ssl=1","contentUrl":"https:\/\/i0.wp.com\/verdadeon.com.br\/portal\/wp-content\/uploads\/2021\/09\/WhatsApp-Image-2021-09-03-at-16.28.11.jpeg?fit=1600%2C800&ssl=1","width":1600,"height":800,"caption":"Movimento maior deve ser registrado a partir desta quarta-feira, na rodovi\u00e1ria de Franca | Foto: Fernando Lima \/ Jornal Verdade"},{"@type":"BreadcrumbList","@id":"https:\/\/verdadeon.com.br\/portal\/2022\/03\/15\/secretaria-de-seguranca-abre-12-vagas-para-taxistas-em-franca\/#breadcrumb","itemListElement":[{"@type":"ListItem","position":1,"name":"In\u00edcio","item":"https:\/\/verdadeon.com.br\/portal\/"},{"@type":"ListItem","position":2,"name":"Secretaria de Seguran\u00e7a abre 12 vagas para taxistas em Franca"}]},{"@type":"WebSite","@id":"https:\/\/verdadeon.com.br\/portal\/#website","url":"https:\/\/verdadeon.com.br\/portal\/","name":"VerdadeOn","description":"Not\u00edcias di\u00e1rias sobre Franca, Regi\u00e3o, Esporte, Cultura, Cotidiano, Colunas. Cobertura nos principais eventos da cidade \u00e9 aqui - Verdadeon Franca","potentialAction":[{"@type":"SearchAction","target":{"@type":"EntryPoint","urlTemplate":"https:\/\/verdadeon.com.br\/portal\/?s={search_term_string}"},"query-input":{"@type":"PropertyValueSpecification","valueRequired":true,"valueName":"search_term_string"}}],"inLanguage":"pt-BR"},{"@type":"Person","@id":"https:\/\/verdadeon.com.br\/portal\/#\/schema\/person\/cc32be22b8e8599387c480bc83e1d11a","name":"Fernando Lima","image":{"@type":"ImageObject","inLanguage":"pt-BR","@id":"https:\/\/verdadeon.com.br\/portal\/#\/schema\/person\/image\/","url":"https:\/\/secure.gravatar.com\/avatar\/df4c8e132080d2b3a4841d5d232045464e0eed11a1d6e43115ca0843d48768d3?s=96&d=mm&r=g","contentUrl":"https:\/\/secure.gravatar.com\/avatar\/df4c8e132080d2b3a4841d5d232045464e0eed11a1d6e43115ca0843d48768d3?s=96&d=mm&r=g","caption":"Fernando Lima"},"sameAs":["http:\/\/verdadeon.com.br\/"],"url":"https:\/\/verdadeon.com.br\/portal\/author\/fernando-lima\/"}]}},"jetpack_publicize_connections":[],"jetpack_featured_media_url":"https:\/\/i0.wp.com\/verdadeon.com.br\/portal\/wp-content\/uploads\/2021\/09\/WhatsApp-Image-2021-09-03-at-16.28.11.jpeg?fit=1600%2C800&ssl=1","jetpack_sharing_enabled":true,"_links":{"self":[{"href":"https:\/\/verdadeon.com.br\/portal\/wp-json\/wp\/v2\/posts\/23737","targetHints":{"allow":["GET"]}}],"collection":[{"href":"https:\/\/verdadeon.com.br\/portal\/wp-json\/wp\/v2\/posts"}],"about":[{"href":"https:\/\/verdadeon.com.br\/portal\/wp-json\/wp\/v2\/types\/post"}],"author":[{"embeddable":true,"href":"https:\/\/verdadeon.com.br\/portal\/wp-json\/wp\/v2\/users\/7"}],"replies":[{"embeddable":true,"href":"https:\/\/verdadeon.com.br\/portal\/wp-json\/wp\/v2\/comments?post=23737"}],"version-history":[{"count":1,"href":"https:\/\/verdadeon.com.br\/portal\/wp-json\/wp\/v2\/posts\/23737\/revisions"}],"predecessor-version":[{"id":23739,"href":"https:\/\/verdadeon.com.br\/portal\/wp-json\/wp\/v2\/posts\/23737\/revisions\/23739"}],"wp:featuredmedia":[{"embeddable":true,"href":"https:\/\/verdadeon.com.br\/portal\/wp-json\/wp\/v2\/media\/19326"}],"wp:attachment":[{"href":"https:\/\/verdadeon.com.br\/portal\/wp-json\/wp\/v2\/media?parent=23737"}],"wp:term":[{"taxonomy":"category","embeddable":true,"href":"https:\/\/verdadeon.com.br\/portal\/wp-json\/wp\/v2\/categories?post=23737"},{"taxonomy":"post_tag","embeddable":true,"href":"https:\/\/verdadeon.com.br\/portal\/wp-json\/wp\/v2\/tags?post=23737"}],"curies":[{"name":"wp","href":"https:\/\/api.w.org\/{rel}","templated":true}]}}