{"id":23734,"date":"2022-03-15T18:17:58","date_gmt":"2022-03-15T21:17:58","guid":{"rendered":"https:\/\/verdadeon.com.br\/portal\/?p=23734"},"modified":"2022-03-15T18:17:58","modified_gmt":"2022-03-15T21:17:58","slug":"camara-de-franca-aprova-reajuste-salarial-de-servidores","status":"publish","type":"post","link":"https:\/\/verdadeon.com.br\/portal\/2022\/03\/15\/camara-de-franca-aprova-reajuste-salarial-de-servidores\/","title":{"rendered":"C\u00e2mara de Franca aprova reajuste salarial de servidores"},"content":{"rendered":"<h2>Mat\u00e9ria foi aprovada ap\u00f3s sindicato e prefeitura chegarem em acordo depois de assembleia na \u00faltima semana<\/h2>\n<p>A C\u00e2mara Municipal de Franca, aprovou em regime de urg\u00eancia, o projeto de lei que reajusta o sal\u00e1rio dos servidores p\u00fablicos, em 14,60%. &#8220;Conforme levantamentos realizados pela Secretaria Municipal de Finan\u00e7as, constatou-se que a capacidade de pagamento da Administra\u00e7\u00e3o Municipal em rela\u00e7\u00e3o \u00e0 de reposi\u00e7\u00f5es inflacion\u00e1rias dos sal\u00e1rios de seus servidores p\u00fablicos, para o ano de 2022, est\u00e1 em 14,60%. Tamb\u00e9m verificou a possibilidade de pagamento de Cart\u00e3o Alimenta\u00e7\u00e3o no valor de R$ 770, a ser concedido por m\u00eas e por servidor, de maio de 2022 a abril de 2023. No mesmo sentido, verificou-se a possibilidade de pagamento do Abono Escolar no valor de R$ 316&#8221;, justificou a prefeitura.<\/p>\n<p>Tamb\u00e9m em urg\u00eancia, os parlamentares aprovaram o\u00a0Projeto de Lei Ordin\u00e1ria n\u00ba 32 de 2022\u00a0sobre a reaplica\u00e7\u00e3o dos \u00edndices de revis\u00e3o geral anual e reajuste concedidos pelo Poder Executivo, aos servidores do Poder Legislativo Francano.<\/p>\n<h4>Vereadores votam repasse de verbas para Funda\u00e7\u00e3o Allan Kardec e APAE<\/h4>\n<p>Foi aprovado tamb\u00e9m o texto que autoriza o Poder Executivo celebrar Termos de Fomento com a Associa\u00e7\u00e3o de Pais e Amigos dos Excepcionais de Franca, e com a Funda\u00e7\u00e3o Espirita Allan Kardec.\u00a0O tema foi debatido e teve parecer favor\u00e1vel na reuni\u00e3o de Comiss\u00f5es, e ser\u00e3o repassados para a APAE o valor de R$ 300.454,00, destinada \u00e0s despesas de custeio dos servi\u00e7os de assist\u00eancia \u00e0 sa\u00fade no Centro Especializado em Reabilita\u00e7\u00e3o &#8211; CER II. Os recursos s\u00e3o de origem de transfer\u00eancias vinculadas \u00e0 Emendas Parlamentares da Uni\u00e3o, conforme Portarias do Minist\u00e9rio da Sa\u00fade n\u00ba 728 de 06 de abril de 2020, no valor de R$ 200.454,00, e n\u00ba 680 de 2 de abril de 2020 no valor de R$ 100 mil.<\/p>\n<p>J\u00e1 para a Funda\u00e7\u00e3o Espirita Allan Kardec, ser\u00e3o repassados R$ 800 mil, destinados a complementa\u00e7\u00e3o do custeio de unidade de aten\u00e7\u00e3o especializada em sa\u00fade. Os recursos s\u00e3o de origem de transfer\u00eancias vinculadas \u00e0 Emendas Parlamentares da Uni\u00e3o.<\/p>\n<h4>C\u00e2mara aprova verbas de R$ 3,1 milh\u00e3o para servi\u00e7os de acolhimento em Franca<\/h4>\n<p>Tamb\u00e9m foi aprovado em Plen\u00e1rio, o Projeto de Lei Ordin\u00e1ria que autoriza a abertura de cr\u00e9ditos adicionais no Or\u00e7amento, no valor total de R$ 3.120.317,00.<\/p>\n<p>O prefeito argumentou que os recursos ser\u00e3o destinados para o \u2018Servi\u00e7o de Acolhimento em Abrigo Institucional e Casa de Passagem, no valor de R$ 1.310.000,00;\u00a0 Servi\u00e7o de Prote\u00e7\u00e3o Social Especial de M\u00e9dia Complexidade &#8211; Abordagem Social, no valor de R$ 544.720,00 e Servi\u00e7o de Acolhimento Noturno e Diurno 24h, no valor de R$ 1.265.597,00\u2019.<\/p>\n<p>Ainda de autoria do prefeito, os vereadores aprovaram o Projeto de Lei, que autoriza a abertura de cr\u00e9dito adicional no Or\u00e7amento Fiscal do ano de 2022, no valor de R$ 500.000,00.\u00a0Trata-se da proposta da cria\u00e7\u00e3o do Programa de Prote\u00e7\u00e3o, Apoio e Defesa em Raz\u00e3o de Viol\u00eancia.<\/p>\n<p>O Programa N\u00facleo Reconhecer ter\u00e1 o objetivo de estudar, esclarecer e criar possibilidades de acesso para minimizar os danos causados pelos v\u00e1rios tipos de viol\u00eancia, sexual, moral e ps\u00edquica. A nova unidade ir\u00e1 acolher, tratar e cuidar, al\u00e9m de vigiar toda a rede de servi\u00e7os oferecidos para verificar se o tratamento indicado est\u00e1 correto, envolvendo todas as \u00e1reas da Prefeitura.<\/p>\n<p>A Prefeitura abrir\u00e1 chamamento p\u00fablico para contratar uma institui\u00e7\u00e3o, que ser\u00e1 respons\u00e1vel pela coordena\u00e7\u00e3o do servi\u00e7o. O n\u00facleo contar\u00e1 com uma equipe multidisciplinar, com psic\u00f3loga, assistente social, estrutura f\u00edsica, advogados para oferecer orienta\u00e7\u00f5es e assist\u00eancia jur\u00eddica, al\u00e9m do encaminhamento dos beneficiados para os servi\u00e7os oferecidos nas \u00e1reas da sa\u00fade, assist\u00eancia social e educa\u00e7\u00e3o, dentre outros.<\/p>\n","protected":false},"excerpt":{"rendered":"<p>Mat\u00e9ria foi aprovada ap\u00f3s sindicato e prefeitura chegarem em acordo depois de assembleia na \u00faltima semana A C\u00e2mara Municipal de Franca, aprovou em regime de urg\u00eancia,<span class=\"excerpt-hellip\"> [\u2026]<\/span><\/p>\n","protected":false},"author":7,"featured_media":23735,"comment_status":"open","ping_status":"open","sticky":false,"template":"","format":"standard","meta":{"_jetpack_memberships_contains_paid_content":false,"footnotes":"","jetpack_publicize_message":"","jetpack_publicize_feature_enabled":true,"jetpack_social_post_already_shared":false,"jetpack_social_options":{"image_generator_settings":{"template":"highway","default_image_id":0,"enabled":false},"version":2}},"categories":[28,44],"tags":[],"class_list":["post-23734","post","type-post","status-publish","format-standard","has-post-thumbnail","hentry","category-cotidiano","category-noticias"],"yoast_head":"<!-- This site is optimized with the Yoast SEO plugin v25.6 - https:\/\/yoast.com\/wordpress\/plugins\/seo\/ -->\n<title>C\u00e2mara de Franca aprova reajuste salarial de servidores - VerdadeOn<\/title>\n<meta name=\"robots\" content=\"index, follow, max-snippet:-1, max-image-preview:large, max-video-preview:-1\" \/>\n<link rel=\"canonical\" href=\"https:\/\/verdadeon.com.br\/portal\/2022\/03\/15\/camara-de-franca-aprova-reajuste-salarial-de-servidores\/\" \/>\n<meta property=\"og:locale\" content=\"pt_BR\" \/>\n<meta property=\"og:type\" content=\"article\" \/>\n<meta property=\"og:title\" content=\"C\u00e2mara de Franca aprova reajuste salarial de servidores - VerdadeOn\" \/>\n<meta property=\"og:description\" content=\"Mat\u00e9ria foi aprovada ap\u00f3s sindicato e prefeitura chegarem em acordo depois de assembleia na \u00faltima semana A C\u00e2mara Municipal de Franca, aprovou em regime de urg\u00eancia, [\u2026]\" \/>\n<meta property=\"og:url\" content=\"https:\/\/verdadeon.com.br\/portal\/2022\/03\/15\/camara-de-franca-aprova-reajuste-salarial-de-servidores\/\" \/>\n<meta property=\"og:site_name\" content=\"VerdadeOn\" \/>\n<meta property=\"article:published_time\" content=\"2022-03-15T21:17:58+00:00\" \/>\n<meta property=\"og:image\" content=\"https:\/\/verdadeon.com.br\/portal\/wp-content\/uploads\/2022\/03\/WhatsApp-Image-2022-03-15-at-14.29.53-1.jpeg\" \/>\n\t<meta property=\"og:image:width\" content=\"1000\" \/>\n\t<meta property=\"og:image:height\" content=\"666\" \/>\n\t<meta property=\"og:image:type\" content=\"image\/jpeg\" \/>\n<meta name=\"author\" content=\"Fernando Lima\" \/>\n<meta name=\"twitter:card\" content=\"summary_large_image\" \/>\n<meta name=\"twitter:label1\" content=\"Escrito por\" \/>\n\t<meta name=\"twitter:data1\" content=\"Fernando Lima\" \/>\n\t<meta name=\"twitter:label2\" content=\"Est. tempo de leitura\" \/>\n\t<meta name=\"twitter:data2\" content=\"4 minutos\" \/>\n<script type=\"application\/ld+json\" class=\"yoast-schema-graph\">{\"@context\":\"https:\/\/schema.org\",\"@graph\":[{\"@type\":\"WebPage\",\"@id\":\"https:\/\/verdadeon.com.br\/portal\/2022\/03\/15\/camara-de-franca-aprova-reajuste-salarial-de-servidores\/\",\"url\":\"https:\/\/verdadeon.com.br\/portal\/2022\/03\/15\/camara-de-franca-aprova-reajuste-salarial-de-servidores\/\",\"name\":\"C\u00e2mara de Franca aprova reajuste salarial de servidores - VerdadeOn\",\"isPartOf\":{\"@id\":\"https:\/\/verdadeon.com.br\/portal\/#website\"},\"primaryImageOfPage\":{\"@id\":\"https:\/\/verdadeon.com.br\/portal\/2022\/03\/15\/camara-de-franca-aprova-reajuste-salarial-de-servidores\/#primaryimage\"},\"image\":{\"@id\":\"https:\/\/verdadeon.com.br\/portal\/2022\/03\/15\/camara-de-franca-aprova-reajuste-salarial-de-servidores\/#primaryimage\"},\"thumbnailUrl\":\"https:\/\/i0.wp.com\/verdadeon.com.br\/portal\/wp-content\/uploads\/2022\/03\/WhatsApp-Image-2022-03-15-at-14.29.53-1.jpeg?fit=1000%2C666&ssl=1\",\"datePublished\":\"2022-03-15T21:17:58+00:00\",\"author\":{\"@id\":\"https:\/\/verdadeon.com.br\/portal\/#\/schema\/person\/cc32be22b8e8599387c480bc83e1d11a\"},\"breadcrumb\":{\"@id\":\"https:\/\/verdadeon.com.br\/portal\/2022\/03\/15\/camara-de-franca-aprova-reajuste-salarial-de-servidores\/#breadcrumb\"},\"inLanguage\":\"pt-BR\",\"potentialAction\":[{\"@type\":\"ReadAction\",\"target\":[\"https:\/\/verdadeon.com.br\/portal\/2022\/03\/15\/camara-de-franca-aprova-reajuste-salarial-de-servidores\/\"]}]},{\"@type\":\"ImageObject\",\"inLanguage\":\"pt-BR\",\"@id\":\"https:\/\/verdadeon.com.br\/portal\/2022\/03\/15\/camara-de-franca-aprova-reajuste-salarial-de-servidores\/#primaryimage\",\"url\":\"https:\/\/i0.wp.com\/verdadeon.com.br\/portal\/wp-content\/uploads\/2022\/03\/WhatsApp-Image-2022-03-15-at-14.29.53-1.jpeg?fit=1000%2C666&ssl=1\",\"contentUrl\":\"https:\/\/i0.wp.com\/verdadeon.com.br\/portal\/wp-content\/uploads\/2022\/03\/WhatsApp-Image-2022-03-15-at-14.29.53-1.jpeg?fit=1000%2C666&ssl=1\",\"width\":1000,\"height\":666,\"caption\":\"Mat\u00e9rias foram analisadas e aprovadas pelos parlamentares nesta ter\u00e7a-feira (15) | Foto: Divulga\u00e7\u00e3o\"},{\"@type\":\"BreadcrumbList\",\"@id\":\"https:\/\/verdadeon.com.br\/portal\/2022\/03\/15\/camara-de-franca-aprova-reajuste-salarial-de-servidores\/#breadcrumb\",\"itemListElement\":[{\"@type\":\"ListItem\",\"position\":1,\"name\":\"In\u00edcio\",\"item\":\"https:\/\/verdadeon.com.br\/portal\/\"},{\"@type\":\"ListItem\",\"position\":2,\"name\":\"C\u00e2mara de Franca aprova reajuste salarial de servidores\"}]},{\"@type\":\"WebSite\",\"@id\":\"https:\/\/verdadeon.com.br\/portal\/#website\",\"url\":\"https:\/\/verdadeon.com.br\/portal\/\",\"name\":\"VerdadeOn\",\"description\":\"Not\u00edcias di\u00e1rias sobre Franca, Regi\u00e3o, Esporte, Cultura, Cotidiano, Colunas. Cobertura nos principais eventos da cidade \u00e9 aqui - Verdadeon Franca\",\"potentialAction\":[{\"@type\":\"SearchAction\",\"target\":{\"@type\":\"EntryPoint\",\"urlTemplate\":\"https:\/\/verdadeon.com.br\/portal\/?s={search_term_string}\"},\"query-input\":{\"@type\":\"PropertyValueSpecification\",\"valueRequired\":true,\"valueName\":\"search_term_string\"}}],\"inLanguage\":\"pt-BR\"},{\"@type\":\"Person\",\"@id\":\"https:\/\/verdadeon.com.br\/portal\/#\/schema\/person\/cc32be22b8e8599387c480bc83e1d11a\",\"name\":\"Fernando Lima\",\"image\":{\"@type\":\"ImageObject\",\"inLanguage\":\"pt-BR\",\"@id\":\"https:\/\/verdadeon.com.br\/portal\/#\/schema\/person\/image\/\",\"url\":\"https:\/\/secure.gravatar.com\/avatar\/df4c8e132080d2b3a4841d5d232045464e0eed11a1d6e43115ca0843d48768d3?s=96&d=mm&r=g\",\"contentUrl\":\"https:\/\/secure.gravatar.com\/avatar\/df4c8e132080d2b3a4841d5d232045464e0eed11a1d6e43115ca0843d48768d3?s=96&d=mm&r=g\",\"caption\":\"Fernando Lima\"},\"sameAs\":[\"http:\/\/verdadeon.com.br\/\"],\"url\":\"https:\/\/verdadeon.com.br\/portal\/author\/fernando-lima\/\"}]}<\/script>\n<!-- \/ Yoast SEO plugin. -->","yoast_head_json":{"title":"C\u00e2mara de Franca aprova reajuste salarial de servidores - VerdadeOn","robots":{"index":"index","follow":"follow","max-snippet":"max-snippet:-1","max-image-preview":"max-image-preview:large","max-video-preview":"max-video-preview:-1"},"canonical":"https:\/\/verdadeon.com.br\/portal\/2022\/03\/15\/camara-de-franca-aprova-reajuste-salarial-de-servidores\/","og_locale":"pt_BR","og_type":"article","og_title":"C\u00e2mara de Franca aprova reajuste salarial de servidores - VerdadeOn","og_description":"Mat\u00e9ria foi aprovada ap\u00f3s sindicato e prefeitura chegarem em acordo depois de assembleia na \u00faltima semana A C\u00e2mara Municipal de Franca, aprovou em regime de urg\u00eancia, [\u2026]","og_url":"https:\/\/verdadeon.com.br\/portal\/2022\/03\/15\/camara-de-franca-aprova-reajuste-salarial-de-servidores\/","og_site_name":"VerdadeOn","article_published_time":"2022-03-15T21:17:58+00:00","og_image":[{"width":1000,"height":666,"url":"https:\/\/verdadeon.com.br\/portal\/wp-content\/uploads\/2022\/03\/WhatsApp-Image-2022-03-15-at-14.29.53-1.jpeg","type":"image\/jpeg"}],"author":"Fernando Lima","twitter_card":"summary_large_image","twitter_misc":{"Escrito por":"Fernando Lima","Est. tempo de leitura":"4 minutos"},"schema":{"@context":"https:\/\/schema.org","@graph":[{"@type":"WebPage","@id":"https:\/\/verdadeon.com.br\/portal\/2022\/03\/15\/camara-de-franca-aprova-reajuste-salarial-de-servidores\/","url":"https:\/\/verdadeon.com.br\/portal\/2022\/03\/15\/camara-de-franca-aprova-reajuste-salarial-de-servidores\/","name":"C\u00e2mara de Franca aprova reajuste salarial de servidores - VerdadeOn","isPartOf":{"@id":"https:\/\/verdadeon.com.br\/portal\/#website"},"primaryImageOfPage":{"@id":"https:\/\/verdadeon.com.br\/portal\/2022\/03\/15\/camara-de-franca-aprova-reajuste-salarial-de-servidores\/#primaryimage"},"image":{"@id":"https:\/\/verdadeon.com.br\/portal\/2022\/03\/15\/camara-de-franca-aprova-reajuste-salarial-de-servidores\/#primaryimage"},"thumbnailUrl":"https:\/\/i0.wp.com\/verdadeon.com.br\/portal\/wp-content\/uploads\/2022\/03\/WhatsApp-Image-2022-03-15-at-14.29.53-1.jpeg?fit=1000%2C666&ssl=1","datePublished":"2022-03-15T21:17:58+00:00","author":{"@id":"https:\/\/verdadeon.com.br\/portal\/#\/schema\/person\/cc32be22b8e8599387c480bc83e1d11a"},"breadcrumb":{"@id":"https:\/\/verdadeon.com.br\/portal\/2022\/03\/15\/camara-de-franca-aprova-reajuste-salarial-de-servidores\/#breadcrumb"},"inLanguage":"pt-BR","potentialAction":[{"@type":"ReadAction","target":["https:\/\/verdadeon.com.br\/portal\/2022\/03\/15\/camara-de-franca-aprova-reajuste-salarial-de-servidores\/"]}]},{"@type":"ImageObject","inLanguage":"pt-BR","@id":"https:\/\/verdadeon.com.br\/portal\/2022\/03\/15\/camara-de-franca-aprova-reajuste-salarial-de-servidores\/#primaryimage","url":"https:\/\/i0.wp.com\/verdadeon.com.br\/portal\/wp-content\/uploads\/2022\/03\/WhatsApp-Image-2022-03-15-at-14.29.53-1.jpeg?fit=1000%2C666&ssl=1","contentUrl":"https:\/\/i0.wp.com\/verdadeon.com.br\/portal\/wp-content\/uploads\/2022\/03\/WhatsApp-Image-2022-03-15-at-14.29.53-1.jpeg?fit=1000%2C666&ssl=1","width":1000,"height":666,"caption":"Mat\u00e9rias foram analisadas e aprovadas pelos parlamentares nesta ter\u00e7a-feira (15) | Foto: Divulga\u00e7\u00e3o"},{"@type":"BreadcrumbList","@id":"https:\/\/verdadeon.com.br\/portal\/2022\/03\/15\/camara-de-franca-aprova-reajuste-salarial-de-servidores\/#breadcrumb","itemListElement":[{"@type":"ListItem","position":1,"name":"In\u00edcio","item":"https:\/\/verdadeon.com.br\/portal\/"},{"@type":"ListItem","position":2,"name":"C\u00e2mara de Franca aprova reajuste salarial de servidores"}]},{"@type":"WebSite","@id":"https:\/\/verdadeon.com.br\/portal\/#website","url":"https:\/\/verdadeon.com.br\/portal\/","name":"VerdadeOn","description":"Not\u00edcias di\u00e1rias sobre Franca, Regi\u00e3o, Esporte, Cultura, Cotidiano, Colunas. Cobertura nos principais eventos da cidade \u00e9 aqui - Verdadeon Franca","potentialAction":[{"@type":"SearchAction","target":{"@type":"EntryPoint","urlTemplate":"https:\/\/verdadeon.com.br\/portal\/?s={search_term_string}"},"query-input":{"@type":"PropertyValueSpecification","valueRequired":true,"valueName":"search_term_string"}}],"inLanguage":"pt-BR"},{"@type":"Person","@id":"https:\/\/verdadeon.com.br\/portal\/#\/schema\/person\/cc32be22b8e8599387c480bc83e1d11a","name":"Fernando Lima","image":{"@type":"ImageObject","inLanguage":"pt-BR","@id":"https:\/\/verdadeon.com.br\/portal\/#\/schema\/person\/image\/","url":"https:\/\/secure.gravatar.com\/avatar\/df4c8e132080d2b3a4841d5d232045464e0eed11a1d6e43115ca0843d48768d3?s=96&d=mm&r=g","contentUrl":"https:\/\/secure.gravatar.com\/avatar\/df4c8e132080d2b3a4841d5d232045464e0eed11a1d6e43115ca0843d48768d3?s=96&d=mm&r=g","caption":"Fernando Lima"},"sameAs":["http:\/\/verdadeon.com.br\/"],"url":"https:\/\/verdadeon.com.br\/portal\/author\/fernando-lima\/"}]}},"jetpack_publicize_connections":[],"jetpack_featured_media_url":"https:\/\/i0.wp.com\/verdadeon.com.br\/portal\/wp-content\/uploads\/2022\/03\/WhatsApp-Image-2022-03-15-at-14.29.53-1.jpeg?fit=1000%2C666&ssl=1","jetpack_sharing_enabled":true,"_links":{"self":[{"href":"https:\/\/verdadeon.com.br\/portal\/wp-json\/wp\/v2\/posts\/23734","targetHints":{"allow":["GET"]}}],"collection":[{"href":"https:\/\/verdadeon.com.br\/portal\/wp-json\/wp\/v2\/posts"}],"about":[{"href":"https:\/\/verdadeon.com.br\/portal\/wp-json\/wp\/v2\/types\/post"}],"author":[{"embeddable":true,"href":"https:\/\/verdadeon.com.br\/portal\/wp-json\/wp\/v2\/users\/7"}],"replies":[{"embeddable":true,"href":"https:\/\/verdadeon.com.br\/portal\/wp-json\/wp\/v2\/comments?post=23734"}],"version-history":[{"count":1,"href":"https:\/\/verdadeon.com.br\/portal\/wp-json\/wp\/v2\/posts\/23734\/revisions"}],"predecessor-version":[{"id":23736,"href":"https:\/\/verdadeon.com.br\/portal\/wp-json\/wp\/v2\/posts\/23734\/revisions\/23736"}],"wp:featuredmedia":[{"embeddable":true,"href":"https:\/\/verdadeon.com.br\/portal\/wp-json\/wp\/v2\/media\/23735"}],"wp:attachment":[{"href":"https:\/\/verdadeon.com.br\/portal\/wp-json\/wp\/v2\/media?parent=23734"}],"wp:term":[{"taxonomy":"category","embeddable":true,"href":"https:\/\/verdadeon.com.br\/portal\/wp-json\/wp\/v2\/categories?post=23734"},{"taxonomy":"post_tag","embeddable":true,"href":"https:\/\/verdadeon.com.br\/portal\/wp-json\/wp\/v2\/tags?post=23734"}],"curies":[{"name":"wp","href":"https:\/\/api.w.org\/{rel}","templated":true}]}}