{"id":23723,"date":"2022-03-15T17:24:09","date_gmt":"2022-03-15T20:24:09","guid":{"rendered":"https:\/\/verdadeon.com.br\/portal\/?p=23723"},"modified":"2022-03-15T17:24:09","modified_gmt":"2022-03-15T20:24:09","slug":"ha-mais-de-um-mes-prefeitura-de-franca-serve-lanche-no-lugar-de-merenda-em-15-escolas","status":"publish","type":"post","link":"https:\/\/verdadeon.com.br\/portal\/2022\/03\/15\/ha-mais-de-um-mes-prefeitura-de-franca-serve-lanche-no-lugar-de-merenda-em-15-escolas\/","title":{"rendered":"H\u00e1 mais de um m\u00eas, Prefeitura de Franca serve lanche no lugar de merenda em 15 escolas"},"content":{"rendered":"<h2>Executivo justifica que vai contratar mais 30 merendeiras para suprir demanda, lanches t\u00eam baixa aceitabilidade<\/h2>\n<p>Fernando Lima<\/p>\n<p>A falta de merendeiras na rede municipal de ensino de Franca, j\u00e1 reflete no dia a dia de alunos. Em pelo menos 15 escolas, as crian\u00e7as est\u00e3o sendo servidas com lanche, geralmente p\u00e3o com frango e legumes.<\/p>\n<p>A presidente do Conselho de Alimenta\u00e7\u00e3o Escolar (CAE), Rejane Cristina da Silva, afirmou que faltam pelo menos 100 merendeiras na rede, e que o CAE j\u00e1 estava alertando desde 2017 sobre o assunto.<\/p>\n<p>\u201cFoi um retrocesso voltarem ao lanche seco. Foi alertado nas presta\u00e7\u00f5es de contas desde 2014, pelo CAE a falta de m\u00e3o de obra de merendeira, e isso est\u00e1 ocasionando o descumprimento do card\u00e1pio, e chegou se ao limite do que poderia acontecer\u201d, explicou.<\/p>\n<p>Rejane ressaltou ainda que ela os outros conselheiros presenciaram desperd\u00edcio do lanche que \u00e9 servido. \u201cEm uma das escolas n\u00e3o houve uma aceitabilidade das crian\u00e7as, a escola tem 292 alunos, apenas 54 comeram, o resto foi descartado. Existe todo um processo que precisa ser feito, desde a quest\u00e3o nutricional, n\u00e3o se deve cumprir o m\u00ednimo, Franca deveria estar dando o m\u00e1ximo de nutri\u00e7\u00e3o para as crian\u00e7as\u201d, explicou.<\/p>\n<h4>Quest\u00e3o social<\/h4>\n<p>Al\u00e9m da quest\u00e3o da educa\u00e7\u00e3o a presidente do CAE contou que a situa\u00e7\u00e3o j\u00e1 est\u00e1 esbarrando na quest\u00e3o social, isso porque as escolas que n\u00e3o est\u00e3o servindo refei\u00e7\u00f5es completas, com arroz, feij\u00e3o, mas apenas lanches, ficam em grande parte em bairros carentes, como o Jardim Aeroporto, na zona sul. \u201c<\/p>\n<p>\u201cS\u00e3o bairros mais carentes, onde as crian\u00e7as realmente precisam do alimento. Existem relatos de pais que contam que as crian\u00e7as chegam em casa com fome, antes elas chegavam alimentadas. O trip\u00e9 da educa\u00e7\u00e3o \u00e9 alimenta\u00e7\u00e3o, transporte e educa\u00e7\u00e3o pedag\u00f3gica\u201d.<\/p>\n<h4>Prefeitura<\/h4>\n<p>A secret\u00e1ria de Educa\u00e7\u00e3o de Franca, M\u00e1rcia Gatti, afirmou que a cidade tem uma defasagem de 30 merendeiras, n\u00e3o de 100 como afirma o CAE. Ela explicou ainda que o problema j\u00e1 era previsto desde o ano passado, mas que a Prefeitura estava impedida de fazer novas contrata\u00e7\u00f5es.<\/p>\n<p>\u201cEm 2021 a lei da pandemia proibia de fazer novas contrata\u00e7\u00f5es, pudemos fazer apenas reposi\u00e7\u00f5es, e foi o que fizemos. O problema teve in\u00edcio em 2019, na outra gest\u00e3o, quando havia uma defasagem de 25 merendeiras e n\u00e3o houve contrata\u00e7\u00e3o, por isso hoje est\u00e1 faltando\u201d, contou.<\/p>\n<p>Gatti explicou ainda que em 2021 a pasta tentou contratar uma empresa para servir marmitas nestas escolas, mas n\u00e3o houve interesse de nenhuma empresa. \u201cFoi realizado o concurso p\u00fablico que vai contratar as merendeiras que faltam, mas ainda tem o chamamento, existe tamb\u00e9m o teste pr\u00e1tico, todo um processo que leva tempo. A nossa expectativa \u00e9 a de que at\u00e9 o final de abril, elas j\u00e1 estejam nas escolas fazendo o trabalho. O lanche foi o nosso plano z, mas ainda assim ele atende os crit\u00e9rios nutricionais exigidos em lei\u201d, finalizou.<\/p>\n","protected":false},"excerpt":{"rendered":"<p>Executivo justifica que vai contratar mais 30 merendeiras para suprir demanda, lanches t\u00eam baixa aceitabilidade Fernando Lima A falta de merendeiras na rede municipal de ensino<span class=\"excerpt-hellip\"> [\u2026]<\/span><\/p>\n","protected":false},"author":7,"featured_media":23729,"comment_status":"open","ping_status":"open","sticky":false,"template":"","format":"standard","meta":{"_jetpack_memberships_contains_paid_content":false,"footnotes":"","jetpack_publicize_message":"","jetpack_publicize_feature_enabled":true,"jetpack_social_post_already_shared":false,"jetpack_social_options":{"image_generator_settings":{"template":"highway","default_image_id":0,"enabled":false},"version":2}},"categories":[28,81],"tags":[],"class_list":["post-23723","post","type-post","status-publish","format-standard","has-post-thumbnail","hentry","category-cotidiano","category-manchete"],"yoast_head":"<!-- This site is optimized with the Yoast SEO plugin v25.6 - https:\/\/yoast.com\/wordpress\/plugins\/seo\/ -->\n<title>H\u00e1 mais de um m\u00eas, Prefeitura de Franca serve lanche no lugar de merenda em 15 escolas - VerdadeOn<\/title>\n<meta name=\"robots\" content=\"index, follow, max-snippet:-1, max-image-preview:large, max-video-preview:-1\" \/>\n<link rel=\"canonical\" href=\"https:\/\/verdadeon.com.br\/portal\/2022\/03\/15\/ha-mais-de-um-mes-prefeitura-de-franca-serve-lanche-no-lugar-de-merenda-em-15-escolas\/\" \/>\n<meta property=\"og:locale\" content=\"pt_BR\" \/>\n<meta property=\"og:type\" content=\"article\" \/>\n<meta property=\"og:title\" content=\"H\u00e1 mais de um m\u00eas, Prefeitura de Franca serve lanche no lugar de merenda em 15 escolas - VerdadeOn\" \/>\n<meta property=\"og:description\" content=\"Executivo justifica que vai contratar mais 30 merendeiras para suprir demanda, lanches t\u00eam baixa aceitabilidade Fernando Lima A falta de merendeiras na rede municipal de ensino [\u2026]\" \/>\n<meta property=\"og:url\" content=\"https:\/\/verdadeon.com.br\/portal\/2022\/03\/15\/ha-mais-de-um-mes-prefeitura-de-franca-serve-lanche-no-lugar-de-merenda-em-15-escolas\/\" \/>\n<meta property=\"og:site_name\" content=\"VerdadeOn\" \/>\n<meta property=\"article:published_time\" content=\"2022-03-15T20:24:09+00:00\" \/>\n<meta property=\"og:image\" content=\"https:\/\/verdadeon.com.br\/portal\/wp-content\/uploads\/2022\/03\/PAO-1024x767.png\" \/>\n\t<meta property=\"og:image:width\" content=\"1024\" \/>\n\t<meta property=\"og:image:height\" content=\"767\" \/>\n\t<meta property=\"og:image:type\" content=\"image\/png\" \/>\n<meta name=\"author\" content=\"Fernando Lima\" \/>\n<meta name=\"twitter:card\" content=\"summary_large_image\" \/>\n<meta name=\"twitter:label1\" content=\"Escrito por\" \/>\n\t<meta name=\"twitter:data1\" content=\"Fernando Lima\" \/>\n\t<meta name=\"twitter:label2\" content=\"Est. tempo de leitura\" \/>\n\t<meta name=\"twitter:data2\" content=\"3 minutos\" \/>\n<script type=\"application\/ld+json\" class=\"yoast-schema-graph\">{\"@context\":\"https:\/\/schema.org\",\"@graph\":[{\"@type\":\"WebPage\",\"@id\":\"https:\/\/verdadeon.com.br\/portal\/2022\/03\/15\/ha-mais-de-um-mes-prefeitura-de-franca-serve-lanche-no-lugar-de-merenda-em-15-escolas\/\",\"url\":\"https:\/\/verdadeon.com.br\/portal\/2022\/03\/15\/ha-mais-de-um-mes-prefeitura-de-franca-serve-lanche-no-lugar-de-merenda-em-15-escolas\/\",\"name\":\"H\u00e1 mais de um m\u00eas, Prefeitura de Franca serve lanche no lugar de merenda em 15 escolas - VerdadeOn\",\"isPartOf\":{\"@id\":\"https:\/\/verdadeon.com.br\/portal\/#website\"},\"primaryImageOfPage\":{\"@id\":\"https:\/\/verdadeon.com.br\/portal\/2022\/03\/15\/ha-mais-de-um-mes-prefeitura-de-franca-serve-lanche-no-lugar-de-merenda-em-15-escolas\/#primaryimage\"},\"image\":{\"@id\":\"https:\/\/verdadeon.com.br\/portal\/2022\/03\/15\/ha-mais-de-um-mes-prefeitura-de-franca-serve-lanche-no-lugar-de-merenda-em-15-escolas\/#primaryimage\"},\"thumbnailUrl\":\"https:\/\/i0.wp.com\/verdadeon.com.br\/portal\/wp-content\/uploads\/2022\/03\/PAO.png?fit=1596%2C1196&ssl=1\",\"datePublished\":\"2022-03-15T20:24:09+00:00\",\"author\":{\"@id\":\"https:\/\/verdadeon.com.br\/portal\/#\/schema\/person\/cc32be22b8e8599387c480bc83e1d11a\"},\"breadcrumb\":{\"@id\":\"https:\/\/verdadeon.com.br\/portal\/2022\/03\/15\/ha-mais-de-um-mes-prefeitura-de-franca-serve-lanche-no-lugar-de-merenda-em-15-escolas\/#breadcrumb\"},\"inLanguage\":\"pt-BR\",\"potentialAction\":[{\"@type\":\"ReadAction\",\"target\":[\"https:\/\/verdadeon.com.br\/portal\/2022\/03\/15\/ha-mais-de-um-mes-prefeitura-de-franca-serve-lanche-no-lugar-de-merenda-em-15-escolas\/\"]}]},{\"@type\":\"ImageObject\",\"inLanguage\":\"pt-BR\",\"@id\":\"https:\/\/verdadeon.com.br\/portal\/2022\/03\/15\/ha-mais-de-um-mes-prefeitura-de-franca-serve-lanche-no-lugar-de-merenda-em-15-escolas\/#primaryimage\",\"url\":\"https:\/\/i0.wp.com\/verdadeon.com.br\/portal\/wp-content\/uploads\/2022\/03\/PAO.png?fit=1596%2C1196&ssl=1\",\"contentUrl\":\"https:\/\/i0.wp.com\/verdadeon.com.br\/portal\/wp-content\/uploads\/2022\/03\/PAO.png?fit=1596%2C1196&ssl=1\",\"width\":1596,\"height\":1196,\"caption\":\"P\u00e3o recheado com frango e tomate foi servido para crian\u00e7as nas escolas municipais de Franca no lugar da tradicional merenda, situa\u00e7\u00e3o persistiu por praticamente um semestre | Foto: Divulga\u00e7\u00e3o\"},{\"@type\":\"BreadcrumbList\",\"@id\":\"https:\/\/verdadeon.com.br\/portal\/2022\/03\/15\/ha-mais-de-um-mes-prefeitura-de-franca-serve-lanche-no-lugar-de-merenda-em-15-escolas\/#breadcrumb\",\"itemListElement\":[{\"@type\":\"ListItem\",\"position\":1,\"name\":\"In\u00edcio\",\"item\":\"https:\/\/verdadeon.com.br\/portal\/\"},{\"@type\":\"ListItem\",\"position\":2,\"name\":\"H\u00e1 mais de um m\u00eas, Prefeitura de Franca serve lanche no lugar de merenda em 15 escolas\"}]},{\"@type\":\"WebSite\",\"@id\":\"https:\/\/verdadeon.com.br\/portal\/#website\",\"url\":\"https:\/\/verdadeon.com.br\/portal\/\",\"name\":\"VerdadeOn\",\"description\":\"Not\u00edcias di\u00e1rias sobre Franca, Regi\u00e3o, Esporte, Cultura, Cotidiano, Colunas. Cobertura nos principais eventos da cidade \u00e9 aqui - Verdadeon Franca\",\"potentialAction\":[{\"@type\":\"SearchAction\",\"target\":{\"@type\":\"EntryPoint\",\"urlTemplate\":\"https:\/\/verdadeon.com.br\/portal\/?s={search_term_string}\"},\"query-input\":{\"@type\":\"PropertyValueSpecification\",\"valueRequired\":true,\"valueName\":\"search_term_string\"}}],\"inLanguage\":\"pt-BR\"},{\"@type\":\"Person\",\"@id\":\"https:\/\/verdadeon.com.br\/portal\/#\/schema\/person\/cc32be22b8e8599387c480bc83e1d11a\",\"name\":\"Fernando Lima\",\"image\":{\"@type\":\"ImageObject\",\"inLanguage\":\"pt-BR\",\"@id\":\"https:\/\/verdadeon.com.br\/portal\/#\/schema\/person\/image\/\",\"url\":\"https:\/\/secure.gravatar.com\/avatar\/df4c8e132080d2b3a4841d5d232045464e0eed11a1d6e43115ca0843d48768d3?s=96&d=mm&r=g\",\"contentUrl\":\"https:\/\/secure.gravatar.com\/avatar\/df4c8e132080d2b3a4841d5d232045464e0eed11a1d6e43115ca0843d48768d3?s=96&d=mm&r=g\",\"caption\":\"Fernando Lima\"},\"sameAs\":[\"http:\/\/verdadeon.com.br\/\"],\"url\":\"https:\/\/verdadeon.com.br\/portal\/author\/fernando-lima\/\"}]}<\/script>\n<!-- \/ Yoast SEO plugin. -->","yoast_head_json":{"title":"H\u00e1 mais de um m\u00eas, Prefeitura de Franca serve lanche no lugar de merenda em 15 escolas - VerdadeOn","robots":{"index":"index","follow":"follow","max-snippet":"max-snippet:-1","max-image-preview":"max-image-preview:large","max-video-preview":"max-video-preview:-1"},"canonical":"https:\/\/verdadeon.com.br\/portal\/2022\/03\/15\/ha-mais-de-um-mes-prefeitura-de-franca-serve-lanche-no-lugar-de-merenda-em-15-escolas\/","og_locale":"pt_BR","og_type":"article","og_title":"H\u00e1 mais de um m\u00eas, Prefeitura de Franca serve lanche no lugar de merenda em 15 escolas - VerdadeOn","og_description":"Executivo justifica que vai contratar mais 30 merendeiras para suprir demanda, lanches t\u00eam baixa aceitabilidade Fernando Lima A falta de merendeiras na rede municipal de ensino [\u2026]","og_url":"https:\/\/verdadeon.com.br\/portal\/2022\/03\/15\/ha-mais-de-um-mes-prefeitura-de-franca-serve-lanche-no-lugar-de-merenda-em-15-escolas\/","og_site_name":"VerdadeOn","article_published_time":"2022-03-15T20:24:09+00:00","og_image":[{"width":1024,"height":767,"url":"https:\/\/verdadeon.com.br\/portal\/wp-content\/uploads\/2022\/03\/PAO-1024x767.png","type":"image\/png"}],"author":"Fernando Lima","twitter_card":"summary_large_image","twitter_misc":{"Escrito por":"Fernando Lima","Est. tempo de leitura":"3 minutos"},"schema":{"@context":"https:\/\/schema.org","@graph":[{"@type":"WebPage","@id":"https:\/\/verdadeon.com.br\/portal\/2022\/03\/15\/ha-mais-de-um-mes-prefeitura-de-franca-serve-lanche-no-lugar-de-merenda-em-15-escolas\/","url":"https:\/\/verdadeon.com.br\/portal\/2022\/03\/15\/ha-mais-de-um-mes-prefeitura-de-franca-serve-lanche-no-lugar-de-merenda-em-15-escolas\/","name":"H\u00e1 mais de um m\u00eas, Prefeitura de Franca serve lanche no lugar de merenda em 15 escolas - VerdadeOn","isPartOf":{"@id":"https:\/\/verdadeon.com.br\/portal\/#website"},"primaryImageOfPage":{"@id":"https:\/\/verdadeon.com.br\/portal\/2022\/03\/15\/ha-mais-de-um-mes-prefeitura-de-franca-serve-lanche-no-lugar-de-merenda-em-15-escolas\/#primaryimage"},"image":{"@id":"https:\/\/verdadeon.com.br\/portal\/2022\/03\/15\/ha-mais-de-um-mes-prefeitura-de-franca-serve-lanche-no-lugar-de-merenda-em-15-escolas\/#primaryimage"},"thumbnailUrl":"https:\/\/i0.wp.com\/verdadeon.com.br\/portal\/wp-content\/uploads\/2022\/03\/PAO.png?fit=1596%2C1196&ssl=1","datePublished":"2022-03-15T20:24:09+00:00","author":{"@id":"https:\/\/verdadeon.com.br\/portal\/#\/schema\/person\/cc32be22b8e8599387c480bc83e1d11a"},"breadcrumb":{"@id":"https:\/\/verdadeon.com.br\/portal\/2022\/03\/15\/ha-mais-de-um-mes-prefeitura-de-franca-serve-lanche-no-lugar-de-merenda-em-15-escolas\/#breadcrumb"},"inLanguage":"pt-BR","potentialAction":[{"@type":"ReadAction","target":["https:\/\/verdadeon.com.br\/portal\/2022\/03\/15\/ha-mais-de-um-mes-prefeitura-de-franca-serve-lanche-no-lugar-de-merenda-em-15-escolas\/"]}]},{"@type":"ImageObject","inLanguage":"pt-BR","@id":"https:\/\/verdadeon.com.br\/portal\/2022\/03\/15\/ha-mais-de-um-mes-prefeitura-de-franca-serve-lanche-no-lugar-de-merenda-em-15-escolas\/#primaryimage","url":"https:\/\/i0.wp.com\/verdadeon.com.br\/portal\/wp-content\/uploads\/2022\/03\/PAO.png?fit=1596%2C1196&ssl=1","contentUrl":"https:\/\/i0.wp.com\/verdadeon.com.br\/portal\/wp-content\/uploads\/2022\/03\/PAO.png?fit=1596%2C1196&ssl=1","width":1596,"height":1196,"caption":"P\u00e3o recheado com frango e tomate foi servido para crian\u00e7as nas escolas municipais de Franca no lugar da tradicional merenda, situa\u00e7\u00e3o persistiu por praticamente um semestre | Foto: Divulga\u00e7\u00e3o"},{"@type":"BreadcrumbList","@id":"https:\/\/verdadeon.com.br\/portal\/2022\/03\/15\/ha-mais-de-um-mes-prefeitura-de-franca-serve-lanche-no-lugar-de-merenda-em-15-escolas\/#breadcrumb","itemListElement":[{"@type":"ListItem","position":1,"name":"In\u00edcio","item":"https:\/\/verdadeon.com.br\/portal\/"},{"@type":"ListItem","position":2,"name":"H\u00e1 mais de um m\u00eas, Prefeitura de Franca serve lanche no lugar de merenda em 15 escolas"}]},{"@type":"WebSite","@id":"https:\/\/verdadeon.com.br\/portal\/#website","url":"https:\/\/verdadeon.com.br\/portal\/","name":"VerdadeOn","description":"Not\u00edcias di\u00e1rias sobre Franca, Regi\u00e3o, Esporte, Cultura, Cotidiano, Colunas. Cobertura nos principais eventos da cidade \u00e9 aqui - Verdadeon Franca","potentialAction":[{"@type":"SearchAction","target":{"@type":"EntryPoint","urlTemplate":"https:\/\/verdadeon.com.br\/portal\/?s={search_term_string}"},"query-input":{"@type":"PropertyValueSpecification","valueRequired":true,"valueName":"search_term_string"}}],"inLanguage":"pt-BR"},{"@type":"Person","@id":"https:\/\/verdadeon.com.br\/portal\/#\/schema\/person\/cc32be22b8e8599387c480bc83e1d11a","name":"Fernando Lima","image":{"@type":"ImageObject","inLanguage":"pt-BR","@id":"https:\/\/verdadeon.com.br\/portal\/#\/schema\/person\/image\/","url":"https:\/\/secure.gravatar.com\/avatar\/df4c8e132080d2b3a4841d5d232045464e0eed11a1d6e43115ca0843d48768d3?s=96&d=mm&r=g","contentUrl":"https:\/\/secure.gravatar.com\/avatar\/df4c8e132080d2b3a4841d5d232045464e0eed11a1d6e43115ca0843d48768d3?s=96&d=mm&r=g","caption":"Fernando Lima"},"sameAs":["http:\/\/verdadeon.com.br\/"],"url":"https:\/\/verdadeon.com.br\/portal\/author\/fernando-lima\/"}]}},"jetpack_publicize_connections":[],"jetpack_featured_media_url":"https:\/\/i0.wp.com\/verdadeon.com.br\/portal\/wp-content\/uploads\/2022\/03\/PAO.png?fit=1596%2C1196&ssl=1","jetpack_sharing_enabled":true,"_links":{"self":[{"href":"https:\/\/verdadeon.com.br\/portal\/wp-json\/wp\/v2\/posts\/23723","targetHints":{"allow":["GET"]}}],"collection":[{"href":"https:\/\/verdadeon.com.br\/portal\/wp-json\/wp\/v2\/posts"}],"about":[{"href":"https:\/\/verdadeon.com.br\/portal\/wp-json\/wp\/v2\/types\/post"}],"author":[{"embeddable":true,"href":"https:\/\/verdadeon.com.br\/portal\/wp-json\/wp\/v2\/users\/7"}],"replies":[{"embeddable":true,"href":"https:\/\/verdadeon.com.br\/portal\/wp-json\/wp\/v2\/comments?post=23723"}],"version-history":[{"count":1,"href":"https:\/\/verdadeon.com.br\/portal\/wp-json\/wp\/v2\/posts\/23723\/revisions"}],"predecessor-version":[{"id":23730,"href":"https:\/\/verdadeon.com.br\/portal\/wp-json\/wp\/v2\/posts\/23723\/revisions\/23730"}],"wp:featuredmedia":[{"embeddable":true,"href":"https:\/\/verdadeon.com.br\/portal\/wp-json\/wp\/v2\/media\/23729"}],"wp:attachment":[{"href":"https:\/\/verdadeon.com.br\/portal\/wp-json\/wp\/v2\/media?parent=23723"}],"wp:term":[{"taxonomy":"category","embeddable":true,"href":"https:\/\/verdadeon.com.br\/portal\/wp-json\/wp\/v2\/categories?post=23723"},{"taxonomy":"post_tag","embeddable":true,"href":"https:\/\/verdadeon.com.br\/portal\/wp-json\/wp\/v2\/tags?post=23723"}],"curies":[{"name":"wp","href":"https:\/\/api.w.org\/{rel}","templated":true}]}}