{"id":23711,"date":"2022-03-14T19:09:06","date_gmt":"2022-03-14T22:09:06","guid":{"rendered":"https:\/\/verdadeon.com.br\/portal\/?p=23711"},"modified":"2022-03-14T19:07:57","modified_gmt":"2022-03-14T22:07:57","slug":"prazo-para-inscricoes-na-escola-de-inovadores-em-franca-e-regiao-termina-na-proxima-segunda-dia-21","status":"publish","type":"post","link":"https:\/\/verdadeon.com.br\/portal\/2022\/03\/14\/prazo-para-inscricoes-na-escola-de-inovadores-em-franca-e-regiao-termina-na-proxima-segunda-dia-21\/","title":{"rendered":"Prazo para inscri\u00e7\u00f5es na \u2018Escola de Inovadores\u2019 em Franca e regi\u00e3o termina na pr\u00f3xima segunda, dia 21"},"content":{"rendered":"<h2>Curso on-line gratuito do Centro Paula Souza ensina a transformar propostas inovadoras em modelos de empresas<\/h2>\n<p>&nbsp;<\/p>\n<p>Termina na pr\u00f3xima segunda-feira (21\/03) o prazo para as inscri\u00e7\u00f5es na \u201cEscola de Inovadores\u201d, curso de extens\u00e3o gratuito organizado pela Inova CPS (Centro Paula Souza), que tem como objetivo ensinar pessoas com esp\u00edrito empreendedor a transformar ideias inovadoras em empresas. Entre as novidades desta 14\u00aa edi\u00e7\u00e3o est\u00e1 a participa\u00e7\u00e3o de todas as unidades do CPS, inclusive de Franca e cidades da regi\u00e3o. O site para a inscri\u00e7\u00e3o \u00e9 inova.cps.sp.gov.br. Para o empreendedor Cleomar Martins Naves, que presta servi\u00e7os de personaliza\u00e7\u00e3o para festas, o curso salvou o seu neg\u00f3cio.<br \/>\nEm formato on-line, a \u201cEscola de Inovadores\u201d tem dura\u00e7\u00e3o de 60 horas, distribu\u00eddas por 10 aulas semanais, ministradas por professores de Escolas T\u00e9cnicas (Etecs) e Faculdades de Tecnologia (Fatecs) estaduais que atuam como agentes de inova\u00e7\u00e3o. O conte\u00fado est\u00e1 dividido em tr\u00eas fases, que envolvem mentalidade, habilidades e recursos.<br \/>\nEntre os temas abordados est\u00e3o gest\u00e3o empresarial b\u00e1sica, comunica\u00e7\u00e3o e marketing, tecnologia aplicada aos neg\u00f3cios, abertura e manuten\u00e7\u00e3o de empresas, inspira\u00e7\u00e3o, idea\u00e7\u00e3o, prototipagem e ferramenta de modelagem de neg\u00f3cios Canvas. O participante tamb\u00e9m conta com mentoria para construir seu plano de neg\u00f3cios com foco em demandas atuais de mercado e caracter\u00edsticas da economia regional.<br \/>\nEmpreendedor desde 2012, quando voltou de S\u00e3o Paulo para Franca, Cleomar Martins Naves, 55 anos, tem a empresa de servi\u00e7os de personaliza\u00e7\u00e3o Personalit\u00e0 Scraps &amp; Gifts. Para come\u00e7ar investiu em uma m\u00e1quina de corte eletr\u00f4nica que faz enfeites personalizados para eventos e festas. \u201cA expectativa era crescer rapidamente, mas esse servi\u00e7o virou \u2018febre\u2019 na cidade e, com muitos concorrentes, perdi clientes por pre\u00e7o\u201d, conta.<br \/>\nEnt\u00e3o ele ficou sabendo da \u201cEscola de Inovadores\u201d e percebeu que precisava estudar para seu neg\u00f3cio sobreviver. \u201cO curso me abriu a cabe\u00e7a para entender a dor do cliente e perceber que eu podia ampliar o leque de servi\u00e7os com m\u00e1quinas que estavam paradas: fazer copos e ta\u00e7as com jateamento, botons (para padarias e supermercados), entre outros\u201d, diz Cleomar, que se sente mais seguro \u00e0 frente da empresa.<br \/>\n\u201cNas aulas conheci a ferramenta Canvas, muito importante para manter o foco e dar direcionamento na parte organizacional do neg\u00f3cio, sem isso muitas empresas fecham. Consegui enxergar a Personalit\u00e0 como um todo, identificar os clientes, melhorar os canais\/comunica\u00e7\u00e3o de venda, controlar planilha de fornecedores. O curso engloba todas as \u00e1reas, administrativa, financeira, marketing, e hoje estou mais preparado para empreender\u201d, ressalta Cleomar, que diversificou a oferta de produtos e conquistou seu espa\u00e7o no mercado de Franca e regi\u00e3o.<br \/>\nSegundo Marcelo Squilante, agente de Inova\u00e7\u00e3o da Inova CPS na regi\u00e3o de Franca, o grande aprendizado da \u201cEscola de Inovadores\u201d \u00e9 de que inovar n\u00e3o \u00e9 somente para grandes empresas e tamb\u00e9m n\u00e3o \u00e9 necess\u00e1rio investir muito dinheiro para conseguir bom retorno.<br \/>\n\u201cH\u00e1 duas quest\u00f5es fundamentais para os empreendedores: saber o que se quer fazer e, principalmente, estudar antes de fazer. E o nosso curso ajuda as pessoas a transformarem as suas ideias em neg\u00f3cios, passando por todas as etapas de inova\u00e7\u00e3o, processos e divulga\u00e7\u00e3o\u201d, diz.<br \/>\nPara participar, \u00e9 necess\u00e1rio apresentar uma proposta de empreendedorismo que ser\u00e1 avaliada com base em crit\u00e9rios como inova\u00e7\u00e3o, viabilidade t\u00e9cnica e potencial de mercado. Na inscri\u00e7\u00e3o, o interessado deve preencher o formul\u00e1rio e indicar a Etec ou Fatec mais pr\u00f3xima. Ser\u00e3o selecionadas 20 propostas \u2013 com at\u00e9 tr\u00eas integrantes cada uma \u2013 por unidade. A lista de aprovados ser\u00e1 divulgada no dia 25 de mar\u00e7o. As atividades ocorrem entre mar\u00e7o e junho.<br \/>\nAo final, os projetos de startups ser\u00e3o apresentados a empres\u00e1rios, institui\u00e7\u00f5es p\u00fablicas e representantes de ambientes de inova\u00e7\u00e3o, como incubadoras, parques tecnol\u00f3gicos e espa\u00e7os de coworking, com o intuito de gerar parcerias e oportunidades de neg\u00f3cios. Em Franca e regi\u00e3o, conta com o apoio da IMPERA (Incubadora de Empresas de Base Tecnol\u00f3gica de Franca), sendo que o melhor projeto ter\u00e1 a oportunidade de ser incubado, com contrato durante um ano, para desenvolver seu modelo de neg\u00f3cios com toda infraestrutura.<br \/>\nPelo programa \u201cTrilha de Empreendedorismo e Inova\u00e7\u00e3o\u201d do CPS, ao final desta edi\u00e7\u00e3o os melhores projetos passam para a segunda etapa \u201cVitrine Inova CPS\u201d e finalizam com o \u201cAcelera Inova CPS\u201d. A Inova CPS tamb\u00e9m oferece cursos de curta dura\u00e7\u00e3o, de forma r\u00e1pida e eficiente, para os empreendedores se prepararem para as novas demandas do mercado. Saiba mais no link inova.cps.sp.gov.br\/academia-inovacps\/.<\/p>\n<p><strong>Servi\u00e7o<\/strong><br \/>\n<strong>Programa &#8220;Escola de Inovadores&#8221;<\/strong><br \/>\nData: inscri\u00e7\u00f5es gratuitas at\u00e9 21 de mar\u00e7o<br \/>\nLink p\/ inscri\u00e7\u00e3o: inova.cps.sp.gov.br<br \/>\nEdital: inova.cps.sp.gov.br\/wp-content\/uploads\/sites\/15\/2022\/02\/Edital_Escola-de-Inovadores-2022-1.pdf<br \/>\nInforma\u00e7\u00f5es: agente31.inova@cps.sp.gov.br<\/p>\n","protected":false},"excerpt":{"rendered":"<p>Curso on-line gratuito do Centro Paula Souza ensina a transformar propostas inovadoras em modelos de empresas &nbsp; Termina na pr\u00f3xima segunda-feira (21\/03) o prazo para as<span class=\"excerpt-hellip\"> [\u2026]<\/span><\/p>\n","protected":false},"author":10,"featured_media":23714,"comment_status":"open","ping_status":"open","sticky":false,"template":"","format":"standard","meta":{"_jetpack_memberships_contains_paid_content":false,"footnotes":"","jetpack_publicize_message":"","jetpack_publicize_feature_enabled":true,"jetpack_social_post_already_shared":false,"jetpack_social_options":{"image_generator_settings":{"template":"highway","default_image_id":0,"enabled":false},"version":2}},"categories":[28,44],"tags":[],"class_list":["post-23711","post","type-post","status-publish","format-standard","has-post-thumbnail","hentry","category-cotidiano","category-noticias"],"yoast_head":"<!-- This site is optimized with the Yoast SEO plugin v25.6 - https:\/\/yoast.com\/wordpress\/plugins\/seo\/ -->\n<title>Prazo para inscri\u00e7\u00f5es na \u2018Escola de Inovadores\u2019 em Franca e regi\u00e3o termina na pr\u00f3xima segunda, dia 21 - VerdadeOn<\/title>\n<meta name=\"robots\" content=\"index, follow, max-snippet:-1, max-image-preview:large, max-video-preview:-1\" \/>\n<link rel=\"canonical\" href=\"https:\/\/verdadeon.com.br\/portal\/2022\/03\/14\/prazo-para-inscricoes-na-escola-de-inovadores-em-franca-e-regiao-termina-na-proxima-segunda-dia-21\/\" \/>\n<meta property=\"og:locale\" content=\"pt_BR\" \/>\n<meta property=\"og:type\" content=\"article\" \/>\n<meta property=\"og:title\" content=\"Prazo para inscri\u00e7\u00f5es na \u2018Escola de Inovadores\u2019 em Franca e regi\u00e3o termina na pr\u00f3xima segunda, dia 21 - VerdadeOn\" \/>\n<meta property=\"og:description\" content=\"Curso on-line gratuito do Centro Paula Souza ensina a transformar propostas inovadoras em modelos de empresas &nbsp; Termina na pr\u00f3xima segunda-feira (21\/03) o prazo para as [\u2026]\" \/>\n<meta property=\"og:url\" content=\"https:\/\/verdadeon.com.br\/portal\/2022\/03\/14\/prazo-para-inscricoes-na-escola-de-inovadores-em-franca-e-regiao-termina-na-proxima-segunda-dia-21\/\" \/>\n<meta property=\"og:site_name\" content=\"VerdadeOn\" \/>\n<meta property=\"article:published_time\" content=\"2022-03-14T22:09:06+00:00\" \/>\n<meta property=\"og:image\" content=\"https:\/\/verdadeon.com.br\/portal\/wp-content\/uploads\/2022\/03\/Marcelo-Squilante-e-professor-e-agente-de-Inovacao-da-Inova-CPS-na-regiao-de-Franca-aulas-da-Escola-de-Inovadores-continuam-on-line.-Foto-Jorge-Secco.jpeg\" \/>\n\t<meta property=\"og:image:width\" content=\"800\" \/>\n\t<meta property=\"og:image:height\" content=\"533\" \/>\n\t<meta property=\"og:image:type\" content=\"image\/jpeg\" \/>\n<meta name=\"author\" content=\"Redacao VerdadeOn\" \/>\n<meta name=\"twitter:card\" content=\"summary_large_image\" \/>\n<meta name=\"twitter:label1\" content=\"Escrito por\" \/>\n\t<meta name=\"twitter:data1\" content=\"Redacao VerdadeOn\" \/>\n\t<meta name=\"twitter:label2\" content=\"Est. tempo de leitura\" \/>\n\t<meta name=\"twitter:data2\" content=\"5 minutos\" \/>\n<script type=\"application\/ld+json\" class=\"yoast-schema-graph\">{\"@context\":\"https:\/\/schema.org\",\"@graph\":[{\"@type\":\"WebPage\",\"@id\":\"https:\/\/verdadeon.com.br\/portal\/2022\/03\/14\/prazo-para-inscricoes-na-escola-de-inovadores-em-franca-e-regiao-termina-na-proxima-segunda-dia-21\/\",\"url\":\"https:\/\/verdadeon.com.br\/portal\/2022\/03\/14\/prazo-para-inscricoes-na-escola-de-inovadores-em-franca-e-regiao-termina-na-proxima-segunda-dia-21\/\",\"name\":\"Prazo para inscri\u00e7\u00f5es na \u2018Escola de Inovadores\u2019 em Franca e regi\u00e3o termina na pr\u00f3xima segunda, dia 21 - VerdadeOn\",\"isPartOf\":{\"@id\":\"https:\/\/verdadeon.com.br\/portal\/#website\"},\"primaryImageOfPage\":{\"@id\":\"https:\/\/verdadeon.com.br\/portal\/2022\/03\/14\/prazo-para-inscricoes-na-escola-de-inovadores-em-franca-e-regiao-termina-na-proxima-segunda-dia-21\/#primaryimage\"},\"image\":{\"@id\":\"https:\/\/verdadeon.com.br\/portal\/2022\/03\/14\/prazo-para-inscricoes-na-escola-de-inovadores-em-franca-e-regiao-termina-na-proxima-segunda-dia-21\/#primaryimage\"},\"thumbnailUrl\":\"https:\/\/i0.wp.com\/verdadeon.com.br\/portal\/wp-content\/uploads\/2022\/03\/Marcelo-Squilante-e-professor-e-agente-de-Inovacao-da-Inova-CPS-na-regiao-de-Franca-aulas-da-Escola-de-Inovadores-continuam-on-line.-Foto-Jorge-Secco.jpeg?fit=800%2C533&ssl=1\",\"datePublished\":\"2022-03-14T22:09:06+00:00\",\"author\":{\"@id\":\"https:\/\/verdadeon.com.br\/portal\/#\/schema\/person\/a5060ad1e9ea3df545188fc93ce43d2f\"},\"breadcrumb\":{\"@id\":\"https:\/\/verdadeon.com.br\/portal\/2022\/03\/14\/prazo-para-inscricoes-na-escola-de-inovadores-em-franca-e-regiao-termina-na-proxima-segunda-dia-21\/#breadcrumb\"},\"inLanguage\":\"pt-BR\",\"potentialAction\":[{\"@type\":\"ReadAction\",\"target\":[\"https:\/\/verdadeon.com.br\/portal\/2022\/03\/14\/prazo-para-inscricoes-na-escola-de-inovadores-em-franca-e-regiao-termina-na-proxima-segunda-dia-21\/\"]}]},{\"@type\":\"ImageObject\",\"inLanguage\":\"pt-BR\",\"@id\":\"https:\/\/verdadeon.com.br\/portal\/2022\/03\/14\/prazo-para-inscricoes-na-escola-de-inovadores-em-franca-e-regiao-termina-na-proxima-segunda-dia-21\/#primaryimage\",\"url\":\"https:\/\/i0.wp.com\/verdadeon.com.br\/portal\/wp-content\/uploads\/2022\/03\/Marcelo-Squilante-e-professor-e-agente-de-Inovacao-da-Inova-CPS-na-regiao-de-Franca-aulas-da-Escola-de-Inovadores-continuam-on-line.-Foto-Jorge-Secco.jpeg?fit=800%2C533&ssl=1\",\"contentUrl\":\"https:\/\/i0.wp.com\/verdadeon.com.br\/portal\/wp-content\/uploads\/2022\/03\/Marcelo-Squilante-e-professor-e-agente-de-Inovacao-da-Inova-CPS-na-regiao-de-Franca-aulas-da-Escola-de-Inovadores-continuam-on-line.-Foto-Jorge-Secco.jpeg?fit=800%2C533&ssl=1\",\"width\":800,\"height\":533,\"caption\":\"Marcelo Squilante \u00e9 professor e agente de Inova\u00e7\u00e3o da Inova CPS na regi\u00e3o de Franca; aulas da 'Escola de Inovadores' continuam on-line | Foto: Jorge Secco\"},{\"@type\":\"BreadcrumbList\",\"@id\":\"https:\/\/verdadeon.com.br\/portal\/2022\/03\/14\/prazo-para-inscricoes-na-escola-de-inovadores-em-franca-e-regiao-termina-na-proxima-segunda-dia-21\/#breadcrumb\",\"itemListElement\":[{\"@type\":\"ListItem\",\"position\":1,\"name\":\"In\u00edcio\",\"item\":\"https:\/\/verdadeon.com.br\/portal\/\"},{\"@type\":\"ListItem\",\"position\":2,\"name\":\"Prazo para inscri\u00e7\u00f5es na \u2018Escola de Inovadores\u2019 em Franca e regi\u00e3o termina na pr\u00f3xima segunda, dia 21\"}]},{\"@type\":\"WebSite\",\"@id\":\"https:\/\/verdadeon.com.br\/portal\/#website\",\"url\":\"https:\/\/verdadeon.com.br\/portal\/\",\"name\":\"VerdadeOn\",\"description\":\"Not\u00edcias di\u00e1rias sobre Franca, Regi\u00e3o, Esporte, Cultura, Cotidiano, Colunas. Cobertura nos principais eventos da cidade \u00e9 aqui - Verdadeon Franca\",\"potentialAction\":[{\"@type\":\"SearchAction\",\"target\":{\"@type\":\"EntryPoint\",\"urlTemplate\":\"https:\/\/verdadeon.com.br\/portal\/?s={search_term_string}\"},\"query-input\":{\"@type\":\"PropertyValueSpecification\",\"valueRequired\":true,\"valueName\":\"search_term_string\"}}],\"inLanguage\":\"pt-BR\"},{\"@type\":\"Person\",\"@id\":\"https:\/\/verdadeon.com.br\/portal\/#\/schema\/person\/a5060ad1e9ea3df545188fc93ce43d2f\",\"name\":\"Redacao VerdadeOn\",\"image\":{\"@type\":\"ImageObject\",\"inLanguage\":\"pt-BR\",\"@id\":\"https:\/\/verdadeon.com.br\/portal\/#\/schema\/person\/image\/\",\"url\":\"https:\/\/secure.gravatar.com\/avatar\/459a9613caaaf07f582c3d0841eea68bdd66f533e465e6ba8b9cb45619572cf4?s=96&d=mm&r=g\",\"contentUrl\":\"https:\/\/secure.gravatar.com\/avatar\/459a9613caaaf07f582c3d0841eea68bdd66f533e465e6ba8b9cb45619572cf4?s=96&d=mm&r=g\",\"caption\":\"Redacao VerdadeOn\"},\"url\":\"https:\/\/verdadeon.com.br\/portal\/author\/redacao\/\"}]}<\/script>\n<!-- \/ Yoast SEO plugin. -->","yoast_head_json":{"title":"Prazo para inscri\u00e7\u00f5es na \u2018Escola de Inovadores\u2019 em Franca e regi\u00e3o termina na pr\u00f3xima segunda, dia 21 - VerdadeOn","robots":{"index":"index","follow":"follow","max-snippet":"max-snippet:-1","max-image-preview":"max-image-preview:large","max-video-preview":"max-video-preview:-1"},"canonical":"https:\/\/verdadeon.com.br\/portal\/2022\/03\/14\/prazo-para-inscricoes-na-escola-de-inovadores-em-franca-e-regiao-termina-na-proxima-segunda-dia-21\/","og_locale":"pt_BR","og_type":"article","og_title":"Prazo para inscri\u00e7\u00f5es na \u2018Escola de Inovadores\u2019 em Franca e regi\u00e3o termina na pr\u00f3xima segunda, dia 21 - VerdadeOn","og_description":"Curso on-line gratuito do Centro Paula Souza ensina a transformar propostas inovadoras em modelos de empresas &nbsp; Termina na pr\u00f3xima segunda-feira (21\/03) o prazo para as [\u2026]","og_url":"https:\/\/verdadeon.com.br\/portal\/2022\/03\/14\/prazo-para-inscricoes-na-escola-de-inovadores-em-franca-e-regiao-termina-na-proxima-segunda-dia-21\/","og_site_name":"VerdadeOn","article_published_time":"2022-03-14T22:09:06+00:00","og_image":[{"width":800,"height":533,"url":"https:\/\/verdadeon.com.br\/portal\/wp-content\/uploads\/2022\/03\/Marcelo-Squilante-e-professor-e-agente-de-Inovacao-da-Inova-CPS-na-regiao-de-Franca-aulas-da-Escola-de-Inovadores-continuam-on-line.-Foto-Jorge-Secco.jpeg","type":"image\/jpeg"}],"author":"Redacao VerdadeOn","twitter_card":"summary_large_image","twitter_misc":{"Escrito por":"Redacao VerdadeOn","Est. tempo de leitura":"5 minutos"},"schema":{"@context":"https:\/\/schema.org","@graph":[{"@type":"WebPage","@id":"https:\/\/verdadeon.com.br\/portal\/2022\/03\/14\/prazo-para-inscricoes-na-escola-de-inovadores-em-franca-e-regiao-termina-na-proxima-segunda-dia-21\/","url":"https:\/\/verdadeon.com.br\/portal\/2022\/03\/14\/prazo-para-inscricoes-na-escola-de-inovadores-em-franca-e-regiao-termina-na-proxima-segunda-dia-21\/","name":"Prazo para inscri\u00e7\u00f5es na \u2018Escola de Inovadores\u2019 em Franca e regi\u00e3o termina na pr\u00f3xima segunda, dia 21 - VerdadeOn","isPartOf":{"@id":"https:\/\/verdadeon.com.br\/portal\/#website"},"primaryImageOfPage":{"@id":"https:\/\/verdadeon.com.br\/portal\/2022\/03\/14\/prazo-para-inscricoes-na-escola-de-inovadores-em-franca-e-regiao-termina-na-proxima-segunda-dia-21\/#primaryimage"},"image":{"@id":"https:\/\/verdadeon.com.br\/portal\/2022\/03\/14\/prazo-para-inscricoes-na-escola-de-inovadores-em-franca-e-regiao-termina-na-proxima-segunda-dia-21\/#primaryimage"},"thumbnailUrl":"https:\/\/i0.wp.com\/verdadeon.com.br\/portal\/wp-content\/uploads\/2022\/03\/Marcelo-Squilante-e-professor-e-agente-de-Inovacao-da-Inova-CPS-na-regiao-de-Franca-aulas-da-Escola-de-Inovadores-continuam-on-line.-Foto-Jorge-Secco.jpeg?fit=800%2C533&ssl=1","datePublished":"2022-03-14T22:09:06+00:00","author":{"@id":"https:\/\/verdadeon.com.br\/portal\/#\/schema\/person\/a5060ad1e9ea3df545188fc93ce43d2f"},"breadcrumb":{"@id":"https:\/\/verdadeon.com.br\/portal\/2022\/03\/14\/prazo-para-inscricoes-na-escola-de-inovadores-em-franca-e-regiao-termina-na-proxima-segunda-dia-21\/#breadcrumb"},"inLanguage":"pt-BR","potentialAction":[{"@type":"ReadAction","target":["https:\/\/verdadeon.com.br\/portal\/2022\/03\/14\/prazo-para-inscricoes-na-escola-de-inovadores-em-franca-e-regiao-termina-na-proxima-segunda-dia-21\/"]}]},{"@type":"ImageObject","inLanguage":"pt-BR","@id":"https:\/\/verdadeon.com.br\/portal\/2022\/03\/14\/prazo-para-inscricoes-na-escola-de-inovadores-em-franca-e-regiao-termina-na-proxima-segunda-dia-21\/#primaryimage","url":"https:\/\/i0.wp.com\/verdadeon.com.br\/portal\/wp-content\/uploads\/2022\/03\/Marcelo-Squilante-e-professor-e-agente-de-Inovacao-da-Inova-CPS-na-regiao-de-Franca-aulas-da-Escola-de-Inovadores-continuam-on-line.-Foto-Jorge-Secco.jpeg?fit=800%2C533&ssl=1","contentUrl":"https:\/\/i0.wp.com\/verdadeon.com.br\/portal\/wp-content\/uploads\/2022\/03\/Marcelo-Squilante-e-professor-e-agente-de-Inovacao-da-Inova-CPS-na-regiao-de-Franca-aulas-da-Escola-de-Inovadores-continuam-on-line.-Foto-Jorge-Secco.jpeg?fit=800%2C533&ssl=1","width":800,"height":533,"caption":"Marcelo Squilante \u00e9 professor e agente de Inova\u00e7\u00e3o da Inova CPS na regi\u00e3o de Franca; aulas da 'Escola de Inovadores' continuam on-line | Foto: Jorge Secco"},{"@type":"BreadcrumbList","@id":"https:\/\/verdadeon.com.br\/portal\/2022\/03\/14\/prazo-para-inscricoes-na-escola-de-inovadores-em-franca-e-regiao-termina-na-proxima-segunda-dia-21\/#breadcrumb","itemListElement":[{"@type":"ListItem","position":1,"name":"In\u00edcio","item":"https:\/\/verdadeon.com.br\/portal\/"},{"@type":"ListItem","position":2,"name":"Prazo para inscri\u00e7\u00f5es na \u2018Escola de Inovadores\u2019 em Franca e regi\u00e3o termina na pr\u00f3xima segunda, dia 21"}]},{"@type":"WebSite","@id":"https:\/\/verdadeon.com.br\/portal\/#website","url":"https:\/\/verdadeon.com.br\/portal\/","name":"VerdadeOn","description":"Not\u00edcias di\u00e1rias sobre Franca, Regi\u00e3o, Esporte, Cultura, Cotidiano, Colunas. Cobertura nos principais eventos da cidade \u00e9 aqui - Verdadeon Franca","potentialAction":[{"@type":"SearchAction","target":{"@type":"EntryPoint","urlTemplate":"https:\/\/verdadeon.com.br\/portal\/?s={search_term_string}"},"query-input":{"@type":"PropertyValueSpecification","valueRequired":true,"valueName":"search_term_string"}}],"inLanguage":"pt-BR"},{"@type":"Person","@id":"https:\/\/verdadeon.com.br\/portal\/#\/schema\/person\/a5060ad1e9ea3df545188fc93ce43d2f","name":"Redacao VerdadeOn","image":{"@type":"ImageObject","inLanguage":"pt-BR","@id":"https:\/\/verdadeon.com.br\/portal\/#\/schema\/person\/image\/","url":"https:\/\/secure.gravatar.com\/avatar\/459a9613caaaf07f582c3d0841eea68bdd66f533e465e6ba8b9cb45619572cf4?s=96&d=mm&r=g","contentUrl":"https:\/\/secure.gravatar.com\/avatar\/459a9613caaaf07f582c3d0841eea68bdd66f533e465e6ba8b9cb45619572cf4?s=96&d=mm&r=g","caption":"Redacao VerdadeOn"},"url":"https:\/\/verdadeon.com.br\/portal\/author\/redacao\/"}]}},"jetpack_publicize_connections":[],"jetpack_featured_media_url":"https:\/\/i0.wp.com\/verdadeon.com.br\/portal\/wp-content\/uploads\/2022\/03\/Marcelo-Squilante-e-professor-e-agente-de-Inovacao-da-Inova-CPS-na-regiao-de-Franca-aulas-da-Escola-de-Inovadores-continuam-on-line.-Foto-Jorge-Secco.jpeg?fit=800%2C533&ssl=1","jetpack_sharing_enabled":true,"_links":{"self":[{"href":"https:\/\/verdadeon.com.br\/portal\/wp-json\/wp\/v2\/posts\/23711","targetHints":{"allow":["GET"]}}],"collection":[{"href":"https:\/\/verdadeon.com.br\/portal\/wp-json\/wp\/v2\/posts"}],"about":[{"href":"https:\/\/verdadeon.com.br\/portal\/wp-json\/wp\/v2\/types\/post"}],"author":[{"embeddable":true,"href":"https:\/\/verdadeon.com.br\/portal\/wp-json\/wp\/v2\/users\/10"}],"replies":[{"embeddable":true,"href":"https:\/\/verdadeon.com.br\/portal\/wp-json\/wp\/v2\/comments?post=23711"}],"version-history":[{"count":1,"href":"https:\/\/verdadeon.com.br\/portal\/wp-json\/wp\/v2\/posts\/23711\/revisions"}],"predecessor-version":[{"id":23715,"href":"https:\/\/verdadeon.com.br\/portal\/wp-json\/wp\/v2\/posts\/23711\/revisions\/23715"}],"wp:featuredmedia":[{"embeddable":true,"href":"https:\/\/verdadeon.com.br\/portal\/wp-json\/wp\/v2\/media\/23714"}],"wp:attachment":[{"href":"https:\/\/verdadeon.com.br\/portal\/wp-json\/wp\/v2\/media?parent=23711"}],"wp:term":[{"taxonomy":"category","embeddable":true,"href":"https:\/\/verdadeon.com.br\/portal\/wp-json\/wp\/v2\/categories?post=23711"},{"taxonomy":"post_tag","embeddable":true,"href":"https:\/\/verdadeon.com.br\/portal\/wp-json\/wp\/v2\/tags?post=23711"}],"curies":[{"name":"wp","href":"https:\/\/api.w.org\/{rel}","templated":true}]}}