{"id":23707,"date":"2022-03-14T19:09:45","date_gmt":"2022-03-14T22:09:45","guid":{"rendered":"https:\/\/verdadeon.com.br\/portal\/?p=23707"},"modified":"2022-03-14T19:09:45","modified_gmt":"2022-03-14T22:09:45","slug":"batatais-tem-acervo-de-escritores-referencia-para-cultura-nacional","status":"publish","type":"post","link":"https:\/\/verdadeon.com.br\/portal\/2022\/03\/14\/batatais-tem-acervo-de-escritores-referencia-para-cultura-nacional\/","title":{"rendered":"Batatais tem acervo de escritores refer\u00eancia para cultura nacional"},"content":{"rendered":"<h2>O Memorial Jos\u00e9 Olympio \u00e9 mantido pelo Claretiano \u2013 Centro Universit\u00e1rio de Batatais<\/h2>\n<div>Batatais completou 183 anos neste dia 14 de mar\u00e7o, e o munic\u00edpio concentra um riqu\u00edssimo acervo de escritores modernistas, podendo ser considerado refer\u00eancia para a cultura nacional. Em 1922, com apenas 83 anos de hist\u00f3ria, a cidade n\u00e3o imaginava que um s\u00e9culo depois abrigaria um acervo rico em cultura e muito representativo para o Modernismo, movimento que foi iniciado com a Semana de Arte Moderna &#8211; ou Semana de 22 &#8211; que aconteceu em S\u00e3o Paulo de 11 a 18 de fevereiro de 1922, no\u00a0 Teatro Municipal.<\/div>\n<div>Esta preciosidade cultural de Batatais, est\u00e1 no Memorial Jos\u00e9 Olympio, localizado no Claretiano &#8211; Centro Universit\u00e1rio de Batatais, lembrando que Jos\u00e9 Olympio nasceu em Batatais em dezembro de 1902 e se tornou um dos maiores editores de livros do pa\u00eds, inclusive de autores que surgiram ap\u00f3s a Semana de 22.<\/div>\n<div>Ana Carolina Guimar\u00e3es, Bibliotec\u00e1ria do Claretiano, explicou que o Memorial concentra in\u00fameros livros de escritores modernistas como Afonso Schmidt, Gra\u00e7a Aranha, Guilherme de Almeida, M\u00e1rio de Andrade, Menotti del Picchia, Manuel Bandeira e Oswald de Andrade, inclusive, alguns tiveram suas publica\u00e7\u00f5es editadas por Jos\u00e9 Olympio.\u00a0 \u201cEste \u00e9 o caso de Macuna\u00edma, de M\u00e1rio de Andrade, a obra mais importante do Modernismo. Temos tamb\u00e9m obras com dedicat\u00f3rias, como <span class=\"gmail_default\">&#8216;<\/span>Andorinha<span class=\"gmail_default\">&#8216;<\/span>, de Manuel Bandeira;\u00a0<span class=\"gmail_default\">&#8216;<\/span>Encantamento<span class=\"gmail_default\">&#8216;<\/span>, de Guilherme de Almeida;\u00a0<span class=\"gmail_default\">&#8216;<\/span>Salom\u00e9<span class=\"gmail_default\">&#8216;<\/span>, de Menotti Del Picchia;\u00a0<span class=\"gmail_default\">&#8216;<\/span>Rio de Janeiro em prosa e verso<span class=\"gmail_default\">&#8216;<\/span>, de Manuel Bandeira e Carlos Drummond de Andrade;\u00a0<span class=\"gmail_default\">&#8216;<\/span>Um homem sem profiss\u00e3o<span class=\"gmail_default\">&#8216;<\/span>, de Oswald de Andrade,\u00a0 e muitos outros\u201d, explicou.A Profa Dra Elza Silva Cardoso Soffiatti, coordenadora do curso de Hist\u00f3ria do Claretiano, comentou que a Semana de 22, na \u00e9poca, foi alvo de muitas cr\u00edticas, no entanto, ganhou relev\u00e2ncia com o passar dos anos. \u201cO principal legado do movimento foi desprender a arte brasileira, que antes era uma reprodu\u00e7\u00e3o de padr\u00f5es europeus. A Semana de 22 serviu para o in\u00edcio da constru\u00e7\u00e3o de uma cultura essencialmente nacional\u201d, observou.<\/div>\n<div>Logo ap\u00f3s o movimento diversos escritores come\u00e7aram a surgir e muitos tiveram suas publica\u00e7\u00f5es editadas por Jos\u00e9 Olympio, que teve a sua editora fundada nos anos 1931 chegando ao auge nos anos 1950, no Rio de Janeiro, tendo publicado milhares de romances e livros acad\u00eamicos de renomados autores. Com o passar dos anos a empresa foi adquirida em 2001 pelo Grupo Editorial Record.<\/div>\n<h4>O Memorial<\/h4>\n<div>O Memorial Jos\u00e9 Olympio \u00e9 mantido pelo Claretiano \u2013 Centro Universit\u00e1rio de Batatais, que det\u00e9m a guarda de dois importantes acervos do editor. Um deles, composto por mais de 1.738 exemplares, foi doado ainda na d\u00e9cada de 1970 \u00e0 institui\u00e7\u00e3o pelo pr\u00f3prio Jos\u00e9 Olympio.<\/div>\n<div>J\u00e1 a outra metade, com 1.124 exemplares, estava sob a guarda da Prefeitura Municipal de Batatais. Em 2019, come\u00e7aram as tratativas entre o \u00f3rg\u00e3o p\u00fablico e a institui\u00e7\u00e3o de ensino com o objetivo de unificar as cole\u00e7\u00f5es, o que se concretizou em 2020.<br \/>\nTodos os livros foram higienizados, catalogados e tombados. Alguns materiais est\u00e3o digitalizados e podem ser consultados on-line na Biblioteca Virtual do Claretiano, pelo link:\u00a0<a href=\"https:\/\/clalink.claretiano.edu.br\/cl\/PM4oy\/A\/5e81\/0\/BJ4x\/OE8AqloP42g\/1\/\" target=\"_blank\" rel=\"noopener\" data-saferedirecturl=\"https:\/\/www.google.com\/url?q=https:\/\/clalink.claretiano.edu.br\/cl\/PM4oy\/A\/5e81\/0\/BJ4x\/OE8AqloP42g\/1\/&amp;source=gmail&amp;ust=1647363002072000&amp;usg=AOvVaw1d8Z4c9T9DBG-k60XYWNi8\">https:\/\/biblioteca.claretiano.<wbr \/>edu.br\/pergamum\/biblioteca\/<\/a>.<br \/>\nPara encontr\u00e1-las, basta escolher Jos\u00e9 Olympio no campo \u201cCole\u00e7\u00e3o\u201d da busca.<\/div>\n","protected":false},"excerpt":{"rendered":"<p>O Memorial Jos\u00e9 Olympio \u00e9 mantido pelo Claretiano \u2013 Centro Universit\u00e1rio de Batatais Batatais completou 183 anos neste dia 14 de mar\u00e7o, e o munic\u00edpio concentra<span class=\"excerpt-hellip\"> [\u2026]<\/span><\/p>\n","protected":false},"author":7,"featured_media":23713,"comment_status":"open","ping_status":"open","sticky":false,"template":"","format":"standard","meta":{"_jetpack_memberships_contains_paid_content":false,"footnotes":"","jetpack_publicize_message":"","jetpack_publicize_feature_enabled":true,"jetpack_social_post_already_shared":false,"jetpack_social_options":{"image_generator_settings":{"template":"highway","default_image_id":0,"enabled":false},"version":2}},"categories":[28,44],"tags":[],"class_list":["post-23707","post","type-post","status-publish","format-standard","has-post-thumbnail","hentry","category-cotidiano","category-noticias"],"yoast_head":"<!-- This site is optimized with the Yoast SEO plugin v25.6 - https:\/\/yoast.com\/wordpress\/plugins\/seo\/ -->\n<title>Batatais tem acervo de escritores refer\u00eancia para cultura nacional - VerdadeOn<\/title>\n<meta name=\"robots\" content=\"index, follow, max-snippet:-1, max-image-preview:large, max-video-preview:-1\" \/>\n<link rel=\"canonical\" href=\"https:\/\/verdadeon.com.br\/portal\/2022\/03\/14\/batatais-tem-acervo-de-escritores-referencia-para-cultura-nacional\/\" \/>\n<meta property=\"og:locale\" content=\"pt_BR\" \/>\n<meta property=\"og:type\" content=\"article\" \/>\n<meta property=\"og:title\" content=\"Batatais tem acervo de escritores refer\u00eancia para cultura nacional - VerdadeOn\" \/>\n<meta property=\"og:description\" content=\"O Memorial Jos\u00e9 Olympio \u00e9 mantido pelo Claretiano \u2013 Centro Universit\u00e1rio de Batatais Batatais completou 183 anos neste dia 14 de mar\u00e7o, e o munic\u00edpio concentra [\u2026]\" \/>\n<meta property=\"og:url\" content=\"https:\/\/verdadeon.com.br\/portal\/2022\/03\/14\/batatais-tem-acervo-de-escritores-referencia-para-cultura-nacional\/\" \/>\n<meta property=\"og:site_name\" content=\"VerdadeOn\" \/>\n<meta property=\"article:published_time\" content=\"2022-03-14T22:09:45+00:00\" \/>\n<meta property=\"og:image\" content=\"https:\/\/verdadeon.com.br\/portal\/wp-content\/uploads\/2022\/03\/unnamed.jpg\" \/>\n\t<meta property=\"og:image:width\" content=\"1600\" \/>\n\t<meta property=\"og:image:height\" content=\"1200\" \/>\n\t<meta property=\"og:image:type\" content=\"image\/jpeg\" \/>\n<meta name=\"author\" content=\"Fernando Lima\" \/>\n<meta name=\"twitter:card\" content=\"summary_large_image\" \/>\n<meta name=\"twitter:label1\" content=\"Escrito por\" \/>\n\t<meta name=\"twitter:data1\" content=\"Fernando Lima\" \/>\n\t<meta name=\"twitter:label2\" content=\"Est. tempo de leitura\" \/>\n\t<meta name=\"twitter:data2\" content=\"3 minutos\" \/>\n<script type=\"application\/ld+json\" class=\"yoast-schema-graph\">{\"@context\":\"https:\/\/schema.org\",\"@graph\":[{\"@type\":\"WebPage\",\"@id\":\"https:\/\/verdadeon.com.br\/portal\/2022\/03\/14\/batatais-tem-acervo-de-escritores-referencia-para-cultura-nacional\/\",\"url\":\"https:\/\/verdadeon.com.br\/portal\/2022\/03\/14\/batatais-tem-acervo-de-escritores-referencia-para-cultura-nacional\/\",\"name\":\"Batatais tem acervo de escritores refer\u00eancia para cultura nacional - VerdadeOn\",\"isPartOf\":{\"@id\":\"https:\/\/verdadeon.com.br\/portal\/#website\"},\"primaryImageOfPage\":{\"@id\":\"https:\/\/verdadeon.com.br\/portal\/2022\/03\/14\/batatais-tem-acervo-de-escritores-referencia-para-cultura-nacional\/#primaryimage\"},\"image\":{\"@id\":\"https:\/\/verdadeon.com.br\/portal\/2022\/03\/14\/batatais-tem-acervo-de-escritores-referencia-para-cultura-nacional\/#primaryimage\"},\"thumbnailUrl\":\"https:\/\/i0.wp.com\/verdadeon.com.br\/portal\/wp-content\/uploads\/2022\/03\/unnamed.jpg?fit=1600%2C1200&ssl=1\",\"datePublished\":\"2022-03-14T22:09:45+00:00\",\"author\":{\"@id\":\"https:\/\/verdadeon.com.br\/portal\/#\/schema\/person\/cc32be22b8e8599387c480bc83e1d11a\"},\"breadcrumb\":{\"@id\":\"https:\/\/verdadeon.com.br\/portal\/2022\/03\/14\/batatais-tem-acervo-de-escritores-referencia-para-cultura-nacional\/#breadcrumb\"},\"inLanguage\":\"pt-BR\",\"potentialAction\":[{\"@type\":\"ReadAction\",\"target\":[\"https:\/\/verdadeon.com.br\/portal\/2022\/03\/14\/batatais-tem-acervo-de-escritores-referencia-para-cultura-nacional\/\"]}]},{\"@type\":\"ImageObject\",\"inLanguage\":\"pt-BR\",\"@id\":\"https:\/\/verdadeon.com.br\/portal\/2022\/03\/14\/batatais-tem-acervo-de-escritores-referencia-para-cultura-nacional\/#primaryimage\",\"url\":\"https:\/\/i0.wp.com\/verdadeon.com.br\/portal\/wp-content\/uploads\/2022\/03\/unnamed.jpg?fit=1600%2C1200&ssl=1\",\"contentUrl\":\"https:\/\/i0.wp.com\/verdadeon.com.br\/portal\/wp-content\/uploads\/2022\/03\/unnamed.jpg?fit=1600%2C1200&ssl=1\",\"width\":1600,\"height\":1200},{\"@type\":\"BreadcrumbList\",\"@id\":\"https:\/\/verdadeon.com.br\/portal\/2022\/03\/14\/batatais-tem-acervo-de-escritores-referencia-para-cultura-nacional\/#breadcrumb\",\"itemListElement\":[{\"@type\":\"ListItem\",\"position\":1,\"name\":\"In\u00edcio\",\"item\":\"https:\/\/verdadeon.com.br\/portal\/\"},{\"@type\":\"ListItem\",\"position\":2,\"name\":\"Batatais tem acervo de escritores refer\u00eancia para cultura nacional\"}]},{\"@type\":\"WebSite\",\"@id\":\"https:\/\/verdadeon.com.br\/portal\/#website\",\"url\":\"https:\/\/verdadeon.com.br\/portal\/\",\"name\":\"VerdadeOn\",\"description\":\"Not\u00edcias di\u00e1rias sobre Franca, Regi\u00e3o, Esporte, Cultura, Cotidiano, Colunas. Cobertura nos principais eventos da cidade \u00e9 aqui - Verdadeon Franca\",\"potentialAction\":[{\"@type\":\"SearchAction\",\"target\":{\"@type\":\"EntryPoint\",\"urlTemplate\":\"https:\/\/verdadeon.com.br\/portal\/?s={search_term_string}\"},\"query-input\":{\"@type\":\"PropertyValueSpecification\",\"valueRequired\":true,\"valueName\":\"search_term_string\"}}],\"inLanguage\":\"pt-BR\"},{\"@type\":\"Person\",\"@id\":\"https:\/\/verdadeon.com.br\/portal\/#\/schema\/person\/cc32be22b8e8599387c480bc83e1d11a\",\"name\":\"Fernando Lima\",\"image\":{\"@type\":\"ImageObject\",\"inLanguage\":\"pt-BR\",\"@id\":\"https:\/\/verdadeon.com.br\/portal\/#\/schema\/person\/image\/\",\"url\":\"https:\/\/secure.gravatar.com\/avatar\/df4c8e132080d2b3a4841d5d232045464e0eed11a1d6e43115ca0843d48768d3?s=96&d=mm&r=g\",\"contentUrl\":\"https:\/\/secure.gravatar.com\/avatar\/df4c8e132080d2b3a4841d5d232045464e0eed11a1d6e43115ca0843d48768d3?s=96&d=mm&r=g\",\"caption\":\"Fernando Lima\"},\"sameAs\":[\"http:\/\/verdadeon.com.br\/\"],\"url\":\"https:\/\/verdadeon.com.br\/portal\/author\/fernando-lima\/\"}]}<\/script>\n<!-- \/ Yoast SEO plugin. -->","yoast_head_json":{"title":"Batatais tem acervo de escritores refer\u00eancia para cultura nacional - VerdadeOn","robots":{"index":"index","follow":"follow","max-snippet":"max-snippet:-1","max-image-preview":"max-image-preview:large","max-video-preview":"max-video-preview:-1"},"canonical":"https:\/\/verdadeon.com.br\/portal\/2022\/03\/14\/batatais-tem-acervo-de-escritores-referencia-para-cultura-nacional\/","og_locale":"pt_BR","og_type":"article","og_title":"Batatais tem acervo de escritores refer\u00eancia para cultura nacional - VerdadeOn","og_description":"O Memorial Jos\u00e9 Olympio \u00e9 mantido pelo Claretiano \u2013 Centro Universit\u00e1rio de Batatais Batatais completou 183 anos neste dia 14 de mar\u00e7o, e o munic\u00edpio concentra [\u2026]","og_url":"https:\/\/verdadeon.com.br\/portal\/2022\/03\/14\/batatais-tem-acervo-de-escritores-referencia-para-cultura-nacional\/","og_site_name":"VerdadeOn","article_published_time":"2022-03-14T22:09:45+00:00","og_image":[{"width":1600,"height":1200,"url":"https:\/\/verdadeon.com.br\/portal\/wp-content\/uploads\/2022\/03\/unnamed.jpg","type":"image\/jpeg"}],"author":"Fernando Lima","twitter_card":"summary_large_image","twitter_misc":{"Escrito por":"Fernando Lima","Est. tempo de leitura":"3 minutos"},"schema":{"@context":"https:\/\/schema.org","@graph":[{"@type":"WebPage","@id":"https:\/\/verdadeon.com.br\/portal\/2022\/03\/14\/batatais-tem-acervo-de-escritores-referencia-para-cultura-nacional\/","url":"https:\/\/verdadeon.com.br\/portal\/2022\/03\/14\/batatais-tem-acervo-de-escritores-referencia-para-cultura-nacional\/","name":"Batatais tem acervo de escritores refer\u00eancia para cultura nacional - VerdadeOn","isPartOf":{"@id":"https:\/\/verdadeon.com.br\/portal\/#website"},"primaryImageOfPage":{"@id":"https:\/\/verdadeon.com.br\/portal\/2022\/03\/14\/batatais-tem-acervo-de-escritores-referencia-para-cultura-nacional\/#primaryimage"},"image":{"@id":"https:\/\/verdadeon.com.br\/portal\/2022\/03\/14\/batatais-tem-acervo-de-escritores-referencia-para-cultura-nacional\/#primaryimage"},"thumbnailUrl":"https:\/\/i0.wp.com\/verdadeon.com.br\/portal\/wp-content\/uploads\/2022\/03\/unnamed.jpg?fit=1600%2C1200&ssl=1","datePublished":"2022-03-14T22:09:45+00:00","author":{"@id":"https:\/\/verdadeon.com.br\/portal\/#\/schema\/person\/cc32be22b8e8599387c480bc83e1d11a"},"breadcrumb":{"@id":"https:\/\/verdadeon.com.br\/portal\/2022\/03\/14\/batatais-tem-acervo-de-escritores-referencia-para-cultura-nacional\/#breadcrumb"},"inLanguage":"pt-BR","potentialAction":[{"@type":"ReadAction","target":["https:\/\/verdadeon.com.br\/portal\/2022\/03\/14\/batatais-tem-acervo-de-escritores-referencia-para-cultura-nacional\/"]}]},{"@type":"ImageObject","inLanguage":"pt-BR","@id":"https:\/\/verdadeon.com.br\/portal\/2022\/03\/14\/batatais-tem-acervo-de-escritores-referencia-para-cultura-nacional\/#primaryimage","url":"https:\/\/i0.wp.com\/verdadeon.com.br\/portal\/wp-content\/uploads\/2022\/03\/unnamed.jpg?fit=1600%2C1200&ssl=1","contentUrl":"https:\/\/i0.wp.com\/verdadeon.com.br\/portal\/wp-content\/uploads\/2022\/03\/unnamed.jpg?fit=1600%2C1200&ssl=1","width":1600,"height":1200},{"@type":"BreadcrumbList","@id":"https:\/\/verdadeon.com.br\/portal\/2022\/03\/14\/batatais-tem-acervo-de-escritores-referencia-para-cultura-nacional\/#breadcrumb","itemListElement":[{"@type":"ListItem","position":1,"name":"In\u00edcio","item":"https:\/\/verdadeon.com.br\/portal\/"},{"@type":"ListItem","position":2,"name":"Batatais tem acervo de escritores refer\u00eancia para cultura nacional"}]},{"@type":"WebSite","@id":"https:\/\/verdadeon.com.br\/portal\/#website","url":"https:\/\/verdadeon.com.br\/portal\/","name":"VerdadeOn","description":"Not\u00edcias di\u00e1rias sobre Franca, Regi\u00e3o, Esporte, Cultura, Cotidiano, Colunas. Cobertura nos principais eventos da cidade \u00e9 aqui - Verdadeon Franca","potentialAction":[{"@type":"SearchAction","target":{"@type":"EntryPoint","urlTemplate":"https:\/\/verdadeon.com.br\/portal\/?s={search_term_string}"},"query-input":{"@type":"PropertyValueSpecification","valueRequired":true,"valueName":"search_term_string"}}],"inLanguage":"pt-BR"},{"@type":"Person","@id":"https:\/\/verdadeon.com.br\/portal\/#\/schema\/person\/cc32be22b8e8599387c480bc83e1d11a","name":"Fernando Lima","image":{"@type":"ImageObject","inLanguage":"pt-BR","@id":"https:\/\/verdadeon.com.br\/portal\/#\/schema\/person\/image\/","url":"https:\/\/secure.gravatar.com\/avatar\/df4c8e132080d2b3a4841d5d232045464e0eed11a1d6e43115ca0843d48768d3?s=96&d=mm&r=g","contentUrl":"https:\/\/secure.gravatar.com\/avatar\/df4c8e132080d2b3a4841d5d232045464e0eed11a1d6e43115ca0843d48768d3?s=96&d=mm&r=g","caption":"Fernando Lima"},"sameAs":["http:\/\/verdadeon.com.br\/"],"url":"https:\/\/verdadeon.com.br\/portal\/author\/fernando-lima\/"}]}},"jetpack_publicize_connections":[],"jetpack_featured_media_url":"https:\/\/i0.wp.com\/verdadeon.com.br\/portal\/wp-content\/uploads\/2022\/03\/unnamed.jpg?fit=1600%2C1200&ssl=1","jetpack_sharing_enabled":true,"_links":{"self":[{"href":"https:\/\/verdadeon.com.br\/portal\/wp-json\/wp\/v2\/posts\/23707","targetHints":{"allow":["GET"]}}],"collection":[{"href":"https:\/\/verdadeon.com.br\/portal\/wp-json\/wp\/v2\/posts"}],"about":[{"href":"https:\/\/verdadeon.com.br\/portal\/wp-json\/wp\/v2\/types\/post"}],"author":[{"embeddable":true,"href":"https:\/\/verdadeon.com.br\/portal\/wp-json\/wp\/v2\/users\/7"}],"replies":[{"embeddable":true,"href":"https:\/\/verdadeon.com.br\/portal\/wp-json\/wp\/v2\/comments?post=23707"}],"version-history":[{"count":1,"href":"https:\/\/verdadeon.com.br\/portal\/wp-json\/wp\/v2\/posts\/23707\/revisions"}],"predecessor-version":[{"id":23716,"href":"https:\/\/verdadeon.com.br\/portal\/wp-json\/wp\/v2\/posts\/23707\/revisions\/23716"}],"wp:featuredmedia":[{"embeddable":true,"href":"https:\/\/verdadeon.com.br\/portal\/wp-json\/wp\/v2\/media\/23713"}],"wp:attachment":[{"href":"https:\/\/verdadeon.com.br\/portal\/wp-json\/wp\/v2\/media?parent=23707"}],"wp:term":[{"taxonomy":"category","embeddable":true,"href":"https:\/\/verdadeon.com.br\/portal\/wp-json\/wp\/v2\/categories?post=23707"},{"taxonomy":"post_tag","embeddable":true,"href":"https:\/\/verdadeon.com.br\/portal\/wp-json\/wp\/v2\/tags?post=23707"}],"curies":[{"name":"wp","href":"https:\/\/api.w.org\/{rel}","templated":true}]}}